{"id":44414,"date":"2020-08-26T08:36:09","date_gmt":"2020-08-26T11:36:09","guid":{"rendered":"https:\/\/dana.com.br\/canaldana\/?p=44414"},"modified":"2020-08-26T08:36:09","modified_gmt":"2020-08-26T11:36:09","slug":"governo-do-parana-adquire-118-caminhoes-atego-para-servicos-publicos-municipais","status":"publish","type":"post","link":"https:\/\/dana.com.br\/canaldana\/2020\/08\/26\/governo-do-parana-adquire-118-caminhoes-atego-para-servicos-publicos-municipais\/","title":{"rendered":"Governo do Paran\u00e1 adquire 118 caminh\u00f5es Atego para servi\u00e7os p\u00fablicos municipais"},"content":{"rendered":"<p><em>Motor Mais<\/em><\/p>\n<p>&nbsp;<\/p>\n<p>O Governo do Paran\u00e1 adquiriu 118 caminh\u00f5es Mercedes-Benz do modelo Atego 1419 para distribui\u00e7\u00e3o a munic\u00edpios de todas as regi\u00f5es do Estado. Desse total, 100 unidades s\u00e3o caminh\u00f5es-pipa e 18 para coleta seletiva. Neste m\u00eas de agosto, foi entregue o \u00faltimo lote de ve\u00edculos da licita\u00e7\u00e3o vencida pelo concession\u00e1rio Savana Ve\u00edculos de S\u00e3o Jos\u00e9 dos Pinhais, regi\u00e3o metropolitana de Curitiba. Essa negocia\u00e7\u00e3o teve o apoio da \u00e1rea de Vendas ao Governo da Mercedes-Benz para atender \u00e0s exig\u00eancias do \u00f3rg\u00e3o p\u00fablico.<\/p>\n<p>&nbsp;<\/p>\n<p>Os 118 caminh\u00f5es est\u00e3o sendo doados \u00e0s prefeituras por meio do Instituto \u00c1gua e Terra (IAT), vinculado \u00e0 Secretaria de Estado do Desenvolvimento Sustent\u00e1vel e Turismo. Os de coleta seletiva s\u00e3o para a\u00e7\u00f5es de reciclagem. J\u00e1 os caminh\u00f5es-pipa auxiliam no combate a inc\u00eandios, levam \u00e1gua para comunidades rurais e s\u00e3o utilizados tamb\u00e9m na desinfec\u00e7\u00e3o de hospitais e na higieniza\u00e7\u00e3o de cal\u00e7adas, ruas e estradas rurais, ampliando o combate ao coronav\u00edrus.<\/p>\n<p>&nbsp;<\/p>\n<p>\u201cO Atego \u00e9 ideal para servi\u00e7os p\u00fablicos municipais, porque \u00e9 um caminh\u00e3o forte, robusto e resistente, circulando com a mesma desenvoltura pelas vias das cidades e estradas, como nas zonas rurais\u201d, diz Roberto Leoncini, vice-presidente de Vendas e Marketing Caminh\u00f5es e \u00d4nibus da Mercedes-Benz do Brasil. \u201cAl\u00e9m disso, \u00e9 econ\u00f4mico no consumo e oferece um excelente padr\u00e3o de conforto para os motoristas e ajudantes\u201d.<\/p>\n<p>&nbsp;<\/p>\n<p>\u201cAl\u00e9m da satisfa\u00e7\u00e3o de vencer a licita\u00e7\u00e3o do governo estadual, entregando ve\u00edculos de reconhecida qualidade e confiabilidade, estamos orgulhosos de poder ajudar os paranaenses a combater uma das piores secas do estado nos \u00faltimos anos e a proteger as popula\u00e7\u00f5es durante a pandemia do Covid-19\u201d, diz Eug\u00eanio Ramiro da Silva Filho, Diretor comercial da Savana. \u201cAl\u00e9m disso, reafirmamos o nosso \u00f3timo relacionamento com \u00f3rg\u00e3os do governo estadual, a quem j\u00e1 atendemos licita\u00e7\u00f5es em anos anteriores da Secretaria da Agricultura, Pol\u00edcia Militar e Funda\u00e7\u00e3o Estadual do Meio Ambiente.<\/p>\n<p>&nbsp;<\/p>\n<p>Eug\u00eanio destaca que essa \u00e9 maior venda de modelos Atego da Savana de Curitiba e que as 118 unidades representam cerca de 17% do volume total de 706 caminh\u00f5es m\u00e9dios emplacados pela marca em todo o Brasil no acumulado de janeiro a julho deste ano. \u201cA \u00e1rea de Vendas ao Governo da Mercedes-Benz nos ajudou muito nessa licita\u00e7\u00e3o, tanto nas quest\u00f5es t\u00e9cnicas como comerciais, culminando na entrega de expressivo volume de caminh\u00f5es ao Governo do Paran\u00e1\u201d, diz o diretor. (Motor Mais)<\/p>\n","protected":false},"excerpt":{"rendered":"<p>Motor Mais &nbsp; O Governo do Paran\u00e1 adquiriu 118 caminh\u00f5es Mercedes-Benz do modelo Atego 1419 para distribui\u00e7\u00e3o a munic\u00edpios de todas as regi\u00f5es do Estado. Desse total, 100 unidades s\u00e3o caminh\u00f5es-pipa e 18 para coleta seletiva. Neste m\u00eas de agosto, foi entregue o \u00faltimo lote de ve\u00edculos da licita\u00e7\u00e3o vencida pelo concession\u00e1rio Savana Ve\u00edculos de\u2026 <a class=\"readmore\" href=\"https:\/\/dana.com.br\/canaldana\/2020\/08\/26\/governo-do-parana-adquire-118-caminhoes-atego-para-servicos-publicos-municipais\/\">Leia mais \u00bb<\/a><\/p>\n","protected":false},"author":3,"featured_media":0,"comment_status":"closed","ping_status":"closed","sticky":false,"template":"","format":"standard","meta":{"_acf_changed":false,"footnotes":""},"categories":[79],"tags":[],"class_list":["post-44414","post","type-post","status-publish","format-standard","hentry","category-mercado"],"acf":[],"yoast_head":"<!-- This site is optimized with the Yoast SEO plugin v27.3 - https:\/\/yoast.com\/product\/yoast-seo-wordpress\/ -->\n<title>Governo do Paran\u00e1 adquire 118 caminh\u00f5es Atego para servi\u00e7os p\u00fablicos municipais - Canal Dana<\/title>\n<meta name=\"robots\" content=\"index, follow, max-snippet:-1, max-image-preview:large, max-video-preview:-1\" \/>\n<link rel=\"canonical\" href=\"https:\/\/dana.com.br\/canaldana\/2020\/08\/26\/governo-do-parana-adquire-118-caminhoes-atego-para-servicos-publicos-municipais\/\" \/>\n<meta property=\"og:locale\" content=\"pt_BR\" \/>\n<meta property=\"og:type\" content=\"article\" \/>\n<meta property=\"og:title\" content=\"Governo do Paran\u00e1 adquire 118 caminh\u00f5es Atego para servi\u00e7os p\u00fablicos municipais - Canal Dana\" \/>\n<meta property=\"og:description\" content=\"Motor Mais &nbsp; O Governo do Paran\u00e1 adquiriu 118 caminh\u00f5es Mercedes-Benz do modelo Atego 1419 para distribui\u00e7\u00e3o a munic\u00edpios de todas as regi\u00f5es do Estado. Desse total, 100 unidades s\u00e3o caminh\u00f5es-pipa e 18 para coleta seletiva. Neste m\u00eas de agosto, foi entregue o \u00faltimo lote de ve\u00edculos da licita\u00e7\u00e3o vencida pelo concession\u00e1rio Savana Ve\u00edculos de\u2026 Leia mais \u00bb\" \/>\n<meta property=\"og:url\" content=\"https:\/\/dana.com.br\/canaldana\/2020\/08\/26\/governo-do-parana-adquire-118-caminhoes-atego-para-servicos-publicos-municipais\/\" \/>\n<meta property=\"og:site_name\" content=\"Canal Dana\" \/>\n<meta property=\"article:published_time\" content=\"2020-08-26T11:36:09+00:00\" \/>\n<meta name=\"author\" content=\"Canal Dana\" \/>\n<meta name=\"twitter:card\" content=\"summary_large_image\" \/>\n<meta name=\"twitter:label1\" content=\"Escrito por\" \/>\n\t<meta name=\"twitter:data1\" content=\"Canal Dana\" \/>\n\t<meta name=\"twitter:label2\" content=\"Est. tempo de leitura\" \/>\n\t<meta name=\"twitter:data2\" content=\"2 minutos\" \/>\n<script type=\"application\/ld+json\" class=\"yoast-schema-graph\">{\"@context\":\"https:\\\/\\\/schema.org\",\"@graph\":[{\"@type\":\"Article\",\"@id\":\"https:\\\/\\\/dana.com.br\\\/canaldana\\\/2020\\\/08\\\/26\\\/governo-do-parana-adquire-118-caminhoes-atego-para-servicos-publicos-municipais\\\/#article\",\"isPartOf\":{\"@id\":\"https:\\\/\\\/dana.com.br\\\/canaldana\\\/2020\\\/08\\\/26\\\/governo-do-parana-adquire-118-caminhoes-atego-para-servicos-publicos-municipais\\\/\"},\"author\":{\"name\":\"Canal Dana\",\"@id\":\"https:\\\/\\\/dana.com.br\\\/canaldana\\\/#\\\/schema\\\/person\\\/3c21f22f56fcf3bc46b94bc60ea4fef6\"},\"headline\":\"Governo do Paran\u00e1 adquire 118 caminh\u00f5es Atego para servi\u00e7os p\u00fablicos municipais\",\"datePublished\":\"2020-08-26T11:36:09+00:00\",\"mainEntityOfPage\":{\"@id\":\"https:\\\/\\\/dana.com.br\\\/canaldana\\\/2020\\\/08\\\/26\\\/governo-do-parana-adquire-118-caminhoes-atego-para-servicos-publicos-municipais\\\/\"},\"wordCount\":444,\"articleSection\":[\"Mercado\"],\"inLanguage\":\"pt-BR\"},{\"@type\":\"WebPage\",\"@id\":\"https:\\\/\\\/dana.com.br\\\/canaldana\\\/2020\\\/08\\\/26\\\/governo-do-parana-adquire-118-caminhoes-atego-para-servicos-publicos-municipais\\\/\",\"url\":\"https:\\\/\\\/dana.com.br\\\/canaldana\\\/2020\\\/08\\\/26\\\/governo-do-parana-adquire-118-caminhoes-atego-para-servicos-publicos-municipais\\\/\",\"name\":\"Governo do Paran\u00e1 adquire 118 caminh\u00f5es Atego para servi\u00e7os p\u00fablicos municipais - Canal Dana\",\"isPartOf\":{\"@id\":\"https:\\\/\\\/dana.com.br\\\/canaldana\\\/#website\"},\"datePublished\":\"2020-08-26T11:36:09+00:00\",\"author\":{\"@id\":\"https:\\\/\\\/dana.com.br\\\/canaldana\\\/#\\\/schema\\\/person\\\/3c21f22f56fcf3bc46b94bc60ea4fef6\"},\"breadcrumb\":{\"@id\":\"https:\\\/\\\/dana.com.br\\\/canaldana\\\/2020\\\/08\\\/26\\\/governo-do-parana-adquire-118-caminhoes-atego-para-servicos-publicos-municipais\\\/#breadcrumb\"},\"inLanguage\":\"pt-BR\",\"potentialAction\":[{\"@type\":\"ReadAction\",\"target\":[\"https:\\\/\\\/dana.com.br\\\/canaldana\\\/2020\\\/08\\\/26\\\/governo-do-parana-adquire-118-caminhoes-atego-para-servicos-publicos-municipais\\\/\"]}]},{\"@type\":\"BreadcrumbList\",\"@id\":\"https:\\\/\\\/dana.com.br\\\/canaldana\\\/2020\\\/08\\\/26\\\/governo-do-parana-adquire-118-caminhoes-atego-para-servicos-publicos-municipais\\\/#breadcrumb\",\"itemListElement\":[{\"@type\":\"ListItem\",\"position\":1,\"name\":\"Home\",\"item\":\"https:\\\/\\\/dana.com.br\\\/canaldana\\\/\"},{\"@type\":\"ListItem\",\"position\":2,\"name\":\"Mercado\",\"item\":\"https:\\\/\\\/dana.com.br\\\/canaldana\\\/mercado\\\/\"},{\"@type\":\"ListItem\",\"position\":3,\"name\":\"Governo do Paran\u00e1 adquire 118 caminh\u00f5es Atego para servi\u00e7os p\u00fablicos municipais\"}]},{\"@type\":\"WebSite\",\"@id\":\"https:\\\/\\\/dana.com.br\\\/canaldana\\\/#website\",\"url\":\"https:\\\/\\\/dana.com.br\\\/canaldana\\\/\",\"name\":\"Canal Dana\",\"description\":\"Informativo com as principais not\u00edcias da ind\u00fastria automotiva\",\"potentialAction\":[{\"@type\":\"SearchAction\",\"target\":{\"@type\":\"EntryPoint\",\"urlTemplate\":\"https:\\\/\\\/dana.com.br\\\/canaldana\\\/?s={search_term_string}\"},\"query-input\":{\"@type\":\"PropertyValueSpecification\",\"valueRequired\":true,\"valueName\":\"search_term_string\"}}],\"inLanguage\":\"pt-BR\"},{\"@type\":\"Person\",\"@id\":\"https:\\\/\\\/dana.com.br\\\/canaldana\\\/#\\\/schema\\\/person\\\/3c21f22f56fcf3bc46b94bc60ea4fef6\",\"name\":\"Canal Dana\",\"image\":{\"@type\":\"ImageObject\",\"inLanguage\":\"pt-BR\",\"@id\":\"https:\\\/\\\/secure.gravatar.com\\\/avatar\\\/420aaf9278582877d9018637c6817617705899d2858d7572ef0fe59a6b6454b4?s=96&d=mm&r=g\",\"url\":\"https:\\\/\\\/secure.gravatar.com\\\/avatar\\\/420aaf9278582877d9018637c6817617705899d2858d7572ef0fe59a6b6454b4?s=96&d=mm&r=g\",\"contentUrl\":\"https:\\\/\\\/secure.gravatar.com\\\/avatar\\\/420aaf9278582877d9018637c6817617705899d2858d7572ef0fe59a6b6454b4?s=96&d=mm&r=g\",\"caption\":\"Canal Dana\"},\"url\":\"https:\\\/\\\/dana.com.br\\\/canaldana\\\/author\\\/cdeditor\\\/\"}]}<\/script>\n<!-- \/ Yoast SEO plugin. -->","yoast_head_json":{"title":"Governo do Paran\u00e1 adquire 118 caminh\u00f5es Atego para servi\u00e7os p\u00fablicos municipais - Canal Dana","robots":{"index":"index","follow":"follow","max-snippet":"max-snippet:-1","max-image-preview":"max-image-preview:large","max-video-preview":"max-video-preview:-1"},"canonical":"https:\/\/dana.com.br\/canaldana\/2020\/08\/26\/governo-do-parana-adquire-118-caminhoes-atego-para-servicos-publicos-municipais\/","og_locale":"pt_BR","og_type":"article","og_title":"Governo do Paran\u00e1 adquire 118 caminh\u00f5es Atego para servi\u00e7os p\u00fablicos municipais - Canal Dana","og_description":"Motor Mais &nbsp; O Governo do Paran\u00e1 adquiriu 118 caminh\u00f5es Mercedes-Benz do modelo Atego 1419 para distribui\u00e7\u00e3o a munic\u00edpios de todas as regi\u00f5es do Estado. Desse total, 100 unidades s\u00e3o caminh\u00f5es-pipa e 18 para coleta seletiva. Neste m\u00eas de agosto, foi entregue o \u00faltimo lote de ve\u00edculos da licita\u00e7\u00e3o vencida pelo concession\u00e1rio Savana Ve\u00edculos de\u2026 Leia mais \u00bb","og_url":"https:\/\/dana.com.br\/canaldana\/2020\/08\/26\/governo-do-parana-adquire-118-caminhoes-atego-para-servicos-publicos-municipais\/","og_site_name":"Canal Dana","article_published_time":"2020-08-26T11:36:09+00:00","author":"Canal Dana","twitter_card":"summary_large_image","twitter_misc":{"Escrito por":"Canal Dana","Est. tempo de leitura":"2 minutos"},"schema":{"@context":"https:\/\/schema.org","@graph":[{"@type":"Article","@id":"https:\/\/dana.com.br\/canaldana\/2020\/08\/26\/governo-do-parana-adquire-118-caminhoes-atego-para-servicos-publicos-municipais\/#article","isPartOf":{"@id":"https:\/\/dana.com.br\/canaldana\/2020\/08\/26\/governo-do-parana-adquire-118-caminhoes-atego-para-servicos-publicos-municipais\/"},"author":{"name":"Canal Dana","@id":"https:\/\/dana.com.br\/canaldana\/#\/schema\/person\/3c21f22f56fcf3bc46b94bc60ea4fef6"},"headline":"Governo do Paran\u00e1 adquire 118 caminh\u00f5es Atego para servi\u00e7os p\u00fablicos municipais","datePublished":"2020-08-26T11:36:09+00:00","mainEntityOfPage":{"@id":"https:\/\/dana.com.br\/canaldana\/2020\/08\/26\/governo-do-parana-adquire-118-caminhoes-atego-para-servicos-publicos-municipais\/"},"wordCount":444,"articleSection":["Mercado"],"inLanguage":"pt-BR"},{"@type":"WebPage","@id":"https:\/\/dana.com.br\/canaldana\/2020\/08\/26\/governo-do-parana-adquire-118-caminhoes-atego-para-servicos-publicos-municipais\/","url":"https:\/\/dana.com.br\/canaldana\/2020\/08\/26\/governo-do-parana-adquire-118-caminhoes-atego-para-servicos-publicos-municipais\/","name":"Governo do Paran\u00e1 adquire 118 caminh\u00f5es Atego para servi\u00e7os p\u00fablicos municipais - Canal Dana","isPartOf":{"@id":"https:\/\/dana.com.br\/canaldana\/#website"},"datePublished":"2020-08-26T11:36:09+00:00","author":{"@id":"https:\/\/dana.com.br\/canaldana\/#\/schema\/person\/3c21f22f56fcf3bc46b94bc60ea4fef6"},"breadcrumb":{"@id":"https:\/\/dana.com.br\/canaldana\/2020\/08\/26\/governo-do-parana-adquire-118-caminhoes-atego-para-servicos-publicos-municipais\/#breadcrumb"},"inLanguage":"pt-BR","potentialAction":[{"@type":"ReadAction","target":["https:\/\/dana.com.br\/canaldana\/2020\/08\/26\/governo-do-parana-adquire-118-caminhoes-atego-para-servicos-publicos-municipais\/"]}]},{"@type":"BreadcrumbList","@id":"https:\/\/dana.com.br\/canaldana\/2020\/08\/26\/governo-do-parana-adquire-118-caminhoes-atego-para-servicos-publicos-municipais\/#breadcrumb","itemListElement":[{"@type":"ListItem","position":1,"name":"Home","item":"https:\/\/dana.com.br\/canaldana\/"},{"@type":"ListItem","position":2,"name":"Mercado","item":"https:\/\/dana.com.br\/canaldana\/mercado\/"},{"@type":"ListItem","position":3,"name":"Governo do Paran\u00e1 adquire 118 caminh\u00f5es Atego para servi\u00e7os p\u00fablicos municipais"}]},{"@type":"WebSite","@id":"https:\/\/dana.com.br\/canaldana\/#website","url":"https:\/\/dana.com.br\/canaldana\/","name":"Canal Dana","description":"Informativo com as principais not\u00edcias da ind\u00fastria automotiva","potentialAction":[{"@type":"SearchAction","target":{"@type":"EntryPoint","urlTemplate":"https:\/\/dana.com.br\/canaldana\/?s={search_term_string}"},"query-input":{"@type":"PropertyValueSpecification","valueRequired":true,"valueName":"search_term_string"}}],"inLanguage":"pt-BR"},{"@type":"Person","@id":"https:\/\/dana.com.br\/canaldana\/#\/schema\/person\/3c21f22f56fcf3bc46b94bc60ea4fef6","name":"Canal Dana","image":{"@type":"ImageObject","inLanguage":"pt-BR","@id":"https:\/\/secure.gravatar.com\/avatar\/420aaf9278582877d9018637c6817617705899d2858d7572ef0fe59a6b6454b4?s=96&d=mm&r=g","url":"https:\/\/secure.gravatar.com\/avatar\/420aaf9278582877d9018637c6817617705899d2858d7572ef0fe59a6b6454b4?s=96&d=mm&r=g","contentUrl":"https:\/\/secure.gravatar.com\/avatar\/420aaf9278582877d9018637c6817617705899d2858d7572ef0fe59a6b6454b4?s=96&d=mm&r=g","caption":"Canal Dana"},"url":"https:\/\/dana.com.br\/canaldana\/author\/cdeditor\/"}]}},"_links":{"self":[{"href":"https:\/\/dana.com.br\/canaldana\/wp-json\/wp\/v2\/posts\/44414","targetHints":{"allow":["GET"]}}],"collection":[{"href":"https:\/\/dana.com.br\/canaldana\/wp-json\/wp\/v2\/posts"}],"about":[{"href":"https:\/\/dana.com.br\/canaldana\/wp-json\/wp\/v2\/types\/post"}],"author":[{"embeddable":true,"href":"https:\/\/dana.com.br\/canaldana\/wp-json\/wp\/v2\/users\/3"}],"replies":[{"embeddable":true,"href":"https:\/\/dana.com.br\/canaldana\/wp-json\/wp\/v2\/comments?post=44414"}],"version-history":[{"count":0,"href":"https:\/\/dana.com.br\/canaldana\/wp-json\/wp\/v2\/posts\/44414\/revisions"}],"wp:attachment":[{"href":"https:\/\/dana.com.br\/canaldana\/wp-json\/wp\/v2\/media?parent=44414"}],"wp:term":[{"taxonomy":"category","embeddable":true,"href":"https:\/\/dana.com.br\/canaldana\/wp-json\/wp\/v2\/categories?post=44414"},{"taxonomy":"post_tag","embeddable":true,"href":"https:\/\/dana.com.br\/canaldana\/wp-json\/wp\/v2\/tags?post=44414"}],"curies":[{"name":"wp","href":"https:\/\/api.w.org\/{rel}","templated":true}]}}