{"id":44412,"date":"2020-08-26T08:35:29","date_gmt":"2020-08-26T11:35:29","guid":{"rendered":"https:\/\/dana.com.br\/canaldana\/?p=44412"},"modified":"2020-08-26T08:35:29","modified_gmt":"2020-08-26T11:35:29","slug":"conheca-os-modelos-8x2-que-estao-agradando-a-frotistas-e-motoristas-autonomos","status":"publish","type":"post","link":"https:\/\/dana.com.br\/canaldana\/2020\/08\/26\/conheca-os-modelos-8x2-que-estao-agradando-a-frotistas-e-motoristas-autonomos\/","title":{"rendered":"Conhe\u00e7a os modelos 8&#215;2 que est\u00e3o agradando a frotistas e motoristas aut\u00f4nomos"},"content":{"rendered":"<p><em>Jornal do Carro <\/em><\/p>\n<p>&nbsp;<\/p>\n<p>Os caminh\u00f5es 8&#215;2 surgiram h\u00e1 cerca de dez anos como uma aposta mais competitiva, dependendo da opera\u00e7\u00e3o, ao cavalo mec\u00e2nico 4&#215;2. O modelo ganhou boa fama entre pequenos frotistas e aut\u00f4nomos que atuam na distribui\u00e7\u00e3o. S\u00e3o opera\u00e7\u00f5es em que o caminh\u00e3o trafega por rodovias at\u00e9 as cidades. Das fazendas para os Ceasas ou centros de distribui\u00e7\u00e3o, por exemplo. Esses ve\u00edculos plataformas s\u00e3o mais simples de dirigir em rela\u00e7\u00e3o ao cavalo mec\u00e2nico, que \u00e9 articulado, o que garante facilidade para manobrar quando rodam dentro das cidades.<\/p>\n<p>&nbsp;<\/p>\n<p>Dependendo do modelo, o cavalo mec\u00e2nico pode ser mais caro que um caminh\u00e3o r\u00edgido 8&#215;2. Se comparar s\u00f3 os caminh\u00f5es, h\u00e1 cavalos mec\u00e2nicos mais baratos em rela\u00e7\u00e3o ao chassi r\u00edgido 8&#215;2 porque o segundo eixo \u00e9 direcional \u2013 o que encarece o produto. Por outro lado, o implemento que vai acoplado ao cavalo \u00e9 geralmente mais caro em rela\u00e7\u00e3o ao usado no chassi r\u00edgido, comumente ba\u00fa ou carroceria carga seca baixa.<\/p>\n<p>&nbsp;<\/p>\n<p>Bernardo Pereira, gerente de marketing da Iveco, explica que, apesar das vantagens mencionadas sobre o 8&#215;2 em compara\u00e7\u00e3o ao cavalinho 4&#215;2, os tipos de opera\u00e7\u00e3o e de carga ser\u00e3o determinantes na hora de eleger a configura\u00e7\u00e3o.<\/p>\n<p>&nbsp;<\/p>\n<p>\u201cTemos algumas experi\u00eancias em que o cavalo mec\u00e2nico apresentou TCO (custo total de opera\u00e7\u00e3o) melhor. Tem que avaliar tamb\u00e9m a necessidade do cliente. Se ele precisa de versatilidade ou rodar carregado, por exemplo\u201d, diz.<\/p>\n<p>&nbsp;<\/p>\n<p><strong>Vantagens operacionais<\/strong><\/p>\n<p>&nbsp;<\/p>\n<p>Esses ve\u00edculos semipesados t\u00eam peso bruto total combinado (PBTC) de 29 toneladas e perdem cerca de 4 toneladas de carga l\u00edquida se comparar ao cavalo mec\u00e2nico 4&#215;2, cujo PBTC \u00e9 de 36 toneladas. Um caminh\u00e3o r\u00edgido 8&#215;2 tem capacidade total de carga l\u00edquida de 18,5 toneladas. J\u00e1 o cavalo mec\u00e2nico com dois eixos espa\u00e7ados tem capacidade de carga l\u00edquida de 22,5 toneladas. A participa\u00e7\u00e3o dos caminh\u00f5es 8&#215;2 ainda \u00e9 pequena dentro dos semi pesados de 17 a 30 toneladas. Em 2015, esses modelos participavam com apenas 7%, considerando cavaloe carreta.<\/p>\n<p>&nbsp;<\/p>\n<p>Outras vantagens do8x2es t\u00e3o relacionadas ao custo operacional. O caminh\u00e3o r\u00edgido pode ser conduzido por motoristas com carteira de habilita\u00e7\u00e3o na categoria D. J\u00e1 no caso do cavalo mec\u00e2nico, o condutor dever\u00e1 ter habilita\u00e7\u00e3o E, exigida para dirigir carretas. E, por ser um profissional mais completo, vai demandar um sal\u00e1rio maior.<\/p>\n<p>&nbsp;<\/p>\n<p>Os custos de opera\u00e7\u00e3o com o cavalo mec\u00e2nico tamb\u00e9m s\u00e3o maiores. Os dois caminh\u00f5es t\u00eam a mesma quantidade de eixos, quando o 8&#215;2 \u00e9 comparado a um cavalo mec\u00e2nico 4&#215;2 acoplado a um implemento com dois eixos espa\u00e7ados. Mas o cavalo ter\u00e1 dois pneus a mais no eixo de tra\u00e7\u00e3o, o que gera um p\u00eanalti para o cavalo, com gasto de pneu e maior consumo de combust\u00edvel.<\/p>\n<p>&nbsp;<\/p>\n<p>Atualmente, por causa da lei da balan\u00e7a e das crises vividas no Pa\u00eds, primeiro, a econ\u00f4mica e, a gora, a pand\u00eamica, eles conquistaram mais espa\u00e7o. Neste ano, est\u00e3o com 18% de participa\u00e7\u00e3o.<\/p>\n<p>&nbsp;<\/p>\n<p><strong>Do 6X2 para o 8X2<\/strong><\/p>\n<p>&nbsp;<\/p>\n<p>A populariza\u00e7\u00e3o do caminh\u00e3o 8&#215;2 ocorreu ap\u00f3s a Lei 13.103, conhecida como Lei do Descanso, de 2015. Ela determina que motoristas profissionais n\u00e3o podem dirigir por mais de cinco hora semeia interruptas. De acordo coma regra, dentro desse per\u00edodo, o condutor deve estacionar para descansar por 30 minutos. O tempo pode ser f racionado, mas n\u00e3o pode ultrapassar o limite de horas trabalhadas.<\/p>\n<p>&nbsp;<\/p>\n<p>Com as novas regras e para n\u00e3o perder produtividade, os pequenos frotistas e aut\u00f4nomos donos de caminh\u00f5es 6&#215;2 come\u00e7aram a migrar para os ve\u00edculos 8&#215;2. Eles podem transportar mais, j\u00e1 que os ve\u00edculos oferecem cerca de 6 toneladas amais de carga \u00fatil. Um ponto de aten\u00e7\u00e3o \u00e9 em rela\u00e7\u00e3o ao segundo eixo direcional dos 8&#215;2, que pesa aproximadamente 1 tonelada. Ainda assim, tem o b\u00f4nus de 5 toneladas de carga \u00fatil frente ao 6&#215;2.<\/p>\n<p>&nbsp;<\/p>\n<p>Coma maior procura por esses modelos no mercado, as montadoras come\u00e7aram a oferecer o segundo eixo direcional, que transforma o 6&#215;2 em 8&#215;2 de f\u00e1brica, e tamb\u00e9m mais opcionais de conforto. Todos os modelos s\u00e3o equipados com transmiss\u00e3o automatizada e, segundo as fabricantes, os clientes est\u00e3o optando pela cabine leito por fazerem longas viagens rodovi\u00e1rias. Por isso, a pot\u00eancia do motor tamb\u00e9m evoluiu para, em m\u00e9dia, 300 cv. (Jornal do Carro\/Andrea Ramos)<\/p>\n","protected":false},"excerpt":{"rendered":"<p>Jornal do Carro &nbsp; Os caminh\u00f5es 8&#215;2 surgiram h\u00e1 cerca de dez anos como uma aposta mais competitiva, dependendo da opera\u00e7\u00e3o, ao cavalo mec\u00e2nico 4&#215;2. O modelo ganhou boa fama entre pequenos frotistas e aut\u00f4nomos que atuam na distribui\u00e7\u00e3o. S\u00e3o opera\u00e7\u00f5es em que o caminh\u00e3o trafega por rodovias at\u00e9 as cidades. Das fazendas para os\u2026 <a class=\"readmore\" href=\"https:\/\/dana.com.br\/canaldana\/2020\/08\/26\/conheca-os-modelos-8x2-que-estao-agradando-a-frotistas-e-motoristas-autonomos\/\">Leia mais \u00bb<\/a><\/p>\n","protected":false},"author":3,"featured_media":0,"comment_status":"closed","ping_status":"closed","sticky":false,"template":"","format":"standard","meta":{"_acf_changed":false,"footnotes":""},"categories":[79],"tags":[],"class_list":["post-44412","post","type-post","status-publish","format-standard","hentry","category-mercado"],"acf":[],"yoast_head":"<!-- This site is optimized with the Yoast SEO plugin v27.3 - https:\/\/yoast.com\/product\/yoast-seo-wordpress\/ -->\n<title>Conhe\u00e7a os modelos 8x2 que est\u00e3o agradando a frotistas e motoristas aut\u00f4nomos - Canal Dana<\/title>\n<meta name=\"robots\" content=\"index, follow, max-snippet:-1, max-image-preview:large, max-video-preview:-1\" \/>\n<link rel=\"canonical\" href=\"https:\/\/dana.com.br\/canaldana\/2020\/08\/26\/conheca-os-modelos-8x2-que-estao-agradando-a-frotistas-e-motoristas-autonomos\/\" \/>\n<meta property=\"og:locale\" content=\"pt_BR\" \/>\n<meta property=\"og:type\" content=\"article\" \/>\n<meta property=\"og:title\" content=\"Conhe\u00e7a os modelos 8x2 que est\u00e3o agradando a frotistas e motoristas aut\u00f4nomos - Canal Dana\" \/>\n<meta property=\"og:description\" content=\"Jornal do Carro &nbsp; Os caminh\u00f5es 8&#215;2 surgiram h\u00e1 cerca de dez anos como uma aposta mais competitiva, dependendo da opera\u00e7\u00e3o, ao cavalo mec\u00e2nico 4&#215;2. O modelo ganhou boa fama entre pequenos frotistas e aut\u00f4nomos que atuam na distribui\u00e7\u00e3o. S\u00e3o opera\u00e7\u00f5es em que o caminh\u00e3o trafega por rodovias at\u00e9 as cidades. Das fazendas para os\u2026 Leia mais \u00bb\" \/>\n<meta property=\"og:url\" content=\"https:\/\/dana.com.br\/canaldana\/2020\/08\/26\/conheca-os-modelos-8x2-que-estao-agradando-a-frotistas-e-motoristas-autonomos\/\" \/>\n<meta property=\"og:site_name\" content=\"Canal Dana\" \/>\n<meta property=\"article:published_time\" content=\"2020-08-26T11:35:29+00:00\" \/>\n<meta name=\"author\" content=\"Canal Dana\" \/>\n<meta name=\"twitter:card\" content=\"summary_large_image\" \/>\n<meta name=\"twitter:label1\" content=\"Escrito por\" \/>\n\t<meta name=\"twitter:data1\" content=\"Canal Dana\" \/>\n\t<meta name=\"twitter:label2\" content=\"Est. tempo de leitura\" \/>\n\t<meta name=\"twitter:data2\" content=\"4 minutos\" \/>\n<script type=\"application\/ld+json\" class=\"yoast-schema-graph\">{\"@context\":\"https:\\\/\\\/schema.org\",\"@graph\":[{\"@type\":\"Article\",\"@id\":\"https:\\\/\\\/dana.com.br\\\/canaldana\\\/2020\\\/08\\\/26\\\/conheca-os-modelos-8x2-que-estao-agradando-a-frotistas-e-motoristas-autonomos\\\/#article\",\"isPartOf\":{\"@id\":\"https:\\\/\\\/dana.com.br\\\/canaldana\\\/2020\\\/08\\\/26\\\/conheca-os-modelos-8x2-que-estao-agradando-a-frotistas-e-motoristas-autonomos\\\/\"},\"author\":{\"name\":\"Canal Dana\",\"@id\":\"https:\\\/\\\/dana.com.br\\\/canaldana\\\/#\\\/schema\\\/person\\\/3c21f22f56fcf3bc46b94bc60ea4fef6\"},\"headline\":\"Conhe\u00e7a os modelos 8&#215;2 que est\u00e3o agradando a frotistas e motoristas aut\u00f4nomos\",\"datePublished\":\"2020-08-26T11:35:29+00:00\",\"mainEntityOfPage\":{\"@id\":\"https:\\\/\\\/dana.com.br\\\/canaldana\\\/2020\\\/08\\\/26\\\/conheca-os-modelos-8x2-que-estao-agradando-a-frotistas-e-motoristas-autonomos\\\/\"},\"wordCount\":783,\"articleSection\":[\"Mercado\"],\"inLanguage\":\"pt-BR\"},{\"@type\":\"WebPage\",\"@id\":\"https:\\\/\\\/dana.com.br\\\/canaldana\\\/2020\\\/08\\\/26\\\/conheca-os-modelos-8x2-que-estao-agradando-a-frotistas-e-motoristas-autonomos\\\/\",\"url\":\"https:\\\/\\\/dana.com.br\\\/canaldana\\\/2020\\\/08\\\/26\\\/conheca-os-modelos-8x2-que-estao-agradando-a-frotistas-e-motoristas-autonomos\\\/\",\"name\":\"Conhe\u00e7a os modelos 8x2 que est\u00e3o agradando a frotistas e motoristas aut\u00f4nomos - Canal Dana\",\"isPartOf\":{\"@id\":\"https:\\\/\\\/dana.com.br\\\/canaldana\\\/#website\"},\"datePublished\":\"2020-08-26T11:35:29+00:00\",\"author\":{\"@id\":\"https:\\\/\\\/dana.com.br\\\/canaldana\\\/#\\\/schema\\\/person\\\/3c21f22f56fcf3bc46b94bc60ea4fef6\"},\"breadcrumb\":{\"@id\":\"https:\\\/\\\/dana.com.br\\\/canaldana\\\/2020\\\/08\\\/26\\\/conheca-os-modelos-8x2-que-estao-agradando-a-frotistas-e-motoristas-autonomos\\\/#breadcrumb\"},\"inLanguage\":\"pt-BR\",\"potentialAction\":[{\"@type\":\"ReadAction\",\"target\":[\"https:\\\/\\\/dana.com.br\\\/canaldana\\\/2020\\\/08\\\/26\\\/conheca-os-modelos-8x2-que-estao-agradando-a-frotistas-e-motoristas-autonomos\\\/\"]}]},{\"@type\":\"BreadcrumbList\",\"@id\":\"https:\\\/\\\/dana.com.br\\\/canaldana\\\/2020\\\/08\\\/26\\\/conheca-os-modelos-8x2-que-estao-agradando-a-frotistas-e-motoristas-autonomos\\\/#breadcrumb\",\"itemListElement\":[{\"@type\":\"ListItem\",\"position\":1,\"name\":\"Home\",\"item\":\"https:\\\/\\\/dana.com.br\\\/canaldana\\\/\"},{\"@type\":\"ListItem\",\"position\":2,\"name\":\"Mercado\",\"item\":\"https:\\\/\\\/dana.com.br\\\/canaldana\\\/mercado\\\/\"},{\"@type\":\"ListItem\",\"position\":3,\"name\":\"Conhe\u00e7a os modelos 8&#215;2 que est\u00e3o agradando a frotistas e motoristas aut\u00f4nomos\"}]},{\"@type\":\"WebSite\",\"@id\":\"https:\\\/\\\/dana.com.br\\\/canaldana\\\/#website\",\"url\":\"https:\\\/\\\/dana.com.br\\\/canaldana\\\/\",\"name\":\"Canal Dana\",\"description\":\"Informativo com as principais not\u00edcias da ind\u00fastria automotiva\",\"potentialAction\":[{\"@type\":\"SearchAction\",\"target\":{\"@type\":\"EntryPoint\",\"urlTemplate\":\"https:\\\/\\\/dana.com.br\\\/canaldana\\\/?s={search_term_string}\"},\"query-input\":{\"@type\":\"PropertyValueSpecification\",\"valueRequired\":true,\"valueName\":\"search_term_string\"}}],\"inLanguage\":\"pt-BR\"},{\"@type\":\"Person\",\"@id\":\"https:\\\/\\\/dana.com.br\\\/canaldana\\\/#\\\/schema\\\/person\\\/3c21f22f56fcf3bc46b94bc60ea4fef6\",\"name\":\"Canal Dana\",\"image\":{\"@type\":\"ImageObject\",\"inLanguage\":\"pt-BR\",\"@id\":\"https:\\\/\\\/secure.gravatar.com\\\/avatar\\\/420aaf9278582877d9018637c6817617705899d2858d7572ef0fe59a6b6454b4?s=96&d=mm&r=g\",\"url\":\"https:\\\/\\\/secure.gravatar.com\\\/avatar\\\/420aaf9278582877d9018637c6817617705899d2858d7572ef0fe59a6b6454b4?s=96&d=mm&r=g\",\"contentUrl\":\"https:\\\/\\\/secure.gravatar.com\\\/avatar\\\/420aaf9278582877d9018637c6817617705899d2858d7572ef0fe59a6b6454b4?s=96&d=mm&r=g\",\"caption\":\"Canal Dana\"},\"url\":\"https:\\\/\\\/dana.com.br\\\/canaldana\\\/author\\\/cdeditor\\\/\"}]}<\/script>\n<!-- \/ Yoast SEO plugin. -->","yoast_head_json":{"title":"Conhe\u00e7a os modelos 8x2 que est\u00e3o agradando a frotistas e motoristas aut\u00f4nomos - Canal Dana","robots":{"index":"index","follow":"follow","max-snippet":"max-snippet:-1","max-image-preview":"max-image-preview:large","max-video-preview":"max-video-preview:-1"},"canonical":"https:\/\/dana.com.br\/canaldana\/2020\/08\/26\/conheca-os-modelos-8x2-que-estao-agradando-a-frotistas-e-motoristas-autonomos\/","og_locale":"pt_BR","og_type":"article","og_title":"Conhe\u00e7a os modelos 8x2 que est\u00e3o agradando a frotistas e motoristas aut\u00f4nomos - Canal Dana","og_description":"Jornal do Carro &nbsp; Os caminh\u00f5es 8&#215;2 surgiram h\u00e1 cerca de dez anos como uma aposta mais competitiva, dependendo da opera\u00e7\u00e3o, ao cavalo mec\u00e2nico 4&#215;2. O modelo ganhou boa fama entre pequenos frotistas e aut\u00f4nomos que atuam na distribui\u00e7\u00e3o. S\u00e3o opera\u00e7\u00f5es em que o caminh\u00e3o trafega por rodovias at\u00e9 as cidades. Das fazendas para os\u2026 Leia mais \u00bb","og_url":"https:\/\/dana.com.br\/canaldana\/2020\/08\/26\/conheca-os-modelos-8x2-que-estao-agradando-a-frotistas-e-motoristas-autonomos\/","og_site_name":"Canal Dana","article_published_time":"2020-08-26T11:35:29+00:00","author":"Canal Dana","twitter_card":"summary_large_image","twitter_misc":{"Escrito por":"Canal Dana","Est. tempo de leitura":"4 minutos"},"schema":{"@context":"https:\/\/schema.org","@graph":[{"@type":"Article","@id":"https:\/\/dana.com.br\/canaldana\/2020\/08\/26\/conheca-os-modelos-8x2-que-estao-agradando-a-frotistas-e-motoristas-autonomos\/#article","isPartOf":{"@id":"https:\/\/dana.com.br\/canaldana\/2020\/08\/26\/conheca-os-modelos-8x2-que-estao-agradando-a-frotistas-e-motoristas-autonomos\/"},"author":{"name":"Canal Dana","@id":"https:\/\/dana.com.br\/canaldana\/#\/schema\/person\/3c21f22f56fcf3bc46b94bc60ea4fef6"},"headline":"Conhe\u00e7a os modelos 8&#215;2 que est\u00e3o agradando a frotistas e motoristas aut\u00f4nomos","datePublished":"2020-08-26T11:35:29+00:00","mainEntityOfPage":{"@id":"https:\/\/dana.com.br\/canaldana\/2020\/08\/26\/conheca-os-modelos-8x2-que-estao-agradando-a-frotistas-e-motoristas-autonomos\/"},"wordCount":783,"articleSection":["Mercado"],"inLanguage":"pt-BR"},{"@type":"WebPage","@id":"https:\/\/dana.com.br\/canaldana\/2020\/08\/26\/conheca-os-modelos-8x2-que-estao-agradando-a-frotistas-e-motoristas-autonomos\/","url":"https:\/\/dana.com.br\/canaldana\/2020\/08\/26\/conheca-os-modelos-8x2-que-estao-agradando-a-frotistas-e-motoristas-autonomos\/","name":"Conhe\u00e7a os modelos 8x2 que est\u00e3o agradando a frotistas e motoristas aut\u00f4nomos - Canal Dana","isPartOf":{"@id":"https:\/\/dana.com.br\/canaldana\/#website"},"datePublished":"2020-08-26T11:35:29+00:00","author":{"@id":"https:\/\/dana.com.br\/canaldana\/#\/schema\/person\/3c21f22f56fcf3bc46b94bc60ea4fef6"},"breadcrumb":{"@id":"https:\/\/dana.com.br\/canaldana\/2020\/08\/26\/conheca-os-modelos-8x2-que-estao-agradando-a-frotistas-e-motoristas-autonomos\/#breadcrumb"},"inLanguage":"pt-BR","potentialAction":[{"@type":"ReadAction","target":["https:\/\/dana.com.br\/canaldana\/2020\/08\/26\/conheca-os-modelos-8x2-que-estao-agradando-a-frotistas-e-motoristas-autonomos\/"]}]},{"@type":"BreadcrumbList","@id":"https:\/\/dana.com.br\/canaldana\/2020\/08\/26\/conheca-os-modelos-8x2-que-estao-agradando-a-frotistas-e-motoristas-autonomos\/#breadcrumb","itemListElement":[{"@type":"ListItem","position":1,"name":"Home","item":"https:\/\/dana.com.br\/canaldana\/"},{"@type":"ListItem","position":2,"name":"Mercado","item":"https:\/\/dana.com.br\/canaldana\/mercado\/"},{"@type":"ListItem","position":3,"name":"Conhe\u00e7a os modelos 8&#215;2 que est\u00e3o agradando a frotistas e motoristas aut\u00f4nomos"}]},{"@type":"WebSite","@id":"https:\/\/dana.com.br\/canaldana\/#website","url":"https:\/\/dana.com.br\/canaldana\/","name":"Canal Dana","description":"Informativo com as principais not\u00edcias da ind\u00fastria automotiva","potentialAction":[{"@type":"SearchAction","target":{"@type":"EntryPoint","urlTemplate":"https:\/\/dana.com.br\/canaldana\/?s={search_term_string}"},"query-input":{"@type":"PropertyValueSpecification","valueRequired":true,"valueName":"search_term_string"}}],"inLanguage":"pt-BR"},{"@type":"Person","@id":"https:\/\/dana.com.br\/canaldana\/#\/schema\/person\/3c21f22f56fcf3bc46b94bc60ea4fef6","name":"Canal Dana","image":{"@type":"ImageObject","inLanguage":"pt-BR","@id":"https:\/\/secure.gravatar.com\/avatar\/420aaf9278582877d9018637c6817617705899d2858d7572ef0fe59a6b6454b4?s=96&d=mm&r=g","url":"https:\/\/secure.gravatar.com\/avatar\/420aaf9278582877d9018637c6817617705899d2858d7572ef0fe59a6b6454b4?s=96&d=mm&r=g","contentUrl":"https:\/\/secure.gravatar.com\/avatar\/420aaf9278582877d9018637c6817617705899d2858d7572ef0fe59a6b6454b4?s=96&d=mm&r=g","caption":"Canal Dana"},"url":"https:\/\/dana.com.br\/canaldana\/author\/cdeditor\/"}]}},"_links":{"self":[{"href":"https:\/\/dana.com.br\/canaldana\/wp-json\/wp\/v2\/posts\/44412","targetHints":{"allow":["GET"]}}],"collection":[{"href":"https:\/\/dana.com.br\/canaldana\/wp-json\/wp\/v2\/posts"}],"about":[{"href":"https:\/\/dana.com.br\/canaldana\/wp-json\/wp\/v2\/types\/post"}],"author":[{"embeddable":true,"href":"https:\/\/dana.com.br\/canaldana\/wp-json\/wp\/v2\/users\/3"}],"replies":[{"embeddable":true,"href":"https:\/\/dana.com.br\/canaldana\/wp-json\/wp\/v2\/comments?post=44412"}],"version-history":[{"count":0,"href":"https:\/\/dana.com.br\/canaldana\/wp-json\/wp\/v2\/posts\/44412\/revisions"}],"wp:attachment":[{"href":"https:\/\/dana.com.br\/canaldana\/wp-json\/wp\/v2\/media?parent=44412"}],"wp:term":[{"taxonomy":"category","embeddable":true,"href":"https:\/\/dana.com.br\/canaldana\/wp-json\/wp\/v2\/categories?post=44412"},{"taxonomy":"post_tag","embeddable":true,"href":"https:\/\/dana.com.br\/canaldana\/wp-json\/wp\/v2\/tags?post=44412"}],"curies":[{"name":"wp","href":"https:\/\/api.w.org\/{rel}","templated":true}]}}