{"id":4434,"date":"2015-11-25T09:10:41","date_gmt":"2015-11-25T11:10:41","guid":{"rendered":"http:\/\/dana.com.br\/canaldana\/?p=4434"},"modified":"2015-11-25T09:10:41","modified_gmt":"2015-11-25T11:10:41","slug":"aqui-tem-dana-estudantes-do-parana-conquistam-o-primeiro-lugar-na-13a-baja-sul","status":"publish","type":"post","link":"https:\/\/dana.com.br\/canaldana\/2015\/11\/25\/aqui-tem-dana-estudantes-do-parana-conquistam-o-primeiro-lugar-na-13a-baja-sul\/","title":{"rendered":"Aqui tem Dana: Estudantes do Paran\u00e1 conquistam o primeiro lugar na 13\u00aa. Baja Sul"},"content":{"rendered":"<p><em>A etapa Sul teve este ano 21 equipes inscritas e arrecadou 1,26 tonelada de alimentos n\u00e3o perec\u00edveis<\/em><\/p>\n<p>&nbsp;<\/p>\n<p>A equipe da Universidade Federal do Paran\u00e1\u00a0\u00a0(UFPR)\u2013 Equipe\u00a0\u00a0UFPR Baja SAE\u00a0foi a grande vencedora da 13\u00aa edi\u00e7\u00e3o do Dana Baja Sul, realizado entre os dias 20 e 22 de novembro, no Complexo Industrial da Dana, em Gravata\u00ed. Em segundo lugar ficou o time vencedor da edi\u00e7\u00e3o de 2014,\u00a0equipe Velociraptor, da\u00a0UDESC (Universidade do Estado de Santa Catarina), de Joinville. A competi\u00e7\u00e3o de mini bajas \u00e9 promovida pela Dana desde 2003, como forma de estimular o trabalho dos futuros engenheiros do setor automotivo.<\/p>\n<p>&nbsp;<\/p>\n<p>Em um terreno de 10.000 m\u00b2, a Dana construiu uma pista com 700 metros de extens\u00e3o exclusivamente para o enduro, al\u00e9m de equip\u00e1-la com toda a estrutura de box, cronometragem e atendimento ao p\u00fablico presente. Como forma de estimular a participa\u00e7\u00e3o, a empresa tamb\u00e9m arca com as despesas de transporte dos carros, al\u00e9m de doar os uniformes da organiza\u00e7\u00e3o e das equipes (camisetas e bon\u00e9s). Oferece ainda alimenta\u00e7\u00e3o e alojamento para todos no gin\u00e1sio de esportes do complexo, com vesti\u00e1rios e chuveiros.<\/p>\n<p>&nbsp;<\/p>\n<p>O Baja Sul representa uma oportunidade \u00fanica para os estudantes desenvolverem um projeto completo, passando pela concep\u00e7\u00e3o, detalhamento, constru\u00e7\u00e3o, testes e aplica\u00e7\u00e3o. As avalia\u00e7\u00f5es de seguran\u00e7a e projeto, que incluem \u00e1reas como Gest\u00e3o de Projetos e Plano de Neg\u00f3cios, visam simular condi\u00e7\u00f5es semelhantes \u00e0s que os futuros profissionais encontrar\u00e3o na ind\u00fastria, treinando-os para defender seus projetos frente \u00e0 clientes exigentes.<\/p>\n<p>&nbsp;<\/p>\n<p>\u201cNeste ano, conseguimos aumentar a intera\u00e7\u00e3o dos representantes da ind\u00fastria presentes com os estudantes, permitindo que estas duas partes se conhe\u00e7am melhor, levando a profissionais mais capacitados e capazes de atender \u00e0s necessidades do mercado de trabalho. Todo esse esfor\u00e7o leva os alunos a dois dias de provas onde os ve\u00edculos devem demonstrar desempenho e robustez em condi\u00e7\u00f5es adversas e as equipes devem mostrar sua organiza\u00e7\u00e3o com respostas r\u00e1pidas e certeiras aos imprevistos que surgem durante as tr\u00eas horas do enduro de resist\u00eancia. Com tudo isso, o Baja se demonstra como uma \u00f3tima ferramenta de motiva\u00e7\u00e3o e forma\u00e7\u00e3o dos profissionais que definir\u00e3o o futuro da ind\u00fastria no pa\u00eds\u201d, explica Jo\u00e3o Guilherme Bresolin, membro da SAE Brasil e organizador do evento.<\/p>\n<p>&nbsp;<\/p>\n<p>Promovido pela SAE Brasil, o Baja Sul faz parte do Projeto Baja SAE Brasil, um desafio lan\u00e7ado aos estudantes de engenharia que oferece a chance de aplicar na pr\u00e1tica os conhecimentos adquiridos em sala de aula, visando incrementar sua prepara\u00e7\u00e3o para o mercado de trabalho. Ao participar do projeto Baja SAE, o aluno se envolve com um caso real de desenvolvimento de projeto, desde sua a concep\u00e7\u00e3o, projeto detalhado e constru\u00e7\u00e3o.<\/p>\n<p>&nbsp;<\/p>\n<p><strong>Classifica\u00e7\u00e3o final:<\/strong><\/p>\n<p><strong>Resultado:<\/strong><\/p>\n<p>&nbsp;<\/p>\n<p>1\u00ba Universidade Federal do Paran\u00e1\u00a0\u00a0(UFPR)\u2013 Equipe\u00a0\u00a0UFPR Baja SAE<\/p>\n<p>2\u00ba Universidade do Estado de Santa Catarina (UDESC) \u2013 Equipe UDESC Velociraptor<\/p>\n<p>3\u00ba Universidade de Santa Cruz do Sul (UNISC) \u2013 Equipe Baja de Galp\u00e3o.<\/p>\n","protected":false},"excerpt":{"rendered":"<p>A etapa Sul teve este ano 21 equipes inscritas e arrecadou 1,26 tonelada de alimentos n\u00e3o perec\u00edveis &nbsp; A equipe da Universidade Federal do Paran\u00e1\u00a0\u00a0(UFPR)\u2013 Equipe\u00a0\u00a0UFPR Baja SAE\u00a0foi a grande vencedora da 13\u00aa edi\u00e7\u00e3o do Dana Baja Sul, realizado entre os dias 20 e 22 de novembro, no Complexo Industrial da Dana, em Gravata\u00ed. Em\u2026 <a class=\"readmore\" href=\"https:\/\/dana.com.br\/canaldana\/2015\/11\/25\/aqui-tem-dana-estudantes-do-parana-conquistam-o-primeiro-lugar-na-13a-baja-sul\/\">Leia mais \u00bb<\/a><\/p>\n","protected":false},"author":3,"featured_media":0,"comment_status":"closed","ping_status":"closed","sticky":false,"template":"","format":"standard","meta":{"_acf_changed":false,"footnotes":""},"categories":[87],"tags":[],"class_list":["post-4434","post","type-post","status-publish","format-standard","hentry","category-destaque-dana"],"acf":[],"yoast_head":"<!-- This site is optimized with the Yoast SEO plugin v27.3 - https:\/\/yoast.com\/product\/yoast-seo-wordpress\/ -->\n<title>Aqui tem Dana: Estudantes do Paran\u00e1 conquistam o primeiro lugar na 13\u00aa. Baja Sul - Canal Dana<\/title>\n<meta name=\"robots\" content=\"index, follow, max-snippet:-1, max-image-preview:large, max-video-preview:-1\" \/>\n<link rel=\"canonical\" href=\"https:\/\/dana.com.br\/canaldana\/2015\/11\/25\/aqui-tem-dana-estudantes-do-parana-conquistam-o-primeiro-lugar-na-13a-baja-sul\/\" \/>\n<meta property=\"og:locale\" content=\"pt_BR\" \/>\n<meta property=\"og:type\" content=\"article\" \/>\n<meta property=\"og:title\" content=\"Aqui tem Dana: Estudantes do Paran\u00e1 conquistam o primeiro lugar na 13\u00aa. Baja Sul - Canal Dana\" \/>\n<meta property=\"og:description\" content=\"A etapa Sul teve este ano 21 equipes inscritas e arrecadou 1,26 tonelada de alimentos n\u00e3o perec\u00edveis &nbsp; A equipe da Universidade Federal do Paran\u00e1\u00a0\u00a0(UFPR)\u2013 Equipe\u00a0\u00a0UFPR Baja SAE\u00a0foi a grande vencedora da 13\u00aa edi\u00e7\u00e3o do Dana Baja Sul, realizado entre os dias 20 e 22 de novembro, no Complexo Industrial da Dana, em Gravata\u00ed. Em\u2026 Leia mais \u00bb\" \/>\n<meta property=\"og:url\" content=\"https:\/\/dana.com.br\/canaldana\/2015\/11\/25\/aqui-tem-dana-estudantes-do-parana-conquistam-o-primeiro-lugar-na-13a-baja-sul\/\" \/>\n<meta property=\"og:site_name\" content=\"Canal Dana\" \/>\n<meta property=\"article:published_time\" content=\"2015-11-25T11:10:41+00:00\" \/>\n<meta name=\"author\" content=\"Canal Dana\" \/>\n<meta name=\"twitter:card\" content=\"summary_large_image\" \/>\n<meta name=\"twitter:label1\" content=\"Escrito por\" \/>\n\t<meta name=\"twitter:data1\" content=\"Canal Dana\" \/>\n\t<meta name=\"twitter:label2\" content=\"Est. tempo de leitura\" \/>\n\t<meta name=\"twitter:data2\" content=\"3 minutos\" \/>\n<script type=\"application\/ld+json\" class=\"yoast-schema-graph\">{\"@context\":\"https:\\\/\\\/schema.org\",\"@graph\":[{\"@type\":\"Article\",\"@id\":\"https:\\\/\\\/dana.com.br\\\/canaldana\\\/2015\\\/11\\\/25\\\/aqui-tem-dana-estudantes-do-parana-conquistam-o-primeiro-lugar-na-13a-baja-sul\\\/#article\",\"isPartOf\":{\"@id\":\"https:\\\/\\\/dana.com.br\\\/canaldana\\\/2015\\\/11\\\/25\\\/aqui-tem-dana-estudantes-do-parana-conquistam-o-primeiro-lugar-na-13a-baja-sul\\\/\"},\"author\":{\"name\":\"Canal Dana\",\"@id\":\"https:\\\/\\\/dana.com.br\\\/canaldana\\\/#\\\/schema\\\/person\\\/3c21f22f56fcf3bc46b94bc60ea4fef6\"},\"headline\":\"Aqui tem Dana: Estudantes do Paran\u00e1 conquistam o primeiro lugar na 13\u00aa. Baja Sul\",\"datePublished\":\"2015-11-25T11:10:41+00:00\",\"mainEntityOfPage\":{\"@id\":\"https:\\\/\\\/dana.com.br\\\/canaldana\\\/2015\\\/11\\\/25\\\/aqui-tem-dana-estudantes-do-parana-conquistam-o-primeiro-lugar-na-13a-baja-sul\\\/\"},\"wordCount\":527,\"articleSection\":[\"Destaque Dana\"],\"inLanguage\":\"pt-BR\"},{\"@type\":\"WebPage\",\"@id\":\"https:\\\/\\\/dana.com.br\\\/canaldana\\\/2015\\\/11\\\/25\\\/aqui-tem-dana-estudantes-do-parana-conquistam-o-primeiro-lugar-na-13a-baja-sul\\\/\",\"url\":\"https:\\\/\\\/dana.com.br\\\/canaldana\\\/2015\\\/11\\\/25\\\/aqui-tem-dana-estudantes-do-parana-conquistam-o-primeiro-lugar-na-13a-baja-sul\\\/\",\"name\":\"Aqui tem Dana: Estudantes do Paran\u00e1 conquistam o primeiro lugar na 13\u00aa. Baja Sul - Canal Dana\",\"isPartOf\":{\"@id\":\"https:\\\/\\\/dana.com.br\\\/canaldana\\\/#website\"},\"datePublished\":\"2015-11-25T11:10:41+00:00\",\"author\":{\"@id\":\"https:\\\/\\\/dana.com.br\\\/canaldana\\\/#\\\/schema\\\/person\\\/3c21f22f56fcf3bc46b94bc60ea4fef6\"},\"breadcrumb\":{\"@id\":\"https:\\\/\\\/dana.com.br\\\/canaldana\\\/2015\\\/11\\\/25\\\/aqui-tem-dana-estudantes-do-parana-conquistam-o-primeiro-lugar-na-13a-baja-sul\\\/#breadcrumb\"},\"inLanguage\":\"pt-BR\",\"potentialAction\":[{\"@type\":\"ReadAction\",\"target\":[\"https:\\\/\\\/dana.com.br\\\/canaldana\\\/2015\\\/11\\\/25\\\/aqui-tem-dana-estudantes-do-parana-conquistam-o-primeiro-lugar-na-13a-baja-sul\\\/\"]}]},{\"@type\":\"BreadcrumbList\",\"@id\":\"https:\\\/\\\/dana.com.br\\\/canaldana\\\/2015\\\/11\\\/25\\\/aqui-tem-dana-estudantes-do-parana-conquistam-o-primeiro-lugar-na-13a-baja-sul\\\/#breadcrumb\",\"itemListElement\":[{\"@type\":\"ListItem\",\"position\":1,\"name\":\"Home\",\"item\":\"https:\\\/\\\/dana.com.br\\\/canaldana\\\/\"},{\"@type\":\"ListItem\",\"position\":2,\"name\":\"Destaque Dana\",\"item\":\"https:\\\/\\\/dana.com.br\\\/canaldana\\\/destaque-dana\\\/\"},{\"@type\":\"ListItem\",\"position\":3,\"name\":\"Aqui tem Dana: Estudantes do Paran\u00e1 conquistam o primeiro lugar na 13\u00aa. Baja Sul\"}]},{\"@type\":\"WebSite\",\"@id\":\"https:\\\/\\\/dana.com.br\\\/canaldana\\\/#website\",\"url\":\"https:\\\/\\\/dana.com.br\\\/canaldana\\\/\",\"name\":\"Canal Dana\",\"description\":\"Informativo com as principais not\u00edcias da ind\u00fastria automotiva\",\"potentialAction\":[{\"@type\":\"SearchAction\",\"target\":{\"@type\":\"EntryPoint\",\"urlTemplate\":\"https:\\\/\\\/dana.com.br\\\/canaldana\\\/?s={search_term_string}\"},\"query-input\":{\"@type\":\"PropertyValueSpecification\",\"valueRequired\":true,\"valueName\":\"search_term_string\"}}],\"inLanguage\":\"pt-BR\"},{\"@type\":\"Person\",\"@id\":\"https:\\\/\\\/dana.com.br\\\/canaldana\\\/#\\\/schema\\\/person\\\/3c21f22f56fcf3bc46b94bc60ea4fef6\",\"name\":\"Canal Dana\",\"image\":{\"@type\":\"ImageObject\",\"inLanguage\":\"pt-BR\",\"@id\":\"https:\\\/\\\/secure.gravatar.com\\\/avatar\\\/420aaf9278582877d9018637c6817617705899d2858d7572ef0fe59a6b6454b4?s=96&d=mm&r=g\",\"url\":\"https:\\\/\\\/secure.gravatar.com\\\/avatar\\\/420aaf9278582877d9018637c6817617705899d2858d7572ef0fe59a6b6454b4?s=96&d=mm&r=g\",\"contentUrl\":\"https:\\\/\\\/secure.gravatar.com\\\/avatar\\\/420aaf9278582877d9018637c6817617705899d2858d7572ef0fe59a6b6454b4?s=96&d=mm&r=g\",\"caption\":\"Canal Dana\"},\"url\":\"https:\\\/\\\/dana.com.br\\\/canaldana\\\/author\\\/cdeditor\\\/\"}]}<\/script>\n<!-- \/ Yoast SEO plugin. -->","yoast_head_json":{"title":"Aqui tem Dana: Estudantes do Paran\u00e1 conquistam o primeiro lugar na 13\u00aa. Baja Sul - Canal Dana","robots":{"index":"index","follow":"follow","max-snippet":"max-snippet:-1","max-image-preview":"max-image-preview:large","max-video-preview":"max-video-preview:-1"},"canonical":"https:\/\/dana.com.br\/canaldana\/2015\/11\/25\/aqui-tem-dana-estudantes-do-parana-conquistam-o-primeiro-lugar-na-13a-baja-sul\/","og_locale":"pt_BR","og_type":"article","og_title":"Aqui tem Dana: Estudantes do Paran\u00e1 conquistam o primeiro lugar na 13\u00aa. Baja Sul - Canal Dana","og_description":"A etapa Sul teve este ano 21 equipes inscritas e arrecadou 1,26 tonelada de alimentos n\u00e3o perec\u00edveis &nbsp; A equipe da Universidade Federal do Paran\u00e1\u00a0\u00a0(UFPR)\u2013 Equipe\u00a0\u00a0UFPR Baja SAE\u00a0foi a grande vencedora da 13\u00aa edi\u00e7\u00e3o do Dana Baja Sul, realizado entre os dias 20 e 22 de novembro, no Complexo Industrial da Dana, em Gravata\u00ed. Em\u2026 Leia mais \u00bb","og_url":"https:\/\/dana.com.br\/canaldana\/2015\/11\/25\/aqui-tem-dana-estudantes-do-parana-conquistam-o-primeiro-lugar-na-13a-baja-sul\/","og_site_name":"Canal Dana","article_published_time":"2015-11-25T11:10:41+00:00","author":"Canal Dana","twitter_card":"summary_large_image","twitter_misc":{"Escrito por":"Canal Dana","Est. tempo de leitura":"3 minutos"},"schema":{"@context":"https:\/\/schema.org","@graph":[{"@type":"Article","@id":"https:\/\/dana.com.br\/canaldana\/2015\/11\/25\/aqui-tem-dana-estudantes-do-parana-conquistam-o-primeiro-lugar-na-13a-baja-sul\/#article","isPartOf":{"@id":"https:\/\/dana.com.br\/canaldana\/2015\/11\/25\/aqui-tem-dana-estudantes-do-parana-conquistam-o-primeiro-lugar-na-13a-baja-sul\/"},"author":{"name":"Canal Dana","@id":"https:\/\/dana.com.br\/canaldana\/#\/schema\/person\/3c21f22f56fcf3bc46b94bc60ea4fef6"},"headline":"Aqui tem Dana: Estudantes do Paran\u00e1 conquistam o primeiro lugar na 13\u00aa. Baja Sul","datePublished":"2015-11-25T11:10:41+00:00","mainEntityOfPage":{"@id":"https:\/\/dana.com.br\/canaldana\/2015\/11\/25\/aqui-tem-dana-estudantes-do-parana-conquistam-o-primeiro-lugar-na-13a-baja-sul\/"},"wordCount":527,"articleSection":["Destaque Dana"],"inLanguage":"pt-BR"},{"@type":"WebPage","@id":"https:\/\/dana.com.br\/canaldana\/2015\/11\/25\/aqui-tem-dana-estudantes-do-parana-conquistam-o-primeiro-lugar-na-13a-baja-sul\/","url":"https:\/\/dana.com.br\/canaldana\/2015\/11\/25\/aqui-tem-dana-estudantes-do-parana-conquistam-o-primeiro-lugar-na-13a-baja-sul\/","name":"Aqui tem Dana: Estudantes do Paran\u00e1 conquistam o primeiro lugar na 13\u00aa. Baja Sul - Canal Dana","isPartOf":{"@id":"https:\/\/dana.com.br\/canaldana\/#website"},"datePublished":"2015-11-25T11:10:41+00:00","author":{"@id":"https:\/\/dana.com.br\/canaldana\/#\/schema\/person\/3c21f22f56fcf3bc46b94bc60ea4fef6"},"breadcrumb":{"@id":"https:\/\/dana.com.br\/canaldana\/2015\/11\/25\/aqui-tem-dana-estudantes-do-parana-conquistam-o-primeiro-lugar-na-13a-baja-sul\/#breadcrumb"},"inLanguage":"pt-BR","potentialAction":[{"@type":"ReadAction","target":["https:\/\/dana.com.br\/canaldana\/2015\/11\/25\/aqui-tem-dana-estudantes-do-parana-conquistam-o-primeiro-lugar-na-13a-baja-sul\/"]}]},{"@type":"BreadcrumbList","@id":"https:\/\/dana.com.br\/canaldana\/2015\/11\/25\/aqui-tem-dana-estudantes-do-parana-conquistam-o-primeiro-lugar-na-13a-baja-sul\/#breadcrumb","itemListElement":[{"@type":"ListItem","position":1,"name":"Home","item":"https:\/\/dana.com.br\/canaldana\/"},{"@type":"ListItem","position":2,"name":"Destaque Dana","item":"https:\/\/dana.com.br\/canaldana\/destaque-dana\/"},{"@type":"ListItem","position":3,"name":"Aqui tem Dana: Estudantes do Paran\u00e1 conquistam o primeiro lugar na 13\u00aa. Baja Sul"}]},{"@type":"WebSite","@id":"https:\/\/dana.com.br\/canaldana\/#website","url":"https:\/\/dana.com.br\/canaldana\/","name":"Canal Dana","description":"Informativo com as principais not\u00edcias da ind\u00fastria automotiva","potentialAction":[{"@type":"SearchAction","target":{"@type":"EntryPoint","urlTemplate":"https:\/\/dana.com.br\/canaldana\/?s={search_term_string}"},"query-input":{"@type":"PropertyValueSpecification","valueRequired":true,"valueName":"search_term_string"}}],"inLanguage":"pt-BR"},{"@type":"Person","@id":"https:\/\/dana.com.br\/canaldana\/#\/schema\/person\/3c21f22f56fcf3bc46b94bc60ea4fef6","name":"Canal Dana","image":{"@type":"ImageObject","inLanguage":"pt-BR","@id":"https:\/\/secure.gravatar.com\/avatar\/420aaf9278582877d9018637c6817617705899d2858d7572ef0fe59a6b6454b4?s=96&d=mm&r=g","url":"https:\/\/secure.gravatar.com\/avatar\/420aaf9278582877d9018637c6817617705899d2858d7572ef0fe59a6b6454b4?s=96&d=mm&r=g","contentUrl":"https:\/\/secure.gravatar.com\/avatar\/420aaf9278582877d9018637c6817617705899d2858d7572ef0fe59a6b6454b4?s=96&d=mm&r=g","caption":"Canal Dana"},"url":"https:\/\/dana.com.br\/canaldana\/author\/cdeditor\/"}]}},"_links":{"self":[{"href":"https:\/\/dana.com.br\/canaldana\/wp-json\/wp\/v2\/posts\/4434","targetHints":{"allow":["GET"]}}],"collection":[{"href":"https:\/\/dana.com.br\/canaldana\/wp-json\/wp\/v2\/posts"}],"about":[{"href":"https:\/\/dana.com.br\/canaldana\/wp-json\/wp\/v2\/types\/post"}],"author":[{"embeddable":true,"href":"https:\/\/dana.com.br\/canaldana\/wp-json\/wp\/v2\/users\/3"}],"replies":[{"embeddable":true,"href":"https:\/\/dana.com.br\/canaldana\/wp-json\/wp\/v2\/comments?post=4434"}],"version-history":[{"count":0,"href":"https:\/\/dana.com.br\/canaldana\/wp-json\/wp\/v2\/posts\/4434\/revisions"}],"wp:attachment":[{"href":"https:\/\/dana.com.br\/canaldana\/wp-json\/wp\/v2\/media?parent=4434"}],"wp:term":[{"taxonomy":"category","embeddable":true,"href":"https:\/\/dana.com.br\/canaldana\/wp-json\/wp\/v2\/categories?post=4434"},{"taxonomy":"post_tag","embeddable":true,"href":"https:\/\/dana.com.br\/canaldana\/wp-json\/wp\/v2\/tags?post=4434"}],"curies":[{"name":"wp","href":"https:\/\/api.w.org\/{rel}","templated":true}]}}