{"id":44317,"date":"2020-08-20T08:53:05","date_gmt":"2020-08-20T11:53:05","guid":{"rendered":"https:\/\/dana.com.br\/canaldana\/?p=44317"},"modified":"2020-08-20T08:55:23","modified_gmt":"2020-08-20T11:55:23","slug":"com-recuo-do-mercado-volks-negocia-demissoes-em-suas-quatro-fabricas-no-pais","status":"publish","type":"post","link":"https:\/\/dana.com.br\/canaldana\/2020\/08\/20\/com-recuo-do-mercado-volks-negocia-demissoes-em-suas-quatro-fabricas-no-pais\/","title":{"rendered":"Com recuo do mercado, Volks negocia demiss\u00f5es em suas quatro f\u00e1bricas no Pa\u00eds"},"content":{"rendered":"<p><em>O Estado de S. Paulo<\/em><\/p>\n<p>&nbsp;<\/p>\n<p>A Volkswagen negocia corte de funcion\u00e1rios em suas quatro f\u00e1bricas no Pa\u00eds. A montadora diz que \u00e9 preciso se adequar \u00e0 demanda. A empresa emprega 15 mil funcion\u00e1rios e, segundo sindicatos, o excedente seria de cerca de 5 mil pessoas.<\/p>\n<p>&nbsp;<\/p>\n<p>A Volkswagen negocia corte de funcion\u00e1rios em suas quatro f\u00e1bricas no Pa\u00eds, com a alega\u00e7\u00e3o de que \u00e9 preciso adequar o quatro de pessoal \u00e0 atual demanda do mercado, enfraquecida pela crise provocada pela pandemia do coronav\u00edrus. O assunto j\u00e1 foi discutido na ter\u00e7a-feira e ontem entre dirigentes da montadora e representantes dos sindicatos de trabalhadores. A empresa emprega ao todo 15 mil funcion\u00e1rios e, segundo os dirigentes sindicais que participaram do encontro realizado na f\u00e1brica do ABC paulista, o excedente seria de 35% \u2013 ou seja, cerca de 5 mil pessoas, entre funcion\u00e1rios da linha de produ\u00e7\u00e3o e do administrativo.<\/p>\n<p>&nbsp;<\/p>\n<p>Porta-voz da empresa afirmou ser precipitado falar em n\u00fameros, uma vez que a empresa prop\u00f5e negociar medidas de flexibiliza\u00e7\u00e3o que incluem redu\u00e7\u00e3o de sal\u00e1rios e de benef\u00edcios como Participa\u00e7\u00e3o nos Lucros e Resultados (PLR), vale-transporte e conv\u00eanio m\u00e9dico, al\u00e9m de corte de reajustes salariais \u2013 o que, eventualmente, ajudaria a reduzir o n\u00famero de excedentes. Tamb\u00e9m n\u00e3o descarta abrir planos de demiss\u00e3o volunt\u00e1ria (PDV).<\/p>\n<p>&nbsp;<\/p>\n<p>Em nota, a Volks confirma o processo de negocia\u00e7\u00e3o e cita medidas de flexibiliza\u00e7\u00e3o e de revis\u00e3o dos acordos coletivos \u2013 alguns preveem estabilidade no emprego at\u00e9 2021. A dire\u00e7\u00e3o da montadora alega a necessidade de \u201cadequa\u00e7\u00e3o do n\u00famero de empregados ao n\u00edvel atual de produ\u00e7\u00e3o, com foco na sustentabilidade de suas opera\u00e7\u00f5es no cen\u00e1rio econ\u00f4mico atual, muito afetado pela pandemia do novo coronav\u00edrus\u201d.<\/p>\n<p>&nbsp;<\/p>\n<p>A montadora cita dados da Associa\u00e7\u00e3o Nacional dos Fabricantes de Ve\u00edculos Automotores (Anfavea) de que a produ\u00e7\u00e3o de ve\u00edculos deve cair 45% neste ano e que a recupera\u00e7\u00e3o do mercado s\u00f3 deve vir em 2025.<\/p>\n<p>&nbsp;<\/p>\n<p>S\u00f3 na pandemia, desde mar\u00e7o, o setor fechou 3,2 mil vagas. Em 12 meses, foram 6,2 mil. Hoje, as montadoras empregam 122,5 mil funcion\u00e1rios. No in\u00edcio do m\u00eas, a Renault demitiu 747 pessoas no Paran\u00e1, mas, ap\u00f3s greve e negocia\u00e7\u00f5es com o sindicato, eles foram reintegrados e a empresa abriu um PDV.<\/p>\n<p>&nbsp;<\/p>\n<p><strong>Conjuntura<\/strong><\/p>\n<p>&nbsp;<\/p>\n<p>O Sindicato dos Metal\u00fargicos do ABC, onde est\u00e1 a maior f\u00e1brica do grupo, a de S\u00e3o Bernardo do Campo, com 8,6 mil trabalhadores, informa que novas reuni\u00f5es est\u00e3o programadas para a pr\u00f3xima semana. \u201cNossa vis\u00e3o \u00e9 de que coisa boa n\u00e3o vem por a\u00ed, infelizmente\u201d, afirma J\u00falio Henrique da Silva, secret\u00e1rio de Finan\u00e7as do Sindicato dos Metal\u00fargicos de S\u00e3o Carlos. Segundo ele, os sindicatos entendem que a pandemia agravou o cen\u00e1rio, mas esperam construir alternativas conjuntas para evitar cortes.<\/p>\n<p>&nbsp;<\/p>\n<p>A f\u00e1brica de S\u00e3o Carlos produz motores e tem 940 funcion\u00e1rios. O grupo tamb\u00e9m tem unidades em S\u00e3o Jos\u00e9 dos Pinhais (PR) e Taubat\u00e9 (SP), ambas fabricantes de autom\u00f3veis. A Volkswagen \u00e9 a segunda montadora que mais vende carros no Pa\u00eds, atr\u00e1s da General Motors. (O Estado de S. Paulo\/Cleide Silva)<\/p>\n","protected":false},"excerpt":{"rendered":"<p>O Estado de S. Paulo &nbsp; A Volkswagen negocia corte de funcion\u00e1rios em suas quatro f\u00e1bricas no Pa\u00eds. A montadora diz que \u00e9 preciso se adequar \u00e0 demanda. A empresa emprega 15 mil funcion\u00e1rios e, segundo sindicatos, o excedente seria de cerca de 5 mil pessoas. &nbsp; A Volkswagen negocia corte de funcion\u00e1rios em suas\u2026 <a class=\"readmore\" href=\"https:\/\/dana.com.br\/canaldana\/2020\/08\/20\/com-recuo-do-mercado-volks-negocia-demissoes-em-suas-quatro-fabricas-no-pais\/\">Leia mais \u00bb<\/a><\/p>\n","protected":false},"author":3,"featured_media":0,"comment_status":"closed","ping_status":"closed","sticky":false,"template":"","format":"standard","meta":{"_acf_changed":false,"footnotes":""},"categories":[61,1],"tags":[],"class_list":["post-44317","post","type-post","status-publish","format-standard","hentry","category-destaques","category-sin-categoria"],"acf":[],"yoast_head":"<!-- This site is optimized with the Yoast SEO plugin v27.3 - https:\/\/yoast.com\/product\/yoast-seo-wordpress\/ -->\n<title>Com recuo do mercado, Volks negocia demiss\u00f5es em suas quatro f\u00e1bricas no Pa\u00eds - Canal Dana<\/title>\n<meta name=\"robots\" content=\"index, follow, max-snippet:-1, max-image-preview:large, max-video-preview:-1\" \/>\n<link rel=\"canonical\" href=\"https:\/\/dana.com.br\/canaldana\/2020\/08\/20\/com-recuo-do-mercado-volks-negocia-demissoes-em-suas-quatro-fabricas-no-pais\/\" \/>\n<meta property=\"og:locale\" content=\"pt_BR\" \/>\n<meta property=\"og:type\" content=\"article\" \/>\n<meta property=\"og:title\" content=\"Com recuo do mercado, Volks negocia demiss\u00f5es em suas quatro f\u00e1bricas no Pa\u00eds - Canal Dana\" \/>\n<meta property=\"og:description\" content=\"O Estado de S. Paulo &nbsp; A Volkswagen negocia corte de funcion\u00e1rios em suas quatro f\u00e1bricas no Pa\u00eds. A montadora diz que \u00e9 preciso se adequar \u00e0 demanda. A empresa emprega 15 mil funcion\u00e1rios e, segundo sindicatos, o excedente seria de cerca de 5 mil pessoas. &nbsp; A Volkswagen negocia corte de funcion\u00e1rios em suas\u2026 Leia mais \u00bb\" \/>\n<meta property=\"og:url\" content=\"https:\/\/dana.com.br\/canaldana\/2020\/08\/20\/com-recuo-do-mercado-volks-negocia-demissoes-em-suas-quatro-fabricas-no-pais\/\" \/>\n<meta property=\"og:site_name\" content=\"Canal Dana\" \/>\n<meta property=\"article:published_time\" content=\"2020-08-20T11:53:05+00:00\" \/>\n<meta property=\"article:modified_time\" content=\"2020-08-20T11:55:23+00:00\" \/>\n<meta name=\"author\" content=\"Canal Dana\" \/>\n<meta name=\"twitter:card\" content=\"summary_large_image\" \/>\n<meta name=\"twitter:label1\" content=\"Escrito por\" \/>\n\t<meta name=\"twitter:data1\" content=\"Canal Dana\" \/>\n\t<meta name=\"twitter:label2\" content=\"Est. tempo de leitura\" \/>\n\t<meta name=\"twitter:data2\" content=\"3 minutos\" \/>\n<script type=\"application\/ld+json\" class=\"yoast-schema-graph\">{\"@context\":\"https:\\\/\\\/schema.org\",\"@graph\":[{\"@type\":\"Article\",\"@id\":\"https:\\\/\\\/dana.com.br\\\/canaldana\\\/2020\\\/08\\\/20\\\/com-recuo-do-mercado-volks-negocia-demissoes-em-suas-quatro-fabricas-no-pais\\\/#article\",\"isPartOf\":{\"@id\":\"https:\\\/\\\/dana.com.br\\\/canaldana\\\/2020\\\/08\\\/20\\\/com-recuo-do-mercado-volks-negocia-demissoes-em-suas-quatro-fabricas-no-pais\\\/\"},\"author\":{\"name\":\"Canal Dana\",\"@id\":\"https:\\\/\\\/dana.com.br\\\/canaldana\\\/#\\\/schema\\\/person\\\/3c21f22f56fcf3bc46b94bc60ea4fef6\"},\"headline\":\"Com recuo do mercado, Volks negocia demiss\u00f5es em suas quatro f\u00e1bricas no Pa\u00eds\",\"datePublished\":\"2020-08-20T11:53:05+00:00\",\"dateModified\":\"2020-08-20T11:55:23+00:00\",\"mainEntityOfPage\":{\"@id\":\"https:\\\/\\\/dana.com.br\\\/canaldana\\\/2020\\\/08\\\/20\\\/com-recuo-do-mercado-volks-negocia-demissoes-em-suas-quatro-fabricas-no-pais\\\/\"},\"wordCount\":568,\"articleSection\":[\"Destaques\",\"Sin categor\u00eda\"],\"inLanguage\":\"pt-BR\"},{\"@type\":\"WebPage\",\"@id\":\"https:\\\/\\\/dana.com.br\\\/canaldana\\\/2020\\\/08\\\/20\\\/com-recuo-do-mercado-volks-negocia-demissoes-em-suas-quatro-fabricas-no-pais\\\/\",\"url\":\"https:\\\/\\\/dana.com.br\\\/canaldana\\\/2020\\\/08\\\/20\\\/com-recuo-do-mercado-volks-negocia-demissoes-em-suas-quatro-fabricas-no-pais\\\/\",\"name\":\"Com recuo do mercado, Volks negocia demiss\u00f5es em suas quatro f\u00e1bricas no Pa\u00eds - Canal Dana\",\"isPartOf\":{\"@id\":\"https:\\\/\\\/dana.com.br\\\/canaldana\\\/#website\"},\"datePublished\":\"2020-08-20T11:53:05+00:00\",\"dateModified\":\"2020-08-20T11:55:23+00:00\",\"author\":{\"@id\":\"https:\\\/\\\/dana.com.br\\\/canaldana\\\/#\\\/schema\\\/person\\\/3c21f22f56fcf3bc46b94bc60ea4fef6\"},\"breadcrumb\":{\"@id\":\"https:\\\/\\\/dana.com.br\\\/canaldana\\\/2020\\\/08\\\/20\\\/com-recuo-do-mercado-volks-negocia-demissoes-em-suas-quatro-fabricas-no-pais\\\/#breadcrumb\"},\"inLanguage\":\"pt-BR\",\"potentialAction\":[{\"@type\":\"ReadAction\",\"target\":[\"https:\\\/\\\/dana.com.br\\\/canaldana\\\/2020\\\/08\\\/20\\\/com-recuo-do-mercado-volks-negocia-demissoes-em-suas-quatro-fabricas-no-pais\\\/\"]}]},{\"@type\":\"BreadcrumbList\",\"@id\":\"https:\\\/\\\/dana.com.br\\\/canaldana\\\/2020\\\/08\\\/20\\\/com-recuo-do-mercado-volks-negocia-demissoes-em-suas-quatro-fabricas-no-pais\\\/#breadcrumb\",\"itemListElement\":[{\"@type\":\"ListItem\",\"position\":1,\"name\":\"Home\",\"item\":\"https:\\\/\\\/dana.com.br\\\/canaldana\\\/\"},{\"@type\":\"ListItem\",\"position\":2,\"name\":\"Sin categor\u00eda\",\"item\":\"https:\\\/\\\/dana.com.br\\\/canaldana\\\/sin-categoria\\\/\"},{\"@type\":\"ListItem\",\"position\":3,\"name\":\"Com recuo do mercado, Volks negocia demiss\u00f5es em suas quatro f\u00e1bricas no Pa\u00eds\"}]},{\"@type\":\"WebSite\",\"@id\":\"https:\\\/\\\/dana.com.br\\\/canaldana\\\/#website\",\"url\":\"https:\\\/\\\/dana.com.br\\\/canaldana\\\/\",\"name\":\"Canal Dana\",\"description\":\"Informativo com as principais not\u00edcias da ind\u00fastria automotiva\",\"potentialAction\":[{\"@type\":\"SearchAction\",\"target\":{\"@type\":\"EntryPoint\",\"urlTemplate\":\"https:\\\/\\\/dana.com.br\\\/canaldana\\\/?s={search_term_string}\"},\"query-input\":{\"@type\":\"PropertyValueSpecification\",\"valueRequired\":true,\"valueName\":\"search_term_string\"}}],\"inLanguage\":\"pt-BR\"},{\"@type\":\"Person\",\"@id\":\"https:\\\/\\\/dana.com.br\\\/canaldana\\\/#\\\/schema\\\/person\\\/3c21f22f56fcf3bc46b94bc60ea4fef6\",\"name\":\"Canal Dana\",\"image\":{\"@type\":\"ImageObject\",\"inLanguage\":\"pt-BR\",\"@id\":\"https:\\\/\\\/secure.gravatar.com\\\/avatar\\\/420aaf9278582877d9018637c6817617705899d2858d7572ef0fe59a6b6454b4?s=96&d=mm&r=g\",\"url\":\"https:\\\/\\\/secure.gravatar.com\\\/avatar\\\/420aaf9278582877d9018637c6817617705899d2858d7572ef0fe59a6b6454b4?s=96&d=mm&r=g\",\"contentUrl\":\"https:\\\/\\\/secure.gravatar.com\\\/avatar\\\/420aaf9278582877d9018637c6817617705899d2858d7572ef0fe59a6b6454b4?s=96&d=mm&r=g\",\"caption\":\"Canal Dana\"},\"url\":\"https:\\\/\\\/dana.com.br\\\/canaldana\\\/author\\\/cdeditor\\\/\"}]}<\/script>\n<!-- \/ Yoast SEO plugin. -->","yoast_head_json":{"title":"Com recuo do mercado, Volks negocia demiss\u00f5es em suas quatro f\u00e1bricas no Pa\u00eds - Canal Dana","robots":{"index":"index","follow":"follow","max-snippet":"max-snippet:-1","max-image-preview":"max-image-preview:large","max-video-preview":"max-video-preview:-1"},"canonical":"https:\/\/dana.com.br\/canaldana\/2020\/08\/20\/com-recuo-do-mercado-volks-negocia-demissoes-em-suas-quatro-fabricas-no-pais\/","og_locale":"pt_BR","og_type":"article","og_title":"Com recuo do mercado, Volks negocia demiss\u00f5es em suas quatro f\u00e1bricas no Pa\u00eds - Canal Dana","og_description":"O Estado de S. Paulo &nbsp; A Volkswagen negocia corte de funcion\u00e1rios em suas quatro f\u00e1bricas no Pa\u00eds. A montadora diz que \u00e9 preciso se adequar \u00e0 demanda. A empresa emprega 15 mil funcion\u00e1rios e, segundo sindicatos, o excedente seria de cerca de 5 mil pessoas. &nbsp; A Volkswagen negocia corte de funcion\u00e1rios em suas\u2026 Leia mais \u00bb","og_url":"https:\/\/dana.com.br\/canaldana\/2020\/08\/20\/com-recuo-do-mercado-volks-negocia-demissoes-em-suas-quatro-fabricas-no-pais\/","og_site_name":"Canal Dana","article_published_time":"2020-08-20T11:53:05+00:00","article_modified_time":"2020-08-20T11:55:23+00:00","author":"Canal Dana","twitter_card":"summary_large_image","twitter_misc":{"Escrito por":"Canal Dana","Est. tempo de leitura":"3 minutos"},"schema":{"@context":"https:\/\/schema.org","@graph":[{"@type":"Article","@id":"https:\/\/dana.com.br\/canaldana\/2020\/08\/20\/com-recuo-do-mercado-volks-negocia-demissoes-em-suas-quatro-fabricas-no-pais\/#article","isPartOf":{"@id":"https:\/\/dana.com.br\/canaldana\/2020\/08\/20\/com-recuo-do-mercado-volks-negocia-demissoes-em-suas-quatro-fabricas-no-pais\/"},"author":{"name":"Canal Dana","@id":"https:\/\/dana.com.br\/canaldana\/#\/schema\/person\/3c21f22f56fcf3bc46b94bc60ea4fef6"},"headline":"Com recuo do mercado, Volks negocia demiss\u00f5es em suas quatro f\u00e1bricas no Pa\u00eds","datePublished":"2020-08-20T11:53:05+00:00","dateModified":"2020-08-20T11:55:23+00:00","mainEntityOfPage":{"@id":"https:\/\/dana.com.br\/canaldana\/2020\/08\/20\/com-recuo-do-mercado-volks-negocia-demissoes-em-suas-quatro-fabricas-no-pais\/"},"wordCount":568,"articleSection":["Destaques","Sin categor\u00eda"],"inLanguage":"pt-BR"},{"@type":"WebPage","@id":"https:\/\/dana.com.br\/canaldana\/2020\/08\/20\/com-recuo-do-mercado-volks-negocia-demissoes-em-suas-quatro-fabricas-no-pais\/","url":"https:\/\/dana.com.br\/canaldana\/2020\/08\/20\/com-recuo-do-mercado-volks-negocia-demissoes-em-suas-quatro-fabricas-no-pais\/","name":"Com recuo do mercado, Volks negocia demiss\u00f5es em suas quatro f\u00e1bricas no Pa\u00eds - Canal Dana","isPartOf":{"@id":"https:\/\/dana.com.br\/canaldana\/#website"},"datePublished":"2020-08-20T11:53:05+00:00","dateModified":"2020-08-20T11:55:23+00:00","author":{"@id":"https:\/\/dana.com.br\/canaldana\/#\/schema\/person\/3c21f22f56fcf3bc46b94bc60ea4fef6"},"breadcrumb":{"@id":"https:\/\/dana.com.br\/canaldana\/2020\/08\/20\/com-recuo-do-mercado-volks-negocia-demissoes-em-suas-quatro-fabricas-no-pais\/#breadcrumb"},"inLanguage":"pt-BR","potentialAction":[{"@type":"ReadAction","target":["https:\/\/dana.com.br\/canaldana\/2020\/08\/20\/com-recuo-do-mercado-volks-negocia-demissoes-em-suas-quatro-fabricas-no-pais\/"]}]},{"@type":"BreadcrumbList","@id":"https:\/\/dana.com.br\/canaldana\/2020\/08\/20\/com-recuo-do-mercado-volks-negocia-demissoes-em-suas-quatro-fabricas-no-pais\/#breadcrumb","itemListElement":[{"@type":"ListItem","position":1,"name":"Home","item":"https:\/\/dana.com.br\/canaldana\/"},{"@type":"ListItem","position":2,"name":"Sin categor\u00eda","item":"https:\/\/dana.com.br\/canaldana\/sin-categoria\/"},{"@type":"ListItem","position":3,"name":"Com recuo do mercado, Volks negocia demiss\u00f5es em suas quatro f\u00e1bricas no Pa\u00eds"}]},{"@type":"WebSite","@id":"https:\/\/dana.com.br\/canaldana\/#website","url":"https:\/\/dana.com.br\/canaldana\/","name":"Canal Dana","description":"Informativo com as principais not\u00edcias da ind\u00fastria automotiva","potentialAction":[{"@type":"SearchAction","target":{"@type":"EntryPoint","urlTemplate":"https:\/\/dana.com.br\/canaldana\/?s={search_term_string}"},"query-input":{"@type":"PropertyValueSpecification","valueRequired":true,"valueName":"search_term_string"}}],"inLanguage":"pt-BR"},{"@type":"Person","@id":"https:\/\/dana.com.br\/canaldana\/#\/schema\/person\/3c21f22f56fcf3bc46b94bc60ea4fef6","name":"Canal Dana","image":{"@type":"ImageObject","inLanguage":"pt-BR","@id":"https:\/\/secure.gravatar.com\/avatar\/420aaf9278582877d9018637c6817617705899d2858d7572ef0fe59a6b6454b4?s=96&d=mm&r=g","url":"https:\/\/secure.gravatar.com\/avatar\/420aaf9278582877d9018637c6817617705899d2858d7572ef0fe59a6b6454b4?s=96&d=mm&r=g","contentUrl":"https:\/\/secure.gravatar.com\/avatar\/420aaf9278582877d9018637c6817617705899d2858d7572ef0fe59a6b6454b4?s=96&d=mm&r=g","caption":"Canal Dana"},"url":"https:\/\/dana.com.br\/canaldana\/author\/cdeditor\/"}]}},"_links":{"self":[{"href":"https:\/\/dana.com.br\/canaldana\/wp-json\/wp\/v2\/posts\/44317","targetHints":{"allow":["GET"]}}],"collection":[{"href":"https:\/\/dana.com.br\/canaldana\/wp-json\/wp\/v2\/posts"}],"about":[{"href":"https:\/\/dana.com.br\/canaldana\/wp-json\/wp\/v2\/types\/post"}],"author":[{"embeddable":true,"href":"https:\/\/dana.com.br\/canaldana\/wp-json\/wp\/v2\/users\/3"}],"replies":[{"embeddable":true,"href":"https:\/\/dana.com.br\/canaldana\/wp-json\/wp\/v2\/comments?post=44317"}],"version-history":[{"count":0,"href":"https:\/\/dana.com.br\/canaldana\/wp-json\/wp\/v2\/posts\/44317\/revisions"}],"wp:attachment":[{"href":"https:\/\/dana.com.br\/canaldana\/wp-json\/wp\/v2\/media?parent=44317"}],"wp:term":[{"taxonomy":"category","embeddable":true,"href":"https:\/\/dana.com.br\/canaldana\/wp-json\/wp\/v2\/categories?post=44317"},{"taxonomy":"post_tag","embeddable":true,"href":"https:\/\/dana.com.br\/canaldana\/wp-json\/wp\/v2\/tags?post=44317"}],"curies":[{"name":"wp","href":"https:\/\/api.w.org\/{rel}","templated":true}]}}