{"id":44286,"date":"2020-08-19T08:46:57","date_gmt":"2020-08-19T11:46:57","guid":{"rendered":"https:\/\/dana.com.br\/canaldana\/?p=44286"},"modified":"2020-08-19T08:46:57","modified_gmt":"2020-08-19T11:46:57","slug":"volkswagen-inicia-montagem-de-caminhao-eletrico-em-resende","status":"publish","type":"post","link":"https:\/\/dana.com.br\/canaldana\/2020\/08\/19\/volkswagen-inicia-montagem-de-caminhao-eletrico-em-resende\/","title":{"rendered":"Volkswagen inicia montagem de caminh\u00e3o el\u00e9trico em Resende"},"content":{"rendered":"<p><em>A Voz da Cidade<\/em><\/p>\n<p>&nbsp;<\/p>\n<p>A Volkswagen Caminh\u00f5es e \u00d4nibus (VWCO) inicia a produ\u00e7\u00e3o de seus primeiros caminh\u00f5es el\u00e9tricos e-Delivery em sua f\u00e1brica-laborat\u00f3rio, instalada no complexo produtivo localizado em Resende. A \u00e1rea, chamada Planta Piloto, \u00e9 respons\u00e1vel pela defini\u00e7\u00e3o e confirma\u00e7\u00e3o do processo produtivo e treinamento dos processos. Por meio desse mapeamento est\u00e1 sendo realizada a adequa\u00e7\u00e3o das linhas que abrigar\u00e3o a produ\u00e7\u00e3o em s\u00e9rie do caminh\u00e3o el\u00e9trico e-Delivery, in\u00e9dito na f\u00e1brica de Resende e no Brasil.<\/p>\n<p>&nbsp;<\/p>\n<p>O primeiro ve\u00edculo que sair\u00e1 da f\u00e1brica-laborat\u00f3rio destina-se ao treinamento da f\u00e1brica e dos operadores do Consorcio Modular e representa mais um passo da empresa para o desenvolvimento do e-Cons\u00f3rcio, sistema pioneiro por meio do qual a fabricante far\u00e1, em s\u00e9rie, o primeiro caminh\u00e3o el\u00e9trico brasileiro, desenvolvido pela sua engenharia, al\u00e9m de viabilizar a mobilidade el\u00e9trica no pa\u00eds. Ele junta-se aos outros prot\u00f3tipos que realizam o maior teste de desenvolvimento e valida\u00e7\u00e3o de engenharia do Brasil, com objetivo de viabilizar a homologa\u00e7\u00e3o e in\u00edcio da produ\u00e7\u00e3o do e-Delivery.<\/p>\n<p>&nbsp;<\/p>\n<p>Os ensaios s\u00e3o realizados tamb\u00e9m em laborat\u00f3rios em todo o pa\u00eds e no campo de provas da VW Caminh\u00f5es e \u00d4nibus, onde engenheiros especializados da marca conduzem simula\u00e7\u00f5es que permitem agilizar o resultado das avalia\u00e7\u00f5es. Com um projeto altamente eficiente e a expertise dos profissionais da VWCO, a pista pode representar, em um per\u00edodo de seis meses, o equivalente a dez anos de condi\u00e7\u00f5es normais de rodagem. \u201cTal como h\u00e1 25 anos, quando amadurecemos nosso processo produtivo numa linha experimental em Resende, come\u00e7amos a consolidar nosso know-how tamb\u00e9m na manufatura de ve\u00edculos el\u00e9tricos. E avan\u00e7amos no desenvolvimento de um portf\u00f3lio nesse segmento, focados na valida\u00e7\u00e3o estrutural, de durabilidade e outros requisitos funcionais do caminh\u00e3o el\u00e9trico e-Delivery\u201d, arma Roberto Cortes, presidente e CEO da Volkswagen Caminh\u00f5es e \u00d4nibus.<\/p>\n<p>&nbsp;<\/p>\n<p>Al\u00e9m disso, as equipes dedicadas \u00e0 produ\u00e7\u00e3o do e-Delivery est\u00e3o sendo treinadas para as demandas espec\u00edficas da propuls\u00e3o el\u00e9trica, tais como montagem da bateria e comissionamento do ve\u00edculo de alta voltagem. O comissionamento \u00e9 quando o ve\u00edculo el\u00e9trico \u00e9 energizado pela primeira vez, exigindo procedimentos espec\u00edficos para lidar com tens\u00f5es superiores a 600V. Al\u00e9m disso, todas as equipes produtivas j\u00e1 est\u00e3o sendo capacitadas para aprender a reconhecer e lidar com os processos de seguran\u00e7a deste novo produto na f\u00e1brica de Resende.<\/p>\n<p>&nbsp;<\/p>\n<p>Toda a infraestrutura da f\u00e1brica da VW Caminh\u00f5es e \u00d4nibus tamb\u00e9m est\u00e1 em atualiza\u00e7\u00e3o para a nova realidade el\u00e9trica: novos carregadores acabam de chegar, com capacidade para recarregar as baterias dos caminh\u00f5es eDelivery em at\u00e9 1 hora. Os equipamentos ser\u00e3o utilizados para reabastecer a energia dos ve\u00edculos de teste da montadora, em a\u00e7\u00e3o nos testes de laborat\u00f3rio e rodagens de certifica\u00e7\u00e3o antes do in\u00edcio da produ\u00e7\u00e3o em s\u00e9rie.<\/p>\n<p>&nbsp;<\/p>\n<p>A VW Caminh\u00f5es e \u00d4nibus \u00e9 a pioneira no desenvolvimento e produ\u00e7\u00e3o no projeto de um caminh\u00e3o el\u00e9trico brasileiro e d\u00e1 mais um passo para o desenvolvimento do e-Cons\u00f3rcio, que tem como empresas parceiras Bosch, CATL, Moura, Semcon, WEG, Meritor e Siemens. Junto da VW Caminh\u00f5es e \u00d4nibus, formam um modelo de neg\u00f3cios que prev\u00ea desde a montagem at\u00e9 a infraestrutura de recarga e gerenciamento de ciclo de vida da bateria dos caminh\u00f5es el\u00e9tricos, alavancando o comprometimento de toda a cadeia de fornecedores de maneira integrada.<\/p>\n<p>&nbsp;<\/p>\n<p>A ideia do e-Cons\u00f3rcio segue o modelo do Cons\u00f3rcio Modular, um sistema de produ\u00e7\u00e3o \u00fanico no mundo e revolucion\u00e1rio desde sua cria\u00e7\u00e3o: nesse modelo, sete fornecedores dividem com a VWCO a responsabilidade pela montagem dos ve\u00edculos dentro da f\u00e1brica, com aumento da produtividade e dos n\u00edveis de qualidade e redu\u00e7\u00e3o dos custos.<\/p>\n<p>&nbsp;<\/p>\n<p><strong>Venda recorde<\/strong><\/p>\n<p>&nbsp;<\/p>\n<p>A Volkswagen Caminh\u00f5es e \u00d4nibus vai fornecer 1.350 caminh\u00f5es ao Grupo Vamos, bra\u00e7o da Simpar, voltado para loca\u00e7\u00f5es e vendas de ve\u00edculos comerciais pesados. Segundo a f\u00e1brica situada em Resende, este \u00e9 o maior acordo da ind\u00fastria de pesados do Pa\u00eds este ano e tamb\u00e9m um marco para as duas empresas. Recorde hist\u00f3rico, tanto de vendas pela montadora a um cliente, quanto pela locadora na aquisi\u00e7\u00e3o de novas unidades em lote \u00fanico. O contrato abrange 20 modelos diferentes de ve\u00edculos para suprir a demanda do Grupo Vamos, que inclui renova\u00e7\u00f5es de contratos e conquista de novos clientes nos \u00faltimos meses. (A Voz da Cidade)<\/p>\n","protected":false},"excerpt":{"rendered":"<p>A Voz da Cidade &nbsp; A Volkswagen Caminh\u00f5es e \u00d4nibus (VWCO) inicia a produ\u00e7\u00e3o de seus primeiros caminh\u00f5es el\u00e9tricos e-Delivery em sua f\u00e1brica-laborat\u00f3rio, instalada no complexo produtivo localizado em Resende. A \u00e1rea, chamada Planta Piloto, \u00e9 respons\u00e1vel pela defini\u00e7\u00e3o e confirma\u00e7\u00e3o do processo produtivo e treinamento dos processos. Por meio desse mapeamento est\u00e1 sendo realizada\u2026 <a class=\"readmore\" href=\"https:\/\/dana.com.br\/canaldana\/2020\/08\/19\/volkswagen-inicia-montagem-de-caminhao-eletrico-em-resende\/\">Leia mais \u00bb<\/a><\/p>\n","protected":false},"author":3,"featured_media":0,"comment_status":"closed","ping_status":"closed","sticky":false,"template":"","format":"standard","meta":{"_acf_changed":false,"footnotes":""},"categories":[61],"tags":[],"class_list":["post-44286","post","type-post","status-publish","format-standard","hentry","category-destaques"],"acf":[],"yoast_head":"<!-- This site is optimized with the Yoast SEO plugin v27.3 - https:\/\/yoast.com\/product\/yoast-seo-wordpress\/ -->\n<title>Volkswagen inicia montagem de caminh\u00e3o el\u00e9trico em Resende - Canal Dana<\/title>\n<meta name=\"robots\" content=\"index, follow, max-snippet:-1, max-image-preview:large, max-video-preview:-1\" \/>\n<link rel=\"canonical\" href=\"https:\/\/dana.com.br\/canaldana\/2020\/08\/19\/volkswagen-inicia-montagem-de-caminhao-eletrico-em-resende\/\" \/>\n<meta property=\"og:locale\" content=\"pt_BR\" \/>\n<meta property=\"og:type\" content=\"article\" \/>\n<meta property=\"og:title\" content=\"Volkswagen inicia montagem de caminh\u00e3o el\u00e9trico em Resende - Canal Dana\" \/>\n<meta property=\"og:description\" content=\"A Voz da Cidade &nbsp; A Volkswagen Caminh\u00f5es e \u00d4nibus (VWCO) inicia a produ\u00e7\u00e3o de seus primeiros caminh\u00f5es el\u00e9tricos e-Delivery em sua f\u00e1brica-laborat\u00f3rio, instalada no complexo produtivo localizado em Resende. A \u00e1rea, chamada Planta Piloto, \u00e9 respons\u00e1vel pela defini\u00e7\u00e3o e confirma\u00e7\u00e3o do processo produtivo e treinamento dos processos. Por meio desse mapeamento est\u00e1 sendo realizada\u2026 Leia mais \u00bb\" \/>\n<meta property=\"og:url\" content=\"https:\/\/dana.com.br\/canaldana\/2020\/08\/19\/volkswagen-inicia-montagem-de-caminhao-eletrico-em-resende\/\" \/>\n<meta property=\"og:site_name\" content=\"Canal Dana\" \/>\n<meta property=\"article:published_time\" content=\"2020-08-19T11:46:57+00:00\" \/>\n<meta name=\"author\" content=\"Canal Dana\" \/>\n<meta name=\"twitter:card\" content=\"summary_large_image\" \/>\n<meta name=\"twitter:label1\" content=\"Escrito por\" \/>\n\t<meta name=\"twitter:data1\" content=\"Canal Dana\" \/>\n\t<meta name=\"twitter:label2\" content=\"Est. tempo de leitura\" \/>\n\t<meta name=\"twitter:data2\" content=\"4 minutos\" \/>\n<script type=\"application\/ld+json\" class=\"yoast-schema-graph\">{\"@context\":\"https:\\\/\\\/schema.org\",\"@graph\":[{\"@type\":\"Article\",\"@id\":\"https:\\\/\\\/dana.com.br\\\/canaldana\\\/2020\\\/08\\\/19\\\/volkswagen-inicia-montagem-de-caminhao-eletrico-em-resende\\\/#article\",\"isPartOf\":{\"@id\":\"https:\\\/\\\/dana.com.br\\\/canaldana\\\/2020\\\/08\\\/19\\\/volkswagen-inicia-montagem-de-caminhao-eletrico-em-resende\\\/\"},\"author\":{\"name\":\"Canal Dana\",\"@id\":\"https:\\\/\\\/dana.com.br\\\/canaldana\\\/#\\\/schema\\\/person\\\/3c21f22f56fcf3bc46b94bc60ea4fef6\"},\"headline\":\"Volkswagen inicia montagem de caminh\u00e3o el\u00e9trico em Resende\",\"datePublished\":\"2020-08-19T11:46:57+00:00\",\"mainEntityOfPage\":{\"@id\":\"https:\\\/\\\/dana.com.br\\\/canaldana\\\/2020\\\/08\\\/19\\\/volkswagen-inicia-montagem-de-caminhao-eletrico-em-resende\\\/\"},\"wordCount\":805,\"articleSection\":[\"Destaques\"],\"inLanguage\":\"pt-BR\"},{\"@type\":\"WebPage\",\"@id\":\"https:\\\/\\\/dana.com.br\\\/canaldana\\\/2020\\\/08\\\/19\\\/volkswagen-inicia-montagem-de-caminhao-eletrico-em-resende\\\/\",\"url\":\"https:\\\/\\\/dana.com.br\\\/canaldana\\\/2020\\\/08\\\/19\\\/volkswagen-inicia-montagem-de-caminhao-eletrico-em-resende\\\/\",\"name\":\"Volkswagen inicia montagem de caminh\u00e3o el\u00e9trico em Resende - Canal Dana\",\"isPartOf\":{\"@id\":\"https:\\\/\\\/dana.com.br\\\/canaldana\\\/#website\"},\"datePublished\":\"2020-08-19T11:46:57+00:00\",\"author\":{\"@id\":\"https:\\\/\\\/dana.com.br\\\/canaldana\\\/#\\\/schema\\\/person\\\/3c21f22f56fcf3bc46b94bc60ea4fef6\"},\"breadcrumb\":{\"@id\":\"https:\\\/\\\/dana.com.br\\\/canaldana\\\/2020\\\/08\\\/19\\\/volkswagen-inicia-montagem-de-caminhao-eletrico-em-resende\\\/#breadcrumb\"},\"inLanguage\":\"pt-BR\",\"potentialAction\":[{\"@type\":\"ReadAction\",\"target\":[\"https:\\\/\\\/dana.com.br\\\/canaldana\\\/2020\\\/08\\\/19\\\/volkswagen-inicia-montagem-de-caminhao-eletrico-em-resende\\\/\"]}]},{\"@type\":\"BreadcrumbList\",\"@id\":\"https:\\\/\\\/dana.com.br\\\/canaldana\\\/2020\\\/08\\\/19\\\/volkswagen-inicia-montagem-de-caminhao-eletrico-em-resende\\\/#breadcrumb\",\"itemListElement\":[{\"@type\":\"ListItem\",\"position\":1,\"name\":\"Home\",\"item\":\"https:\\\/\\\/dana.com.br\\\/canaldana\\\/\"},{\"@type\":\"ListItem\",\"position\":2,\"name\":\"Destaques\",\"item\":\"https:\\\/\\\/dana.com.br\\\/canaldana\\\/destaques\\\/\"},{\"@type\":\"ListItem\",\"position\":3,\"name\":\"Volkswagen inicia montagem de caminh\u00e3o el\u00e9trico em Resende\"}]},{\"@type\":\"WebSite\",\"@id\":\"https:\\\/\\\/dana.com.br\\\/canaldana\\\/#website\",\"url\":\"https:\\\/\\\/dana.com.br\\\/canaldana\\\/\",\"name\":\"Canal Dana\",\"description\":\"Informativo com as principais not\u00edcias da ind\u00fastria automotiva\",\"potentialAction\":[{\"@type\":\"SearchAction\",\"target\":{\"@type\":\"EntryPoint\",\"urlTemplate\":\"https:\\\/\\\/dana.com.br\\\/canaldana\\\/?s={search_term_string}\"},\"query-input\":{\"@type\":\"PropertyValueSpecification\",\"valueRequired\":true,\"valueName\":\"search_term_string\"}}],\"inLanguage\":\"pt-BR\"},{\"@type\":\"Person\",\"@id\":\"https:\\\/\\\/dana.com.br\\\/canaldana\\\/#\\\/schema\\\/person\\\/3c21f22f56fcf3bc46b94bc60ea4fef6\",\"name\":\"Canal Dana\",\"image\":{\"@type\":\"ImageObject\",\"inLanguage\":\"pt-BR\",\"@id\":\"https:\\\/\\\/secure.gravatar.com\\\/avatar\\\/420aaf9278582877d9018637c6817617705899d2858d7572ef0fe59a6b6454b4?s=96&d=mm&r=g\",\"url\":\"https:\\\/\\\/secure.gravatar.com\\\/avatar\\\/420aaf9278582877d9018637c6817617705899d2858d7572ef0fe59a6b6454b4?s=96&d=mm&r=g\",\"contentUrl\":\"https:\\\/\\\/secure.gravatar.com\\\/avatar\\\/420aaf9278582877d9018637c6817617705899d2858d7572ef0fe59a6b6454b4?s=96&d=mm&r=g\",\"caption\":\"Canal Dana\"},\"url\":\"https:\\\/\\\/dana.com.br\\\/canaldana\\\/author\\\/cdeditor\\\/\"}]}<\/script>\n<!-- \/ Yoast SEO plugin. -->","yoast_head_json":{"title":"Volkswagen inicia montagem de caminh\u00e3o el\u00e9trico em Resende - Canal Dana","robots":{"index":"index","follow":"follow","max-snippet":"max-snippet:-1","max-image-preview":"max-image-preview:large","max-video-preview":"max-video-preview:-1"},"canonical":"https:\/\/dana.com.br\/canaldana\/2020\/08\/19\/volkswagen-inicia-montagem-de-caminhao-eletrico-em-resende\/","og_locale":"pt_BR","og_type":"article","og_title":"Volkswagen inicia montagem de caminh\u00e3o el\u00e9trico em Resende - Canal Dana","og_description":"A Voz da Cidade &nbsp; A Volkswagen Caminh\u00f5es e \u00d4nibus (VWCO) inicia a produ\u00e7\u00e3o de seus primeiros caminh\u00f5es el\u00e9tricos e-Delivery em sua f\u00e1brica-laborat\u00f3rio, instalada no complexo produtivo localizado em Resende. A \u00e1rea, chamada Planta Piloto, \u00e9 respons\u00e1vel pela defini\u00e7\u00e3o e confirma\u00e7\u00e3o do processo produtivo e treinamento dos processos. Por meio desse mapeamento est\u00e1 sendo realizada\u2026 Leia mais \u00bb","og_url":"https:\/\/dana.com.br\/canaldana\/2020\/08\/19\/volkswagen-inicia-montagem-de-caminhao-eletrico-em-resende\/","og_site_name":"Canal Dana","article_published_time":"2020-08-19T11:46:57+00:00","author":"Canal Dana","twitter_card":"summary_large_image","twitter_misc":{"Escrito por":"Canal Dana","Est. tempo de leitura":"4 minutos"},"schema":{"@context":"https:\/\/schema.org","@graph":[{"@type":"Article","@id":"https:\/\/dana.com.br\/canaldana\/2020\/08\/19\/volkswagen-inicia-montagem-de-caminhao-eletrico-em-resende\/#article","isPartOf":{"@id":"https:\/\/dana.com.br\/canaldana\/2020\/08\/19\/volkswagen-inicia-montagem-de-caminhao-eletrico-em-resende\/"},"author":{"name":"Canal Dana","@id":"https:\/\/dana.com.br\/canaldana\/#\/schema\/person\/3c21f22f56fcf3bc46b94bc60ea4fef6"},"headline":"Volkswagen inicia montagem de caminh\u00e3o el\u00e9trico em Resende","datePublished":"2020-08-19T11:46:57+00:00","mainEntityOfPage":{"@id":"https:\/\/dana.com.br\/canaldana\/2020\/08\/19\/volkswagen-inicia-montagem-de-caminhao-eletrico-em-resende\/"},"wordCount":805,"articleSection":["Destaques"],"inLanguage":"pt-BR"},{"@type":"WebPage","@id":"https:\/\/dana.com.br\/canaldana\/2020\/08\/19\/volkswagen-inicia-montagem-de-caminhao-eletrico-em-resende\/","url":"https:\/\/dana.com.br\/canaldana\/2020\/08\/19\/volkswagen-inicia-montagem-de-caminhao-eletrico-em-resende\/","name":"Volkswagen inicia montagem de caminh\u00e3o el\u00e9trico em Resende - Canal Dana","isPartOf":{"@id":"https:\/\/dana.com.br\/canaldana\/#website"},"datePublished":"2020-08-19T11:46:57+00:00","author":{"@id":"https:\/\/dana.com.br\/canaldana\/#\/schema\/person\/3c21f22f56fcf3bc46b94bc60ea4fef6"},"breadcrumb":{"@id":"https:\/\/dana.com.br\/canaldana\/2020\/08\/19\/volkswagen-inicia-montagem-de-caminhao-eletrico-em-resende\/#breadcrumb"},"inLanguage":"pt-BR","potentialAction":[{"@type":"ReadAction","target":["https:\/\/dana.com.br\/canaldana\/2020\/08\/19\/volkswagen-inicia-montagem-de-caminhao-eletrico-em-resende\/"]}]},{"@type":"BreadcrumbList","@id":"https:\/\/dana.com.br\/canaldana\/2020\/08\/19\/volkswagen-inicia-montagem-de-caminhao-eletrico-em-resende\/#breadcrumb","itemListElement":[{"@type":"ListItem","position":1,"name":"Home","item":"https:\/\/dana.com.br\/canaldana\/"},{"@type":"ListItem","position":2,"name":"Destaques","item":"https:\/\/dana.com.br\/canaldana\/destaques\/"},{"@type":"ListItem","position":3,"name":"Volkswagen inicia montagem de caminh\u00e3o el\u00e9trico em Resende"}]},{"@type":"WebSite","@id":"https:\/\/dana.com.br\/canaldana\/#website","url":"https:\/\/dana.com.br\/canaldana\/","name":"Canal Dana","description":"Informativo com as principais not\u00edcias da ind\u00fastria automotiva","potentialAction":[{"@type":"SearchAction","target":{"@type":"EntryPoint","urlTemplate":"https:\/\/dana.com.br\/canaldana\/?s={search_term_string}"},"query-input":{"@type":"PropertyValueSpecification","valueRequired":true,"valueName":"search_term_string"}}],"inLanguage":"pt-BR"},{"@type":"Person","@id":"https:\/\/dana.com.br\/canaldana\/#\/schema\/person\/3c21f22f56fcf3bc46b94bc60ea4fef6","name":"Canal Dana","image":{"@type":"ImageObject","inLanguage":"pt-BR","@id":"https:\/\/secure.gravatar.com\/avatar\/420aaf9278582877d9018637c6817617705899d2858d7572ef0fe59a6b6454b4?s=96&d=mm&r=g","url":"https:\/\/secure.gravatar.com\/avatar\/420aaf9278582877d9018637c6817617705899d2858d7572ef0fe59a6b6454b4?s=96&d=mm&r=g","contentUrl":"https:\/\/secure.gravatar.com\/avatar\/420aaf9278582877d9018637c6817617705899d2858d7572ef0fe59a6b6454b4?s=96&d=mm&r=g","caption":"Canal Dana"},"url":"https:\/\/dana.com.br\/canaldana\/author\/cdeditor\/"}]}},"_links":{"self":[{"href":"https:\/\/dana.com.br\/canaldana\/wp-json\/wp\/v2\/posts\/44286","targetHints":{"allow":["GET"]}}],"collection":[{"href":"https:\/\/dana.com.br\/canaldana\/wp-json\/wp\/v2\/posts"}],"about":[{"href":"https:\/\/dana.com.br\/canaldana\/wp-json\/wp\/v2\/types\/post"}],"author":[{"embeddable":true,"href":"https:\/\/dana.com.br\/canaldana\/wp-json\/wp\/v2\/users\/3"}],"replies":[{"embeddable":true,"href":"https:\/\/dana.com.br\/canaldana\/wp-json\/wp\/v2\/comments?post=44286"}],"version-history":[{"count":0,"href":"https:\/\/dana.com.br\/canaldana\/wp-json\/wp\/v2\/posts\/44286\/revisions"}],"wp:attachment":[{"href":"https:\/\/dana.com.br\/canaldana\/wp-json\/wp\/v2\/media?parent=44286"}],"wp:term":[{"taxonomy":"category","embeddable":true,"href":"https:\/\/dana.com.br\/canaldana\/wp-json\/wp\/v2\/categories?post=44286"},{"taxonomy":"post_tag","embeddable":true,"href":"https:\/\/dana.com.br\/canaldana\/wp-json\/wp\/v2\/tags?post=44286"}],"curies":[{"name":"wp","href":"https:\/\/api.w.org\/{rel}","templated":true}]}}