{"id":44211,"date":"2020-08-17T09:21:39","date_gmt":"2020-08-17T12:21:39","guid":{"rendered":"https:\/\/dana.com.br\/canaldana\/?p=44211"},"modified":"2020-08-17T09:21:39","modified_gmt":"2020-08-17T12:21:39","slug":"volvo-brasil-exporta-50-caminhoes-para-europa-por-causa-da-pandemia","status":"publish","type":"post","link":"https:\/\/dana.com.br\/canaldana\/2020\/08\/17\/volvo-brasil-exporta-50-caminhoes-para-europa-por-causa-da-pandemia\/","title":{"rendered":"Volvo Brasil exporta 50 caminh\u00f5es para Europa por causa da pandemia"},"content":{"rendered":"<p><em>Frota &amp; Cia <\/em><\/p>\n<p>&nbsp;<\/p>\n<p>Em fun\u00e7\u00e3o da paralisa\u00e7\u00e3o tempor\u00e1ria de produ\u00e7\u00e3o na Su\u00e9cia em mar\u00e7o, no in\u00edcio da pandemia Covid19, a f\u00e1brica brasileira de equipamentos de constru\u00e7\u00e3o da Volvo ficou respons\u00e1vel por complementar as entregas de caminh\u00f5es articulados modelo A30G para o continente Europeu em 2020. Dessa forma, as primeiras unidades j\u00e1 est\u00e3o sendo embarcadas no porto de Santos (SP) e as entregas seguem at\u00e9 setembro.<\/p>\n<p>&nbsp;<\/p>\n<p>A unidade da Volvo em Pederneiras (SP) foi acionada para suprir a demanda de mercados fora de sua regi\u00e3o de fornecimento habitual. Assim, a Volvo Construction Equipment optou pela fabrica\u00e7\u00e3o de 50 caminh\u00f5es articulados no Brasil, diante da impossibilidade tempor\u00e1ria de produzir essas unidades em sua matriz na Su\u00e9cia.<\/p>\n<p>&nbsp;<\/p>\n<p>\u201cSomos reconhecidos por nossa flexibilidade industrial e alta qualidade. Por isso, estamos totalmente preparados para atender \u00e0s necessidades de qualquer mercado Volvo no mundo\u201d, afirma Wladimir Garcia, vice-presidente de opera\u00e7\u00f5es industriais da Volvo CE na Am\u00e9rica Latina.<\/p>\n<p>&nbsp;<\/p>\n<p>Dessa forma, as unidades do A30G brasileiro seguir\u00e3o para a Noruega, Inglaterra, Pol\u00f4nia, Alemanha, B\u00e9lgica, Fran\u00e7a e tamb\u00e9m Israel, no oriente m\u00e9dio. \u201cDevido ao alto valor agregado deste tipo de m\u00e1quina, esse volume de 50 caminh\u00f5es articulados \u00e9 bastante expressivo\u201d, argumenta Massami Murakami, diretor de planejamento estrat\u00e9gico da Volvo CE na Am\u00e9rica Latina. Al\u00e9m desse lote para a Europa, os articulados fabricados no Brasil s\u00e3o exportados para os Estados Unidos, Canad\u00e1, \u00c1frica do Sul, Oceania, para diversos pa\u00edses da Am\u00e9rica Latina e tamb\u00e9m distribu\u00eddos no pr\u00f3prio mercado brasileiro. (Frota &amp; Cia\/Andr\u00e9 Garcia)<\/p>\n","protected":false},"excerpt":{"rendered":"<p>Frota &amp; Cia &nbsp; Em fun\u00e7\u00e3o da paralisa\u00e7\u00e3o tempor\u00e1ria de produ\u00e7\u00e3o na Su\u00e9cia em mar\u00e7o, no in\u00edcio da pandemia Covid19, a f\u00e1brica brasileira de equipamentos de constru\u00e7\u00e3o da Volvo ficou respons\u00e1vel por complementar as entregas de caminh\u00f5es articulados modelo A30G para o continente Europeu em 2020. Dessa forma, as primeiras unidades j\u00e1 est\u00e3o sendo embarcadas\u2026 <a class=\"readmore\" href=\"https:\/\/dana.com.br\/canaldana\/2020\/08\/17\/volvo-brasil-exporta-50-caminhoes-para-europa-por-causa-da-pandemia\/\">Leia mais \u00bb<\/a><\/p>\n","protected":false},"author":3,"featured_media":0,"comment_status":"closed","ping_status":"closed","sticky":false,"template":"","format":"standard","meta":{"_acf_changed":false,"footnotes":""},"categories":[61],"tags":[],"class_list":["post-44211","post","type-post","status-publish","format-standard","hentry","category-destaques"],"acf":[],"yoast_head":"<!-- This site is optimized with the Yoast SEO plugin v27.3 - https:\/\/yoast.com\/product\/yoast-seo-wordpress\/ -->\n<title>Volvo Brasil exporta 50 caminh\u00f5es para Europa por causa da pandemia - Canal Dana<\/title>\n<meta name=\"robots\" content=\"index, follow, max-snippet:-1, max-image-preview:large, max-video-preview:-1\" \/>\n<link rel=\"canonical\" href=\"https:\/\/dana.com.br\/canaldana\/2020\/08\/17\/volvo-brasil-exporta-50-caminhoes-para-europa-por-causa-da-pandemia\/\" \/>\n<meta property=\"og:locale\" content=\"pt_BR\" \/>\n<meta property=\"og:type\" content=\"article\" \/>\n<meta property=\"og:title\" content=\"Volvo Brasil exporta 50 caminh\u00f5es para Europa por causa da pandemia - Canal Dana\" \/>\n<meta property=\"og:description\" content=\"Frota &amp; Cia &nbsp; Em fun\u00e7\u00e3o da paralisa\u00e7\u00e3o tempor\u00e1ria de produ\u00e7\u00e3o na Su\u00e9cia em mar\u00e7o, no in\u00edcio da pandemia Covid19, a f\u00e1brica brasileira de equipamentos de constru\u00e7\u00e3o da Volvo ficou respons\u00e1vel por complementar as entregas de caminh\u00f5es articulados modelo A30G para o continente Europeu em 2020. Dessa forma, as primeiras unidades j\u00e1 est\u00e3o sendo embarcadas\u2026 Leia mais \u00bb\" \/>\n<meta property=\"og:url\" content=\"https:\/\/dana.com.br\/canaldana\/2020\/08\/17\/volvo-brasil-exporta-50-caminhoes-para-europa-por-causa-da-pandemia\/\" \/>\n<meta property=\"og:site_name\" content=\"Canal Dana\" \/>\n<meta property=\"article:published_time\" content=\"2020-08-17T12:21:39+00:00\" \/>\n<meta name=\"author\" content=\"Canal Dana\" \/>\n<meta name=\"twitter:card\" content=\"summary_large_image\" \/>\n<meta name=\"twitter:label1\" content=\"Escrito por\" \/>\n\t<meta name=\"twitter:data1\" content=\"Canal Dana\" \/>\n\t<meta name=\"twitter:label2\" content=\"Est. tempo de leitura\" \/>\n\t<meta name=\"twitter:data2\" content=\"1 minuto\" \/>\n<script type=\"application\/ld+json\" class=\"yoast-schema-graph\">{\"@context\":\"https:\\\/\\\/schema.org\",\"@graph\":[{\"@type\":\"Article\",\"@id\":\"https:\\\/\\\/dana.com.br\\\/canaldana\\\/2020\\\/08\\\/17\\\/volvo-brasil-exporta-50-caminhoes-para-europa-por-causa-da-pandemia\\\/#article\",\"isPartOf\":{\"@id\":\"https:\\\/\\\/dana.com.br\\\/canaldana\\\/2020\\\/08\\\/17\\\/volvo-brasil-exporta-50-caminhoes-para-europa-por-causa-da-pandemia\\\/\"},\"author\":{\"name\":\"Canal Dana\",\"@id\":\"https:\\\/\\\/dana.com.br\\\/canaldana\\\/#\\\/schema\\\/person\\\/3c21f22f56fcf3bc46b94bc60ea4fef6\"},\"headline\":\"Volvo Brasil exporta 50 caminh\u00f5es para Europa por causa da pandemia\",\"datePublished\":\"2020-08-17T12:21:39+00:00\",\"mainEntityOfPage\":{\"@id\":\"https:\\\/\\\/dana.com.br\\\/canaldana\\\/2020\\\/08\\\/17\\\/volvo-brasil-exporta-50-caminhoes-para-europa-por-causa-da-pandemia\\\/\"},\"wordCount\":293,\"articleSection\":[\"Destaques\"],\"inLanguage\":\"pt-BR\"},{\"@type\":\"WebPage\",\"@id\":\"https:\\\/\\\/dana.com.br\\\/canaldana\\\/2020\\\/08\\\/17\\\/volvo-brasil-exporta-50-caminhoes-para-europa-por-causa-da-pandemia\\\/\",\"url\":\"https:\\\/\\\/dana.com.br\\\/canaldana\\\/2020\\\/08\\\/17\\\/volvo-brasil-exporta-50-caminhoes-para-europa-por-causa-da-pandemia\\\/\",\"name\":\"Volvo Brasil exporta 50 caminh\u00f5es para Europa por causa da pandemia - Canal Dana\",\"isPartOf\":{\"@id\":\"https:\\\/\\\/dana.com.br\\\/canaldana\\\/#website\"},\"datePublished\":\"2020-08-17T12:21:39+00:00\",\"author\":{\"@id\":\"https:\\\/\\\/dana.com.br\\\/canaldana\\\/#\\\/schema\\\/person\\\/3c21f22f56fcf3bc46b94bc60ea4fef6\"},\"breadcrumb\":{\"@id\":\"https:\\\/\\\/dana.com.br\\\/canaldana\\\/2020\\\/08\\\/17\\\/volvo-brasil-exporta-50-caminhoes-para-europa-por-causa-da-pandemia\\\/#breadcrumb\"},\"inLanguage\":\"pt-BR\",\"potentialAction\":[{\"@type\":\"ReadAction\",\"target\":[\"https:\\\/\\\/dana.com.br\\\/canaldana\\\/2020\\\/08\\\/17\\\/volvo-brasil-exporta-50-caminhoes-para-europa-por-causa-da-pandemia\\\/\"]}]},{\"@type\":\"BreadcrumbList\",\"@id\":\"https:\\\/\\\/dana.com.br\\\/canaldana\\\/2020\\\/08\\\/17\\\/volvo-brasil-exporta-50-caminhoes-para-europa-por-causa-da-pandemia\\\/#breadcrumb\",\"itemListElement\":[{\"@type\":\"ListItem\",\"position\":1,\"name\":\"Home\",\"item\":\"https:\\\/\\\/dana.com.br\\\/canaldana\\\/\"},{\"@type\":\"ListItem\",\"position\":2,\"name\":\"Destaques\",\"item\":\"https:\\\/\\\/dana.com.br\\\/canaldana\\\/destaques\\\/\"},{\"@type\":\"ListItem\",\"position\":3,\"name\":\"Volvo Brasil exporta 50 caminh\u00f5es para Europa por causa da pandemia\"}]},{\"@type\":\"WebSite\",\"@id\":\"https:\\\/\\\/dana.com.br\\\/canaldana\\\/#website\",\"url\":\"https:\\\/\\\/dana.com.br\\\/canaldana\\\/\",\"name\":\"Canal Dana\",\"description\":\"Informativo com as principais not\u00edcias da ind\u00fastria automotiva\",\"potentialAction\":[{\"@type\":\"SearchAction\",\"target\":{\"@type\":\"EntryPoint\",\"urlTemplate\":\"https:\\\/\\\/dana.com.br\\\/canaldana\\\/?s={search_term_string}\"},\"query-input\":{\"@type\":\"PropertyValueSpecification\",\"valueRequired\":true,\"valueName\":\"search_term_string\"}}],\"inLanguage\":\"pt-BR\"},{\"@type\":\"Person\",\"@id\":\"https:\\\/\\\/dana.com.br\\\/canaldana\\\/#\\\/schema\\\/person\\\/3c21f22f56fcf3bc46b94bc60ea4fef6\",\"name\":\"Canal Dana\",\"image\":{\"@type\":\"ImageObject\",\"inLanguage\":\"pt-BR\",\"@id\":\"https:\\\/\\\/secure.gravatar.com\\\/avatar\\\/420aaf9278582877d9018637c6817617705899d2858d7572ef0fe59a6b6454b4?s=96&d=mm&r=g\",\"url\":\"https:\\\/\\\/secure.gravatar.com\\\/avatar\\\/420aaf9278582877d9018637c6817617705899d2858d7572ef0fe59a6b6454b4?s=96&d=mm&r=g\",\"contentUrl\":\"https:\\\/\\\/secure.gravatar.com\\\/avatar\\\/420aaf9278582877d9018637c6817617705899d2858d7572ef0fe59a6b6454b4?s=96&d=mm&r=g\",\"caption\":\"Canal Dana\"},\"url\":\"https:\\\/\\\/dana.com.br\\\/canaldana\\\/author\\\/cdeditor\\\/\"}]}<\/script>\n<!-- \/ Yoast SEO plugin. -->","yoast_head_json":{"title":"Volvo Brasil exporta 50 caminh\u00f5es para Europa por causa da pandemia - Canal Dana","robots":{"index":"index","follow":"follow","max-snippet":"max-snippet:-1","max-image-preview":"max-image-preview:large","max-video-preview":"max-video-preview:-1"},"canonical":"https:\/\/dana.com.br\/canaldana\/2020\/08\/17\/volvo-brasil-exporta-50-caminhoes-para-europa-por-causa-da-pandemia\/","og_locale":"pt_BR","og_type":"article","og_title":"Volvo Brasil exporta 50 caminh\u00f5es para Europa por causa da pandemia - Canal Dana","og_description":"Frota &amp; Cia &nbsp; Em fun\u00e7\u00e3o da paralisa\u00e7\u00e3o tempor\u00e1ria de produ\u00e7\u00e3o na Su\u00e9cia em mar\u00e7o, no in\u00edcio da pandemia Covid19, a f\u00e1brica brasileira de equipamentos de constru\u00e7\u00e3o da Volvo ficou respons\u00e1vel por complementar as entregas de caminh\u00f5es articulados modelo A30G para o continente Europeu em 2020. Dessa forma, as primeiras unidades j\u00e1 est\u00e3o sendo embarcadas\u2026 Leia mais \u00bb","og_url":"https:\/\/dana.com.br\/canaldana\/2020\/08\/17\/volvo-brasil-exporta-50-caminhoes-para-europa-por-causa-da-pandemia\/","og_site_name":"Canal Dana","article_published_time":"2020-08-17T12:21:39+00:00","author":"Canal Dana","twitter_card":"summary_large_image","twitter_misc":{"Escrito por":"Canal Dana","Est. tempo de leitura":"1 minuto"},"schema":{"@context":"https:\/\/schema.org","@graph":[{"@type":"Article","@id":"https:\/\/dana.com.br\/canaldana\/2020\/08\/17\/volvo-brasil-exporta-50-caminhoes-para-europa-por-causa-da-pandemia\/#article","isPartOf":{"@id":"https:\/\/dana.com.br\/canaldana\/2020\/08\/17\/volvo-brasil-exporta-50-caminhoes-para-europa-por-causa-da-pandemia\/"},"author":{"name":"Canal Dana","@id":"https:\/\/dana.com.br\/canaldana\/#\/schema\/person\/3c21f22f56fcf3bc46b94bc60ea4fef6"},"headline":"Volvo Brasil exporta 50 caminh\u00f5es para Europa por causa da pandemia","datePublished":"2020-08-17T12:21:39+00:00","mainEntityOfPage":{"@id":"https:\/\/dana.com.br\/canaldana\/2020\/08\/17\/volvo-brasil-exporta-50-caminhoes-para-europa-por-causa-da-pandemia\/"},"wordCount":293,"articleSection":["Destaques"],"inLanguage":"pt-BR"},{"@type":"WebPage","@id":"https:\/\/dana.com.br\/canaldana\/2020\/08\/17\/volvo-brasil-exporta-50-caminhoes-para-europa-por-causa-da-pandemia\/","url":"https:\/\/dana.com.br\/canaldana\/2020\/08\/17\/volvo-brasil-exporta-50-caminhoes-para-europa-por-causa-da-pandemia\/","name":"Volvo Brasil exporta 50 caminh\u00f5es para Europa por causa da pandemia - Canal Dana","isPartOf":{"@id":"https:\/\/dana.com.br\/canaldana\/#website"},"datePublished":"2020-08-17T12:21:39+00:00","author":{"@id":"https:\/\/dana.com.br\/canaldana\/#\/schema\/person\/3c21f22f56fcf3bc46b94bc60ea4fef6"},"breadcrumb":{"@id":"https:\/\/dana.com.br\/canaldana\/2020\/08\/17\/volvo-brasil-exporta-50-caminhoes-para-europa-por-causa-da-pandemia\/#breadcrumb"},"inLanguage":"pt-BR","potentialAction":[{"@type":"ReadAction","target":["https:\/\/dana.com.br\/canaldana\/2020\/08\/17\/volvo-brasil-exporta-50-caminhoes-para-europa-por-causa-da-pandemia\/"]}]},{"@type":"BreadcrumbList","@id":"https:\/\/dana.com.br\/canaldana\/2020\/08\/17\/volvo-brasil-exporta-50-caminhoes-para-europa-por-causa-da-pandemia\/#breadcrumb","itemListElement":[{"@type":"ListItem","position":1,"name":"Home","item":"https:\/\/dana.com.br\/canaldana\/"},{"@type":"ListItem","position":2,"name":"Destaques","item":"https:\/\/dana.com.br\/canaldana\/destaques\/"},{"@type":"ListItem","position":3,"name":"Volvo Brasil exporta 50 caminh\u00f5es para Europa por causa da pandemia"}]},{"@type":"WebSite","@id":"https:\/\/dana.com.br\/canaldana\/#website","url":"https:\/\/dana.com.br\/canaldana\/","name":"Canal Dana","description":"Informativo com as principais not\u00edcias da ind\u00fastria automotiva","potentialAction":[{"@type":"SearchAction","target":{"@type":"EntryPoint","urlTemplate":"https:\/\/dana.com.br\/canaldana\/?s={search_term_string}"},"query-input":{"@type":"PropertyValueSpecification","valueRequired":true,"valueName":"search_term_string"}}],"inLanguage":"pt-BR"},{"@type":"Person","@id":"https:\/\/dana.com.br\/canaldana\/#\/schema\/person\/3c21f22f56fcf3bc46b94bc60ea4fef6","name":"Canal Dana","image":{"@type":"ImageObject","inLanguage":"pt-BR","@id":"https:\/\/secure.gravatar.com\/avatar\/420aaf9278582877d9018637c6817617705899d2858d7572ef0fe59a6b6454b4?s=96&d=mm&r=g","url":"https:\/\/secure.gravatar.com\/avatar\/420aaf9278582877d9018637c6817617705899d2858d7572ef0fe59a6b6454b4?s=96&d=mm&r=g","contentUrl":"https:\/\/secure.gravatar.com\/avatar\/420aaf9278582877d9018637c6817617705899d2858d7572ef0fe59a6b6454b4?s=96&d=mm&r=g","caption":"Canal Dana"},"url":"https:\/\/dana.com.br\/canaldana\/author\/cdeditor\/"}]}},"_links":{"self":[{"href":"https:\/\/dana.com.br\/canaldana\/wp-json\/wp\/v2\/posts\/44211","targetHints":{"allow":["GET"]}}],"collection":[{"href":"https:\/\/dana.com.br\/canaldana\/wp-json\/wp\/v2\/posts"}],"about":[{"href":"https:\/\/dana.com.br\/canaldana\/wp-json\/wp\/v2\/types\/post"}],"author":[{"embeddable":true,"href":"https:\/\/dana.com.br\/canaldana\/wp-json\/wp\/v2\/users\/3"}],"replies":[{"embeddable":true,"href":"https:\/\/dana.com.br\/canaldana\/wp-json\/wp\/v2\/comments?post=44211"}],"version-history":[{"count":0,"href":"https:\/\/dana.com.br\/canaldana\/wp-json\/wp\/v2\/posts\/44211\/revisions"}],"wp:attachment":[{"href":"https:\/\/dana.com.br\/canaldana\/wp-json\/wp\/v2\/media?parent=44211"}],"wp:term":[{"taxonomy":"category","embeddable":true,"href":"https:\/\/dana.com.br\/canaldana\/wp-json\/wp\/v2\/categories?post=44211"},{"taxonomy":"post_tag","embeddable":true,"href":"https:\/\/dana.com.br\/canaldana\/wp-json\/wp\/v2\/tags?post=44211"}],"curies":[{"name":"wp","href":"https:\/\/api.w.org\/{rel}","templated":true}]}}