{"id":44209,"date":"2020-08-17T09:21:07","date_gmt":"2020-08-17T12:21:07","guid":{"rendered":"https:\/\/dana.com.br\/canaldana\/?p=44209"},"modified":"2020-08-17T09:21:07","modified_gmt":"2020-08-17T12:21:07","slug":"setor-de-maquinas-agricolas-ignora-crise","status":"publish","type":"post","link":"https:\/\/dana.com.br\/canaldana\/2020\/08\/17\/setor-de-maquinas-agricolas-ignora-crise\/","title":{"rendered":"Setor de m\u00e1quinas agr\u00edcolas ignora crise"},"content":{"rendered":"<p><em>Di\u00e1rio da Regi\u00e3o<\/em><\/p>\n<p>&nbsp;<\/p>\n<p>Com os resultados positivos da safra recorde de gr\u00e3os, como a da soja, e as exporta\u00e7\u00f5es que continuam mesmo em meio \u00e0 pandemia, o agroneg\u00f3cio brasileiro contabiliza investimentos. O setor de m\u00e1quinas e equipamentos agr\u00edcolas, por exemplo, segue aquecido em vendas e neg\u00f3cios de servi\u00e7os, segundo os revendedores.<\/p>\n<p>&nbsp;<\/p>\n<p>Apesar da Associa\u00e7\u00e3o Brasileira da Ind\u00fastria de M\u00e1quinas e Equipamentos (Abimaq) indicar uma queda de 10% nas vendas dos produtos no per\u00edodo de mar\u00e7o a julho &#8211; quando se implantaram as normas de quarentena no pa\u00eds -, em Rio Preto as empresas armam que o mercado tem apresentado at\u00e9 a falta de m\u00e1quinas, como tratores, para entregar ao produtor. &#8220;O mercado est\u00e1 aquecido e, dependendo do produto, n\u00f3s teremos disponibilidade para entregar ao cliente s\u00f3 no m\u00eas de outubro&#8221;, disse Osmair Guareschi, propriet\u00e1rio do Mercad\u00e3o dos Tratores.<\/p>\n<p>&nbsp;<\/p>\n<p>Guareschi explica que muitos fabricantes de m\u00e1quinas agr\u00edcolas, com a pandemia, diminu\u00edram o ritmo de trabalho, mas o ritmo aos poucos foi retomado. &#8220;Nos meses de mar\u00e7o e abril n\u00f3s sentimos que as vendas estavam mais paradas, mas a partir de junho, com as colheitas de v\u00e1rias culturas em expans\u00e3o, o mercado do setor reagiu bem&#8221;, pontua.<\/p>\n<p>&nbsp;<\/p>\n<p>Na an\u00e1lise de Guareschi, que tamb\u00e9m \u00e9 produtor rural e possui planta\u00e7\u00f5es de soja, cana-de-a\u00e7\u00facar e algod\u00e3o, as exporta\u00e7\u00f5es brasileiras cresceram muito tendo em vista que em pa\u00edses como China, Estados Unidos, Jap\u00e3o e R\u00fassia, a paralisa\u00e7\u00e3o do setor agr\u00edcola foi maior com a crise sanit\u00e1ria da Covid-19. Ele lembra que \u00e9 imposs\u00edvel ao produtor ficar sem m\u00e1quina agr\u00edcola para atender toda a demanda dessa produ\u00e7\u00e3o. &#8220;N\u00f3s at\u00e9 ficamos surpresos com o nosso faturamento, que se manteve est\u00e1vel. Aqui na loja s\u00f3 esperamos que as ind\u00fastrias possam retomar as atividades, e assim atenderemos com maior rapidez os produtores&#8221;, arma Guareschi.<\/p>\n<p>&nbsp;<\/p>\n<p>O gerente da Cooperativa de Produtores Rurais (Coopercitrus), de Rio Preto, Andr\u00e9 Volfe, avalia que o mercado de m\u00e1quinas agr\u00edcolas, nos \u00faltimos dois anos, sofreu com as instabilidades econ\u00f4mica e pol\u00edtica no Brasil, raz\u00e3o pela qual havia uma expectativa positiva para este ano, at\u00e9 antes da pandemia. &#8220;Se esperava muito de um ano de faturamento alto em 2020, mas com a pandemia, a preocupa\u00e7\u00e3o foi maior&#8221;, comenta Andr\u00e9.<\/p>\n<p>&nbsp;<\/p>\n<p>Mas, segundo o gerente, na regi\u00e3o de Rio Preto e dos munic\u00edpios do Noroeste Paulista, os agricultores mantiveram a n\u00e3o s\u00f3 a procura pelas m\u00e1quinas e equipamentos agr\u00edcolas, como tamb\u00e9m dos servi\u00e7os, das vendas de pe\u00e7as e de insumos comercializados pela Coopercitrus. &#8220;Com muitas planta\u00e7\u00f5es de cana-de-a\u00e7\u00facar na regi\u00e3o e com a mudan\u00e7a do Plano Safra, que proporciona financiamento para o produtor rural, as vendas nestes meses de pandemia foram mantidas.&#8221;<\/p>\n<p>&nbsp;<\/p>\n<p>Andr\u00e9 destaca ainda que a Coopercitrus &#8211; uma empresa de Bebedouro com 63 lojas nos estados de S\u00e3o Paulo, Goi\u00e1s e Minas Gerais &#8211; a realiza\u00e7\u00e3o, no m\u00eas passado, da feira de agroneg\u00f3cio &#8220;Coopercitrus Exp\u00f4 Digital&#8221;, que superou a expectativa de vendas de m\u00e1quinas e atingiu a marca de R$ 1,3 bilh\u00f5es em neg\u00f3cios fechados. &#8220;Foi a primeira feira virtual do mundo. Da sua casa e de modo virtual, o participante pode &#8216;caminhar&#8217; pelos estandes, realizando neg\u00f3cios&#8221;, conta.<\/p>\n<p>&nbsp;<\/p>\n<p>Na Itaet\u00e9 M\u00e1quinas de Rio Preto, o diretor Mauro De Stefani, diz que o setor sucroenerg\u00e9tico gerou maior apreens\u00e3o em raz\u00e3o dos impactos iniciais da crise gerada pela pandemia. &#8220;A preocupa\u00e7\u00e3o maior ocorreu no in\u00edcio da pandemia, principalmente devido \u00e0 queda no consumo de combust\u00edveis&#8221;, explica. Por\u00e9m, Mauro diz que agora o cen\u00e1rio j\u00e1 \u00e9 de normalidade, inclusive para o setor canavieiro, o que tamb\u00e9m resulta na estabilidade das vendas de m\u00e1quinas.<\/p>\n<p>&nbsp;<\/p>\n<p><strong>Demanda impulsiona<\/strong><\/p>\n<p>&nbsp;<\/p>\n<p>Para o consultor do Sebrae de Rio Preto Guilherme Nunes Tresso, embora o movimento no com\u00e9rcio tenha sido muito afetado com o isolamento social, a necessidade de atender \u00e0s demandas dos agricultores deve impedir uma redu\u00e7\u00e3o dr\u00e1stica de vendas do setor de m\u00e1quinas agr\u00edcolas no pa\u00eds, no decorrer do ano.<\/p>\n<p>&nbsp;<\/p>\n<p>Guilherme explica que existe a expectativa de uma redu\u00e7\u00e3o no volume de vendas, de acordo com entidades do setor, entre 5% e 10% com rela\u00e7\u00e3o ao ano anterior, &#8220;por\u00e9m essa baixa redu\u00e7\u00e3o se deve ao fato de que o setor apresentou um bom in\u00edcio de ano, superando as proje\u00e7\u00f5es de vendas, em especial at\u00e9 meados de maio&#8221;.<\/p>\n<p>&nbsp;<\/p>\n<p>Esse resultado decorreu do funcionamento normal das f\u00e1bricas at\u00e9 o m\u00eas de abril, o que garantiu o fornecimento ao produtor, de acordo com o consultor do Sebrae. &#8220;Soma-se a isso o fato de as vendas estarem aquecidas por conta do per\u00edodo de colheita, alavancadas pela safra recorde da soja e os bons pre\u00e7os previstos para o milho&#8221;, diz Guilherme, ao analisar ainda que embora o in\u00edcio do ano tenha sido positivo, os dados devem ser avaliados com cautela.<\/p>\n<p>&nbsp;<\/p>\n<p><strong>Compra exige investimento e planejamento<\/strong><\/p>\n<p>&nbsp;<\/p>\n<p>Os investimentos em m\u00e1quinas e equipamentos s\u00e3o estrat\u00e9gicos para o produtor e envolvem altos custos. H\u00e1 equipamentos que podem ultrapassar os R$ 2 milh\u00f5es. O agricultor Marcelo Jo\u00e3o Arruda diz que n\u00e3o foi a pandemia, durante a safra deste ano, que o impediu de investir em maquin\u00e1rio, mas o fato de n\u00e3o conseguir expandir a \u00e1rea plantada de soja.<\/p>\n<p>&nbsp;<\/p>\n<p>Em Santa Ad\u00e9lia, Marcelo plantou 200 hectares de soja e 200 hectares de amendoim. &#8220;Para investir em m\u00e1quinas, preciso de maior \u00e1rea para plantar os produtos, o que n\u00e3o foi poss\u00edvel ainda.&#8221;<\/p>\n<p>&nbsp;<\/p>\n<p>O ano agr\u00edcola para Marcelo foi muito bom, com as exporta\u00e7\u00f5es da soja e a alta do d\u00f3lar. Ele diz que a rentabilidade para o produtor, em 2020, superou todas as expectativas. &#8220;Deu tudo muito certo, o clima ajudou com as chuvas na hora que precis\u00e1vamos e os pre\u00e7os da soja tamb\u00e9m foram melhores que os das safras passadas.&#8221;<\/p>\n<p>&nbsp;<\/p>\n<p>O desafio para Marcelo e os produtores de uma forma geral \u00e9 o custo dos equipamentos. Uma das alternativas \u00e9 aloca\u00e7\u00e3o de maquin\u00e1rios. Para o produtor Andr\u00e9 Luis Seixas, uma boa sa\u00edda para se gastar menos e otimizar custos. &#8220;Uma vez por ano, num per\u00edodo de apenas um m\u00eas, utilizo m\u00e1quinas alugadas para fazer a colheita de soja&#8221;, arma.<\/p>\n<p>&nbsp;<\/p>\n<p>O custo do aluguel com a m\u00e1quina agr\u00edcola, segundo Andr\u00e9, chega a ser menor do que a parcela de um pagamento para a compra do equipamento novo. &#8220;\u00c9 preciso ponderar, pois alguns equipamentos precisamos adquirir, n\u00e3o tem como depender de terceiros&#8221;, diz Andr\u00e9.<\/p>\n<p>&nbsp;<\/p>\n<p><strong>Impacto<\/strong><\/p>\n<p>&nbsp;<\/p>\n<p>Conforme o diretor da Usina Vale, de Onda Verde, Paulo Ricardo Gomes J\u00fanior, o impacto econ\u00f4mico da pandemia influenciou nas decis\u00f5es de novos investimentos. A compra de m\u00e1quinas foi deixada de lado inicialmente, mas nos \u00faltimos dois meses, com a safra da cana-de-a\u00e7\u00facar ainda em produ\u00e7\u00e3o alimentada pela demanda de mercado por a\u00e7\u00facar, a usina voltou a investir em equipamentos. &#8220;Creio que o mercado de m\u00e1quinas est\u00e1 aquecido para quem est\u00e1 mais estruturado.&#8221;<\/p>\n<p>&nbsp;<\/p>\n<p>Segundo Paulo, a Usina Vale recorre \u00e0 terceiriza\u00e7\u00e3o, seja de m\u00e1quinas ou de funcion\u00e1rios, apenas em casos pontuais e sazonais. Em geral, a aquisi\u00e7\u00e3o estrat\u00e9gica de maquin\u00e1rio novo \u00e9 o mais usual. Ele considera que a safra de cana, que deve terminar no nal do m\u00eas de novembro, deve ser 3% maior que a safra anterior. &#8220;Mesmo com a falta de chuvas, enfrentando uma seca severa, e por conta da pandemia que diminuiu pre\u00e7os do etanol, ainda podemos considerar este ano satisfat\u00f3rio&#8221;, conclui Paulo. (Di\u00e1rio da Regi\u00e3o\/Cristina Cais)<\/p>\n","protected":false},"excerpt":{"rendered":"<p>Di\u00e1rio da Regi\u00e3o &nbsp; Com os resultados positivos da safra recorde de gr\u00e3os, como a da soja, e as exporta\u00e7\u00f5es que continuam mesmo em meio \u00e0 pandemia, o agroneg\u00f3cio brasileiro contabiliza investimentos. O setor de m\u00e1quinas e equipamentos agr\u00edcolas, por exemplo, segue aquecido em vendas e neg\u00f3cios de servi\u00e7os, segundo os revendedores. &nbsp; Apesar da\u2026 <a class=\"readmore\" href=\"https:\/\/dana.com.br\/canaldana\/2020\/08\/17\/setor-de-maquinas-agricolas-ignora-crise\/\">Leia mais \u00bb<\/a><\/p>\n","protected":false},"author":3,"featured_media":0,"comment_status":"closed","ping_status":"closed","sticky":false,"template":"","format":"standard","meta":{"_acf_changed":false,"footnotes":""},"categories":[79],"tags":[],"class_list":["post-44209","post","type-post","status-publish","format-standard","hentry","category-mercado"],"acf":[],"yoast_head":"<!-- This site is optimized with the Yoast SEO plugin v27.3 - https:\/\/yoast.com\/product\/yoast-seo-wordpress\/ -->\n<title>Setor de m\u00e1quinas agr\u00edcolas ignora crise - Canal Dana<\/title>\n<meta name=\"robots\" content=\"index, follow, max-snippet:-1, max-image-preview:large, max-video-preview:-1\" \/>\n<link rel=\"canonical\" href=\"https:\/\/dana.com.br\/canaldana\/2020\/08\/17\/setor-de-maquinas-agricolas-ignora-crise\/\" \/>\n<meta property=\"og:locale\" content=\"pt_BR\" \/>\n<meta property=\"og:type\" content=\"article\" \/>\n<meta property=\"og:title\" content=\"Setor de m\u00e1quinas agr\u00edcolas ignora crise - Canal Dana\" \/>\n<meta property=\"og:description\" content=\"Di\u00e1rio da Regi\u00e3o &nbsp; Com os resultados positivos da safra recorde de gr\u00e3os, como a da soja, e as exporta\u00e7\u00f5es que continuam mesmo em meio \u00e0 pandemia, o agroneg\u00f3cio brasileiro contabiliza investimentos. O setor de m\u00e1quinas e equipamentos agr\u00edcolas, por exemplo, segue aquecido em vendas e neg\u00f3cios de servi\u00e7os, segundo os revendedores. &nbsp; Apesar da\u2026 Leia mais \u00bb\" \/>\n<meta property=\"og:url\" content=\"https:\/\/dana.com.br\/canaldana\/2020\/08\/17\/setor-de-maquinas-agricolas-ignora-crise\/\" \/>\n<meta property=\"og:site_name\" content=\"Canal Dana\" \/>\n<meta property=\"article:published_time\" content=\"2020-08-17T12:21:07+00:00\" \/>\n<meta name=\"author\" content=\"Canal Dana\" \/>\n<meta name=\"twitter:card\" content=\"summary_large_image\" \/>\n<meta name=\"twitter:label1\" content=\"Escrito por\" \/>\n\t<meta name=\"twitter:data1\" content=\"Canal Dana\" \/>\n\t<meta name=\"twitter:label2\" content=\"Est. tempo de leitura\" \/>\n\t<meta name=\"twitter:data2\" content=\"7 minutos\" \/>\n<script type=\"application\/ld+json\" class=\"yoast-schema-graph\">{\"@context\":\"https:\\\/\\\/schema.org\",\"@graph\":[{\"@type\":\"Article\",\"@id\":\"https:\\\/\\\/dana.com.br\\\/canaldana\\\/2020\\\/08\\\/17\\\/setor-de-maquinas-agricolas-ignora-crise\\\/#article\",\"isPartOf\":{\"@id\":\"https:\\\/\\\/dana.com.br\\\/canaldana\\\/2020\\\/08\\\/17\\\/setor-de-maquinas-agricolas-ignora-crise\\\/\"},\"author\":{\"name\":\"Canal Dana\",\"@id\":\"https:\\\/\\\/dana.com.br\\\/canaldana\\\/#\\\/schema\\\/person\\\/3c21f22f56fcf3bc46b94bc60ea4fef6\"},\"headline\":\"Setor de m\u00e1quinas agr\u00edcolas ignora crise\",\"datePublished\":\"2020-08-17T12:21:07+00:00\",\"mainEntityOfPage\":{\"@id\":\"https:\\\/\\\/dana.com.br\\\/canaldana\\\/2020\\\/08\\\/17\\\/setor-de-maquinas-agricolas-ignora-crise\\\/\"},\"wordCount\":1346,\"articleSection\":[\"Mercado\"],\"inLanguage\":\"pt-BR\"},{\"@type\":\"WebPage\",\"@id\":\"https:\\\/\\\/dana.com.br\\\/canaldana\\\/2020\\\/08\\\/17\\\/setor-de-maquinas-agricolas-ignora-crise\\\/\",\"url\":\"https:\\\/\\\/dana.com.br\\\/canaldana\\\/2020\\\/08\\\/17\\\/setor-de-maquinas-agricolas-ignora-crise\\\/\",\"name\":\"Setor de m\u00e1quinas agr\u00edcolas ignora crise - Canal Dana\",\"isPartOf\":{\"@id\":\"https:\\\/\\\/dana.com.br\\\/canaldana\\\/#website\"},\"datePublished\":\"2020-08-17T12:21:07+00:00\",\"author\":{\"@id\":\"https:\\\/\\\/dana.com.br\\\/canaldana\\\/#\\\/schema\\\/person\\\/3c21f22f56fcf3bc46b94bc60ea4fef6\"},\"breadcrumb\":{\"@id\":\"https:\\\/\\\/dana.com.br\\\/canaldana\\\/2020\\\/08\\\/17\\\/setor-de-maquinas-agricolas-ignora-crise\\\/#breadcrumb\"},\"inLanguage\":\"pt-BR\",\"potentialAction\":[{\"@type\":\"ReadAction\",\"target\":[\"https:\\\/\\\/dana.com.br\\\/canaldana\\\/2020\\\/08\\\/17\\\/setor-de-maquinas-agricolas-ignora-crise\\\/\"]}]},{\"@type\":\"BreadcrumbList\",\"@id\":\"https:\\\/\\\/dana.com.br\\\/canaldana\\\/2020\\\/08\\\/17\\\/setor-de-maquinas-agricolas-ignora-crise\\\/#breadcrumb\",\"itemListElement\":[{\"@type\":\"ListItem\",\"position\":1,\"name\":\"Home\",\"item\":\"https:\\\/\\\/dana.com.br\\\/canaldana\\\/\"},{\"@type\":\"ListItem\",\"position\":2,\"name\":\"Mercado\",\"item\":\"https:\\\/\\\/dana.com.br\\\/canaldana\\\/mercado\\\/\"},{\"@type\":\"ListItem\",\"position\":3,\"name\":\"Setor de m\u00e1quinas agr\u00edcolas ignora crise\"}]},{\"@type\":\"WebSite\",\"@id\":\"https:\\\/\\\/dana.com.br\\\/canaldana\\\/#website\",\"url\":\"https:\\\/\\\/dana.com.br\\\/canaldana\\\/\",\"name\":\"Canal Dana\",\"description\":\"Informativo com as principais not\u00edcias da ind\u00fastria automotiva\",\"potentialAction\":[{\"@type\":\"SearchAction\",\"target\":{\"@type\":\"EntryPoint\",\"urlTemplate\":\"https:\\\/\\\/dana.com.br\\\/canaldana\\\/?s={search_term_string}\"},\"query-input\":{\"@type\":\"PropertyValueSpecification\",\"valueRequired\":true,\"valueName\":\"search_term_string\"}}],\"inLanguage\":\"pt-BR\"},{\"@type\":\"Person\",\"@id\":\"https:\\\/\\\/dana.com.br\\\/canaldana\\\/#\\\/schema\\\/person\\\/3c21f22f56fcf3bc46b94bc60ea4fef6\",\"name\":\"Canal Dana\",\"image\":{\"@type\":\"ImageObject\",\"inLanguage\":\"pt-BR\",\"@id\":\"https:\\\/\\\/secure.gravatar.com\\\/avatar\\\/420aaf9278582877d9018637c6817617705899d2858d7572ef0fe59a6b6454b4?s=96&d=mm&r=g\",\"url\":\"https:\\\/\\\/secure.gravatar.com\\\/avatar\\\/420aaf9278582877d9018637c6817617705899d2858d7572ef0fe59a6b6454b4?s=96&d=mm&r=g\",\"contentUrl\":\"https:\\\/\\\/secure.gravatar.com\\\/avatar\\\/420aaf9278582877d9018637c6817617705899d2858d7572ef0fe59a6b6454b4?s=96&d=mm&r=g\",\"caption\":\"Canal Dana\"},\"url\":\"https:\\\/\\\/dana.com.br\\\/canaldana\\\/author\\\/cdeditor\\\/\"}]}<\/script>\n<!-- \/ Yoast SEO plugin. -->","yoast_head_json":{"title":"Setor de m\u00e1quinas agr\u00edcolas ignora crise - Canal Dana","robots":{"index":"index","follow":"follow","max-snippet":"max-snippet:-1","max-image-preview":"max-image-preview:large","max-video-preview":"max-video-preview:-1"},"canonical":"https:\/\/dana.com.br\/canaldana\/2020\/08\/17\/setor-de-maquinas-agricolas-ignora-crise\/","og_locale":"pt_BR","og_type":"article","og_title":"Setor de m\u00e1quinas agr\u00edcolas ignora crise - Canal Dana","og_description":"Di\u00e1rio da Regi\u00e3o &nbsp; Com os resultados positivos da safra recorde de gr\u00e3os, como a da soja, e as exporta\u00e7\u00f5es que continuam mesmo em meio \u00e0 pandemia, o agroneg\u00f3cio brasileiro contabiliza investimentos. O setor de m\u00e1quinas e equipamentos agr\u00edcolas, por exemplo, segue aquecido em vendas e neg\u00f3cios de servi\u00e7os, segundo os revendedores. &nbsp; Apesar da\u2026 Leia mais \u00bb","og_url":"https:\/\/dana.com.br\/canaldana\/2020\/08\/17\/setor-de-maquinas-agricolas-ignora-crise\/","og_site_name":"Canal Dana","article_published_time":"2020-08-17T12:21:07+00:00","author":"Canal Dana","twitter_card":"summary_large_image","twitter_misc":{"Escrito por":"Canal Dana","Est. tempo de leitura":"7 minutos"},"schema":{"@context":"https:\/\/schema.org","@graph":[{"@type":"Article","@id":"https:\/\/dana.com.br\/canaldana\/2020\/08\/17\/setor-de-maquinas-agricolas-ignora-crise\/#article","isPartOf":{"@id":"https:\/\/dana.com.br\/canaldana\/2020\/08\/17\/setor-de-maquinas-agricolas-ignora-crise\/"},"author":{"name":"Canal Dana","@id":"https:\/\/dana.com.br\/canaldana\/#\/schema\/person\/3c21f22f56fcf3bc46b94bc60ea4fef6"},"headline":"Setor de m\u00e1quinas agr\u00edcolas ignora crise","datePublished":"2020-08-17T12:21:07+00:00","mainEntityOfPage":{"@id":"https:\/\/dana.com.br\/canaldana\/2020\/08\/17\/setor-de-maquinas-agricolas-ignora-crise\/"},"wordCount":1346,"articleSection":["Mercado"],"inLanguage":"pt-BR"},{"@type":"WebPage","@id":"https:\/\/dana.com.br\/canaldana\/2020\/08\/17\/setor-de-maquinas-agricolas-ignora-crise\/","url":"https:\/\/dana.com.br\/canaldana\/2020\/08\/17\/setor-de-maquinas-agricolas-ignora-crise\/","name":"Setor de m\u00e1quinas agr\u00edcolas ignora crise - Canal Dana","isPartOf":{"@id":"https:\/\/dana.com.br\/canaldana\/#website"},"datePublished":"2020-08-17T12:21:07+00:00","author":{"@id":"https:\/\/dana.com.br\/canaldana\/#\/schema\/person\/3c21f22f56fcf3bc46b94bc60ea4fef6"},"breadcrumb":{"@id":"https:\/\/dana.com.br\/canaldana\/2020\/08\/17\/setor-de-maquinas-agricolas-ignora-crise\/#breadcrumb"},"inLanguage":"pt-BR","potentialAction":[{"@type":"ReadAction","target":["https:\/\/dana.com.br\/canaldana\/2020\/08\/17\/setor-de-maquinas-agricolas-ignora-crise\/"]}]},{"@type":"BreadcrumbList","@id":"https:\/\/dana.com.br\/canaldana\/2020\/08\/17\/setor-de-maquinas-agricolas-ignora-crise\/#breadcrumb","itemListElement":[{"@type":"ListItem","position":1,"name":"Home","item":"https:\/\/dana.com.br\/canaldana\/"},{"@type":"ListItem","position":2,"name":"Mercado","item":"https:\/\/dana.com.br\/canaldana\/mercado\/"},{"@type":"ListItem","position":3,"name":"Setor de m\u00e1quinas agr\u00edcolas ignora crise"}]},{"@type":"WebSite","@id":"https:\/\/dana.com.br\/canaldana\/#website","url":"https:\/\/dana.com.br\/canaldana\/","name":"Canal Dana","description":"Informativo com as principais not\u00edcias da ind\u00fastria automotiva","potentialAction":[{"@type":"SearchAction","target":{"@type":"EntryPoint","urlTemplate":"https:\/\/dana.com.br\/canaldana\/?s={search_term_string}"},"query-input":{"@type":"PropertyValueSpecification","valueRequired":true,"valueName":"search_term_string"}}],"inLanguage":"pt-BR"},{"@type":"Person","@id":"https:\/\/dana.com.br\/canaldana\/#\/schema\/person\/3c21f22f56fcf3bc46b94bc60ea4fef6","name":"Canal Dana","image":{"@type":"ImageObject","inLanguage":"pt-BR","@id":"https:\/\/secure.gravatar.com\/avatar\/420aaf9278582877d9018637c6817617705899d2858d7572ef0fe59a6b6454b4?s=96&d=mm&r=g","url":"https:\/\/secure.gravatar.com\/avatar\/420aaf9278582877d9018637c6817617705899d2858d7572ef0fe59a6b6454b4?s=96&d=mm&r=g","contentUrl":"https:\/\/secure.gravatar.com\/avatar\/420aaf9278582877d9018637c6817617705899d2858d7572ef0fe59a6b6454b4?s=96&d=mm&r=g","caption":"Canal Dana"},"url":"https:\/\/dana.com.br\/canaldana\/author\/cdeditor\/"}]}},"_links":{"self":[{"href":"https:\/\/dana.com.br\/canaldana\/wp-json\/wp\/v2\/posts\/44209","targetHints":{"allow":["GET"]}}],"collection":[{"href":"https:\/\/dana.com.br\/canaldana\/wp-json\/wp\/v2\/posts"}],"about":[{"href":"https:\/\/dana.com.br\/canaldana\/wp-json\/wp\/v2\/types\/post"}],"author":[{"embeddable":true,"href":"https:\/\/dana.com.br\/canaldana\/wp-json\/wp\/v2\/users\/3"}],"replies":[{"embeddable":true,"href":"https:\/\/dana.com.br\/canaldana\/wp-json\/wp\/v2\/comments?post=44209"}],"version-history":[{"count":0,"href":"https:\/\/dana.com.br\/canaldana\/wp-json\/wp\/v2\/posts\/44209\/revisions"}],"wp:attachment":[{"href":"https:\/\/dana.com.br\/canaldana\/wp-json\/wp\/v2\/media?parent=44209"}],"wp:term":[{"taxonomy":"category","embeddable":true,"href":"https:\/\/dana.com.br\/canaldana\/wp-json\/wp\/v2\/categories?post=44209"},{"taxonomy":"post_tag","embeddable":true,"href":"https:\/\/dana.com.br\/canaldana\/wp-json\/wp\/v2\/tags?post=44209"}],"curies":[{"name":"wp","href":"https:\/\/api.w.org\/{rel}","templated":true}]}}