{"id":44207,"date":"2020-08-17T09:20:37","date_gmt":"2020-08-17T12:20:37","guid":{"rendered":"https:\/\/dana.com.br\/canaldana\/?p=44207"},"modified":"2020-08-17T09:20:37","modified_gmt":"2020-08-17T12:20:37","slug":"com-pandemia-importacao-cai-105-ate-julho","status":"publish","type":"post","link":"https:\/\/dana.com.br\/canaldana\/2020\/08\/17\/com-pandemia-importacao-cai-105-ate-julho\/","title":{"rendered":"Com pandemia, importa\u00e7\u00e3o cai 10,5% at\u00e9 julho"},"content":{"rendered":"<p><em>O Estado de S. Paulo <\/em><\/p>\n<p>&nbsp;<\/p>\n<p>Auxiliares do presidente Jair Bolsonaro na \u00e1rea de com\u00e9rcio exterior assumiram os cargos no in\u00edcio do ano passado repetindo o bord\u00e3o: \u201cimportar \u00e9 o que exporta\u201d. A frase era uma invers\u00e3o do t\u00edtulo de um programa da ditadura militar \u2013 \u201cExportar \u00e9 o que importa\u201d \u2013 que, a partir de 1967, incluiu o financiamento de exporta\u00e7\u00f5es e devolu\u00e7\u00e3o de impostos sobre as vendas ao exterior.<\/p>\n<p>&nbsp;<\/p>\n<p>Com o objetivo declarado de abrir a economia brasileira e reduzir tarifas de importa\u00e7\u00e3o, a ideia do atual governo \u00e9 que a compra de insumos e m\u00e1quinas do exterior aumentaria a produ\u00e7\u00e3o brasileira e, por consequ\u00eancia, as exporta\u00e7\u00f5es.<\/p>\n<p>&nbsp;<\/p>\n<p>A pandemia do coronav\u00edrus, por\u00e9m, derrubou um dos pilares do mantra. Se as vendas brasileiras conseguiram recuar menos de janeiro a julho (6,4%), sustentadas pelo agroneg\u00f3cio, as importa\u00e7\u00f5es chegaram a encolher 35,5% no m\u00eas de julho, acumulando uma queda de 10,5% nos sete primeiros meses do ano.<\/p>\n<p>&nbsp;<\/p>\n<p>Depois de um primeiro trimestre atipicamente forte, as compras do exterior come\u00e7aram a registrar quedas acima de dois d\u00edgitos a partir de abril. Considerado o per\u00edodo entre abril e julho, o total apresenta queda de 21% na compara\u00e7\u00e3o com o ano anterior. As importa\u00e7\u00f5es chegaram a US$ 46 bilh\u00f5es, n\u00edvel que, nos \u00faltimos dez anos, s\u00f3 foi alcan\u00e7ado em 2016.<\/p>\n<p>&nbsp;<\/p>\n<p><strong>Espelho<\/strong><\/p>\n<p>&nbsp;<\/p>\n<p>\u201cA importa\u00e7\u00e3o \u00e9 quase um espelho da produ\u00e7\u00e3o interna e da atividade. Se tem queda na atividade, tem queda na importa\u00e7\u00e3o\u201d, explica o gerente de Negocia\u00e7\u00f5es Internacionais da Confedera\u00e7\u00e3o Nacional da Ind\u00fastria (CNI), Fabrizio Panzini. \u201cEm abril, caiu 99% a produ\u00e7\u00e3o, teve uma queda de demanda imensa e voc\u00ea n\u00e3o pode continuar produzindo se a perspectiva n\u00e3o \u00e9 boa.\u201d<\/p>\n<p>&nbsp;<\/p>\n<p>Entre o produtos mais atingidos est\u00e3o petr\u00f3leo e derivados, pe\u00e7as e partes de ve\u00edculos e m\u00e1quinas e equipamentos. No caso do petr\u00f3leo, al\u00e9m da demanda interna ter diminu\u00eddo, o pre\u00e7o no mercado internacional tamb\u00e9m caiu, contribuindo para a redu\u00e7\u00e3o de 58,9% na importa\u00e7\u00e3o do produto bruto em julho e 71% em derivados manufaturados.<\/p>\n<p>&nbsp;<\/p>\n<p>\u201cOs primeiros meses da pandemia foram horr\u00edveis. A ind\u00fastria automobil\u00edstica, que \u00e9 muito forte no Brasil, ficou 70 dias com a atividade parada. Houve tamb\u00e9m redu\u00e7\u00e3o na linha branca. Isso prejudicou muito\u201d, diz o presidente da Associa\u00e7\u00e3o Brasileira dos Importadores de M\u00e1quinas e Equipamentos (Abimei), Paulo Castelo Branco.<\/p>\n<p>&nbsp;<\/p>\n<p>Ele afirma que a pandemia fez os importadores segurarem encomendas e acumularem estoques, que s\u00f3 n\u00e3o foram maiores porque, entre janeiro e abril, a China estava com a produ\u00e7\u00e3o parada e os brasileiros enfrentaram dificuldades em trazer maquin\u00e1rios e outros produtos.<\/p>\n<p>&nbsp;<\/p>\n<p>Foi o que aconteceu com o empres\u00e1rio Reinaldo Bonilha, diretor executivo do PR2 Group, que representa uma ind\u00fastria chinesa de m\u00e1quinas de corte de metal.<\/p>\n<p>&nbsp;<\/p>\n<p>\u201cNo fim de janeiro j\u00e1 tivemos um pr\u00e9-impacto do exterior, com a paralisa\u00e7\u00e3o da China. Em mar\u00e7o, quando eles voltaram, o Brasil parou. Todo mundo colocou o p\u00e9 no freio e a queda nas vendas foi praticamente de 95%, ainda mais com o d\u00f3lar em alta\u201d, conta.<\/p>\n<p>&nbsp;<\/p>\n<p>Bonilha lembra que os primeiros meses haviam sido \u2018atipicamente fortes\u2019, mas que, ainda assim, sua empresa teve queda de 40% no faturamento no primeiro semestre. (O Estado de S. Paulo\/Lorenna Rodrigues)<\/p>\n","protected":false},"excerpt":{"rendered":"<p>O Estado de S. Paulo &nbsp; Auxiliares do presidente Jair Bolsonaro na \u00e1rea de com\u00e9rcio exterior assumiram os cargos no in\u00edcio do ano passado repetindo o bord\u00e3o: \u201cimportar \u00e9 o que exporta\u201d. A frase era uma invers\u00e3o do t\u00edtulo de um programa da ditadura militar \u2013 \u201cExportar \u00e9 o que importa\u201d \u2013 que, a partir\u2026 <a class=\"readmore\" href=\"https:\/\/dana.com.br\/canaldana\/2020\/08\/17\/com-pandemia-importacao-cai-105-ate-julho\/\">Leia mais \u00bb<\/a><\/p>\n","protected":false},"author":3,"featured_media":0,"comment_status":"closed","ping_status":"closed","sticky":false,"template":"","format":"standard","meta":{"_acf_changed":false,"footnotes":""},"categories":[79],"tags":[],"class_list":["post-44207","post","type-post","status-publish","format-standard","hentry","category-mercado"],"acf":[],"yoast_head":"<!-- This site is optimized with the Yoast SEO plugin v27.3 - https:\/\/yoast.com\/product\/yoast-seo-wordpress\/ -->\n<title>Com pandemia, importa\u00e7\u00e3o cai 10,5% at\u00e9 julho - Canal Dana<\/title>\n<meta name=\"robots\" content=\"index, follow, max-snippet:-1, max-image-preview:large, max-video-preview:-1\" \/>\n<link rel=\"canonical\" href=\"https:\/\/dana.com.br\/canaldana\/2020\/08\/17\/com-pandemia-importacao-cai-105-ate-julho\/\" \/>\n<meta property=\"og:locale\" content=\"pt_BR\" \/>\n<meta property=\"og:type\" content=\"article\" \/>\n<meta property=\"og:title\" content=\"Com pandemia, importa\u00e7\u00e3o cai 10,5% at\u00e9 julho - Canal Dana\" \/>\n<meta property=\"og:description\" content=\"O Estado de S. Paulo &nbsp; Auxiliares do presidente Jair Bolsonaro na \u00e1rea de com\u00e9rcio exterior assumiram os cargos no in\u00edcio do ano passado repetindo o bord\u00e3o: \u201cimportar \u00e9 o que exporta\u201d. A frase era uma invers\u00e3o do t\u00edtulo de um programa da ditadura militar \u2013 \u201cExportar \u00e9 o que importa\u201d \u2013 que, a partir\u2026 Leia mais \u00bb\" \/>\n<meta property=\"og:url\" content=\"https:\/\/dana.com.br\/canaldana\/2020\/08\/17\/com-pandemia-importacao-cai-105-ate-julho\/\" \/>\n<meta property=\"og:site_name\" content=\"Canal Dana\" \/>\n<meta property=\"article:published_time\" content=\"2020-08-17T12:20:37+00:00\" \/>\n<meta name=\"author\" content=\"Canal Dana\" \/>\n<meta name=\"twitter:card\" content=\"summary_large_image\" \/>\n<meta name=\"twitter:label1\" content=\"Escrito por\" \/>\n\t<meta name=\"twitter:data1\" content=\"Canal Dana\" \/>\n\t<meta name=\"twitter:label2\" content=\"Est. tempo de leitura\" \/>\n\t<meta name=\"twitter:data2\" content=\"3 minutos\" \/>\n<script type=\"application\/ld+json\" class=\"yoast-schema-graph\">{\"@context\":\"https:\\\/\\\/schema.org\",\"@graph\":[{\"@type\":\"Article\",\"@id\":\"https:\\\/\\\/dana.com.br\\\/canaldana\\\/2020\\\/08\\\/17\\\/com-pandemia-importacao-cai-105-ate-julho\\\/#article\",\"isPartOf\":{\"@id\":\"https:\\\/\\\/dana.com.br\\\/canaldana\\\/2020\\\/08\\\/17\\\/com-pandemia-importacao-cai-105-ate-julho\\\/\"},\"author\":{\"name\":\"Canal Dana\",\"@id\":\"https:\\\/\\\/dana.com.br\\\/canaldana\\\/#\\\/schema\\\/person\\\/3c21f22f56fcf3bc46b94bc60ea4fef6\"},\"headline\":\"Com pandemia, importa\u00e7\u00e3o cai 10,5% at\u00e9 julho\",\"datePublished\":\"2020-08-17T12:20:37+00:00\",\"mainEntityOfPage\":{\"@id\":\"https:\\\/\\\/dana.com.br\\\/canaldana\\\/2020\\\/08\\\/17\\\/com-pandemia-importacao-cai-105-ate-julho\\\/\"},\"wordCount\":582,\"articleSection\":[\"Mercado\"],\"inLanguage\":\"pt-BR\"},{\"@type\":\"WebPage\",\"@id\":\"https:\\\/\\\/dana.com.br\\\/canaldana\\\/2020\\\/08\\\/17\\\/com-pandemia-importacao-cai-105-ate-julho\\\/\",\"url\":\"https:\\\/\\\/dana.com.br\\\/canaldana\\\/2020\\\/08\\\/17\\\/com-pandemia-importacao-cai-105-ate-julho\\\/\",\"name\":\"Com pandemia, importa\u00e7\u00e3o cai 10,5% at\u00e9 julho - Canal Dana\",\"isPartOf\":{\"@id\":\"https:\\\/\\\/dana.com.br\\\/canaldana\\\/#website\"},\"datePublished\":\"2020-08-17T12:20:37+00:00\",\"author\":{\"@id\":\"https:\\\/\\\/dana.com.br\\\/canaldana\\\/#\\\/schema\\\/person\\\/3c21f22f56fcf3bc46b94bc60ea4fef6\"},\"breadcrumb\":{\"@id\":\"https:\\\/\\\/dana.com.br\\\/canaldana\\\/2020\\\/08\\\/17\\\/com-pandemia-importacao-cai-105-ate-julho\\\/#breadcrumb\"},\"inLanguage\":\"pt-BR\",\"potentialAction\":[{\"@type\":\"ReadAction\",\"target\":[\"https:\\\/\\\/dana.com.br\\\/canaldana\\\/2020\\\/08\\\/17\\\/com-pandemia-importacao-cai-105-ate-julho\\\/\"]}]},{\"@type\":\"BreadcrumbList\",\"@id\":\"https:\\\/\\\/dana.com.br\\\/canaldana\\\/2020\\\/08\\\/17\\\/com-pandemia-importacao-cai-105-ate-julho\\\/#breadcrumb\",\"itemListElement\":[{\"@type\":\"ListItem\",\"position\":1,\"name\":\"Home\",\"item\":\"https:\\\/\\\/dana.com.br\\\/canaldana\\\/\"},{\"@type\":\"ListItem\",\"position\":2,\"name\":\"Mercado\",\"item\":\"https:\\\/\\\/dana.com.br\\\/canaldana\\\/mercado\\\/\"},{\"@type\":\"ListItem\",\"position\":3,\"name\":\"Com pandemia, importa\u00e7\u00e3o cai 10,5% at\u00e9 julho\"}]},{\"@type\":\"WebSite\",\"@id\":\"https:\\\/\\\/dana.com.br\\\/canaldana\\\/#website\",\"url\":\"https:\\\/\\\/dana.com.br\\\/canaldana\\\/\",\"name\":\"Canal Dana\",\"description\":\"Informativo com as principais not\u00edcias da ind\u00fastria automotiva\",\"potentialAction\":[{\"@type\":\"SearchAction\",\"target\":{\"@type\":\"EntryPoint\",\"urlTemplate\":\"https:\\\/\\\/dana.com.br\\\/canaldana\\\/?s={search_term_string}\"},\"query-input\":{\"@type\":\"PropertyValueSpecification\",\"valueRequired\":true,\"valueName\":\"search_term_string\"}}],\"inLanguage\":\"pt-BR\"},{\"@type\":\"Person\",\"@id\":\"https:\\\/\\\/dana.com.br\\\/canaldana\\\/#\\\/schema\\\/person\\\/3c21f22f56fcf3bc46b94bc60ea4fef6\",\"name\":\"Canal Dana\",\"image\":{\"@type\":\"ImageObject\",\"inLanguage\":\"pt-BR\",\"@id\":\"https:\\\/\\\/secure.gravatar.com\\\/avatar\\\/420aaf9278582877d9018637c6817617705899d2858d7572ef0fe59a6b6454b4?s=96&d=mm&r=g\",\"url\":\"https:\\\/\\\/secure.gravatar.com\\\/avatar\\\/420aaf9278582877d9018637c6817617705899d2858d7572ef0fe59a6b6454b4?s=96&d=mm&r=g\",\"contentUrl\":\"https:\\\/\\\/secure.gravatar.com\\\/avatar\\\/420aaf9278582877d9018637c6817617705899d2858d7572ef0fe59a6b6454b4?s=96&d=mm&r=g\",\"caption\":\"Canal Dana\"},\"url\":\"https:\\\/\\\/dana.com.br\\\/canaldana\\\/author\\\/cdeditor\\\/\"}]}<\/script>\n<!-- \/ Yoast SEO plugin. -->","yoast_head_json":{"title":"Com pandemia, importa\u00e7\u00e3o cai 10,5% at\u00e9 julho - Canal Dana","robots":{"index":"index","follow":"follow","max-snippet":"max-snippet:-1","max-image-preview":"max-image-preview:large","max-video-preview":"max-video-preview:-1"},"canonical":"https:\/\/dana.com.br\/canaldana\/2020\/08\/17\/com-pandemia-importacao-cai-105-ate-julho\/","og_locale":"pt_BR","og_type":"article","og_title":"Com pandemia, importa\u00e7\u00e3o cai 10,5% at\u00e9 julho - Canal Dana","og_description":"O Estado de S. Paulo &nbsp; Auxiliares do presidente Jair Bolsonaro na \u00e1rea de com\u00e9rcio exterior assumiram os cargos no in\u00edcio do ano passado repetindo o bord\u00e3o: \u201cimportar \u00e9 o que exporta\u201d. A frase era uma invers\u00e3o do t\u00edtulo de um programa da ditadura militar \u2013 \u201cExportar \u00e9 o que importa\u201d \u2013 que, a partir\u2026 Leia mais \u00bb","og_url":"https:\/\/dana.com.br\/canaldana\/2020\/08\/17\/com-pandemia-importacao-cai-105-ate-julho\/","og_site_name":"Canal Dana","article_published_time":"2020-08-17T12:20:37+00:00","author":"Canal Dana","twitter_card":"summary_large_image","twitter_misc":{"Escrito por":"Canal Dana","Est. tempo de leitura":"3 minutos"},"schema":{"@context":"https:\/\/schema.org","@graph":[{"@type":"Article","@id":"https:\/\/dana.com.br\/canaldana\/2020\/08\/17\/com-pandemia-importacao-cai-105-ate-julho\/#article","isPartOf":{"@id":"https:\/\/dana.com.br\/canaldana\/2020\/08\/17\/com-pandemia-importacao-cai-105-ate-julho\/"},"author":{"name":"Canal Dana","@id":"https:\/\/dana.com.br\/canaldana\/#\/schema\/person\/3c21f22f56fcf3bc46b94bc60ea4fef6"},"headline":"Com pandemia, importa\u00e7\u00e3o cai 10,5% at\u00e9 julho","datePublished":"2020-08-17T12:20:37+00:00","mainEntityOfPage":{"@id":"https:\/\/dana.com.br\/canaldana\/2020\/08\/17\/com-pandemia-importacao-cai-105-ate-julho\/"},"wordCount":582,"articleSection":["Mercado"],"inLanguage":"pt-BR"},{"@type":"WebPage","@id":"https:\/\/dana.com.br\/canaldana\/2020\/08\/17\/com-pandemia-importacao-cai-105-ate-julho\/","url":"https:\/\/dana.com.br\/canaldana\/2020\/08\/17\/com-pandemia-importacao-cai-105-ate-julho\/","name":"Com pandemia, importa\u00e7\u00e3o cai 10,5% at\u00e9 julho - Canal Dana","isPartOf":{"@id":"https:\/\/dana.com.br\/canaldana\/#website"},"datePublished":"2020-08-17T12:20:37+00:00","author":{"@id":"https:\/\/dana.com.br\/canaldana\/#\/schema\/person\/3c21f22f56fcf3bc46b94bc60ea4fef6"},"breadcrumb":{"@id":"https:\/\/dana.com.br\/canaldana\/2020\/08\/17\/com-pandemia-importacao-cai-105-ate-julho\/#breadcrumb"},"inLanguage":"pt-BR","potentialAction":[{"@type":"ReadAction","target":["https:\/\/dana.com.br\/canaldana\/2020\/08\/17\/com-pandemia-importacao-cai-105-ate-julho\/"]}]},{"@type":"BreadcrumbList","@id":"https:\/\/dana.com.br\/canaldana\/2020\/08\/17\/com-pandemia-importacao-cai-105-ate-julho\/#breadcrumb","itemListElement":[{"@type":"ListItem","position":1,"name":"Home","item":"https:\/\/dana.com.br\/canaldana\/"},{"@type":"ListItem","position":2,"name":"Mercado","item":"https:\/\/dana.com.br\/canaldana\/mercado\/"},{"@type":"ListItem","position":3,"name":"Com pandemia, importa\u00e7\u00e3o cai 10,5% at\u00e9 julho"}]},{"@type":"WebSite","@id":"https:\/\/dana.com.br\/canaldana\/#website","url":"https:\/\/dana.com.br\/canaldana\/","name":"Canal Dana","description":"Informativo com as principais not\u00edcias da ind\u00fastria automotiva","potentialAction":[{"@type":"SearchAction","target":{"@type":"EntryPoint","urlTemplate":"https:\/\/dana.com.br\/canaldana\/?s={search_term_string}"},"query-input":{"@type":"PropertyValueSpecification","valueRequired":true,"valueName":"search_term_string"}}],"inLanguage":"pt-BR"},{"@type":"Person","@id":"https:\/\/dana.com.br\/canaldana\/#\/schema\/person\/3c21f22f56fcf3bc46b94bc60ea4fef6","name":"Canal Dana","image":{"@type":"ImageObject","inLanguage":"pt-BR","@id":"https:\/\/secure.gravatar.com\/avatar\/420aaf9278582877d9018637c6817617705899d2858d7572ef0fe59a6b6454b4?s=96&d=mm&r=g","url":"https:\/\/secure.gravatar.com\/avatar\/420aaf9278582877d9018637c6817617705899d2858d7572ef0fe59a6b6454b4?s=96&d=mm&r=g","contentUrl":"https:\/\/secure.gravatar.com\/avatar\/420aaf9278582877d9018637c6817617705899d2858d7572ef0fe59a6b6454b4?s=96&d=mm&r=g","caption":"Canal Dana"},"url":"https:\/\/dana.com.br\/canaldana\/author\/cdeditor\/"}]}},"_links":{"self":[{"href":"https:\/\/dana.com.br\/canaldana\/wp-json\/wp\/v2\/posts\/44207","targetHints":{"allow":["GET"]}}],"collection":[{"href":"https:\/\/dana.com.br\/canaldana\/wp-json\/wp\/v2\/posts"}],"about":[{"href":"https:\/\/dana.com.br\/canaldana\/wp-json\/wp\/v2\/types\/post"}],"author":[{"embeddable":true,"href":"https:\/\/dana.com.br\/canaldana\/wp-json\/wp\/v2\/users\/3"}],"replies":[{"embeddable":true,"href":"https:\/\/dana.com.br\/canaldana\/wp-json\/wp\/v2\/comments?post=44207"}],"version-history":[{"count":0,"href":"https:\/\/dana.com.br\/canaldana\/wp-json\/wp\/v2\/posts\/44207\/revisions"}],"wp:attachment":[{"href":"https:\/\/dana.com.br\/canaldana\/wp-json\/wp\/v2\/media?parent=44207"}],"wp:term":[{"taxonomy":"category","embeddable":true,"href":"https:\/\/dana.com.br\/canaldana\/wp-json\/wp\/v2\/categories?post=44207"},{"taxonomy":"post_tag","embeddable":true,"href":"https:\/\/dana.com.br\/canaldana\/wp-json\/wp\/v2\/tags?post=44207"}],"curies":[{"name":"wp","href":"https:\/\/api.w.org\/{rel}","templated":true}]}}