{"id":44203,"date":"2020-08-17T09:19:03","date_gmt":"2020-08-17T12:19:03","guid":{"rendered":"https:\/\/dana.com.br\/canaldana\/?p=44203"},"modified":"2020-08-17T09:19:03","modified_gmt":"2020-08-17T12:19:03","slug":"mercedes-benz-lanca-campanha-para-incentivar-vendas-de-pecas-remanufaturadas","status":"publish","type":"post","link":"https:\/\/dana.com.br\/canaldana\/2020\/08\/17\/mercedes-benz-lanca-campanha-para-incentivar-vendas-de-pecas-remanufaturadas\/","title":{"rendered":"Mercedes-Benz lan\u00e7a campanha para incentivar vendas de pe\u00e7as remanufaturadas"},"content":{"rendered":"<p><em>Di\u00e1rio do Transporte<\/em><\/p>\n<p>&nbsp;<\/p>\n<p>Mais uma vez, a Mercedes-Benz quer apoiar os seus clientes neste momento complicado da economia. Pensando nisso, a marca acaba de lan\u00e7ar uma nova campanha para incentivar e facilitar a compra de pe\u00e7as remanufaturadas da Linha Renov, que envolve 250 itens de 16 fam\u00edlias de produtos. A partir de agosto e at\u00e9 dezembro de 2020, o cliente poder\u00e1 parcelar o pre\u00e7o da pe\u00e7a em at\u00e9 6 vezes diretamente com o concession\u00e1rio participante da promo\u00e7\u00e3o.<\/p>\n<p>&nbsp;<\/p>\n<p>\u201cA pr\u00e1tica de pre\u00e7o nacional possibilita que o cliente programe onde quer fazer a manuten\u00e7\u00e3o do seu ve\u00edculo, tendo sempre a previsibilidade dos mesmos valores envolvidos no servi\u00e7o\u201d, informa Silvio Renan, diretor de Pe\u00e7as e Servi\u00e7os ao Cliente da Mercedes-Benz do Brasil. \u201cJ\u00e1 o parcelamento permite ao cliente adequar a manuten\u00e7\u00e3o ao seu or\u00e7amento\u201d.<\/p>\n<p>&nbsp;<\/p>\n<p>Segundo o executivo, os produtos Renov s\u00e3o ideais para quem busca economia, mas n\u00e3o abre m\u00e3o da qualidade e confian\u00e7a dos produtos da marca. \u201cOutra grande vantagem \u00e9 que o cliente pode utilizar a pe\u00e7a usada como parte do pagamento da remanufaturada, ap\u00f3s avalia\u00e7\u00e3o e aprova\u00e7\u00e3o do concession\u00e1rio. Al\u00e9m disso, oferecemos garantia de 12 meses sem limite de quilometragem, igualmente \u00e0 da pe\u00e7a genu\u00edna nova. Ou seja, os produtos Renov Mercedes-Benz s\u00e3o uma op\u00e7\u00e3o muito atrativa no momento da troca de componentes do ve\u00edculo e nas manuten\u00e7\u00f5es\u201d.<\/p>\n<p>&nbsp;<\/p>\n<p>Participantes do Mercedes Club, o primeiro programa de fidelidade e recompensas do Pa\u00eds para clientes de caminh\u00f5es e \u00f4nibus, t\u00eam mais uma vantagem nessa campanha do Renov. Eles podem usar seus pontos para pagamento total ou parcial dos itens em oferta.<\/p>\n<p>&nbsp;<\/p>\n<p><strong>Pe\u00e7as Renov asseguram a qualidade original do ve\u00edculo<\/strong><\/p>\n<p>&nbsp;<\/p>\n<p>Com ampla experi\u00eancia no mercado de remanufaturados, a Mercedes-Benz oferece uma gama diversificada de produtos da Linha Renov que abrange motores, c\u00e2mbios, embreagens, motores de partida, unidades injetoras, alternadores, turbinas, diferenciais, bombas de \u00f3leo, bombas d\u2019\u00e1gua, cabe\u00e7otes, pin\u00e7as de freio, kits de embreagem, v\u00e1lvulas 4 circuitos e secadores de ar (componentes da v\u00e1lvula APU), cartucho do retarder e compressores de ar.<\/p>\n<p>&nbsp;<\/p>\n<p>Produzidas sob a rigorosa supervis\u00e3o da Mercedes-Benz, exclusivamente com pe\u00e7as genu\u00ednas, m\u00e3o de obra especializada e aplica\u00e7\u00e3o de melhores t\u00e9cnicas, as pe\u00e7as Renov asseguram a integridade original do ve\u00edculo, refletindo diretamente na rela\u00e7\u00e3o custo\/benef\u00edcio para o cliente. Os pre\u00e7os das pe\u00e7as podem ser em m\u00e9dia at\u00e9 40% menor em rela\u00e7\u00e3o ao item novo. O cliente pode consultar os itens em ofertas e outras condi\u00e7\u00f5es especiais no site <a href=\"http:\/\/www.vantagensdeverdade.com.br\" target=\"_blank\" rel=\"noopener noreferrer\">www.vantagensdeverdade.com.br<\/a> (Di\u00e1rio do Transporte)<\/p>\n","protected":false},"excerpt":{"rendered":"<p>Di\u00e1rio do Transporte &nbsp; Mais uma vez, a Mercedes-Benz quer apoiar os seus clientes neste momento complicado da economia. Pensando nisso, a marca acaba de lan\u00e7ar uma nova campanha para incentivar e facilitar a compra de pe\u00e7as remanufaturadas da Linha Renov, que envolve 250 itens de 16 fam\u00edlias de produtos. A partir de agosto e\u2026 <a class=\"readmore\" href=\"https:\/\/dana.com.br\/canaldana\/2020\/08\/17\/mercedes-benz-lanca-campanha-para-incentivar-vendas-de-pecas-remanufaturadas\/\">Leia mais \u00bb<\/a><\/p>\n","protected":false},"author":3,"featured_media":0,"comment_status":"closed","ping_status":"closed","sticky":false,"template":"","format":"standard","meta":{"_acf_changed":false,"footnotes":""},"categories":[79],"tags":[],"class_list":["post-44203","post","type-post","status-publish","format-standard","hentry","category-mercado"],"acf":[],"yoast_head":"<!-- This site is optimized with the Yoast SEO plugin v27.3 - https:\/\/yoast.com\/product\/yoast-seo-wordpress\/ -->\n<title>Mercedes-Benz lan\u00e7a campanha para incentivar vendas de pe\u00e7as remanufaturadas - Canal Dana<\/title>\n<meta name=\"robots\" content=\"index, follow, max-snippet:-1, max-image-preview:large, max-video-preview:-1\" \/>\n<link rel=\"canonical\" href=\"https:\/\/dana.com.br\/canaldana\/2020\/08\/17\/mercedes-benz-lanca-campanha-para-incentivar-vendas-de-pecas-remanufaturadas\/\" \/>\n<meta property=\"og:locale\" content=\"pt_BR\" \/>\n<meta property=\"og:type\" content=\"article\" \/>\n<meta property=\"og:title\" content=\"Mercedes-Benz lan\u00e7a campanha para incentivar vendas de pe\u00e7as remanufaturadas - Canal Dana\" \/>\n<meta property=\"og:description\" content=\"Di\u00e1rio do Transporte &nbsp; Mais uma vez, a Mercedes-Benz quer apoiar os seus clientes neste momento complicado da economia. Pensando nisso, a marca acaba de lan\u00e7ar uma nova campanha para incentivar e facilitar a compra de pe\u00e7as remanufaturadas da Linha Renov, que envolve 250 itens de 16 fam\u00edlias de produtos. A partir de agosto e\u2026 Leia mais \u00bb\" \/>\n<meta property=\"og:url\" content=\"https:\/\/dana.com.br\/canaldana\/2020\/08\/17\/mercedes-benz-lanca-campanha-para-incentivar-vendas-de-pecas-remanufaturadas\/\" \/>\n<meta property=\"og:site_name\" content=\"Canal Dana\" \/>\n<meta property=\"article:published_time\" content=\"2020-08-17T12:19:03+00:00\" \/>\n<meta name=\"author\" content=\"Canal Dana\" \/>\n<meta name=\"twitter:card\" content=\"summary_large_image\" \/>\n<meta name=\"twitter:label1\" content=\"Escrito por\" \/>\n\t<meta name=\"twitter:data1\" content=\"Canal Dana\" \/>\n\t<meta name=\"twitter:label2\" content=\"Est. tempo de leitura\" \/>\n\t<meta name=\"twitter:data2\" content=\"2 minutos\" \/>\n<script type=\"application\/ld+json\" class=\"yoast-schema-graph\">{\"@context\":\"https:\\\/\\\/schema.org\",\"@graph\":[{\"@type\":\"Article\",\"@id\":\"https:\\\/\\\/dana.com.br\\\/canaldana\\\/2020\\\/08\\\/17\\\/mercedes-benz-lanca-campanha-para-incentivar-vendas-de-pecas-remanufaturadas\\\/#article\",\"isPartOf\":{\"@id\":\"https:\\\/\\\/dana.com.br\\\/canaldana\\\/2020\\\/08\\\/17\\\/mercedes-benz-lanca-campanha-para-incentivar-vendas-de-pecas-remanufaturadas\\\/\"},\"author\":{\"name\":\"Canal Dana\",\"@id\":\"https:\\\/\\\/dana.com.br\\\/canaldana\\\/#\\\/schema\\\/person\\\/3c21f22f56fcf3bc46b94bc60ea4fef6\"},\"headline\":\"Mercedes-Benz lan\u00e7a campanha para incentivar vendas de pe\u00e7as remanufaturadas\",\"datePublished\":\"2020-08-17T12:19:03+00:00\",\"mainEntityOfPage\":{\"@id\":\"https:\\\/\\\/dana.com.br\\\/canaldana\\\/2020\\\/08\\\/17\\\/mercedes-benz-lanca-campanha-para-incentivar-vendas-de-pecas-remanufaturadas\\\/\"},\"wordCount\":473,\"articleSection\":[\"Mercado\"],\"inLanguage\":\"pt-BR\"},{\"@type\":\"WebPage\",\"@id\":\"https:\\\/\\\/dana.com.br\\\/canaldana\\\/2020\\\/08\\\/17\\\/mercedes-benz-lanca-campanha-para-incentivar-vendas-de-pecas-remanufaturadas\\\/\",\"url\":\"https:\\\/\\\/dana.com.br\\\/canaldana\\\/2020\\\/08\\\/17\\\/mercedes-benz-lanca-campanha-para-incentivar-vendas-de-pecas-remanufaturadas\\\/\",\"name\":\"Mercedes-Benz lan\u00e7a campanha para incentivar vendas de pe\u00e7as remanufaturadas - Canal Dana\",\"isPartOf\":{\"@id\":\"https:\\\/\\\/dana.com.br\\\/canaldana\\\/#website\"},\"datePublished\":\"2020-08-17T12:19:03+00:00\",\"author\":{\"@id\":\"https:\\\/\\\/dana.com.br\\\/canaldana\\\/#\\\/schema\\\/person\\\/3c21f22f56fcf3bc46b94bc60ea4fef6\"},\"breadcrumb\":{\"@id\":\"https:\\\/\\\/dana.com.br\\\/canaldana\\\/2020\\\/08\\\/17\\\/mercedes-benz-lanca-campanha-para-incentivar-vendas-de-pecas-remanufaturadas\\\/#breadcrumb\"},\"inLanguage\":\"pt-BR\",\"potentialAction\":[{\"@type\":\"ReadAction\",\"target\":[\"https:\\\/\\\/dana.com.br\\\/canaldana\\\/2020\\\/08\\\/17\\\/mercedes-benz-lanca-campanha-para-incentivar-vendas-de-pecas-remanufaturadas\\\/\"]}]},{\"@type\":\"BreadcrumbList\",\"@id\":\"https:\\\/\\\/dana.com.br\\\/canaldana\\\/2020\\\/08\\\/17\\\/mercedes-benz-lanca-campanha-para-incentivar-vendas-de-pecas-remanufaturadas\\\/#breadcrumb\",\"itemListElement\":[{\"@type\":\"ListItem\",\"position\":1,\"name\":\"Home\",\"item\":\"https:\\\/\\\/dana.com.br\\\/canaldana\\\/\"},{\"@type\":\"ListItem\",\"position\":2,\"name\":\"Mercado\",\"item\":\"https:\\\/\\\/dana.com.br\\\/canaldana\\\/mercado\\\/\"},{\"@type\":\"ListItem\",\"position\":3,\"name\":\"Mercedes-Benz lan\u00e7a campanha para incentivar vendas de pe\u00e7as remanufaturadas\"}]},{\"@type\":\"WebSite\",\"@id\":\"https:\\\/\\\/dana.com.br\\\/canaldana\\\/#website\",\"url\":\"https:\\\/\\\/dana.com.br\\\/canaldana\\\/\",\"name\":\"Canal Dana\",\"description\":\"Informativo com as principais not\u00edcias da ind\u00fastria automotiva\",\"potentialAction\":[{\"@type\":\"SearchAction\",\"target\":{\"@type\":\"EntryPoint\",\"urlTemplate\":\"https:\\\/\\\/dana.com.br\\\/canaldana\\\/?s={search_term_string}\"},\"query-input\":{\"@type\":\"PropertyValueSpecification\",\"valueRequired\":true,\"valueName\":\"search_term_string\"}}],\"inLanguage\":\"pt-BR\"},{\"@type\":\"Person\",\"@id\":\"https:\\\/\\\/dana.com.br\\\/canaldana\\\/#\\\/schema\\\/person\\\/3c21f22f56fcf3bc46b94bc60ea4fef6\",\"name\":\"Canal Dana\",\"image\":{\"@type\":\"ImageObject\",\"inLanguage\":\"pt-BR\",\"@id\":\"https:\\\/\\\/secure.gravatar.com\\\/avatar\\\/420aaf9278582877d9018637c6817617705899d2858d7572ef0fe59a6b6454b4?s=96&d=mm&r=g\",\"url\":\"https:\\\/\\\/secure.gravatar.com\\\/avatar\\\/420aaf9278582877d9018637c6817617705899d2858d7572ef0fe59a6b6454b4?s=96&d=mm&r=g\",\"contentUrl\":\"https:\\\/\\\/secure.gravatar.com\\\/avatar\\\/420aaf9278582877d9018637c6817617705899d2858d7572ef0fe59a6b6454b4?s=96&d=mm&r=g\",\"caption\":\"Canal Dana\"},\"url\":\"https:\\\/\\\/dana.com.br\\\/canaldana\\\/author\\\/cdeditor\\\/\"}]}<\/script>\n<!-- \/ Yoast SEO plugin. -->","yoast_head_json":{"title":"Mercedes-Benz lan\u00e7a campanha para incentivar vendas de pe\u00e7as remanufaturadas - Canal Dana","robots":{"index":"index","follow":"follow","max-snippet":"max-snippet:-1","max-image-preview":"max-image-preview:large","max-video-preview":"max-video-preview:-1"},"canonical":"https:\/\/dana.com.br\/canaldana\/2020\/08\/17\/mercedes-benz-lanca-campanha-para-incentivar-vendas-de-pecas-remanufaturadas\/","og_locale":"pt_BR","og_type":"article","og_title":"Mercedes-Benz lan\u00e7a campanha para incentivar vendas de pe\u00e7as remanufaturadas - Canal Dana","og_description":"Di\u00e1rio do Transporte &nbsp; Mais uma vez, a Mercedes-Benz quer apoiar os seus clientes neste momento complicado da economia. Pensando nisso, a marca acaba de lan\u00e7ar uma nova campanha para incentivar e facilitar a compra de pe\u00e7as remanufaturadas da Linha Renov, que envolve 250 itens de 16 fam\u00edlias de produtos. A partir de agosto e\u2026 Leia mais \u00bb","og_url":"https:\/\/dana.com.br\/canaldana\/2020\/08\/17\/mercedes-benz-lanca-campanha-para-incentivar-vendas-de-pecas-remanufaturadas\/","og_site_name":"Canal Dana","article_published_time":"2020-08-17T12:19:03+00:00","author":"Canal Dana","twitter_card":"summary_large_image","twitter_misc":{"Escrito por":"Canal Dana","Est. tempo de leitura":"2 minutos"},"schema":{"@context":"https:\/\/schema.org","@graph":[{"@type":"Article","@id":"https:\/\/dana.com.br\/canaldana\/2020\/08\/17\/mercedes-benz-lanca-campanha-para-incentivar-vendas-de-pecas-remanufaturadas\/#article","isPartOf":{"@id":"https:\/\/dana.com.br\/canaldana\/2020\/08\/17\/mercedes-benz-lanca-campanha-para-incentivar-vendas-de-pecas-remanufaturadas\/"},"author":{"name":"Canal Dana","@id":"https:\/\/dana.com.br\/canaldana\/#\/schema\/person\/3c21f22f56fcf3bc46b94bc60ea4fef6"},"headline":"Mercedes-Benz lan\u00e7a campanha para incentivar vendas de pe\u00e7as remanufaturadas","datePublished":"2020-08-17T12:19:03+00:00","mainEntityOfPage":{"@id":"https:\/\/dana.com.br\/canaldana\/2020\/08\/17\/mercedes-benz-lanca-campanha-para-incentivar-vendas-de-pecas-remanufaturadas\/"},"wordCount":473,"articleSection":["Mercado"],"inLanguage":"pt-BR"},{"@type":"WebPage","@id":"https:\/\/dana.com.br\/canaldana\/2020\/08\/17\/mercedes-benz-lanca-campanha-para-incentivar-vendas-de-pecas-remanufaturadas\/","url":"https:\/\/dana.com.br\/canaldana\/2020\/08\/17\/mercedes-benz-lanca-campanha-para-incentivar-vendas-de-pecas-remanufaturadas\/","name":"Mercedes-Benz lan\u00e7a campanha para incentivar vendas de pe\u00e7as remanufaturadas - Canal Dana","isPartOf":{"@id":"https:\/\/dana.com.br\/canaldana\/#website"},"datePublished":"2020-08-17T12:19:03+00:00","author":{"@id":"https:\/\/dana.com.br\/canaldana\/#\/schema\/person\/3c21f22f56fcf3bc46b94bc60ea4fef6"},"breadcrumb":{"@id":"https:\/\/dana.com.br\/canaldana\/2020\/08\/17\/mercedes-benz-lanca-campanha-para-incentivar-vendas-de-pecas-remanufaturadas\/#breadcrumb"},"inLanguage":"pt-BR","potentialAction":[{"@type":"ReadAction","target":["https:\/\/dana.com.br\/canaldana\/2020\/08\/17\/mercedes-benz-lanca-campanha-para-incentivar-vendas-de-pecas-remanufaturadas\/"]}]},{"@type":"BreadcrumbList","@id":"https:\/\/dana.com.br\/canaldana\/2020\/08\/17\/mercedes-benz-lanca-campanha-para-incentivar-vendas-de-pecas-remanufaturadas\/#breadcrumb","itemListElement":[{"@type":"ListItem","position":1,"name":"Home","item":"https:\/\/dana.com.br\/canaldana\/"},{"@type":"ListItem","position":2,"name":"Mercado","item":"https:\/\/dana.com.br\/canaldana\/mercado\/"},{"@type":"ListItem","position":3,"name":"Mercedes-Benz lan\u00e7a campanha para incentivar vendas de pe\u00e7as remanufaturadas"}]},{"@type":"WebSite","@id":"https:\/\/dana.com.br\/canaldana\/#website","url":"https:\/\/dana.com.br\/canaldana\/","name":"Canal Dana","description":"Informativo com as principais not\u00edcias da ind\u00fastria automotiva","potentialAction":[{"@type":"SearchAction","target":{"@type":"EntryPoint","urlTemplate":"https:\/\/dana.com.br\/canaldana\/?s={search_term_string}"},"query-input":{"@type":"PropertyValueSpecification","valueRequired":true,"valueName":"search_term_string"}}],"inLanguage":"pt-BR"},{"@type":"Person","@id":"https:\/\/dana.com.br\/canaldana\/#\/schema\/person\/3c21f22f56fcf3bc46b94bc60ea4fef6","name":"Canal Dana","image":{"@type":"ImageObject","inLanguage":"pt-BR","@id":"https:\/\/secure.gravatar.com\/avatar\/420aaf9278582877d9018637c6817617705899d2858d7572ef0fe59a6b6454b4?s=96&d=mm&r=g","url":"https:\/\/secure.gravatar.com\/avatar\/420aaf9278582877d9018637c6817617705899d2858d7572ef0fe59a6b6454b4?s=96&d=mm&r=g","contentUrl":"https:\/\/secure.gravatar.com\/avatar\/420aaf9278582877d9018637c6817617705899d2858d7572ef0fe59a6b6454b4?s=96&d=mm&r=g","caption":"Canal Dana"},"url":"https:\/\/dana.com.br\/canaldana\/author\/cdeditor\/"}]}},"_links":{"self":[{"href":"https:\/\/dana.com.br\/canaldana\/wp-json\/wp\/v2\/posts\/44203","targetHints":{"allow":["GET"]}}],"collection":[{"href":"https:\/\/dana.com.br\/canaldana\/wp-json\/wp\/v2\/posts"}],"about":[{"href":"https:\/\/dana.com.br\/canaldana\/wp-json\/wp\/v2\/types\/post"}],"author":[{"embeddable":true,"href":"https:\/\/dana.com.br\/canaldana\/wp-json\/wp\/v2\/users\/3"}],"replies":[{"embeddable":true,"href":"https:\/\/dana.com.br\/canaldana\/wp-json\/wp\/v2\/comments?post=44203"}],"version-history":[{"count":0,"href":"https:\/\/dana.com.br\/canaldana\/wp-json\/wp\/v2\/posts\/44203\/revisions"}],"wp:attachment":[{"href":"https:\/\/dana.com.br\/canaldana\/wp-json\/wp\/v2\/media?parent=44203"}],"wp:term":[{"taxonomy":"category","embeddable":true,"href":"https:\/\/dana.com.br\/canaldana\/wp-json\/wp\/v2\/categories?post=44203"},{"taxonomy":"post_tag","embeddable":true,"href":"https:\/\/dana.com.br\/canaldana\/wp-json\/wp\/v2\/tags?post=44203"}],"curies":[{"name":"wp","href":"https:\/\/api.w.org\/{rel}","templated":true}]}}