{"id":44199,"date":"2020-08-17T09:18:01","date_gmt":"2020-08-17T12:18:01","guid":{"rendered":"https:\/\/dana.com.br\/canaldana\/?p=44199"},"modified":"2020-08-17T09:18:01","modified_gmt":"2020-08-17T12:18:01","slug":"iveco-bus-entrega-primeiro-lote-da-venda-de-1-200-unidades-para-o-caminho-da-escola","status":"publish","type":"post","link":"https:\/\/dana.com.br\/canaldana\/2020\/08\/17\/iveco-bus-entrega-primeiro-lote-da-venda-de-1-200-unidades-para-o-caminho-da-escola\/","title":{"rendered":"IVECO BUS entrega primeiro lote da venda de 1.200 unidades para o Caminho da Escola"},"content":{"rendered":"<p><em>Brasil do Trecho<\/em><\/p>\n<p>&nbsp;<\/p>\n<p>A IVECO BUS, vencedora da licita\u00e7\u00e3o do Programa Caminho da Escola para a venda de 1.200 unidades do \u00d4nibus Escolar Rural M\u00e9dio (ORE 2), baseado no chassi 10-190, inicia a entrega do primeiro lote com 84 ve\u00edculos para estados e munic\u00edpios conveniados \u00e0 iniciativa do Minist\u00e9rio da Educa\u00e7\u00e3o. Os modelos far\u00e3o o transporte de, aproximadamente, 50 mil alunos em regi\u00f5es rurais do pa\u00eds.<\/p>\n<p>&nbsp;<\/p>\n<p>\u201cAtualmente, temos cerca de 8.500 mil produtos em circula\u00e7\u00e3o no Brasil por meio do Programa. Ficamos felizes em poder proporcionar para crian\u00e7as e jovens um \u00f4nibus seguro e confort\u00e1vel. Para o poder p\u00fablico oferecemos baixo custo de manuten\u00e7\u00e3o aliado \u00e0 durabilidade do conjunto\u201d, destaca M\u00e1rcio Querichelli, l\u00edder da IVECO para a Am\u00e9rica do Sul.<\/p>\n<p>&nbsp;<\/p>\n<p>A participa\u00e7\u00e3o da montadora no Caminho da Escola tem como objetivo ampliar a presen\u00e7a em licita\u00e7\u00f5es p\u00fablicas e aprimorar o transporte escolar, com um portf\u00f3lio de qualidade para todos os passageiros do Brasil.<\/p>\n<p>&nbsp;<\/p>\n<p>Para Renato Perrotta, gerente de Vendas ao Governo da IVECO, a negocia\u00e7\u00e3o \u00e9 resultado de um preg\u00e3o realizado pelo Fundo Nacional de Desenvolvimento da Educa\u00e7\u00e3o (FNDE), e amplia a participa\u00e7\u00e3o do chassi 10-190 no segmento de transporte de passageiros. \u201cRealizamos testes constantes para aprimorar o chassi e prepar\u00e1-lo para opera\u00e7\u00f5es em \u00e1reas urbanas e rurais\u201d, finaliza o executivo.<\/p>\n<p>&nbsp;<\/p>\n<p><strong>Chassi 10-190\u00a0 <\/strong><\/p>\n<p>&nbsp;<\/p>\n<p>O modelo de 10 toneladas foi projetado e desenvolvido no Complexo Industrial da IVECO em Sete Lagoas (MG) tem capacidade para 44 alunos e conta com o Dispositivo de Poltrona M\u00f3vel (DPM) para pessoas com mobilidade reduzida. O sistema posiciona a poltrona do lado de fora do \u00f4nibus, o que permite ao passageiro embarcar e desembarcar sentado no seu assento. O DPM n\u00e3o reduz a capacidade de passageiros, como acontece em ve\u00edculos adaptados que utilizam elevador para cadeiras de rodas, e proporciona uma viagem confort\u00e1vel para o ocupante, ao contr\u00e1rio de modelos onde o cadeirante viaja no compartimento traseiro do ve\u00edculo.<\/p>\n<p>&nbsp;<\/p>\n<p>O chassi possui um motor NEF 4 ID, da FPT Industrial, com quatro cilindros em linha, sistema SCR, atende as normas do Proconve-P7 e \u00e9 capaz de gerar pot\u00eancia m\u00e1xima de 190 cv, a maior da categoria. O torque, chega a 610 Nm, j\u00e1 dispon\u00edveis na faixa de 1.350 a 2.100 rpm.<\/p>\n<p>&nbsp;<\/p>\n<p>A transmiss\u00e3o utilizada \u00e9 Eaton FS 6206B, manual, de seis marchas, com escalonamento compat\u00edvel com as opera\u00e7\u00f5es rurais e urbanas. O sistema permite condu\u00e7\u00e3o suave, sem deixar de lado a economia de combust\u00edvel. O acionamento da alavanca a cabo privilegia a ergonomia.<\/p>\n<p>&nbsp;<\/p>\n<p>O produto oferece equipamentos como porta-mochila no teto e rede nas costas dos assentos para acomoda\u00e7\u00e3o do material escolar.\u00a0 Itens importantes completam o pacote: dispositivo autom\u00e1tico de bloqueio de diferencial, que facilita a transposi\u00e7\u00e3o de atoleiros, chassi com suspens\u00e3o elevada e refor\u00e7ada, pneus de uso misto e redu\u00e7\u00e3o de balan\u00e7o dianteiro e traseiro, permitindo f\u00e1cil acesso a lugares acidentados.<\/p>\n<p>&nbsp;<\/p>\n<p>Tamb\u00e9m buscando oferecer mais conforto para o motorista, o 10-190 conta com dire\u00e7\u00e3o hidr\u00e1ulica, embreagem com acionamento hidr\u00e1ulico e dispositivo de bloqueio de igni\u00e7\u00e3o com marcha engatada. Para o motorista, o resultado \u00e9 uma viagem mais prazerosa e suave. J\u00e1 o passageiro viaja com seguran\u00e7a e comodidade.<\/p>\n<p>&nbsp;<\/p>\n<p><strong>Especifica\u00e7\u00f5es t\u00e9cnicas do chassi <\/strong><\/p>\n<p>&nbsp;<\/p>\n<p>Comprimento m\u00e1ximo recomendado 11.500 mm<\/p>\n<p>Largura m\u00e1xima recomendada 2.600 mm<\/p>\n<p>Entre Eixos 5.180 \/ 5.950 mm<\/p>\n<p>Balan\u00e7o dianteiro 1.389 mm<\/p>\n<p>Capacidade T\u00e9cnica Eixo Dianteiro 5.000 kg<\/p>\n<p>Capacidade T\u00e9cnica Eixo Traseiro 10.000 kg<\/p>\n<p>Peso Bruto Total 15.000 kg<\/p>\n<p>Tanque de combust\u00edvel com Capacidade de 150 litros<\/p>\n<p>Motor FPT N45 (Pot\u00eancia 206 cv \u2013 Torque 720 Nm)<\/p>\n<p>(Brasil do Trecho)<\/p>\n","protected":false},"excerpt":{"rendered":"<p>Brasil do Trecho &nbsp; A IVECO BUS, vencedora da licita\u00e7\u00e3o do Programa Caminho da Escola para a venda de 1.200 unidades do \u00d4nibus Escolar Rural M\u00e9dio (ORE 2), baseado no chassi 10-190, inicia a entrega do primeiro lote com 84 ve\u00edculos para estados e munic\u00edpios conveniados \u00e0 iniciativa do Minist\u00e9rio da Educa\u00e7\u00e3o. Os modelos far\u00e3o\u2026 <a class=\"readmore\" href=\"https:\/\/dana.com.br\/canaldana\/2020\/08\/17\/iveco-bus-entrega-primeiro-lote-da-venda-de-1-200-unidades-para-o-caminho-da-escola\/\">Leia mais \u00bb<\/a><\/p>\n","protected":false},"author":3,"featured_media":0,"comment_status":"closed","ping_status":"closed","sticky":false,"template":"","format":"standard","meta":{"_acf_changed":false,"footnotes":""},"categories":[79],"tags":[],"class_list":["post-44199","post","type-post","status-publish","format-standard","hentry","category-mercado"],"acf":[],"yoast_head":"<!-- This site is optimized with the Yoast SEO plugin v27.3 - https:\/\/yoast.com\/product\/yoast-seo-wordpress\/ -->\n<title>IVECO BUS entrega primeiro lote da venda de 1.200 unidades para o Caminho da Escola - Canal Dana<\/title>\n<meta name=\"robots\" content=\"index, follow, max-snippet:-1, max-image-preview:large, max-video-preview:-1\" \/>\n<link rel=\"canonical\" href=\"https:\/\/dana.com.br\/canaldana\/2020\/08\/17\/iveco-bus-entrega-primeiro-lote-da-venda-de-1-200-unidades-para-o-caminho-da-escola\/\" \/>\n<meta property=\"og:locale\" content=\"pt_BR\" \/>\n<meta property=\"og:type\" content=\"article\" \/>\n<meta property=\"og:title\" content=\"IVECO BUS entrega primeiro lote da venda de 1.200 unidades para o Caminho da Escola - Canal Dana\" \/>\n<meta property=\"og:description\" content=\"Brasil do Trecho &nbsp; A IVECO BUS, vencedora da licita\u00e7\u00e3o do Programa Caminho da Escola para a venda de 1.200 unidades do \u00d4nibus Escolar Rural M\u00e9dio (ORE 2), baseado no chassi 10-190, inicia a entrega do primeiro lote com 84 ve\u00edculos para estados e munic\u00edpios conveniados \u00e0 iniciativa do Minist\u00e9rio da Educa\u00e7\u00e3o. Os modelos far\u00e3o\u2026 Leia mais \u00bb\" \/>\n<meta property=\"og:url\" content=\"https:\/\/dana.com.br\/canaldana\/2020\/08\/17\/iveco-bus-entrega-primeiro-lote-da-venda-de-1-200-unidades-para-o-caminho-da-escola\/\" \/>\n<meta property=\"og:site_name\" content=\"Canal Dana\" \/>\n<meta property=\"article:published_time\" content=\"2020-08-17T12:18:01+00:00\" \/>\n<meta name=\"author\" content=\"Canal Dana\" \/>\n<meta name=\"twitter:card\" content=\"summary_large_image\" \/>\n<meta name=\"twitter:label1\" content=\"Escrito por\" \/>\n\t<meta name=\"twitter:data1\" content=\"Canal Dana\" \/>\n\t<meta name=\"twitter:label2\" content=\"Est. tempo de leitura\" \/>\n\t<meta name=\"twitter:data2\" content=\"3 minutos\" \/>\n<script type=\"application\/ld+json\" class=\"yoast-schema-graph\">{\"@context\":\"https:\\\/\\\/schema.org\",\"@graph\":[{\"@type\":\"Article\",\"@id\":\"https:\\\/\\\/dana.com.br\\\/canaldana\\\/2020\\\/08\\\/17\\\/iveco-bus-entrega-primeiro-lote-da-venda-de-1-200-unidades-para-o-caminho-da-escola\\\/#article\",\"isPartOf\":{\"@id\":\"https:\\\/\\\/dana.com.br\\\/canaldana\\\/2020\\\/08\\\/17\\\/iveco-bus-entrega-primeiro-lote-da-venda-de-1-200-unidades-para-o-caminho-da-escola\\\/\"},\"author\":{\"name\":\"Canal Dana\",\"@id\":\"https:\\\/\\\/dana.com.br\\\/canaldana\\\/#\\\/schema\\\/person\\\/3c21f22f56fcf3bc46b94bc60ea4fef6\"},\"headline\":\"IVECO BUS entrega primeiro lote da venda de 1.200 unidades para o Caminho da Escola\",\"datePublished\":\"2020-08-17T12:18:01+00:00\",\"mainEntityOfPage\":{\"@id\":\"https:\\\/\\\/dana.com.br\\\/canaldana\\\/2020\\\/08\\\/17\\\/iveco-bus-entrega-primeiro-lote-da-venda-de-1-200-unidades-para-o-caminho-da-escola\\\/\"},\"wordCount\":636,\"articleSection\":[\"Mercado\"],\"inLanguage\":\"pt-BR\"},{\"@type\":\"WebPage\",\"@id\":\"https:\\\/\\\/dana.com.br\\\/canaldana\\\/2020\\\/08\\\/17\\\/iveco-bus-entrega-primeiro-lote-da-venda-de-1-200-unidades-para-o-caminho-da-escola\\\/\",\"url\":\"https:\\\/\\\/dana.com.br\\\/canaldana\\\/2020\\\/08\\\/17\\\/iveco-bus-entrega-primeiro-lote-da-venda-de-1-200-unidades-para-o-caminho-da-escola\\\/\",\"name\":\"IVECO BUS entrega primeiro lote da venda de 1.200 unidades para o Caminho da Escola - Canal Dana\",\"isPartOf\":{\"@id\":\"https:\\\/\\\/dana.com.br\\\/canaldana\\\/#website\"},\"datePublished\":\"2020-08-17T12:18:01+00:00\",\"author\":{\"@id\":\"https:\\\/\\\/dana.com.br\\\/canaldana\\\/#\\\/schema\\\/person\\\/3c21f22f56fcf3bc46b94bc60ea4fef6\"},\"breadcrumb\":{\"@id\":\"https:\\\/\\\/dana.com.br\\\/canaldana\\\/2020\\\/08\\\/17\\\/iveco-bus-entrega-primeiro-lote-da-venda-de-1-200-unidades-para-o-caminho-da-escola\\\/#breadcrumb\"},\"inLanguage\":\"pt-BR\",\"potentialAction\":[{\"@type\":\"ReadAction\",\"target\":[\"https:\\\/\\\/dana.com.br\\\/canaldana\\\/2020\\\/08\\\/17\\\/iveco-bus-entrega-primeiro-lote-da-venda-de-1-200-unidades-para-o-caminho-da-escola\\\/\"]}]},{\"@type\":\"BreadcrumbList\",\"@id\":\"https:\\\/\\\/dana.com.br\\\/canaldana\\\/2020\\\/08\\\/17\\\/iveco-bus-entrega-primeiro-lote-da-venda-de-1-200-unidades-para-o-caminho-da-escola\\\/#breadcrumb\",\"itemListElement\":[{\"@type\":\"ListItem\",\"position\":1,\"name\":\"Home\",\"item\":\"https:\\\/\\\/dana.com.br\\\/canaldana\\\/\"},{\"@type\":\"ListItem\",\"position\":2,\"name\":\"Mercado\",\"item\":\"https:\\\/\\\/dana.com.br\\\/canaldana\\\/mercado\\\/\"},{\"@type\":\"ListItem\",\"position\":3,\"name\":\"IVECO BUS entrega primeiro lote da venda de 1.200 unidades para o Caminho da Escola\"}]},{\"@type\":\"WebSite\",\"@id\":\"https:\\\/\\\/dana.com.br\\\/canaldana\\\/#website\",\"url\":\"https:\\\/\\\/dana.com.br\\\/canaldana\\\/\",\"name\":\"Canal Dana\",\"description\":\"Informativo com as principais not\u00edcias da ind\u00fastria automotiva\",\"potentialAction\":[{\"@type\":\"SearchAction\",\"target\":{\"@type\":\"EntryPoint\",\"urlTemplate\":\"https:\\\/\\\/dana.com.br\\\/canaldana\\\/?s={search_term_string}\"},\"query-input\":{\"@type\":\"PropertyValueSpecification\",\"valueRequired\":true,\"valueName\":\"search_term_string\"}}],\"inLanguage\":\"pt-BR\"},{\"@type\":\"Person\",\"@id\":\"https:\\\/\\\/dana.com.br\\\/canaldana\\\/#\\\/schema\\\/person\\\/3c21f22f56fcf3bc46b94bc60ea4fef6\",\"name\":\"Canal Dana\",\"image\":{\"@type\":\"ImageObject\",\"inLanguage\":\"pt-BR\",\"@id\":\"https:\\\/\\\/secure.gravatar.com\\\/avatar\\\/420aaf9278582877d9018637c6817617705899d2858d7572ef0fe59a6b6454b4?s=96&d=mm&r=g\",\"url\":\"https:\\\/\\\/secure.gravatar.com\\\/avatar\\\/420aaf9278582877d9018637c6817617705899d2858d7572ef0fe59a6b6454b4?s=96&d=mm&r=g\",\"contentUrl\":\"https:\\\/\\\/secure.gravatar.com\\\/avatar\\\/420aaf9278582877d9018637c6817617705899d2858d7572ef0fe59a6b6454b4?s=96&d=mm&r=g\",\"caption\":\"Canal Dana\"},\"url\":\"https:\\\/\\\/dana.com.br\\\/canaldana\\\/author\\\/cdeditor\\\/\"}]}<\/script>\n<!-- \/ Yoast SEO plugin. -->","yoast_head_json":{"title":"IVECO BUS entrega primeiro lote da venda de 1.200 unidades para o Caminho da Escola - Canal Dana","robots":{"index":"index","follow":"follow","max-snippet":"max-snippet:-1","max-image-preview":"max-image-preview:large","max-video-preview":"max-video-preview:-1"},"canonical":"https:\/\/dana.com.br\/canaldana\/2020\/08\/17\/iveco-bus-entrega-primeiro-lote-da-venda-de-1-200-unidades-para-o-caminho-da-escola\/","og_locale":"pt_BR","og_type":"article","og_title":"IVECO BUS entrega primeiro lote da venda de 1.200 unidades para o Caminho da Escola - Canal Dana","og_description":"Brasil do Trecho &nbsp; A IVECO BUS, vencedora da licita\u00e7\u00e3o do Programa Caminho da Escola para a venda de 1.200 unidades do \u00d4nibus Escolar Rural M\u00e9dio (ORE 2), baseado no chassi 10-190, inicia a entrega do primeiro lote com 84 ve\u00edculos para estados e munic\u00edpios conveniados \u00e0 iniciativa do Minist\u00e9rio da Educa\u00e7\u00e3o. Os modelos far\u00e3o\u2026 Leia mais \u00bb","og_url":"https:\/\/dana.com.br\/canaldana\/2020\/08\/17\/iveco-bus-entrega-primeiro-lote-da-venda-de-1-200-unidades-para-o-caminho-da-escola\/","og_site_name":"Canal Dana","article_published_time":"2020-08-17T12:18:01+00:00","author":"Canal Dana","twitter_card":"summary_large_image","twitter_misc":{"Escrito por":"Canal Dana","Est. tempo de leitura":"3 minutos"},"schema":{"@context":"https:\/\/schema.org","@graph":[{"@type":"Article","@id":"https:\/\/dana.com.br\/canaldana\/2020\/08\/17\/iveco-bus-entrega-primeiro-lote-da-venda-de-1-200-unidades-para-o-caminho-da-escola\/#article","isPartOf":{"@id":"https:\/\/dana.com.br\/canaldana\/2020\/08\/17\/iveco-bus-entrega-primeiro-lote-da-venda-de-1-200-unidades-para-o-caminho-da-escola\/"},"author":{"name":"Canal Dana","@id":"https:\/\/dana.com.br\/canaldana\/#\/schema\/person\/3c21f22f56fcf3bc46b94bc60ea4fef6"},"headline":"IVECO BUS entrega primeiro lote da venda de 1.200 unidades para o Caminho da Escola","datePublished":"2020-08-17T12:18:01+00:00","mainEntityOfPage":{"@id":"https:\/\/dana.com.br\/canaldana\/2020\/08\/17\/iveco-bus-entrega-primeiro-lote-da-venda-de-1-200-unidades-para-o-caminho-da-escola\/"},"wordCount":636,"articleSection":["Mercado"],"inLanguage":"pt-BR"},{"@type":"WebPage","@id":"https:\/\/dana.com.br\/canaldana\/2020\/08\/17\/iveco-bus-entrega-primeiro-lote-da-venda-de-1-200-unidades-para-o-caminho-da-escola\/","url":"https:\/\/dana.com.br\/canaldana\/2020\/08\/17\/iveco-bus-entrega-primeiro-lote-da-venda-de-1-200-unidades-para-o-caminho-da-escola\/","name":"IVECO BUS entrega primeiro lote da venda de 1.200 unidades para o Caminho da Escola - Canal Dana","isPartOf":{"@id":"https:\/\/dana.com.br\/canaldana\/#website"},"datePublished":"2020-08-17T12:18:01+00:00","author":{"@id":"https:\/\/dana.com.br\/canaldana\/#\/schema\/person\/3c21f22f56fcf3bc46b94bc60ea4fef6"},"breadcrumb":{"@id":"https:\/\/dana.com.br\/canaldana\/2020\/08\/17\/iveco-bus-entrega-primeiro-lote-da-venda-de-1-200-unidades-para-o-caminho-da-escola\/#breadcrumb"},"inLanguage":"pt-BR","potentialAction":[{"@type":"ReadAction","target":["https:\/\/dana.com.br\/canaldana\/2020\/08\/17\/iveco-bus-entrega-primeiro-lote-da-venda-de-1-200-unidades-para-o-caminho-da-escola\/"]}]},{"@type":"BreadcrumbList","@id":"https:\/\/dana.com.br\/canaldana\/2020\/08\/17\/iveco-bus-entrega-primeiro-lote-da-venda-de-1-200-unidades-para-o-caminho-da-escola\/#breadcrumb","itemListElement":[{"@type":"ListItem","position":1,"name":"Home","item":"https:\/\/dana.com.br\/canaldana\/"},{"@type":"ListItem","position":2,"name":"Mercado","item":"https:\/\/dana.com.br\/canaldana\/mercado\/"},{"@type":"ListItem","position":3,"name":"IVECO BUS entrega primeiro lote da venda de 1.200 unidades para o Caminho da Escola"}]},{"@type":"WebSite","@id":"https:\/\/dana.com.br\/canaldana\/#website","url":"https:\/\/dana.com.br\/canaldana\/","name":"Canal Dana","description":"Informativo com as principais not\u00edcias da ind\u00fastria automotiva","potentialAction":[{"@type":"SearchAction","target":{"@type":"EntryPoint","urlTemplate":"https:\/\/dana.com.br\/canaldana\/?s={search_term_string}"},"query-input":{"@type":"PropertyValueSpecification","valueRequired":true,"valueName":"search_term_string"}}],"inLanguage":"pt-BR"},{"@type":"Person","@id":"https:\/\/dana.com.br\/canaldana\/#\/schema\/person\/3c21f22f56fcf3bc46b94bc60ea4fef6","name":"Canal Dana","image":{"@type":"ImageObject","inLanguage":"pt-BR","@id":"https:\/\/secure.gravatar.com\/avatar\/420aaf9278582877d9018637c6817617705899d2858d7572ef0fe59a6b6454b4?s=96&d=mm&r=g","url":"https:\/\/secure.gravatar.com\/avatar\/420aaf9278582877d9018637c6817617705899d2858d7572ef0fe59a6b6454b4?s=96&d=mm&r=g","contentUrl":"https:\/\/secure.gravatar.com\/avatar\/420aaf9278582877d9018637c6817617705899d2858d7572ef0fe59a6b6454b4?s=96&d=mm&r=g","caption":"Canal Dana"},"url":"https:\/\/dana.com.br\/canaldana\/author\/cdeditor\/"}]}},"_links":{"self":[{"href":"https:\/\/dana.com.br\/canaldana\/wp-json\/wp\/v2\/posts\/44199","targetHints":{"allow":["GET"]}}],"collection":[{"href":"https:\/\/dana.com.br\/canaldana\/wp-json\/wp\/v2\/posts"}],"about":[{"href":"https:\/\/dana.com.br\/canaldana\/wp-json\/wp\/v2\/types\/post"}],"author":[{"embeddable":true,"href":"https:\/\/dana.com.br\/canaldana\/wp-json\/wp\/v2\/users\/3"}],"replies":[{"embeddable":true,"href":"https:\/\/dana.com.br\/canaldana\/wp-json\/wp\/v2\/comments?post=44199"}],"version-history":[{"count":0,"href":"https:\/\/dana.com.br\/canaldana\/wp-json\/wp\/v2\/posts\/44199\/revisions"}],"wp:attachment":[{"href":"https:\/\/dana.com.br\/canaldana\/wp-json\/wp\/v2\/media?parent=44199"}],"wp:term":[{"taxonomy":"category","embeddable":true,"href":"https:\/\/dana.com.br\/canaldana\/wp-json\/wp\/v2\/categories?post=44199"},{"taxonomy":"post_tag","embeddable":true,"href":"https:\/\/dana.com.br\/canaldana\/wp-json\/wp\/v2\/tags?post=44199"}],"curies":[{"name":"wp","href":"https:\/\/api.w.org\/{rel}","templated":true}]}}