{"id":44159,"date":"2020-08-13T08:42:11","date_gmt":"2020-08-13T11:42:11","guid":{"rendered":"https:\/\/dana.com.br\/canaldana\/?p=44159"},"modified":"2020-08-13T08:42:11","modified_gmt":"2020-08-13T11:42:11","slug":"hyundai-opera-em-ritmo-pre-pandemia-e-lanca-nova-versao-do-creta","status":"publish","type":"post","link":"https:\/\/dana.com.br\/canaldana\/2020\/08\/13\/hyundai-opera-em-ritmo-pre-pandemia-e-lanca-nova-versao-do-creta\/","title":{"rendered":"Hyundai opera em ritmo pr\u00e9-pandemia e lan\u00e7a nova vers\u00e3o do Creta"},"content":{"rendered":"<p><em>AutoInd\u00fastria<\/em><\/p>\n<p>&nbsp;<\/p>\n<p>Com a volta das opera\u00e7\u00f5es em tr\u00eas turnos na segunda-feira, 10, a Hyundai informa que voltou a operar no ritmo pr\u00e9-pandemia, ou seja, est\u00e1 apta a atingir produ\u00e7\u00e3o de 210 mil unidades em 12 meses a partir de agora. A montadora ressalva, no entanto, que qualquer altera\u00e7\u00e3o no cen\u00e1rio atual em rela\u00e7\u00e3o \u00e0 Comvid-19 pode implicar em novas medidas de redu\u00e7\u00e3o das atividades nas linhas de montagem.<\/p>\n<p>&nbsp;<\/p>\n<p>Al\u00e9m da f\u00e1brica de Piracicaba, SP, da Hyundai, apenas a planta da Volkswagen de Taubat\u00e9, tamb\u00e9m no interior paulista, est\u00e1 operando em tr\u00eas turnos. Em geral, as montadoras ainda n\u00e3o retomaram volume de produ\u00e7\u00e3o pr\u00e9-pandemia, seja por causa do mercado, seja pelas mudan\u00e7as de lay-out em seus espa\u00e7os f\u00edsicos para manter o devido distanciamento social.<\/p>\n<p>&nbsp;<\/p>\n<p>J\u00e1 a Hyundai, que est\u00e1 conseguindo atingir os volumes di\u00e1rios de antes, anunciou nesta quarta-feira, 12, o lan\u00e7amento de uma nova vers\u00e3o intermedi\u00e1ria do seu SUV compacto, o Creta. \u00c9 a op\u00e7\u00e3o Smart Plus, equipada com motor 1.6 de 130 cv e c\u00e2mbio autom\u00e1tico de seis marchas com pre\u00e7o sugerido de R$ 91.590.<\/p>\n<p>&nbsp;<\/p>\n<p>A fabricante destaca que o consumidor pode adquiri-la tanto em uma concession\u00e1ria da marca com tamb\u00e9m fechar a compra sem sair de casa pelo Hyundai Express, a partir desta semana. Na linha 2021, a nova vers\u00e3o Smart Plus substitui as op\u00e7\u00f5es Smart e Pulse Plus, que deixam de ser comercializadas.<\/p>\n<p>&nbsp;<\/p>\n<p>\u201cEstamos atualizando as vers\u00f5es da linha Creta, tornando toda a gama ainda mais atrativa neste segmento altamente competitivo que \u00e9 o dos SUVs compactos\u201d, comenta Angel Martinez, vice-presidente comercial da Hyundai Motor Brasil. \u201cA disputa pela prefer\u00eancia do consumidor \u00e9 ainda mais acirrada na faixa de pre\u00e7o abaixo dos R$ 100 mil. Este ano, j\u00e1 lan\u00e7amos o Creta Action abaixo dos R$ 80 mil e, recentemente, o Creta Limited por R$ 99.990. Faltava uma nova vers\u00e3o intermedi\u00e1ria com uma lista de equipamentos bastante completa\u201d.<\/p>\n<p>&nbsp;<\/p>\n<p>A nova vers\u00e3o vem com rodas diamantadas de liga leve de 17 polegadas, far\u00f3is de neblina, luzes de condu\u00e7\u00e3o diurna (DRL) em LED, volante revestido em couro, ar-condicionado autom\u00e1tico e digital, central multim\u00eddia BlueMedia com 7 polegadas com Android Auto, Apple CarPlay e TV Digital, c\u00e2mera de r\u00e9 com linhas adaptativas, monitoramento de press\u00e3o dos pneus (TPMS) e exclusivos bancos revestidos parcialmente em couro, dentre outros itens de s\u00e9rie.<\/p>\n<p>&nbsp;<\/p>\n<p>A vers\u00e3o topo de linha do SUV da Hyundai, a Prestige, passa a ser comercializada como linha 2021 com pre\u00e7o sugerido de R$ 108.990. O modelo vai oferecer a Hyundai Key Band, chave presencial em forma de pulseira que desempenha as principais fun\u00e7\u00f5es da smart key convencional, como item opcional por R$ 999,52. (AutoInd\u00fastria)<\/p>\n","protected":false},"excerpt":{"rendered":"<p>AutoInd\u00fastria &nbsp; Com a volta das opera\u00e7\u00f5es em tr\u00eas turnos na segunda-feira, 10, a Hyundai informa que voltou a operar no ritmo pr\u00e9-pandemia, ou seja, est\u00e1 apta a atingir produ\u00e7\u00e3o de 210 mil unidades em 12 meses a partir de agora. A montadora ressalva, no entanto, que qualquer altera\u00e7\u00e3o no cen\u00e1rio atual em rela\u00e7\u00e3o \u00e0\u2026 <a class=\"readmore\" href=\"https:\/\/dana.com.br\/canaldana\/2020\/08\/13\/hyundai-opera-em-ritmo-pre-pandemia-e-lanca-nova-versao-do-creta\/\">Leia mais \u00bb<\/a><\/p>\n","protected":false},"author":3,"featured_media":0,"comment_status":"closed","ping_status":"closed","sticky":false,"template":"","format":"standard","meta":{"_acf_changed":false,"footnotes":""},"categories":[61],"tags":[],"class_list":["post-44159","post","type-post","status-publish","format-standard","hentry","category-destaques"],"acf":[],"yoast_head":"<!-- This site is optimized with the Yoast SEO plugin v27.5 - https:\/\/yoast.com\/product\/yoast-seo-wordpress\/ -->\n<title>Hyundai opera em ritmo pr\u00e9-pandemia e lan\u00e7a nova vers\u00e3o do Creta - Canal Dana<\/title>\n<meta name=\"robots\" content=\"index, follow, max-snippet:-1, max-image-preview:large, max-video-preview:-1\" \/>\n<link rel=\"canonical\" href=\"https:\/\/dana.com.br\/canaldana\/2020\/08\/13\/hyundai-opera-em-ritmo-pre-pandemia-e-lanca-nova-versao-do-creta\/\" \/>\n<meta property=\"og:locale\" content=\"pt_BR\" \/>\n<meta property=\"og:type\" content=\"article\" \/>\n<meta property=\"og:title\" content=\"Hyundai opera em ritmo pr\u00e9-pandemia e lan\u00e7a nova vers\u00e3o do Creta - Canal Dana\" \/>\n<meta property=\"og:description\" content=\"AutoInd\u00fastria &nbsp; Com a volta das opera\u00e7\u00f5es em tr\u00eas turnos na segunda-feira, 10, a Hyundai informa que voltou a operar no ritmo pr\u00e9-pandemia, ou seja, est\u00e1 apta a atingir produ\u00e7\u00e3o de 210 mil unidades em 12 meses a partir de agora. A montadora ressalva, no entanto, que qualquer altera\u00e7\u00e3o no cen\u00e1rio atual em rela\u00e7\u00e3o \u00e0\u2026 Leia mais \u00bb\" \/>\n<meta property=\"og:url\" content=\"https:\/\/dana.com.br\/canaldana\/2020\/08\/13\/hyundai-opera-em-ritmo-pre-pandemia-e-lanca-nova-versao-do-creta\/\" \/>\n<meta property=\"og:site_name\" content=\"Canal Dana\" \/>\n<meta property=\"article:published_time\" content=\"2020-08-13T11:42:11+00:00\" \/>\n<meta name=\"author\" content=\"Canal Dana\" \/>\n<meta name=\"twitter:card\" content=\"summary_large_image\" \/>\n<meta name=\"twitter:label1\" content=\"Escrito por\" \/>\n\t<meta name=\"twitter:data1\" content=\"Canal Dana\" \/>\n\t<meta name=\"twitter:label2\" content=\"Est. tempo de leitura\" \/>\n\t<meta name=\"twitter:data2\" content=\"2 minutos\" \/>\n<script type=\"application\/ld+json\" class=\"yoast-schema-graph\">{\"@context\":\"https:\\\/\\\/schema.org\",\"@graph\":[{\"@type\":\"Article\",\"@id\":\"https:\\\/\\\/dana.com.br\\\/canaldana\\\/2020\\\/08\\\/13\\\/hyundai-opera-em-ritmo-pre-pandemia-e-lanca-nova-versao-do-creta\\\/#article\",\"isPartOf\":{\"@id\":\"https:\\\/\\\/dana.com.br\\\/canaldana\\\/2020\\\/08\\\/13\\\/hyundai-opera-em-ritmo-pre-pandemia-e-lanca-nova-versao-do-creta\\\/\"},\"author\":{\"name\":\"Canal Dana\",\"@id\":\"https:\\\/\\\/dana.com.br\\\/canaldana\\\/#\\\/schema\\\/person\\\/3c21f22f56fcf3bc46b94bc60ea4fef6\"},\"headline\":\"Hyundai opera em ritmo pr\u00e9-pandemia e lan\u00e7a nova vers\u00e3o do Creta\",\"datePublished\":\"2020-08-13T11:42:11+00:00\",\"mainEntityOfPage\":{\"@id\":\"https:\\\/\\\/dana.com.br\\\/canaldana\\\/2020\\\/08\\\/13\\\/hyundai-opera-em-ritmo-pre-pandemia-e-lanca-nova-versao-do-creta\\\/\"},\"wordCount\":483,\"articleSection\":[\"Destaques\"],\"inLanguage\":\"pt-BR\"},{\"@type\":\"WebPage\",\"@id\":\"https:\\\/\\\/dana.com.br\\\/canaldana\\\/2020\\\/08\\\/13\\\/hyundai-opera-em-ritmo-pre-pandemia-e-lanca-nova-versao-do-creta\\\/\",\"url\":\"https:\\\/\\\/dana.com.br\\\/canaldana\\\/2020\\\/08\\\/13\\\/hyundai-opera-em-ritmo-pre-pandemia-e-lanca-nova-versao-do-creta\\\/\",\"name\":\"Hyundai opera em ritmo pr\u00e9-pandemia e lan\u00e7a nova vers\u00e3o do Creta - Canal Dana\",\"isPartOf\":{\"@id\":\"https:\\\/\\\/dana.com.br\\\/canaldana\\\/#website\"},\"datePublished\":\"2020-08-13T11:42:11+00:00\",\"author\":{\"@id\":\"https:\\\/\\\/dana.com.br\\\/canaldana\\\/#\\\/schema\\\/person\\\/3c21f22f56fcf3bc46b94bc60ea4fef6\"},\"breadcrumb\":{\"@id\":\"https:\\\/\\\/dana.com.br\\\/canaldana\\\/2020\\\/08\\\/13\\\/hyundai-opera-em-ritmo-pre-pandemia-e-lanca-nova-versao-do-creta\\\/#breadcrumb\"},\"inLanguage\":\"pt-BR\",\"potentialAction\":[{\"@type\":\"ReadAction\",\"target\":[\"https:\\\/\\\/dana.com.br\\\/canaldana\\\/2020\\\/08\\\/13\\\/hyundai-opera-em-ritmo-pre-pandemia-e-lanca-nova-versao-do-creta\\\/\"]}]},{\"@type\":\"BreadcrumbList\",\"@id\":\"https:\\\/\\\/dana.com.br\\\/canaldana\\\/2020\\\/08\\\/13\\\/hyundai-opera-em-ritmo-pre-pandemia-e-lanca-nova-versao-do-creta\\\/#breadcrumb\",\"itemListElement\":[{\"@type\":\"ListItem\",\"position\":1,\"name\":\"Home\",\"item\":\"https:\\\/\\\/dana.com.br\\\/canaldana\\\/\"},{\"@type\":\"ListItem\",\"position\":2,\"name\":\"Destaques\",\"item\":\"https:\\\/\\\/dana.com.br\\\/canaldana\\\/destaques\\\/\"},{\"@type\":\"ListItem\",\"position\":3,\"name\":\"Hyundai opera em ritmo pr\u00e9-pandemia e lan\u00e7a nova vers\u00e3o do Creta\"}]},{\"@type\":\"WebSite\",\"@id\":\"https:\\\/\\\/dana.com.br\\\/canaldana\\\/#website\",\"url\":\"https:\\\/\\\/dana.com.br\\\/canaldana\\\/\",\"name\":\"Canal Dana\",\"description\":\"Informativo com as principais not\u00edcias da ind\u00fastria automotiva\",\"potentialAction\":[{\"@type\":\"SearchAction\",\"target\":{\"@type\":\"EntryPoint\",\"urlTemplate\":\"https:\\\/\\\/dana.com.br\\\/canaldana\\\/?s={search_term_string}\"},\"query-input\":{\"@type\":\"PropertyValueSpecification\",\"valueRequired\":true,\"valueName\":\"search_term_string\"}}],\"inLanguage\":\"pt-BR\"},{\"@type\":\"Person\",\"@id\":\"https:\\\/\\\/dana.com.br\\\/canaldana\\\/#\\\/schema\\\/person\\\/3c21f22f56fcf3bc46b94bc60ea4fef6\",\"name\":\"Canal Dana\",\"image\":{\"@type\":\"ImageObject\",\"inLanguage\":\"pt-BR\",\"@id\":\"https:\\\/\\\/secure.gravatar.com\\\/avatar\\\/420aaf9278582877d9018637c6817617705899d2858d7572ef0fe59a6b6454b4?s=96&d=mm&r=g\",\"url\":\"https:\\\/\\\/secure.gravatar.com\\\/avatar\\\/420aaf9278582877d9018637c6817617705899d2858d7572ef0fe59a6b6454b4?s=96&d=mm&r=g\",\"contentUrl\":\"https:\\\/\\\/secure.gravatar.com\\\/avatar\\\/420aaf9278582877d9018637c6817617705899d2858d7572ef0fe59a6b6454b4?s=96&d=mm&r=g\",\"caption\":\"Canal Dana\"},\"url\":\"https:\\\/\\\/dana.com.br\\\/canaldana\\\/author\\\/cdeditor\\\/\"}]}<\/script>\n<!-- \/ Yoast SEO plugin. -->","yoast_head_json":{"title":"Hyundai opera em ritmo pr\u00e9-pandemia e lan\u00e7a nova vers\u00e3o do Creta - Canal Dana","robots":{"index":"index","follow":"follow","max-snippet":"max-snippet:-1","max-image-preview":"max-image-preview:large","max-video-preview":"max-video-preview:-1"},"canonical":"https:\/\/dana.com.br\/canaldana\/2020\/08\/13\/hyundai-opera-em-ritmo-pre-pandemia-e-lanca-nova-versao-do-creta\/","og_locale":"pt_BR","og_type":"article","og_title":"Hyundai opera em ritmo pr\u00e9-pandemia e lan\u00e7a nova vers\u00e3o do Creta - Canal Dana","og_description":"AutoInd\u00fastria &nbsp; Com a volta das opera\u00e7\u00f5es em tr\u00eas turnos na segunda-feira, 10, a Hyundai informa que voltou a operar no ritmo pr\u00e9-pandemia, ou seja, est\u00e1 apta a atingir produ\u00e7\u00e3o de 210 mil unidades em 12 meses a partir de agora. A montadora ressalva, no entanto, que qualquer altera\u00e7\u00e3o no cen\u00e1rio atual em rela\u00e7\u00e3o \u00e0\u2026 Leia mais \u00bb","og_url":"https:\/\/dana.com.br\/canaldana\/2020\/08\/13\/hyundai-opera-em-ritmo-pre-pandemia-e-lanca-nova-versao-do-creta\/","og_site_name":"Canal Dana","article_published_time":"2020-08-13T11:42:11+00:00","author":"Canal Dana","twitter_card":"summary_large_image","twitter_misc":{"Escrito por":"Canal Dana","Est. tempo de leitura":"2 minutos"},"schema":{"@context":"https:\/\/schema.org","@graph":[{"@type":"Article","@id":"https:\/\/dana.com.br\/canaldana\/2020\/08\/13\/hyundai-opera-em-ritmo-pre-pandemia-e-lanca-nova-versao-do-creta\/#article","isPartOf":{"@id":"https:\/\/dana.com.br\/canaldana\/2020\/08\/13\/hyundai-opera-em-ritmo-pre-pandemia-e-lanca-nova-versao-do-creta\/"},"author":{"name":"Canal Dana","@id":"https:\/\/dana.com.br\/canaldana\/#\/schema\/person\/3c21f22f56fcf3bc46b94bc60ea4fef6"},"headline":"Hyundai opera em ritmo pr\u00e9-pandemia e lan\u00e7a nova vers\u00e3o do Creta","datePublished":"2020-08-13T11:42:11+00:00","mainEntityOfPage":{"@id":"https:\/\/dana.com.br\/canaldana\/2020\/08\/13\/hyundai-opera-em-ritmo-pre-pandemia-e-lanca-nova-versao-do-creta\/"},"wordCount":483,"articleSection":["Destaques"],"inLanguage":"pt-BR"},{"@type":"WebPage","@id":"https:\/\/dana.com.br\/canaldana\/2020\/08\/13\/hyundai-opera-em-ritmo-pre-pandemia-e-lanca-nova-versao-do-creta\/","url":"https:\/\/dana.com.br\/canaldana\/2020\/08\/13\/hyundai-opera-em-ritmo-pre-pandemia-e-lanca-nova-versao-do-creta\/","name":"Hyundai opera em ritmo pr\u00e9-pandemia e lan\u00e7a nova vers\u00e3o do Creta - Canal Dana","isPartOf":{"@id":"https:\/\/dana.com.br\/canaldana\/#website"},"datePublished":"2020-08-13T11:42:11+00:00","author":{"@id":"https:\/\/dana.com.br\/canaldana\/#\/schema\/person\/3c21f22f56fcf3bc46b94bc60ea4fef6"},"breadcrumb":{"@id":"https:\/\/dana.com.br\/canaldana\/2020\/08\/13\/hyundai-opera-em-ritmo-pre-pandemia-e-lanca-nova-versao-do-creta\/#breadcrumb"},"inLanguage":"pt-BR","potentialAction":[{"@type":"ReadAction","target":["https:\/\/dana.com.br\/canaldana\/2020\/08\/13\/hyundai-opera-em-ritmo-pre-pandemia-e-lanca-nova-versao-do-creta\/"]}]},{"@type":"BreadcrumbList","@id":"https:\/\/dana.com.br\/canaldana\/2020\/08\/13\/hyundai-opera-em-ritmo-pre-pandemia-e-lanca-nova-versao-do-creta\/#breadcrumb","itemListElement":[{"@type":"ListItem","position":1,"name":"Home","item":"https:\/\/dana.com.br\/canaldana\/"},{"@type":"ListItem","position":2,"name":"Destaques","item":"https:\/\/dana.com.br\/canaldana\/destaques\/"},{"@type":"ListItem","position":3,"name":"Hyundai opera em ritmo pr\u00e9-pandemia e lan\u00e7a nova vers\u00e3o do Creta"}]},{"@type":"WebSite","@id":"https:\/\/dana.com.br\/canaldana\/#website","url":"https:\/\/dana.com.br\/canaldana\/","name":"Canal Dana","description":"Informativo com as principais not\u00edcias da ind\u00fastria automotiva","potentialAction":[{"@type":"SearchAction","target":{"@type":"EntryPoint","urlTemplate":"https:\/\/dana.com.br\/canaldana\/?s={search_term_string}"},"query-input":{"@type":"PropertyValueSpecification","valueRequired":true,"valueName":"search_term_string"}}],"inLanguage":"pt-BR"},{"@type":"Person","@id":"https:\/\/dana.com.br\/canaldana\/#\/schema\/person\/3c21f22f56fcf3bc46b94bc60ea4fef6","name":"Canal Dana","image":{"@type":"ImageObject","inLanguage":"pt-BR","@id":"https:\/\/secure.gravatar.com\/avatar\/420aaf9278582877d9018637c6817617705899d2858d7572ef0fe59a6b6454b4?s=96&d=mm&r=g","url":"https:\/\/secure.gravatar.com\/avatar\/420aaf9278582877d9018637c6817617705899d2858d7572ef0fe59a6b6454b4?s=96&d=mm&r=g","contentUrl":"https:\/\/secure.gravatar.com\/avatar\/420aaf9278582877d9018637c6817617705899d2858d7572ef0fe59a6b6454b4?s=96&d=mm&r=g","caption":"Canal Dana"},"url":"https:\/\/dana.com.br\/canaldana\/author\/cdeditor\/"}]}},"_links":{"self":[{"href":"https:\/\/dana.com.br\/canaldana\/wp-json\/wp\/v2\/posts\/44159","targetHints":{"allow":["GET"]}}],"collection":[{"href":"https:\/\/dana.com.br\/canaldana\/wp-json\/wp\/v2\/posts"}],"about":[{"href":"https:\/\/dana.com.br\/canaldana\/wp-json\/wp\/v2\/types\/post"}],"author":[{"embeddable":true,"href":"https:\/\/dana.com.br\/canaldana\/wp-json\/wp\/v2\/users\/3"}],"replies":[{"embeddable":true,"href":"https:\/\/dana.com.br\/canaldana\/wp-json\/wp\/v2\/comments?post=44159"}],"version-history":[{"count":0,"href":"https:\/\/dana.com.br\/canaldana\/wp-json\/wp\/v2\/posts\/44159\/revisions"}],"wp:attachment":[{"href":"https:\/\/dana.com.br\/canaldana\/wp-json\/wp\/v2\/media?parent=44159"}],"wp:term":[{"taxonomy":"category","embeddable":true,"href":"https:\/\/dana.com.br\/canaldana\/wp-json\/wp\/v2\/categories?post=44159"},{"taxonomy":"post_tag","embeddable":true,"href":"https:\/\/dana.com.br\/canaldana\/wp-json\/wp\/v2\/tags?post=44159"}],"curies":[{"name":"wp","href":"https:\/\/api.w.org\/{rel}","templated":true}]}}