{"id":44126,"date":"2020-08-12T08:41:18","date_gmt":"2020-08-12T11:41:18","guid":{"rendered":"https:\/\/dana.com.br\/canaldana\/?p=44126"},"modified":"2020-08-12T08:41:18","modified_gmt":"2020-08-12T11:41:18","slug":"sindipecas-menor-deficit-comercial-do-setor-em-10-anos","status":"publish","type":"post","link":"https:\/\/dana.com.br\/canaldana\/2020\/08\/12\/sindipecas-menor-deficit-comercial-do-setor-em-10-anos\/","title":{"rendered":"Sindipe\u00e7as: menor d\u00e9ficit comercial do setor em 10 anos"},"content":{"rendered":"<p><em>AutoInd\u00fastria <\/em><\/p>\n<p>&nbsp;<\/p>\n<p>Com queda de 33,7% nas exporta\u00e7\u00f5es e de 28,4% nas importa\u00e7\u00f5es em rela\u00e7\u00e3o a id\u00eantico per\u00edodo de 2019, a ind\u00fastria de autope\u00e7as encerrou os primeiros seis meses do ano com d\u00e9ficit comercial de US$ 1,61 bilh\u00e3o, o que indica retra\u00e7\u00e3o de 18,4% na mesma base de compara\u00e7\u00e3o e, em termos hist\u00f3ricos, \u00e9 o menor saldo negativo para o primeiro semestre do ano desde 2010.<\/p>\n<p>&nbsp;<\/p>\n<p>\u201cDuramente afetadas pelos impactos econ\u00f4micos, sociais e log\u00edsticos da Covid-19, as vendas ao exterior somaram US$ 2,46 bilh\u00f5es no acumulado do semestre e as aquisi\u00e7\u00f5es em outros mercados, US$ 4,07 bilh\u00f5es\u201d, revela o Sindipe\u00e7as em seu relat\u00f3rio mensal da balan\u00e7a comercial.<\/p>\n<p>&nbsp;<\/p>\n<p>Ainda de acordo com a entidade, contribu\u00edram para os resultados verificados no semestre a retra\u00e7\u00e3o das vendas de autope\u00e7as para os principais mercados compradores, como Estados Unidos, Argentina, Alemanha, M\u00e9xico e Holanda, e a diminui\u00e7\u00e3o das importa\u00e7\u00f5es, que pode ser atribu\u00edda, dentre outros fatores, \u00e0 alta do d\u00f3lar, \u00e0 retomada interna incipiente e \u00e0 substitui\u00e7\u00e3o por fornecedores locais.<\/p>\n<p>&nbsp;<\/p>\n<p>Em junho, pela primeira vez no ano, as exporta\u00e7\u00f5es registram alta em rela\u00e7\u00e3o ao m\u00eas imediatamente anterior, o que o Sindipe\u00e7as atribui \u00e0 gradual abertura dos mercados por conta da melhoria das condi\u00e7\u00f5es sanit\u00e1rias em v\u00e1rias partes do mundo \u2013 especialmente Europa e \u00c1sia \u2013 e da forte desvaloriza\u00e7\u00e3o da moeda brasileira. As vendas externas chegaram a US$ 342,5 milh\u00f5es no sexto m\u00eas do ano, alta de 43% sobre maio.<\/p>\n<p>&nbsp;<\/p>\n<p>Com rela\u00e7\u00e3o a junho de 2019, no entanto, verifica-se queda de 37%. No sexto m\u00eas do ano passado foram exportados US4$ 543,4 milh\u00f5es. De qualquer forma, \u00e9 um \u00edndice inferior aos resultados interanuais observados em abril (-57,4%) e maio (-63,6%).<\/p>\n<p>&nbsp;<\/p>\n<p>No comparativo de junho deste ano com junho de 2019, os principais mercados de pe\u00e7as brasileiras, dentre eles Estados Unidos, Argentina e M\u00e9xico mostraram contra\u00e7\u00f5es acima da m\u00e9dia de queda do setor, com \u00edndices na faixa de 40% a 48%. A exce\u00e7\u00e3o foi a Alemanha, com recuo de 14,2%.<\/p>\n<p>&nbsp;<\/p>\n<p>Ao totalizar US$ 466,7 milh\u00f5es em junho, as importa\u00e7\u00f5es de autope\u00e7as mantiveram retra\u00e7\u00e3o interanual ao redor de 45%, pr\u00f3xima \u00e0 dos meses de abril e maio. Na passagem mensal, segundo o Sindipe\u00e7as, a queda foi ainda mais intensa do que \u00e0 do m\u00eas anterior, aproximando-se de 18%. (AutoInd\u00fastria\/Alzira Rodrigues)<\/p>\n","protected":false},"excerpt":{"rendered":"<p>AutoInd\u00fastria &nbsp; Com queda de 33,7% nas exporta\u00e7\u00f5es e de 28,4% nas importa\u00e7\u00f5es em rela\u00e7\u00e3o a id\u00eantico per\u00edodo de 2019, a ind\u00fastria de autope\u00e7as encerrou os primeiros seis meses do ano com d\u00e9ficit comercial de US$ 1,61 bilh\u00e3o, o que indica retra\u00e7\u00e3o de 18,4% na mesma base de compara\u00e7\u00e3o e, em termos hist\u00f3ricos, \u00e9 o\u2026 <a class=\"readmore\" href=\"https:\/\/dana.com.br\/canaldana\/2020\/08\/12\/sindipecas-menor-deficit-comercial-do-setor-em-10-anos\/\">Leia mais \u00bb<\/a><\/p>\n","protected":false},"author":3,"featured_media":0,"comment_status":"closed","ping_status":"closed","sticky":false,"template":"","format":"standard","meta":{"_acf_changed":false,"footnotes":""},"categories":[79],"tags":[],"class_list":["post-44126","post","type-post","status-publish","format-standard","hentry","category-mercado"],"acf":[],"yoast_head":"<!-- This site is optimized with the Yoast SEO plugin v27.5 - https:\/\/yoast.com\/product\/yoast-seo-wordpress\/ -->\n<title>Sindipe\u00e7as: menor d\u00e9ficit comercial do setor em 10 anos - Canal Dana<\/title>\n<meta name=\"robots\" content=\"index, follow, max-snippet:-1, max-image-preview:large, max-video-preview:-1\" \/>\n<link rel=\"canonical\" href=\"https:\/\/dana.com.br\/canaldana\/2020\/08\/12\/sindipecas-menor-deficit-comercial-do-setor-em-10-anos\/\" \/>\n<meta property=\"og:locale\" content=\"pt_BR\" \/>\n<meta property=\"og:type\" content=\"article\" \/>\n<meta property=\"og:title\" content=\"Sindipe\u00e7as: menor d\u00e9ficit comercial do setor em 10 anos - Canal Dana\" \/>\n<meta property=\"og:description\" content=\"AutoInd\u00fastria &nbsp; Com queda de 33,7% nas exporta\u00e7\u00f5es e de 28,4% nas importa\u00e7\u00f5es em rela\u00e7\u00e3o a id\u00eantico per\u00edodo de 2019, a ind\u00fastria de autope\u00e7as encerrou os primeiros seis meses do ano com d\u00e9ficit comercial de US$ 1,61 bilh\u00e3o, o que indica retra\u00e7\u00e3o de 18,4% na mesma base de compara\u00e7\u00e3o e, em termos hist\u00f3ricos, \u00e9 o\u2026 Leia mais \u00bb\" \/>\n<meta property=\"og:url\" content=\"https:\/\/dana.com.br\/canaldana\/2020\/08\/12\/sindipecas-menor-deficit-comercial-do-setor-em-10-anos\/\" \/>\n<meta property=\"og:site_name\" content=\"Canal Dana\" \/>\n<meta property=\"article:published_time\" content=\"2020-08-12T11:41:18+00:00\" \/>\n<meta name=\"author\" content=\"Canal Dana\" \/>\n<meta name=\"twitter:card\" content=\"summary_large_image\" \/>\n<meta name=\"twitter:label1\" content=\"Escrito por\" \/>\n\t<meta name=\"twitter:data1\" content=\"Canal Dana\" \/>\n\t<meta name=\"twitter:label2\" content=\"Est. tempo de leitura\" \/>\n\t<meta name=\"twitter:data2\" content=\"2 minutos\" \/>\n<script type=\"application\/ld+json\" class=\"yoast-schema-graph\">{\"@context\":\"https:\\\/\\\/schema.org\",\"@graph\":[{\"@type\":\"Article\",\"@id\":\"https:\\\/\\\/dana.com.br\\\/canaldana\\\/2020\\\/08\\\/12\\\/sindipecas-menor-deficit-comercial-do-setor-em-10-anos\\\/#article\",\"isPartOf\":{\"@id\":\"https:\\\/\\\/dana.com.br\\\/canaldana\\\/2020\\\/08\\\/12\\\/sindipecas-menor-deficit-comercial-do-setor-em-10-anos\\\/\"},\"author\":{\"name\":\"Canal Dana\",\"@id\":\"https:\\\/\\\/dana.com.br\\\/canaldana\\\/#\\\/schema\\\/person\\\/3c21f22f56fcf3bc46b94bc60ea4fef6\"},\"headline\":\"Sindipe\u00e7as: menor d\u00e9ficit comercial do setor em 10 anos\",\"datePublished\":\"2020-08-12T11:41:18+00:00\",\"mainEntityOfPage\":{\"@id\":\"https:\\\/\\\/dana.com.br\\\/canaldana\\\/2020\\\/08\\\/12\\\/sindipecas-menor-deficit-comercial-do-setor-em-10-anos\\\/\"},\"wordCount\":416,\"articleSection\":[\"Mercado\"],\"inLanguage\":\"pt-BR\"},{\"@type\":\"WebPage\",\"@id\":\"https:\\\/\\\/dana.com.br\\\/canaldana\\\/2020\\\/08\\\/12\\\/sindipecas-menor-deficit-comercial-do-setor-em-10-anos\\\/\",\"url\":\"https:\\\/\\\/dana.com.br\\\/canaldana\\\/2020\\\/08\\\/12\\\/sindipecas-menor-deficit-comercial-do-setor-em-10-anos\\\/\",\"name\":\"Sindipe\u00e7as: menor d\u00e9ficit comercial do setor em 10 anos - Canal Dana\",\"isPartOf\":{\"@id\":\"https:\\\/\\\/dana.com.br\\\/canaldana\\\/#website\"},\"datePublished\":\"2020-08-12T11:41:18+00:00\",\"author\":{\"@id\":\"https:\\\/\\\/dana.com.br\\\/canaldana\\\/#\\\/schema\\\/person\\\/3c21f22f56fcf3bc46b94bc60ea4fef6\"},\"breadcrumb\":{\"@id\":\"https:\\\/\\\/dana.com.br\\\/canaldana\\\/2020\\\/08\\\/12\\\/sindipecas-menor-deficit-comercial-do-setor-em-10-anos\\\/#breadcrumb\"},\"inLanguage\":\"pt-BR\",\"potentialAction\":[{\"@type\":\"ReadAction\",\"target\":[\"https:\\\/\\\/dana.com.br\\\/canaldana\\\/2020\\\/08\\\/12\\\/sindipecas-menor-deficit-comercial-do-setor-em-10-anos\\\/\"]}]},{\"@type\":\"BreadcrumbList\",\"@id\":\"https:\\\/\\\/dana.com.br\\\/canaldana\\\/2020\\\/08\\\/12\\\/sindipecas-menor-deficit-comercial-do-setor-em-10-anos\\\/#breadcrumb\",\"itemListElement\":[{\"@type\":\"ListItem\",\"position\":1,\"name\":\"Home\",\"item\":\"https:\\\/\\\/dana.com.br\\\/canaldana\\\/\"},{\"@type\":\"ListItem\",\"position\":2,\"name\":\"Mercado\",\"item\":\"https:\\\/\\\/dana.com.br\\\/canaldana\\\/mercado\\\/\"},{\"@type\":\"ListItem\",\"position\":3,\"name\":\"Sindipe\u00e7as: menor d\u00e9ficit comercial do setor em 10 anos\"}]},{\"@type\":\"WebSite\",\"@id\":\"https:\\\/\\\/dana.com.br\\\/canaldana\\\/#website\",\"url\":\"https:\\\/\\\/dana.com.br\\\/canaldana\\\/\",\"name\":\"Canal Dana\",\"description\":\"Informativo com as principais not\u00edcias da ind\u00fastria automotiva\",\"potentialAction\":[{\"@type\":\"SearchAction\",\"target\":{\"@type\":\"EntryPoint\",\"urlTemplate\":\"https:\\\/\\\/dana.com.br\\\/canaldana\\\/?s={search_term_string}\"},\"query-input\":{\"@type\":\"PropertyValueSpecification\",\"valueRequired\":true,\"valueName\":\"search_term_string\"}}],\"inLanguage\":\"pt-BR\"},{\"@type\":\"Person\",\"@id\":\"https:\\\/\\\/dana.com.br\\\/canaldana\\\/#\\\/schema\\\/person\\\/3c21f22f56fcf3bc46b94bc60ea4fef6\",\"name\":\"Canal Dana\",\"image\":{\"@type\":\"ImageObject\",\"inLanguage\":\"pt-BR\",\"@id\":\"https:\\\/\\\/secure.gravatar.com\\\/avatar\\\/420aaf9278582877d9018637c6817617705899d2858d7572ef0fe59a6b6454b4?s=96&d=mm&r=g\",\"url\":\"https:\\\/\\\/secure.gravatar.com\\\/avatar\\\/420aaf9278582877d9018637c6817617705899d2858d7572ef0fe59a6b6454b4?s=96&d=mm&r=g\",\"contentUrl\":\"https:\\\/\\\/secure.gravatar.com\\\/avatar\\\/420aaf9278582877d9018637c6817617705899d2858d7572ef0fe59a6b6454b4?s=96&d=mm&r=g\",\"caption\":\"Canal Dana\"},\"url\":\"https:\\\/\\\/dana.com.br\\\/canaldana\\\/author\\\/cdeditor\\\/\"}]}<\/script>\n<!-- \/ Yoast SEO plugin. -->","yoast_head_json":{"title":"Sindipe\u00e7as: menor d\u00e9ficit comercial do setor em 10 anos - Canal Dana","robots":{"index":"index","follow":"follow","max-snippet":"max-snippet:-1","max-image-preview":"max-image-preview:large","max-video-preview":"max-video-preview:-1"},"canonical":"https:\/\/dana.com.br\/canaldana\/2020\/08\/12\/sindipecas-menor-deficit-comercial-do-setor-em-10-anos\/","og_locale":"pt_BR","og_type":"article","og_title":"Sindipe\u00e7as: menor d\u00e9ficit comercial do setor em 10 anos - Canal Dana","og_description":"AutoInd\u00fastria &nbsp; Com queda de 33,7% nas exporta\u00e7\u00f5es e de 28,4% nas importa\u00e7\u00f5es em rela\u00e7\u00e3o a id\u00eantico per\u00edodo de 2019, a ind\u00fastria de autope\u00e7as encerrou os primeiros seis meses do ano com d\u00e9ficit comercial de US$ 1,61 bilh\u00e3o, o que indica retra\u00e7\u00e3o de 18,4% na mesma base de compara\u00e7\u00e3o e, em termos hist\u00f3ricos, \u00e9 o\u2026 Leia mais \u00bb","og_url":"https:\/\/dana.com.br\/canaldana\/2020\/08\/12\/sindipecas-menor-deficit-comercial-do-setor-em-10-anos\/","og_site_name":"Canal Dana","article_published_time":"2020-08-12T11:41:18+00:00","author":"Canal Dana","twitter_card":"summary_large_image","twitter_misc":{"Escrito por":"Canal Dana","Est. tempo de leitura":"2 minutos"},"schema":{"@context":"https:\/\/schema.org","@graph":[{"@type":"Article","@id":"https:\/\/dana.com.br\/canaldana\/2020\/08\/12\/sindipecas-menor-deficit-comercial-do-setor-em-10-anos\/#article","isPartOf":{"@id":"https:\/\/dana.com.br\/canaldana\/2020\/08\/12\/sindipecas-menor-deficit-comercial-do-setor-em-10-anos\/"},"author":{"name":"Canal Dana","@id":"https:\/\/dana.com.br\/canaldana\/#\/schema\/person\/3c21f22f56fcf3bc46b94bc60ea4fef6"},"headline":"Sindipe\u00e7as: menor d\u00e9ficit comercial do setor em 10 anos","datePublished":"2020-08-12T11:41:18+00:00","mainEntityOfPage":{"@id":"https:\/\/dana.com.br\/canaldana\/2020\/08\/12\/sindipecas-menor-deficit-comercial-do-setor-em-10-anos\/"},"wordCount":416,"articleSection":["Mercado"],"inLanguage":"pt-BR"},{"@type":"WebPage","@id":"https:\/\/dana.com.br\/canaldana\/2020\/08\/12\/sindipecas-menor-deficit-comercial-do-setor-em-10-anos\/","url":"https:\/\/dana.com.br\/canaldana\/2020\/08\/12\/sindipecas-menor-deficit-comercial-do-setor-em-10-anos\/","name":"Sindipe\u00e7as: menor d\u00e9ficit comercial do setor em 10 anos - Canal Dana","isPartOf":{"@id":"https:\/\/dana.com.br\/canaldana\/#website"},"datePublished":"2020-08-12T11:41:18+00:00","author":{"@id":"https:\/\/dana.com.br\/canaldana\/#\/schema\/person\/3c21f22f56fcf3bc46b94bc60ea4fef6"},"breadcrumb":{"@id":"https:\/\/dana.com.br\/canaldana\/2020\/08\/12\/sindipecas-menor-deficit-comercial-do-setor-em-10-anos\/#breadcrumb"},"inLanguage":"pt-BR","potentialAction":[{"@type":"ReadAction","target":["https:\/\/dana.com.br\/canaldana\/2020\/08\/12\/sindipecas-menor-deficit-comercial-do-setor-em-10-anos\/"]}]},{"@type":"BreadcrumbList","@id":"https:\/\/dana.com.br\/canaldana\/2020\/08\/12\/sindipecas-menor-deficit-comercial-do-setor-em-10-anos\/#breadcrumb","itemListElement":[{"@type":"ListItem","position":1,"name":"Home","item":"https:\/\/dana.com.br\/canaldana\/"},{"@type":"ListItem","position":2,"name":"Mercado","item":"https:\/\/dana.com.br\/canaldana\/mercado\/"},{"@type":"ListItem","position":3,"name":"Sindipe\u00e7as: menor d\u00e9ficit comercial do setor em 10 anos"}]},{"@type":"WebSite","@id":"https:\/\/dana.com.br\/canaldana\/#website","url":"https:\/\/dana.com.br\/canaldana\/","name":"Canal Dana","description":"Informativo com as principais not\u00edcias da ind\u00fastria automotiva","potentialAction":[{"@type":"SearchAction","target":{"@type":"EntryPoint","urlTemplate":"https:\/\/dana.com.br\/canaldana\/?s={search_term_string}"},"query-input":{"@type":"PropertyValueSpecification","valueRequired":true,"valueName":"search_term_string"}}],"inLanguage":"pt-BR"},{"@type":"Person","@id":"https:\/\/dana.com.br\/canaldana\/#\/schema\/person\/3c21f22f56fcf3bc46b94bc60ea4fef6","name":"Canal Dana","image":{"@type":"ImageObject","inLanguage":"pt-BR","@id":"https:\/\/secure.gravatar.com\/avatar\/420aaf9278582877d9018637c6817617705899d2858d7572ef0fe59a6b6454b4?s=96&d=mm&r=g","url":"https:\/\/secure.gravatar.com\/avatar\/420aaf9278582877d9018637c6817617705899d2858d7572ef0fe59a6b6454b4?s=96&d=mm&r=g","contentUrl":"https:\/\/secure.gravatar.com\/avatar\/420aaf9278582877d9018637c6817617705899d2858d7572ef0fe59a6b6454b4?s=96&d=mm&r=g","caption":"Canal Dana"},"url":"https:\/\/dana.com.br\/canaldana\/author\/cdeditor\/"}]}},"_links":{"self":[{"href":"https:\/\/dana.com.br\/canaldana\/wp-json\/wp\/v2\/posts\/44126","targetHints":{"allow":["GET"]}}],"collection":[{"href":"https:\/\/dana.com.br\/canaldana\/wp-json\/wp\/v2\/posts"}],"about":[{"href":"https:\/\/dana.com.br\/canaldana\/wp-json\/wp\/v2\/types\/post"}],"author":[{"embeddable":true,"href":"https:\/\/dana.com.br\/canaldana\/wp-json\/wp\/v2\/users\/3"}],"replies":[{"embeddable":true,"href":"https:\/\/dana.com.br\/canaldana\/wp-json\/wp\/v2\/comments?post=44126"}],"version-history":[{"count":0,"href":"https:\/\/dana.com.br\/canaldana\/wp-json\/wp\/v2\/posts\/44126\/revisions"}],"wp:attachment":[{"href":"https:\/\/dana.com.br\/canaldana\/wp-json\/wp\/v2\/media?parent=44126"}],"wp:term":[{"taxonomy":"category","embeddable":true,"href":"https:\/\/dana.com.br\/canaldana\/wp-json\/wp\/v2\/categories?post=44126"},{"taxonomy":"post_tag","embeddable":true,"href":"https:\/\/dana.com.br\/canaldana\/wp-json\/wp\/v2\/tags?post=44126"}],"curies":[{"name":"wp","href":"https:\/\/api.w.org\/{rel}","templated":true}]}}