{"id":44114,"date":"2020-08-12T08:32:54","date_gmt":"2020-08-12T11:32:54","guid":{"rendered":"https:\/\/dana.com.br\/canaldana\/?p=44114"},"modified":"2020-08-12T08:32:54","modified_gmt":"2020-08-12T11:32:54","slug":"fiat-strada-segue-sem-concorrentes","status":"publish","type":"post","link":"https:\/\/dana.com.br\/canaldana\/2020\/08\/12\/fiat-strada-segue-sem-concorrentes\/","title":{"rendered":"Fiat Strada segue \u201csem concorrentes\u201d"},"content":{"rendered":"<p><em>AutoInd\u00fastria <\/em><\/p>\n<p>&nbsp;<\/p>\n<p>Foram licenciadas no m\u00eas passado 6,5 mil unidades da picape Strada. O comercial leve da Fiat foi o quarto ve\u00edculo mais vendido no Pa\u00eds, atr\u00e1s somente do SUV Volkswagen T-Cross e dos hatches Chevrolet Onix e Hyundai HB20.<\/p>\n<p>&nbsp;<\/p>\n<p>O resultado garante ainda ao modelo a continuidade da longa e tranquila lideran\u00e7a de duas d\u00e9cadas no segmento de picapes e a condi\u00e7\u00e3o de ve\u00edculo Fiat mais vendido no mercado interno. Um desempenho alcan\u00e7ado em per\u00edodo de transi\u00e7\u00e3o de gera\u00e7\u00e3o, o que quase sempre resultaria em perda de vendas.<\/p>\n<p>&nbsp;<\/p>\n<p>Mas que nada. De janeiro a julho, foram emplacadas 29,4 mil unidades da Strada, bem \u00e0 frente da segunda colocada Fiat Toro, que teve 24 mil licenciamentos, seguida da Toyota Hilux (16,6 mil).<\/p>\n<p>&nbsp;<\/p>\n<p>Concorrente mais direta da Strada pelo porte e aplica\u00e7\u00f5es, a Volkswagen Saveiro acumulou somente 15,3 mil unidades vendidas, quase a metade da l\u00edder. O que comprova a for\u00e7a do modelo da Fiat, j\u00e1 que a concorr\u00eancia n\u00e3o conseguiu se aproveitar da passagem de gera\u00e7\u00f5es.<\/p>\n<p>&nbsp;<\/p>\n<p>Entre as picapes pequenas, que tem ainda a Chevrolet Montana, o modelo da Fiat acumula participa\u00e7\u00e3o de 60% em 2020, mais at\u00e9 do que em igual per\u00edodo do ano passado, quando deteve 59% dos neg\u00f3cios.<\/p>\n<p>&nbsp;<\/p>\n<p>E nada indica que esse quadro vai se alterar no futuro breve. Apenas em julho, seu primeiro m\u00eas completo nas concession\u00e1rias, a Nova Strada foi alvo de 17 mil pedidos. Desde o lan\u00e7amento, em 26 junho, cerca de 23 mil solicita\u00e7\u00f5es de compra chegaram \u00e0 f\u00e1brica.<\/p>\n<p>&nbsp;<\/p>\n<p>A m\u00e9dia di\u00e1ria de pedidos, segundo a Fiat, est\u00e1 em 770 unidades, 3,5 vezes maior do que em 2019 e quatro vezes superior ao previsto \u00e0 \u00e9poca do lan\u00e7amento, demanda que tem surpreendido at\u00e9 mesmo a montadora.<\/p>\n<p>&nbsp;<\/p>\n<p>\u201cEstamos aumentando gradativamente a capacidade produtiva para atender, nos pr\u00f3ximos meses, os pedidos que n\u00e3o param de chegar\u201d, revela Herlander Zola, diretor do Brand Fiat e Opera\u00e7\u00f5es Comerciais Brasil.<\/p>\n<p>&nbsp;<\/p>\n<p>Segundo o executivo, a in\u00e9dita configura\u00e7\u00e3o de cabine dupla com quatro portas e cinco lugares t\u00eam respondido por 50% das encomendas e, sozinha, a topo de gama Volcano representa um quarto 25% dos pedidos. (AutoInd\u00fastria\/George Guimar\u00e3es)<\/p>\n","protected":false},"excerpt":{"rendered":"<p>AutoInd\u00fastria &nbsp; Foram licenciadas no m\u00eas passado 6,5 mil unidades da picape Strada. O comercial leve da Fiat foi o quarto ve\u00edculo mais vendido no Pa\u00eds, atr\u00e1s somente do SUV Volkswagen T-Cross e dos hatches Chevrolet Onix e Hyundai HB20. &nbsp; O resultado garante ainda ao modelo a continuidade da longa e tranquila lideran\u00e7a de\u2026 <a class=\"readmore\" href=\"https:\/\/dana.com.br\/canaldana\/2020\/08\/12\/fiat-strada-segue-sem-concorrentes\/\">Leia mais \u00bb<\/a><\/p>\n","protected":false},"author":3,"featured_media":0,"comment_status":"closed","ping_status":"closed","sticky":false,"template":"","format":"standard","meta":{"_acf_changed":false,"footnotes":""},"categories":[79],"tags":[],"class_list":["post-44114","post","type-post","status-publish","format-standard","hentry","category-mercado"],"acf":[],"yoast_head":"<!-- This site is optimized with the Yoast SEO plugin v27.3 - https:\/\/yoast.com\/product\/yoast-seo-wordpress\/ -->\n<title>Fiat Strada segue \u201csem concorrentes\u201d - Canal Dana<\/title>\n<meta name=\"robots\" content=\"index, follow, max-snippet:-1, max-image-preview:large, max-video-preview:-1\" \/>\n<link rel=\"canonical\" href=\"https:\/\/dana.com.br\/canaldana\/2020\/08\/12\/fiat-strada-segue-sem-concorrentes\/\" \/>\n<meta property=\"og:locale\" content=\"pt_BR\" \/>\n<meta property=\"og:type\" content=\"article\" \/>\n<meta property=\"og:title\" content=\"Fiat Strada segue \u201csem concorrentes\u201d - Canal Dana\" \/>\n<meta property=\"og:description\" content=\"AutoInd\u00fastria &nbsp; Foram licenciadas no m\u00eas passado 6,5 mil unidades da picape Strada. O comercial leve da Fiat foi o quarto ve\u00edculo mais vendido no Pa\u00eds, atr\u00e1s somente do SUV Volkswagen T-Cross e dos hatches Chevrolet Onix e Hyundai HB20. &nbsp; O resultado garante ainda ao modelo a continuidade da longa e tranquila lideran\u00e7a de\u2026 Leia mais \u00bb\" \/>\n<meta property=\"og:url\" content=\"https:\/\/dana.com.br\/canaldana\/2020\/08\/12\/fiat-strada-segue-sem-concorrentes\/\" \/>\n<meta property=\"og:site_name\" content=\"Canal Dana\" \/>\n<meta property=\"article:published_time\" content=\"2020-08-12T11:32:54+00:00\" \/>\n<meta name=\"author\" content=\"Canal Dana\" \/>\n<meta name=\"twitter:card\" content=\"summary_large_image\" \/>\n<meta name=\"twitter:label1\" content=\"Escrito por\" \/>\n\t<meta name=\"twitter:data1\" content=\"Canal Dana\" \/>\n\t<meta name=\"twitter:label2\" content=\"Est. tempo de leitura\" \/>\n\t<meta name=\"twitter:data2\" content=\"2 minutos\" \/>\n<script type=\"application\/ld+json\" class=\"yoast-schema-graph\">{\"@context\":\"https:\\\/\\\/schema.org\",\"@graph\":[{\"@type\":\"Article\",\"@id\":\"https:\\\/\\\/dana.com.br\\\/canaldana\\\/2020\\\/08\\\/12\\\/fiat-strada-segue-sem-concorrentes\\\/#article\",\"isPartOf\":{\"@id\":\"https:\\\/\\\/dana.com.br\\\/canaldana\\\/2020\\\/08\\\/12\\\/fiat-strada-segue-sem-concorrentes\\\/\"},\"author\":{\"name\":\"Canal Dana\",\"@id\":\"https:\\\/\\\/dana.com.br\\\/canaldana\\\/#\\\/schema\\\/person\\\/3c21f22f56fcf3bc46b94bc60ea4fef6\"},\"headline\":\"Fiat Strada segue \u201csem concorrentes\u201d\",\"datePublished\":\"2020-08-12T11:32:54+00:00\",\"mainEntityOfPage\":{\"@id\":\"https:\\\/\\\/dana.com.br\\\/canaldana\\\/2020\\\/08\\\/12\\\/fiat-strada-segue-sem-concorrentes\\\/\"},\"wordCount\":382,\"articleSection\":[\"Mercado\"],\"inLanguage\":\"pt-BR\"},{\"@type\":\"WebPage\",\"@id\":\"https:\\\/\\\/dana.com.br\\\/canaldana\\\/2020\\\/08\\\/12\\\/fiat-strada-segue-sem-concorrentes\\\/\",\"url\":\"https:\\\/\\\/dana.com.br\\\/canaldana\\\/2020\\\/08\\\/12\\\/fiat-strada-segue-sem-concorrentes\\\/\",\"name\":\"Fiat Strada segue \u201csem concorrentes\u201d - Canal Dana\",\"isPartOf\":{\"@id\":\"https:\\\/\\\/dana.com.br\\\/canaldana\\\/#website\"},\"datePublished\":\"2020-08-12T11:32:54+00:00\",\"author\":{\"@id\":\"https:\\\/\\\/dana.com.br\\\/canaldana\\\/#\\\/schema\\\/person\\\/3c21f22f56fcf3bc46b94bc60ea4fef6\"},\"breadcrumb\":{\"@id\":\"https:\\\/\\\/dana.com.br\\\/canaldana\\\/2020\\\/08\\\/12\\\/fiat-strada-segue-sem-concorrentes\\\/#breadcrumb\"},\"inLanguage\":\"pt-BR\",\"potentialAction\":[{\"@type\":\"ReadAction\",\"target\":[\"https:\\\/\\\/dana.com.br\\\/canaldana\\\/2020\\\/08\\\/12\\\/fiat-strada-segue-sem-concorrentes\\\/\"]}]},{\"@type\":\"BreadcrumbList\",\"@id\":\"https:\\\/\\\/dana.com.br\\\/canaldana\\\/2020\\\/08\\\/12\\\/fiat-strada-segue-sem-concorrentes\\\/#breadcrumb\",\"itemListElement\":[{\"@type\":\"ListItem\",\"position\":1,\"name\":\"Home\",\"item\":\"https:\\\/\\\/dana.com.br\\\/canaldana\\\/\"},{\"@type\":\"ListItem\",\"position\":2,\"name\":\"Mercado\",\"item\":\"https:\\\/\\\/dana.com.br\\\/canaldana\\\/mercado\\\/\"},{\"@type\":\"ListItem\",\"position\":3,\"name\":\"Fiat Strada segue \u201csem concorrentes\u201d\"}]},{\"@type\":\"WebSite\",\"@id\":\"https:\\\/\\\/dana.com.br\\\/canaldana\\\/#website\",\"url\":\"https:\\\/\\\/dana.com.br\\\/canaldana\\\/\",\"name\":\"Canal Dana\",\"description\":\"Informativo com as principais not\u00edcias da ind\u00fastria automotiva\",\"potentialAction\":[{\"@type\":\"SearchAction\",\"target\":{\"@type\":\"EntryPoint\",\"urlTemplate\":\"https:\\\/\\\/dana.com.br\\\/canaldana\\\/?s={search_term_string}\"},\"query-input\":{\"@type\":\"PropertyValueSpecification\",\"valueRequired\":true,\"valueName\":\"search_term_string\"}}],\"inLanguage\":\"pt-BR\"},{\"@type\":\"Person\",\"@id\":\"https:\\\/\\\/dana.com.br\\\/canaldana\\\/#\\\/schema\\\/person\\\/3c21f22f56fcf3bc46b94bc60ea4fef6\",\"name\":\"Canal Dana\",\"image\":{\"@type\":\"ImageObject\",\"inLanguage\":\"pt-BR\",\"@id\":\"https:\\\/\\\/secure.gravatar.com\\\/avatar\\\/420aaf9278582877d9018637c6817617705899d2858d7572ef0fe59a6b6454b4?s=96&d=mm&r=g\",\"url\":\"https:\\\/\\\/secure.gravatar.com\\\/avatar\\\/420aaf9278582877d9018637c6817617705899d2858d7572ef0fe59a6b6454b4?s=96&d=mm&r=g\",\"contentUrl\":\"https:\\\/\\\/secure.gravatar.com\\\/avatar\\\/420aaf9278582877d9018637c6817617705899d2858d7572ef0fe59a6b6454b4?s=96&d=mm&r=g\",\"caption\":\"Canal Dana\"},\"url\":\"https:\\\/\\\/dana.com.br\\\/canaldana\\\/author\\\/cdeditor\\\/\"}]}<\/script>\n<!-- \/ Yoast SEO plugin. -->","yoast_head_json":{"title":"Fiat Strada segue \u201csem concorrentes\u201d - Canal Dana","robots":{"index":"index","follow":"follow","max-snippet":"max-snippet:-1","max-image-preview":"max-image-preview:large","max-video-preview":"max-video-preview:-1"},"canonical":"https:\/\/dana.com.br\/canaldana\/2020\/08\/12\/fiat-strada-segue-sem-concorrentes\/","og_locale":"pt_BR","og_type":"article","og_title":"Fiat Strada segue \u201csem concorrentes\u201d - Canal Dana","og_description":"AutoInd\u00fastria &nbsp; Foram licenciadas no m\u00eas passado 6,5 mil unidades da picape Strada. O comercial leve da Fiat foi o quarto ve\u00edculo mais vendido no Pa\u00eds, atr\u00e1s somente do SUV Volkswagen T-Cross e dos hatches Chevrolet Onix e Hyundai HB20. &nbsp; O resultado garante ainda ao modelo a continuidade da longa e tranquila lideran\u00e7a de\u2026 Leia mais \u00bb","og_url":"https:\/\/dana.com.br\/canaldana\/2020\/08\/12\/fiat-strada-segue-sem-concorrentes\/","og_site_name":"Canal Dana","article_published_time":"2020-08-12T11:32:54+00:00","author":"Canal Dana","twitter_card":"summary_large_image","twitter_misc":{"Escrito por":"Canal Dana","Est. tempo de leitura":"2 minutos"},"schema":{"@context":"https:\/\/schema.org","@graph":[{"@type":"Article","@id":"https:\/\/dana.com.br\/canaldana\/2020\/08\/12\/fiat-strada-segue-sem-concorrentes\/#article","isPartOf":{"@id":"https:\/\/dana.com.br\/canaldana\/2020\/08\/12\/fiat-strada-segue-sem-concorrentes\/"},"author":{"name":"Canal Dana","@id":"https:\/\/dana.com.br\/canaldana\/#\/schema\/person\/3c21f22f56fcf3bc46b94bc60ea4fef6"},"headline":"Fiat Strada segue \u201csem concorrentes\u201d","datePublished":"2020-08-12T11:32:54+00:00","mainEntityOfPage":{"@id":"https:\/\/dana.com.br\/canaldana\/2020\/08\/12\/fiat-strada-segue-sem-concorrentes\/"},"wordCount":382,"articleSection":["Mercado"],"inLanguage":"pt-BR"},{"@type":"WebPage","@id":"https:\/\/dana.com.br\/canaldana\/2020\/08\/12\/fiat-strada-segue-sem-concorrentes\/","url":"https:\/\/dana.com.br\/canaldana\/2020\/08\/12\/fiat-strada-segue-sem-concorrentes\/","name":"Fiat Strada segue \u201csem concorrentes\u201d - Canal Dana","isPartOf":{"@id":"https:\/\/dana.com.br\/canaldana\/#website"},"datePublished":"2020-08-12T11:32:54+00:00","author":{"@id":"https:\/\/dana.com.br\/canaldana\/#\/schema\/person\/3c21f22f56fcf3bc46b94bc60ea4fef6"},"breadcrumb":{"@id":"https:\/\/dana.com.br\/canaldana\/2020\/08\/12\/fiat-strada-segue-sem-concorrentes\/#breadcrumb"},"inLanguage":"pt-BR","potentialAction":[{"@type":"ReadAction","target":["https:\/\/dana.com.br\/canaldana\/2020\/08\/12\/fiat-strada-segue-sem-concorrentes\/"]}]},{"@type":"BreadcrumbList","@id":"https:\/\/dana.com.br\/canaldana\/2020\/08\/12\/fiat-strada-segue-sem-concorrentes\/#breadcrumb","itemListElement":[{"@type":"ListItem","position":1,"name":"Home","item":"https:\/\/dana.com.br\/canaldana\/"},{"@type":"ListItem","position":2,"name":"Mercado","item":"https:\/\/dana.com.br\/canaldana\/mercado\/"},{"@type":"ListItem","position":3,"name":"Fiat Strada segue \u201csem concorrentes\u201d"}]},{"@type":"WebSite","@id":"https:\/\/dana.com.br\/canaldana\/#website","url":"https:\/\/dana.com.br\/canaldana\/","name":"Canal Dana","description":"Informativo com as principais not\u00edcias da ind\u00fastria automotiva","potentialAction":[{"@type":"SearchAction","target":{"@type":"EntryPoint","urlTemplate":"https:\/\/dana.com.br\/canaldana\/?s={search_term_string}"},"query-input":{"@type":"PropertyValueSpecification","valueRequired":true,"valueName":"search_term_string"}}],"inLanguage":"pt-BR"},{"@type":"Person","@id":"https:\/\/dana.com.br\/canaldana\/#\/schema\/person\/3c21f22f56fcf3bc46b94bc60ea4fef6","name":"Canal Dana","image":{"@type":"ImageObject","inLanguage":"pt-BR","@id":"https:\/\/secure.gravatar.com\/avatar\/420aaf9278582877d9018637c6817617705899d2858d7572ef0fe59a6b6454b4?s=96&d=mm&r=g","url":"https:\/\/secure.gravatar.com\/avatar\/420aaf9278582877d9018637c6817617705899d2858d7572ef0fe59a6b6454b4?s=96&d=mm&r=g","contentUrl":"https:\/\/secure.gravatar.com\/avatar\/420aaf9278582877d9018637c6817617705899d2858d7572ef0fe59a6b6454b4?s=96&d=mm&r=g","caption":"Canal Dana"},"url":"https:\/\/dana.com.br\/canaldana\/author\/cdeditor\/"}]}},"_links":{"self":[{"href":"https:\/\/dana.com.br\/canaldana\/wp-json\/wp\/v2\/posts\/44114","targetHints":{"allow":["GET"]}}],"collection":[{"href":"https:\/\/dana.com.br\/canaldana\/wp-json\/wp\/v2\/posts"}],"about":[{"href":"https:\/\/dana.com.br\/canaldana\/wp-json\/wp\/v2\/types\/post"}],"author":[{"embeddable":true,"href":"https:\/\/dana.com.br\/canaldana\/wp-json\/wp\/v2\/users\/3"}],"replies":[{"embeddable":true,"href":"https:\/\/dana.com.br\/canaldana\/wp-json\/wp\/v2\/comments?post=44114"}],"version-history":[{"count":0,"href":"https:\/\/dana.com.br\/canaldana\/wp-json\/wp\/v2\/posts\/44114\/revisions"}],"wp:attachment":[{"href":"https:\/\/dana.com.br\/canaldana\/wp-json\/wp\/v2\/media?parent=44114"}],"wp:term":[{"taxonomy":"category","embeddable":true,"href":"https:\/\/dana.com.br\/canaldana\/wp-json\/wp\/v2\/categories?post=44114"},{"taxonomy":"post_tag","embeddable":true,"href":"https:\/\/dana.com.br\/canaldana\/wp-json\/wp\/v2\/tags?post=44114"}],"curies":[{"name":"wp","href":"https:\/\/api.w.org\/{rel}","templated":true}]}}