{"id":44110,"date":"2020-08-12T08:30:42","date_gmt":"2020-08-12T11:30:42","guid":{"rendered":"https:\/\/dana.com.br\/canaldana\/?p=44110"},"modified":"2020-08-12T08:30:42","modified_gmt":"2020-08-12T11:30:42","slug":"volvo-ce-exporta-50-caminhoes-articulados-para-a-europa-durante-pandemia","status":"publish","type":"post","link":"https:\/\/dana.com.br\/canaldana\/2020\/08\/12\/volvo-ce-exporta-50-caminhoes-articulados-para-a-europa-durante-pandemia\/","title":{"rendered":"Volvo CE exporta 50 caminh\u00f5es articulados para a Europa durante pandemia"},"content":{"rendered":"<p><em>Revista Torque<\/em><\/p>\n<p>&nbsp;<\/p>\n<p>Com a interrup\u00e7\u00e3o tempor\u00e1ria de produ\u00e7\u00e3o na Su\u00e9cia em mar\u00e7o, no in\u00edcio da pandemia Covid19, a f\u00e1brica brasileira de equipamentos de constru\u00e7\u00e3o da Volvo ficou respons\u00e1vel por complementar as entregas de caminh\u00f5es articulados modelo A30G para o continente Europeu em 2020. As primeiras unidades j\u00e1 est\u00e3o sendo embarcadas no porto de Santos (SP) e as entregas seguem at\u00e9 setembro.<\/p>\n<p>&nbsp;<\/p>\n<p>Integrada ao sistema de produ\u00e7\u00e3o global da marca e com forte perfil exportador, a unidade da Volvo em Pederneiras (SP), mais uma vez foi acionada para suprir a demanda de mercados fora de sua regi\u00e3o de fornecimento habitual. No momento da eclos\u00e3o da pandemia Covid19 na Europa, a Volvo Construction Equipment optou pela fabrica\u00e7\u00e3o de 50 caminh\u00f5es articulados no Brasil, diante da impossibilidade tempor\u00e1ria de produzir essas unidades em sua matriz na Su\u00e9cia. \u201cSomos reconhecidos por nossa flexibilidade industrial e alta qualidade. Estamos totalmente preparados para atender \u00e0s necessidades de qualquer mercado Volvo no mundo\u201d, afirma Wladimir Garcia, vice-presidente de opera\u00e7\u00f5es industriais da Volvo CE na Am\u00e9rica Latina.<\/p>\n<p>&nbsp;<\/p>\n<p>As unidades do A30G brasileiro seguir\u00e3o para a Noruega, Inglaterra, Pol\u00f4nia, Alemanha, B\u00e9lgica, Fran\u00e7a e tamb\u00e9m Israel, no oriente m\u00e9dio. \u201cDevido ao alto valor agregado deste tipo de m\u00e1quina, esse volume de 50 caminh\u00f5es articulados \u00e9 bastante expressivo\u201d, argumenta Massami Murakami, diretor de planejamento estrat\u00e9gico da Volvo CE na Am\u00e9rica Latina. Al\u00e9m desse lote para a Europa, os articulados fabricados no Brasil s\u00e3o exportados para os Estados Unidos, Canad\u00e1, \u00c1frica do Sul, Oceania, para diversos pa\u00edses da Am\u00e9rica Latina e tamb\u00e9m distribu\u00eddos no pr\u00f3prio mercado brasileiro. A Volvo \u00e9 a \u00fanica marca a fabricar caminh\u00f5es articulados no Brasil, sendo esse produto homologado pelo Finame.<\/p>\n<p>&nbsp;<\/p>\n<p><strong>Exporta\u00e7\u00f5es regulares<\/strong><\/p>\n<p>&nbsp;<\/p>\n<p>N\u00e3o \u00e9 a primeira vez que a f\u00e1brica brasileira \u00e9 acionada para atender mercados n\u00e3o habituais. \u201cEm 2017 j\u00e1 hav\u00edamos exportado caminh\u00f5es articulados para a Europa. A excelente qualidade dos nossos produtos, apontado por auditorias globais da Volvo, tem sido tamb\u00e9m reconhecida pelos clientes do mundo todo\u201d, assegura Garcia. Atualmente cerca de 50% dos equipamentos de constru\u00e7\u00e3o fabricados pela Volvo no Brasil seguem para o exterior. Al\u00e9m de caminh\u00f5es articulados, a planta do interior de S\u00e3o Paulo produz tamb\u00e9m p\u00e1s-carregadeiras, escavadeiras e rolos compactadores.<\/p>\n<p>&nbsp;<\/p>\n<p>A unidade da Volvo em Pederneiras \u00e9 refer\u00eancia pelo pioneirismo na incorpora\u00e7\u00e3o de conceitos de manufatura enxuta na ind\u00fastria de equipamentos, o que traz grande flexibilidade para otimizar processos na planta. Como exemplo, h\u00e1 alguns anos a f\u00e1brica inovou ao criar uma linha de produ\u00e7\u00e3o \u00fanica para p\u00e1s-carregadeiras e caminh\u00f5es articulados. A mudan\u00e7a reduziu o tempo de montagem em 12%, com ganhos de log\u00edstica industrial e melhor aproveitamento da capacidade instalada.<\/p>\n<p>&nbsp;<\/p>\n<p>Fundada em 1975 como uma planta Clark Equipamentos, a f\u00e1brica passou por diversas fus\u00f5es e incorpora\u00e7\u00f5es at\u00e9 tornar-se uma unidade Volvo em 1995. Atualmente emprega 375 funcion\u00e1rios diretos.<\/p>\n<p>&nbsp;<\/p>\n<p><strong>Inven\u00e7\u00e3o revolucion\u00e1ria<\/strong><\/p>\n<p>&nbsp;<\/p>\n<p>O caminh\u00e3o articulado \u00e9 uma inven\u00e7\u00e3o Volvo que h\u00e1 mais de cinco d\u00e9cadas vem revolucionando as grandes obras de constru\u00e7\u00e3o em todo o mundo. O primeiro modelo, introduzido na Su\u00e9cia em 1966, tinha capacidade para 10 toneladas. A grande flexibilidade para opera\u00e7\u00e3o em terrenos acidentados j\u00e1 era a principal caracter\u00edstica do modelo. A partir da populariza\u00e7\u00e3o dos articulados tornou-se poss\u00edvel chegar onde nenhum caminh\u00e3o convencional chegava.<\/p>\n<p>&nbsp;<\/p>\n<p>Devido \u00e0s suas qualidades de extrema robustez e grande efici\u00eancia operacional, rapidamente os caminh\u00f5es articulados tornaram-se essenciais para a constru\u00e7\u00e3o de grandes obras como barragens, hidrel\u00e9tricas, complexos industriais, minera\u00e7\u00e3o, rodovias de alto tr\u00e1fego etc.<\/p>\n<p>&nbsp;<\/p>\n<p>Pioneira no segmento, a Volvo \u00e9 refer\u00eancia mundial nesse tipo de produto e hoje oferece modelos de 25 a 60 toneladas, produzidos parte na f\u00e1brica da matriz da marca em Bra\u00e5s (Su\u00e9cia) e parte em Pederneiras. (Revista Torque)<\/p>\n","protected":false},"excerpt":{"rendered":"<p>Revista Torque &nbsp; Com a interrup\u00e7\u00e3o tempor\u00e1ria de produ\u00e7\u00e3o na Su\u00e9cia em mar\u00e7o, no in\u00edcio da pandemia Covid19, a f\u00e1brica brasileira de equipamentos de constru\u00e7\u00e3o da Volvo ficou respons\u00e1vel por complementar as entregas de caminh\u00f5es articulados modelo A30G para o continente Europeu em 2020. As primeiras unidades j\u00e1 est\u00e3o sendo embarcadas no porto de Santos\u2026 <a class=\"readmore\" href=\"https:\/\/dana.com.br\/canaldana\/2020\/08\/12\/volvo-ce-exporta-50-caminhoes-articulados-para-a-europa-durante-pandemia\/\">Leia mais \u00bb<\/a><\/p>\n","protected":false},"author":3,"featured_media":0,"comment_status":"closed","ping_status":"closed","sticky":false,"template":"","format":"standard","meta":{"_acf_changed":false,"footnotes":""},"categories":[79],"tags":[],"class_list":["post-44110","post","type-post","status-publish","format-standard","hentry","category-mercado"],"acf":[],"yoast_head":"<!-- This site is optimized with the Yoast SEO plugin v27.3 - https:\/\/yoast.com\/product\/yoast-seo-wordpress\/ -->\n<title>Volvo CE exporta 50 caminh\u00f5es articulados para a Europa durante pandemia - Canal Dana<\/title>\n<meta name=\"robots\" content=\"index, follow, max-snippet:-1, max-image-preview:large, max-video-preview:-1\" \/>\n<link rel=\"canonical\" href=\"https:\/\/dana.com.br\/canaldana\/2020\/08\/12\/volvo-ce-exporta-50-caminhoes-articulados-para-a-europa-durante-pandemia\/\" \/>\n<meta property=\"og:locale\" content=\"pt_BR\" \/>\n<meta property=\"og:type\" content=\"article\" \/>\n<meta property=\"og:title\" content=\"Volvo CE exporta 50 caminh\u00f5es articulados para a Europa durante pandemia - Canal Dana\" \/>\n<meta property=\"og:description\" content=\"Revista Torque &nbsp; Com a interrup\u00e7\u00e3o tempor\u00e1ria de produ\u00e7\u00e3o na Su\u00e9cia em mar\u00e7o, no in\u00edcio da pandemia Covid19, a f\u00e1brica brasileira de equipamentos de constru\u00e7\u00e3o da Volvo ficou respons\u00e1vel por complementar as entregas de caminh\u00f5es articulados modelo A30G para o continente Europeu em 2020. As primeiras unidades j\u00e1 est\u00e3o sendo embarcadas no porto de Santos\u2026 Leia mais \u00bb\" \/>\n<meta property=\"og:url\" content=\"https:\/\/dana.com.br\/canaldana\/2020\/08\/12\/volvo-ce-exporta-50-caminhoes-articulados-para-a-europa-durante-pandemia\/\" \/>\n<meta property=\"og:site_name\" content=\"Canal Dana\" \/>\n<meta property=\"article:published_time\" content=\"2020-08-12T11:30:42+00:00\" \/>\n<meta name=\"author\" content=\"Canal Dana\" \/>\n<meta name=\"twitter:card\" content=\"summary_large_image\" \/>\n<meta name=\"twitter:label1\" content=\"Escrito por\" \/>\n\t<meta name=\"twitter:data1\" content=\"Canal Dana\" \/>\n\t<meta name=\"twitter:label2\" content=\"Est. tempo de leitura\" \/>\n\t<meta name=\"twitter:data2\" content=\"3 minutos\" \/>\n<script type=\"application\/ld+json\" class=\"yoast-schema-graph\">{\"@context\":\"https:\\\/\\\/schema.org\",\"@graph\":[{\"@type\":\"Article\",\"@id\":\"https:\\\/\\\/dana.com.br\\\/canaldana\\\/2020\\\/08\\\/12\\\/volvo-ce-exporta-50-caminhoes-articulados-para-a-europa-durante-pandemia\\\/#article\",\"isPartOf\":{\"@id\":\"https:\\\/\\\/dana.com.br\\\/canaldana\\\/2020\\\/08\\\/12\\\/volvo-ce-exporta-50-caminhoes-articulados-para-a-europa-durante-pandemia\\\/\"},\"author\":{\"name\":\"Canal Dana\",\"@id\":\"https:\\\/\\\/dana.com.br\\\/canaldana\\\/#\\\/schema\\\/person\\\/3c21f22f56fcf3bc46b94bc60ea4fef6\"},\"headline\":\"Volvo CE exporta 50 caminh\u00f5es articulados para a Europa durante pandemia\",\"datePublished\":\"2020-08-12T11:30:42+00:00\",\"mainEntityOfPage\":{\"@id\":\"https:\\\/\\\/dana.com.br\\\/canaldana\\\/2020\\\/08\\\/12\\\/volvo-ce-exporta-50-caminhoes-articulados-para-a-europa-durante-pandemia\\\/\"},\"wordCount\":688,\"articleSection\":[\"Mercado\"],\"inLanguage\":\"pt-BR\"},{\"@type\":\"WebPage\",\"@id\":\"https:\\\/\\\/dana.com.br\\\/canaldana\\\/2020\\\/08\\\/12\\\/volvo-ce-exporta-50-caminhoes-articulados-para-a-europa-durante-pandemia\\\/\",\"url\":\"https:\\\/\\\/dana.com.br\\\/canaldana\\\/2020\\\/08\\\/12\\\/volvo-ce-exporta-50-caminhoes-articulados-para-a-europa-durante-pandemia\\\/\",\"name\":\"Volvo CE exporta 50 caminh\u00f5es articulados para a Europa durante pandemia - Canal Dana\",\"isPartOf\":{\"@id\":\"https:\\\/\\\/dana.com.br\\\/canaldana\\\/#website\"},\"datePublished\":\"2020-08-12T11:30:42+00:00\",\"author\":{\"@id\":\"https:\\\/\\\/dana.com.br\\\/canaldana\\\/#\\\/schema\\\/person\\\/3c21f22f56fcf3bc46b94bc60ea4fef6\"},\"breadcrumb\":{\"@id\":\"https:\\\/\\\/dana.com.br\\\/canaldana\\\/2020\\\/08\\\/12\\\/volvo-ce-exporta-50-caminhoes-articulados-para-a-europa-durante-pandemia\\\/#breadcrumb\"},\"inLanguage\":\"pt-BR\",\"potentialAction\":[{\"@type\":\"ReadAction\",\"target\":[\"https:\\\/\\\/dana.com.br\\\/canaldana\\\/2020\\\/08\\\/12\\\/volvo-ce-exporta-50-caminhoes-articulados-para-a-europa-durante-pandemia\\\/\"]}]},{\"@type\":\"BreadcrumbList\",\"@id\":\"https:\\\/\\\/dana.com.br\\\/canaldana\\\/2020\\\/08\\\/12\\\/volvo-ce-exporta-50-caminhoes-articulados-para-a-europa-durante-pandemia\\\/#breadcrumb\",\"itemListElement\":[{\"@type\":\"ListItem\",\"position\":1,\"name\":\"Home\",\"item\":\"https:\\\/\\\/dana.com.br\\\/canaldana\\\/\"},{\"@type\":\"ListItem\",\"position\":2,\"name\":\"Mercado\",\"item\":\"https:\\\/\\\/dana.com.br\\\/canaldana\\\/mercado\\\/\"},{\"@type\":\"ListItem\",\"position\":3,\"name\":\"Volvo CE exporta 50 caminh\u00f5es articulados para a Europa durante pandemia\"}]},{\"@type\":\"WebSite\",\"@id\":\"https:\\\/\\\/dana.com.br\\\/canaldana\\\/#website\",\"url\":\"https:\\\/\\\/dana.com.br\\\/canaldana\\\/\",\"name\":\"Canal Dana\",\"description\":\"Informativo com as principais not\u00edcias da ind\u00fastria automotiva\",\"potentialAction\":[{\"@type\":\"SearchAction\",\"target\":{\"@type\":\"EntryPoint\",\"urlTemplate\":\"https:\\\/\\\/dana.com.br\\\/canaldana\\\/?s={search_term_string}\"},\"query-input\":{\"@type\":\"PropertyValueSpecification\",\"valueRequired\":true,\"valueName\":\"search_term_string\"}}],\"inLanguage\":\"pt-BR\"},{\"@type\":\"Person\",\"@id\":\"https:\\\/\\\/dana.com.br\\\/canaldana\\\/#\\\/schema\\\/person\\\/3c21f22f56fcf3bc46b94bc60ea4fef6\",\"name\":\"Canal Dana\",\"image\":{\"@type\":\"ImageObject\",\"inLanguage\":\"pt-BR\",\"@id\":\"https:\\\/\\\/secure.gravatar.com\\\/avatar\\\/420aaf9278582877d9018637c6817617705899d2858d7572ef0fe59a6b6454b4?s=96&d=mm&r=g\",\"url\":\"https:\\\/\\\/secure.gravatar.com\\\/avatar\\\/420aaf9278582877d9018637c6817617705899d2858d7572ef0fe59a6b6454b4?s=96&d=mm&r=g\",\"contentUrl\":\"https:\\\/\\\/secure.gravatar.com\\\/avatar\\\/420aaf9278582877d9018637c6817617705899d2858d7572ef0fe59a6b6454b4?s=96&d=mm&r=g\",\"caption\":\"Canal Dana\"},\"url\":\"https:\\\/\\\/dana.com.br\\\/canaldana\\\/author\\\/cdeditor\\\/\"}]}<\/script>\n<!-- \/ Yoast SEO plugin. -->","yoast_head_json":{"title":"Volvo CE exporta 50 caminh\u00f5es articulados para a Europa durante pandemia - Canal Dana","robots":{"index":"index","follow":"follow","max-snippet":"max-snippet:-1","max-image-preview":"max-image-preview:large","max-video-preview":"max-video-preview:-1"},"canonical":"https:\/\/dana.com.br\/canaldana\/2020\/08\/12\/volvo-ce-exporta-50-caminhoes-articulados-para-a-europa-durante-pandemia\/","og_locale":"pt_BR","og_type":"article","og_title":"Volvo CE exporta 50 caminh\u00f5es articulados para a Europa durante pandemia - Canal Dana","og_description":"Revista Torque &nbsp; Com a interrup\u00e7\u00e3o tempor\u00e1ria de produ\u00e7\u00e3o na Su\u00e9cia em mar\u00e7o, no in\u00edcio da pandemia Covid19, a f\u00e1brica brasileira de equipamentos de constru\u00e7\u00e3o da Volvo ficou respons\u00e1vel por complementar as entregas de caminh\u00f5es articulados modelo A30G para o continente Europeu em 2020. As primeiras unidades j\u00e1 est\u00e3o sendo embarcadas no porto de Santos\u2026 Leia mais \u00bb","og_url":"https:\/\/dana.com.br\/canaldana\/2020\/08\/12\/volvo-ce-exporta-50-caminhoes-articulados-para-a-europa-durante-pandemia\/","og_site_name":"Canal Dana","article_published_time":"2020-08-12T11:30:42+00:00","author":"Canal Dana","twitter_card":"summary_large_image","twitter_misc":{"Escrito por":"Canal Dana","Est. tempo de leitura":"3 minutos"},"schema":{"@context":"https:\/\/schema.org","@graph":[{"@type":"Article","@id":"https:\/\/dana.com.br\/canaldana\/2020\/08\/12\/volvo-ce-exporta-50-caminhoes-articulados-para-a-europa-durante-pandemia\/#article","isPartOf":{"@id":"https:\/\/dana.com.br\/canaldana\/2020\/08\/12\/volvo-ce-exporta-50-caminhoes-articulados-para-a-europa-durante-pandemia\/"},"author":{"name":"Canal Dana","@id":"https:\/\/dana.com.br\/canaldana\/#\/schema\/person\/3c21f22f56fcf3bc46b94bc60ea4fef6"},"headline":"Volvo CE exporta 50 caminh\u00f5es articulados para a Europa durante pandemia","datePublished":"2020-08-12T11:30:42+00:00","mainEntityOfPage":{"@id":"https:\/\/dana.com.br\/canaldana\/2020\/08\/12\/volvo-ce-exporta-50-caminhoes-articulados-para-a-europa-durante-pandemia\/"},"wordCount":688,"articleSection":["Mercado"],"inLanguage":"pt-BR"},{"@type":"WebPage","@id":"https:\/\/dana.com.br\/canaldana\/2020\/08\/12\/volvo-ce-exporta-50-caminhoes-articulados-para-a-europa-durante-pandemia\/","url":"https:\/\/dana.com.br\/canaldana\/2020\/08\/12\/volvo-ce-exporta-50-caminhoes-articulados-para-a-europa-durante-pandemia\/","name":"Volvo CE exporta 50 caminh\u00f5es articulados para a Europa durante pandemia - Canal Dana","isPartOf":{"@id":"https:\/\/dana.com.br\/canaldana\/#website"},"datePublished":"2020-08-12T11:30:42+00:00","author":{"@id":"https:\/\/dana.com.br\/canaldana\/#\/schema\/person\/3c21f22f56fcf3bc46b94bc60ea4fef6"},"breadcrumb":{"@id":"https:\/\/dana.com.br\/canaldana\/2020\/08\/12\/volvo-ce-exporta-50-caminhoes-articulados-para-a-europa-durante-pandemia\/#breadcrumb"},"inLanguage":"pt-BR","potentialAction":[{"@type":"ReadAction","target":["https:\/\/dana.com.br\/canaldana\/2020\/08\/12\/volvo-ce-exporta-50-caminhoes-articulados-para-a-europa-durante-pandemia\/"]}]},{"@type":"BreadcrumbList","@id":"https:\/\/dana.com.br\/canaldana\/2020\/08\/12\/volvo-ce-exporta-50-caminhoes-articulados-para-a-europa-durante-pandemia\/#breadcrumb","itemListElement":[{"@type":"ListItem","position":1,"name":"Home","item":"https:\/\/dana.com.br\/canaldana\/"},{"@type":"ListItem","position":2,"name":"Mercado","item":"https:\/\/dana.com.br\/canaldana\/mercado\/"},{"@type":"ListItem","position":3,"name":"Volvo CE exporta 50 caminh\u00f5es articulados para a Europa durante pandemia"}]},{"@type":"WebSite","@id":"https:\/\/dana.com.br\/canaldana\/#website","url":"https:\/\/dana.com.br\/canaldana\/","name":"Canal Dana","description":"Informativo com as principais not\u00edcias da ind\u00fastria automotiva","potentialAction":[{"@type":"SearchAction","target":{"@type":"EntryPoint","urlTemplate":"https:\/\/dana.com.br\/canaldana\/?s={search_term_string}"},"query-input":{"@type":"PropertyValueSpecification","valueRequired":true,"valueName":"search_term_string"}}],"inLanguage":"pt-BR"},{"@type":"Person","@id":"https:\/\/dana.com.br\/canaldana\/#\/schema\/person\/3c21f22f56fcf3bc46b94bc60ea4fef6","name":"Canal Dana","image":{"@type":"ImageObject","inLanguage":"pt-BR","@id":"https:\/\/secure.gravatar.com\/avatar\/420aaf9278582877d9018637c6817617705899d2858d7572ef0fe59a6b6454b4?s=96&d=mm&r=g","url":"https:\/\/secure.gravatar.com\/avatar\/420aaf9278582877d9018637c6817617705899d2858d7572ef0fe59a6b6454b4?s=96&d=mm&r=g","contentUrl":"https:\/\/secure.gravatar.com\/avatar\/420aaf9278582877d9018637c6817617705899d2858d7572ef0fe59a6b6454b4?s=96&d=mm&r=g","caption":"Canal Dana"},"url":"https:\/\/dana.com.br\/canaldana\/author\/cdeditor\/"}]}},"_links":{"self":[{"href":"https:\/\/dana.com.br\/canaldana\/wp-json\/wp\/v2\/posts\/44110","targetHints":{"allow":["GET"]}}],"collection":[{"href":"https:\/\/dana.com.br\/canaldana\/wp-json\/wp\/v2\/posts"}],"about":[{"href":"https:\/\/dana.com.br\/canaldana\/wp-json\/wp\/v2\/types\/post"}],"author":[{"embeddable":true,"href":"https:\/\/dana.com.br\/canaldana\/wp-json\/wp\/v2\/users\/3"}],"replies":[{"embeddable":true,"href":"https:\/\/dana.com.br\/canaldana\/wp-json\/wp\/v2\/comments?post=44110"}],"version-history":[{"count":0,"href":"https:\/\/dana.com.br\/canaldana\/wp-json\/wp\/v2\/posts\/44110\/revisions"}],"wp:attachment":[{"href":"https:\/\/dana.com.br\/canaldana\/wp-json\/wp\/v2\/media?parent=44110"}],"wp:term":[{"taxonomy":"category","embeddable":true,"href":"https:\/\/dana.com.br\/canaldana\/wp-json\/wp\/v2\/categories?post=44110"},{"taxonomy":"post_tag","embeddable":true,"href":"https:\/\/dana.com.br\/canaldana\/wp-json\/wp\/v2\/tags?post=44110"}],"curies":[{"name":"wp","href":"https:\/\/api.w.org\/{rel}","templated":true}]}}