{"id":43860,"date":"2020-07-30T08:52:22","date_gmt":"2020-07-30T11:52:22","guid":{"rendered":"https:\/\/dana.com.br\/canaldana\/?p=43860"},"modified":"2020-07-30T08:52:22","modified_gmt":"2020-07-30T11:52:22","slug":"volvo-lanca-vm-city-para-operacoes-urbanas-e-regionais","status":"publish","type":"post","link":"https:\/\/dana.com.br\/canaldana\/2020\/07\/30\/volvo-lanca-vm-city-para-operacoes-urbanas-e-regionais\/","title":{"rendered":"Volvo lan\u00e7a VM City para opera\u00e7\u00f5es urbanas e regionais"},"content":{"rendered":"<p><strong><em>Futuretransport<\/em><\/strong><\/p>\n<p><strong>\u00a0<\/strong><\/p>\n<p><strong>A Volvo do Brasil apresentou, esta semana, sua linha 2021 de caminh\u00f5es, com destaque para o modelo VM City, vocacionado para distribui\u00e7\u00e3o de mercadorias nos grandes centros urbanos e proximidades, opera\u00e7\u00f5es em que o motorista n\u00e3o precisa dormir na cabine do ve\u00edculo.<\/strong><\/p>\n<p><strong>\u00a0<\/strong><\/p>\n<p><strong>O VM City tem cabine curta e caixa de c\u00e2mbio manual de seis marchas. Foi pensado para atender a pequenos com\u00e9rcios, como lojas de materiais de constru\u00e7\u00e3o ou de alimentos. Tem duas configura\u00e7\u00f5es de eixo \u2013 6x2R e 4x2R \u2013 em plataforma para receber implemento sobre chassis, como ca\u00e7amba, ba\u00fa ou at\u00e9 um guindaste pequeno. \u00c9 configurado com motor de 270 cv e tem um eixo traseiro de dupla velocidade, com flexibilidade para rodar dentro e fora da cidade. Sai de f\u00e1brica equipado com banco com suspens\u00e3o a ar e tem ar-condicionado como opcional, assim como banco para dois passageiros e prepara\u00e7\u00e3o para tomada de for\u00e7a. <\/strong><\/p>\n<p><strong>\u00a0<\/strong><\/p>\n<p><strong>O VM City refor\u00e7a a participa\u00e7\u00e3o da Volvo no segmento de semipesados, onde a montadora registrou bom desempenho no ano passado e tamb\u00e9m no in\u00edcio deste ano, com um crescimento de 29% de janeiro a maio, sobre igual per\u00edodo do ano passado. O mercado total apresentou queda de 12% no segmento de semipesados na compara\u00e7\u00e3o dos per\u00edodos. No segmento de pesados, enquanto o mercado em geral apresentou queda de 28%, a Volvo registrou retra\u00e7\u00e3o de 9%. Foram entregues 5.518 caminh\u00f5es Volvo de janeiro a maio, uma queda total de 5,1%, o que resultou em um market share de 33% para a marca. \u201cGanhamos o melhor market share da hist\u00f3ria da Volvo\u201d, diz Alcides Cavalcanti, diretor comercial de caminh\u00f5es da Volvo.<\/strong><\/p>\n<p><strong>\u00a0<\/strong><\/p>\n<p><strong>Jeseniel Val\u00e9rio e Volvo VM City<\/strong><\/p>\n<p><strong>\u00a0<\/strong><\/p>\n<p><strong>O destaque em vendas neste in\u00edcio de ano foi a j\u00e1 consolidada linha FH, usada em rotas mais longas, que tamb\u00e9m ganhou inova\u00e7\u00f5es na linha 2021 para se tornar mais econ\u00f4mica e segura. Os ve\u00edculos FH passam a sair, de s\u00e9rie, com entre-eixos de 3.500 mm e defletores laterais de ar nas vers\u00f5es 4x2T e 6x2T. As inova\u00e7\u00f5es na linha podem representar redu\u00e7\u00e3o de at\u00e9 2% no consumo de combust\u00edvel, diz Jeseniel Val\u00e9rio, gerente de engenharia de vendas de caminh\u00f5es Volvo.<\/strong><\/p>\n<p><strong>\u00a0<\/strong><\/p>\n<p><strong>Houve altera\u00e7\u00f5es tamb\u00e9m nos pacotes de acabamento da linha FH que agora sai de s\u00e9rie com sensor de chuva, sensor crepuscular, luz de frenagem de emerg\u00eancia e a chamada luz \u201cTr\u00eas-marias\u201d sobre a cabine.<\/strong><\/p>\n<p><strong>\u00a0<\/strong><\/p>\n<p><strong>O FH 540 foi o modelo mais vendido da marca neste in\u00edcio de ano, teve 2.041 unidades emplacadas de janeiro a maio. O FH 460 foi o segundo mais vendido do ano, com 1.457 unidades comercializadas at\u00e9 maio. \u201cResolvemos melhorar ainda mais o que j\u00e1 temos de bom\u201d, comenta Alcides Cavalcanti.<\/strong><\/p>\n<p><strong>\u00a0<\/strong><\/p>\n<p><strong>Fatores positivos da economia impulsionaram essas vendas, com a demanda de setores que se mantiveram em alta, como o agroneg\u00f3cio, a minera\u00e7\u00e3o e o segmento de alimentos e bebidas. Segundo Cavalcanti, o cr\u00e9dito para compra de caminh\u00f5es n\u00e3o tem sido um problema e n\u00e3o houve aumento significativo nos \u00edndices de inadimpl\u00eancia.<\/strong><\/p>\n<p><strong>\u00a0<\/strong><\/p>\n<p><strong>Queda do mercado e reajuste de pre\u00e7os <\/strong><\/p>\n<p><strong>\u00a0<\/strong><\/p>\n<p><strong>Um dos maiores desafios para a Volvo, no momento, diz o executivo, \u00e9 avaliar o impacto da pandemia na economia nos pr\u00f3ximos meses. \u201cN\u00e3o sabemos o que vai acontecer, a defini\u00e7\u00e3o do novo normal fica mais dif\u00edcil. Prev\u00edamos um crescimento de 10 a 15% sobre o ano passado, mas agora ficou dif\u00edcil fazer previs\u00f5es\u201d, comenta Cavalcanti. Ele estima que o mercado dever\u00e1 ter uma queda entre 36 e 40% sobre 2019.<\/strong><\/p>\n<p><strong>\u00a0<\/strong><\/p>\n<p><strong>De acordo com Cavalcanti, os pre\u00e7os dos caminh\u00f5es Volvo ter\u00e3o um reajuste de 8 a 12% nas linhas M e F, vers\u00f5es 2021, para compensar o impacto que a montadora sofreu nos custos. A desvaloriza\u00e7\u00e3o cambial afetou o custo dos componentes importados, que representam em torno de 30% do produto da marca. Al\u00e9m disso, a redu\u00e7\u00e3o dos volumes produzidos gerou aumento de custos fixos. O executivo tamb\u00e9m j\u00e1 alerta que o reajuste 8 a 12% n\u00e3o \u00e9 suficiente para cobrir os custos e \u00e9 poss\u00edvel que seja necess\u00e1rio mais um reajuste no \u00faltimo trimestre do ano. O aumento de pre\u00e7os, diz ele, \u00e9 importante tamb\u00e9m para a Volvo manter seu plano de investimentos de R$ 1 bilh\u00e3o nos pr\u00f3ximos anos.<\/strong><\/p>\n<p><strong>\u00a0<\/strong><\/p>\n<p><strong>Cavalcanti ressalta que as concession\u00e1rias Volvo operaram sem restri\u00e7\u00f5es desde o in\u00edcio da pandemia do coronav\u00edrus, com quase 2 mil pessoas trabalhando de acordo normas estabelecidas. Ele afirma que foram poucos os casos de contamina\u00e7\u00e3o e nenhum \u00f3bito.<\/strong><\/p>\n<p><strong>\u00a0<\/strong><\/p>\n<p><strong>A demanda por planos de manuten\u00e7\u00e3o mostra-se aquecida. Atualmente, oito em cada dez caminh\u00f5es Volvo saem dos concession\u00e1rios com planos contratados. Anteriormente, a m\u00e9dia era de seis a sete contrata\u00e7\u00f5es de planos para cada dez caminh\u00f5es comercializados. (Futuretransport) <\/strong><\/p>\n","protected":false},"excerpt":{"rendered":"<p>Futuretransport \u00a0 A Volvo do Brasil apresentou, esta semana, sua linha 2021 de caminh\u00f5es, com destaque para o modelo VM City, vocacionado para distribui\u00e7\u00e3o de mercadorias nos grandes centros urbanos e proximidades, opera\u00e7\u00f5es em que o motorista n\u00e3o precisa dormir na cabine do ve\u00edculo. \u00a0 O VM City tem cabine curta e caixa de c\u00e2mbio\u2026 <a class=\"readmore\" href=\"https:\/\/dana.com.br\/canaldana\/2020\/07\/30\/volvo-lanca-vm-city-para-operacoes-urbanas-e-regionais\/\">Leia mais \u00bb<\/a><\/p>\n","protected":false},"author":3,"featured_media":0,"comment_status":"closed","ping_status":"closed","sticky":false,"template":"","format":"standard","meta":{"_acf_changed":false,"footnotes":""},"categories":[79],"tags":[],"class_list":["post-43860","post","type-post","status-publish","format-standard","hentry","category-mercado"],"acf":[],"yoast_head":"<!-- This site is optimized with the Yoast SEO plugin v27.3 - https:\/\/yoast.com\/product\/yoast-seo-wordpress\/ -->\n<title>Volvo lan\u00e7a VM City para opera\u00e7\u00f5es urbanas e regionais - Canal Dana<\/title>\n<meta name=\"robots\" content=\"index, follow, max-snippet:-1, max-image-preview:large, max-video-preview:-1\" \/>\n<link rel=\"canonical\" href=\"https:\/\/dana.com.br\/canaldana\/2020\/07\/30\/volvo-lanca-vm-city-para-operacoes-urbanas-e-regionais\/\" \/>\n<meta property=\"og:locale\" content=\"pt_BR\" \/>\n<meta property=\"og:type\" content=\"article\" \/>\n<meta property=\"og:title\" content=\"Volvo lan\u00e7a VM City para opera\u00e7\u00f5es urbanas e regionais - Canal Dana\" \/>\n<meta property=\"og:description\" content=\"Futuretransport \u00a0 A Volvo do Brasil apresentou, esta semana, sua linha 2021 de caminh\u00f5es, com destaque para o modelo VM City, vocacionado para distribui\u00e7\u00e3o de mercadorias nos grandes centros urbanos e proximidades, opera\u00e7\u00f5es em que o motorista n\u00e3o precisa dormir na cabine do ve\u00edculo. \u00a0 O VM City tem cabine curta e caixa de c\u00e2mbio\u2026 Leia mais \u00bb\" \/>\n<meta property=\"og:url\" content=\"https:\/\/dana.com.br\/canaldana\/2020\/07\/30\/volvo-lanca-vm-city-para-operacoes-urbanas-e-regionais\/\" \/>\n<meta property=\"og:site_name\" content=\"Canal Dana\" \/>\n<meta property=\"article:published_time\" content=\"2020-07-30T11:52:22+00:00\" \/>\n<meta name=\"author\" content=\"Canal Dana\" \/>\n<meta name=\"twitter:card\" content=\"summary_large_image\" \/>\n<meta name=\"twitter:label1\" content=\"Escrito por\" \/>\n\t<meta name=\"twitter:data1\" content=\"Canal Dana\" \/>\n\t<meta name=\"twitter:label2\" content=\"Est. tempo de leitura\" \/>\n\t<meta name=\"twitter:data2\" content=\"4 minutos\" \/>\n<script type=\"application\/ld+json\" class=\"yoast-schema-graph\">{\"@context\":\"https:\\\/\\\/schema.org\",\"@graph\":[{\"@type\":\"Article\",\"@id\":\"https:\\\/\\\/dana.com.br\\\/canaldana\\\/2020\\\/07\\\/30\\\/volvo-lanca-vm-city-para-operacoes-urbanas-e-regionais\\\/#article\",\"isPartOf\":{\"@id\":\"https:\\\/\\\/dana.com.br\\\/canaldana\\\/2020\\\/07\\\/30\\\/volvo-lanca-vm-city-para-operacoes-urbanas-e-regionais\\\/\"},\"author\":{\"name\":\"Canal Dana\",\"@id\":\"https:\\\/\\\/dana.com.br\\\/canaldana\\\/#\\\/schema\\\/person\\\/3c21f22f56fcf3bc46b94bc60ea4fef6\"},\"headline\":\"Volvo lan\u00e7a VM City para opera\u00e7\u00f5es urbanas e regionais\",\"datePublished\":\"2020-07-30T11:52:22+00:00\",\"mainEntityOfPage\":{\"@id\":\"https:\\\/\\\/dana.com.br\\\/canaldana\\\/2020\\\/07\\\/30\\\/volvo-lanca-vm-city-para-operacoes-urbanas-e-regionais\\\/\"},\"wordCount\":830,\"articleSection\":[\"Mercado\"],\"inLanguage\":\"pt-BR\"},{\"@type\":\"WebPage\",\"@id\":\"https:\\\/\\\/dana.com.br\\\/canaldana\\\/2020\\\/07\\\/30\\\/volvo-lanca-vm-city-para-operacoes-urbanas-e-regionais\\\/\",\"url\":\"https:\\\/\\\/dana.com.br\\\/canaldana\\\/2020\\\/07\\\/30\\\/volvo-lanca-vm-city-para-operacoes-urbanas-e-regionais\\\/\",\"name\":\"Volvo lan\u00e7a VM City para opera\u00e7\u00f5es urbanas e regionais - Canal Dana\",\"isPartOf\":{\"@id\":\"https:\\\/\\\/dana.com.br\\\/canaldana\\\/#website\"},\"datePublished\":\"2020-07-30T11:52:22+00:00\",\"author\":{\"@id\":\"https:\\\/\\\/dana.com.br\\\/canaldana\\\/#\\\/schema\\\/person\\\/3c21f22f56fcf3bc46b94bc60ea4fef6\"},\"breadcrumb\":{\"@id\":\"https:\\\/\\\/dana.com.br\\\/canaldana\\\/2020\\\/07\\\/30\\\/volvo-lanca-vm-city-para-operacoes-urbanas-e-regionais\\\/#breadcrumb\"},\"inLanguage\":\"pt-BR\",\"potentialAction\":[{\"@type\":\"ReadAction\",\"target\":[\"https:\\\/\\\/dana.com.br\\\/canaldana\\\/2020\\\/07\\\/30\\\/volvo-lanca-vm-city-para-operacoes-urbanas-e-regionais\\\/\"]}]},{\"@type\":\"BreadcrumbList\",\"@id\":\"https:\\\/\\\/dana.com.br\\\/canaldana\\\/2020\\\/07\\\/30\\\/volvo-lanca-vm-city-para-operacoes-urbanas-e-regionais\\\/#breadcrumb\",\"itemListElement\":[{\"@type\":\"ListItem\",\"position\":1,\"name\":\"Home\",\"item\":\"https:\\\/\\\/dana.com.br\\\/canaldana\\\/\"},{\"@type\":\"ListItem\",\"position\":2,\"name\":\"Mercado\",\"item\":\"https:\\\/\\\/dana.com.br\\\/canaldana\\\/mercado\\\/\"},{\"@type\":\"ListItem\",\"position\":3,\"name\":\"Volvo lan\u00e7a VM City para opera\u00e7\u00f5es urbanas e regionais\"}]},{\"@type\":\"WebSite\",\"@id\":\"https:\\\/\\\/dana.com.br\\\/canaldana\\\/#website\",\"url\":\"https:\\\/\\\/dana.com.br\\\/canaldana\\\/\",\"name\":\"Canal Dana\",\"description\":\"Informativo com as principais not\u00edcias da ind\u00fastria automotiva\",\"potentialAction\":[{\"@type\":\"SearchAction\",\"target\":{\"@type\":\"EntryPoint\",\"urlTemplate\":\"https:\\\/\\\/dana.com.br\\\/canaldana\\\/?s={search_term_string}\"},\"query-input\":{\"@type\":\"PropertyValueSpecification\",\"valueRequired\":true,\"valueName\":\"search_term_string\"}}],\"inLanguage\":\"pt-BR\"},{\"@type\":\"Person\",\"@id\":\"https:\\\/\\\/dana.com.br\\\/canaldana\\\/#\\\/schema\\\/person\\\/3c21f22f56fcf3bc46b94bc60ea4fef6\",\"name\":\"Canal Dana\",\"image\":{\"@type\":\"ImageObject\",\"inLanguage\":\"pt-BR\",\"@id\":\"https:\\\/\\\/secure.gravatar.com\\\/avatar\\\/420aaf9278582877d9018637c6817617705899d2858d7572ef0fe59a6b6454b4?s=96&d=mm&r=g\",\"url\":\"https:\\\/\\\/secure.gravatar.com\\\/avatar\\\/420aaf9278582877d9018637c6817617705899d2858d7572ef0fe59a6b6454b4?s=96&d=mm&r=g\",\"contentUrl\":\"https:\\\/\\\/secure.gravatar.com\\\/avatar\\\/420aaf9278582877d9018637c6817617705899d2858d7572ef0fe59a6b6454b4?s=96&d=mm&r=g\",\"caption\":\"Canal Dana\"},\"url\":\"https:\\\/\\\/dana.com.br\\\/canaldana\\\/author\\\/cdeditor\\\/\"}]}<\/script>\n<!-- \/ Yoast SEO plugin. -->","yoast_head_json":{"title":"Volvo lan\u00e7a VM City para opera\u00e7\u00f5es urbanas e regionais - Canal Dana","robots":{"index":"index","follow":"follow","max-snippet":"max-snippet:-1","max-image-preview":"max-image-preview:large","max-video-preview":"max-video-preview:-1"},"canonical":"https:\/\/dana.com.br\/canaldana\/2020\/07\/30\/volvo-lanca-vm-city-para-operacoes-urbanas-e-regionais\/","og_locale":"pt_BR","og_type":"article","og_title":"Volvo lan\u00e7a VM City para opera\u00e7\u00f5es urbanas e regionais - Canal Dana","og_description":"Futuretransport \u00a0 A Volvo do Brasil apresentou, esta semana, sua linha 2021 de caminh\u00f5es, com destaque para o modelo VM City, vocacionado para distribui\u00e7\u00e3o de mercadorias nos grandes centros urbanos e proximidades, opera\u00e7\u00f5es em que o motorista n\u00e3o precisa dormir na cabine do ve\u00edculo. \u00a0 O VM City tem cabine curta e caixa de c\u00e2mbio\u2026 Leia mais \u00bb","og_url":"https:\/\/dana.com.br\/canaldana\/2020\/07\/30\/volvo-lanca-vm-city-para-operacoes-urbanas-e-regionais\/","og_site_name":"Canal Dana","article_published_time":"2020-07-30T11:52:22+00:00","author":"Canal Dana","twitter_card":"summary_large_image","twitter_misc":{"Escrito por":"Canal Dana","Est. tempo de leitura":"4 minutos"},"schema":{"@context":"https:\/\/schema.org","@graph":[{"@type":"Article","@id":"https:\/\/dana.com.br\/canaldana\/2020\/07\/30\/volvo-lanca-vm-city-para-operacoes-urbanas-e-regionais\/#article","isPartOf":{"@id":"https:\/\/dana.com.br\/canaldana\/2020\/07\/30\/volvo-lanca-vm-city-para-operacoes-urbanas-e-regionais\/"},"author":{"name":"Canal Dana","@id":"https:\/\/dana.com.br\/canaldana\/#\/schema\/person\/3c21f22f56fcf3bc46b94bc60ea4fef6"},"headline":"Volvo lan\u00e7a VM City para opera\u00e7\u00f5es urbanas e regionais","datePublished":"2020-07-30T11:52:22+00:00","mainEntityOfPage":{"@id":"https:\/\/dana.com.br\/canaldana\/2020\/07\/30\/volvo-lanca-vm-city-para-operacoes-urbanas-e-regionais\/"},"wordCount":830,"articleSection":["Mercado"],"inLanguage":"pt-BR"},{"@type":"WebPage","@id":"https:\/\/dana.com.br\/canaldana\/2020\/07\/30\/volvo-lanca-vm-city-para-operacoes-urbanas-e-regionais\/","url":"https:\/\/dana.com.br\/canaldana\/2020\/07\/30\/volvo-lanca-vm-city-para-operacoes-urbanas-e-regionais\/","name":"Volvo lan\u00e7a VM City para opera\u00e7\u00f5es urbanas e regionais - Canal Dana","isPartOf":{"@id":"https:\/\/dana.com.br\/canaldana\/#website"},"datePublished":"2020-07-30T11:52:22+00:00","author":{"@id":"https:\/\/dana.com.br\/canaldana\/#\/schema\/person\/3c21f22f56fcf3bc46b94bc60ea4fef6"},"breadcrumb":{"@id":"https:\/\/dana.com.br\/canaldana\/2020\/07\/30\/volvo-lanca-vm-city-para-operacoes-urbanas-e-regionais\/#breadcrumb"},"inLanguage":"pt-BR","potentialAction":[{"@type":"ReadAction","target":["https:\/\/dana.com.br\/canaldana\/2020\/07\/30\/volvo-lanca-vm-city-para-operacoes-urbanas-e-regionais\/"]}]},{"@type":"BreadcrumbList","@id":"https:\/\/dana.com.br\/canaldana\/2020\/07\/30\/volvo-lanca-vm-city-para-operacoes-urbanas-e-regionais\/#breadcrumb","itemListElement":[{"@type":"ListItem","position":1,"name":"Home","item":"https:\/\/dana.com.br\/canaldana\/"},{"@type":"ListItem","position":2,"name":"Mercado","item":"https:\/\/dana.com.br\/canaldana\/mercado\/"},{"@type":"ListItem","position":3,"name":"Volvo lan\u00e7a VM City para opera\u00e7\u00f5es urbanas e regionais"}]},{"@type":"WebSite","@id":"https:\/\/dana.com.br\/canaldana\/#website","url":"https:\/\/dana.com.br\/canaldana\/","name":"Canal Dana","description":"Informativo com as principais not\u00edcias da ind\u00fastria automotiva","potentialAction":[{"@type":"SearchAction","target":{"@type":"EntryPoint","urlTemplate":"https:\/\/dana.com.br\/canaldana\/?s={search_term_string}"},"query-input":{"@type":"PropertyValueSpecification","valueRequired":true,"valueName":"search_term_string"}}],"inLanguage":"pt-BR"},{"@type":"Person","@id":"https:\/\/dana.com.br\/canaldana\/#\/schema\/person\/3c21f22f56fcf3bc46b94bc60ea4fef6","name":"Canal Dana","image":{"@type":"ImageObject","inLanguage":"pt-BR","@id":"https:\/\/secure.gravatar.com\/avatar\/420aaf9278582877d9018637c6817617705899d2858d7572ef0fe59a6b6454b4?s=96&d=mm&r=g","url":"https:\/\/secure.gravatar.com\/avatar\/420aaf9278582877d9018637c6817617705899d2858d7572ef0fe59a6b6454b4?s=96&d=mm&r=g","contentUrl":"https:\/\/secure.gravatar.com\/avatar\/420aaf9278582877d9018637c6817617705899d2858d7572ef0fe59a6b6454b4?s=96&d=mm&r=g","caption":"Canal Dana"},"url":"https:\/\/dana.com.br\/canaldana\/author\/cdeditor\/"}]}},"_links":{"self":[{"href":"https:\/\/dana.com.br\/canaldana\/wp-json\/wp\/v2\/posts\/43860","targetHints":{"allow":["GET"]}}],"collection":[{"href":"https:\/\/dana.com.br\/canaldana\/wp-json\/wp\/v2\/posts"}],"about":[{"href":"https:\/\/dana.com.br\/canaldana\/wp-json\/wp\/v2\/types\/post"}],"author":[{"embeddable":true,"href":"https:\/\/dana.com.br\/canaldana\/wp-json\/wp\/v2\/users\/3"}],"replies":[{"embeddable":true,"href":"https:\/\/dana.com.br\/canaldana\/wp-json\/wp\/v2\/comments?post=43860"}],"version-history":[{"count":0,"href":"https:\/\/dana.com.br\/canaldana\/wp-json\/wp\/v2\/posts\/43860\/revisions"}],"wp:attachment":[{"href":"https:\/\/dana.com.br\/canaldana\/wp-json\/wp\/v2\/media?parent=43860"}],"wp:term":[{"taxonomy":"category","embeddable":true,"href":"https:\/\/dana.com.br\/canaldana\/wp-json\/wp\/v2\/categories?post=43860"},{"taxonomy":"post_tag","embeddable":true,"href":"https:\/\/dana.com.br\/canaldana\/wp-json\/wp\/v2\/tags?post=43860"}],"curies":[{"name":"wp","href":"https:\/\/api.w.org\/{rel}","templated":true}]}}