{"id":43293,"date":"2020-07-06T09:07:58","date_gmt":"2020-07-06T12:07:58","guid":{"rendered":"https:\/\/dana.com.br\/canaldana\/?p=43293"},"modified":"2020-07-06T09:07:58","modified_gmt":"2020-07-06T12:07:58","slug":"mercedes-benz-comemora-seus-126-anos-de-automobilismo-com-emocao-dentro-e-fora-das-pistas","status":"publish","type":"post","link":"https:\/\/dana.com.br\/canaldana\/2020\/07\/06\/mercedes-benz-comemora-seus-126-anos-de-automobilismo-com-emocao-dentro-e-fora-das-pistas\/","title":{"rendered":"Mercedes-Benz comemora seus 126 anos de automobilismo com emo\u00e7\u00e3o dentro e fora das pistas"},"content":{"rendered":"<p><em>Revista Torque<\/em><\/p>\n<p>&nbsp;<\/p>\n<p>H\u00e1 exatos 126 anos, acontecia, na Fran\u00e7a, a primeira corrida entre autom\u00f3veis do mundo. Desde o primeiro cap\u00edtulo da hist\u00f3ria deste esporte que hoje alimenta a paix\u00e3o de f\u00e3s em todo o planeta, a Mercedes-Benz esteve presente e vem construindo uma trajet\u00f3ria que conta com grandes feitos e t\u00edtulos in\u00e9ditos no motorsport.<\/p>\n<p>&nbsp;<\/p>\n<p>Muita coisa mudou desde a corrida entre Paris e Rouen, em 1894. As mudan\u00e7as continuam existindo e a Mercedes-AMG PETRONAS se mantem ativa n\u00e3o apenas nos avan\u00e7os tecnol\u00f3gicos que proporcionam cada vez mais performance e seguran\u00e7a nas competi\u00e7\u00f5es, mas, tamb\u00e9m, \u00e0s mudan\u00e7as que a sociedade atravessa.<\/p>\n<p>&nbsp;<\/p>\n<p>Neste m\u00eas de julho, a temporada 2020 da F\u00f3rmula 1 tem o seu retorno e este rein\u00edcio promete mostrar mudan\u00e7as profundas vividas em todo o mundo desde a \u00faltima vez que as equipes se reuniram em Melbourne, no in\u00edcio de mar\u00e7o, para a abertura oficial da temporada deste ano da competi\u00e7\u00e3o.<\/p>\n<p>&nbsp;<\/p>\n<p>Nesta temporada, inaugurando uma nova fase, a Mercedes-AMG PETRONAS compete com seu tradicional Silver Arrows com uma base totalmente preta em apoio \u00e0s manifesta\u00e7\u00f5es observadas ao redor do mundo nas \u00faltimas semanas.<\/p>\n<p>&nbsp;<\/p>\n<p>Nas pistas, o piloto ingl\u00eas Lewis Hamilton compete para mais um campeonato in\u00e9dito na sua carreira em busca da s\u00e9tima vit\u00f3ria. A equipe Mercedes-AMG Petronas Motorsport ir\u00e1, mais uma vez, competir com dois ve\u00edculos e os pilotos e espera dar continuidade \u00e0 sequ\u00eancia de vit\u00f3rias ocorridas entre 2014 e 2019. Para atingir esses resultados, a equipe contar\u00e1 com o modelo F1 W11 EQ Performance.<\/p>\n<p>&nbsp;<\/p>\n<p><strong>Seguran\u00e7a com muito design<\/strong><\/p>\n<p>&nbsp;<\/p>\n<p>Nesta temporada da F\u00f3rmula 1, as etapas v\u00e3o contar com o novo design do Safety Car. Simbolizando solidariedade, seguran\u00e7a e diversidade, o Mercedes- AMG GT R cumpre seu papel de guardi\u00e3o das pistas em um novo visual. O modelo apoiar\u00e1 de forma destacada a campanha de F\u00f3rmula 1 \u201cWeRaceAsOne\u201d, trazendo esta identidade visual nas laterais e no cap\u00f4 do ve\u00edculo. A arte simboliza o compromisso esportivo com a diversidade e a inclus\u00e3o.<\/p>\n<p>&nbsp;<\/p>\n<p>As exig\u00eancias da FIA para o Safety Car s\u00e3o altas. Ele deve ser capaz de manter uma velocidade m\u00ednima alta para que os pneus e os freios dos carros de F\u00f3rmula 1 n\u00e3o percam muita temperatura e os motores n\u00e3o superaque\u00e7am. Com uma velocidade m\u00e1xima de 318 km por hora e 3,6 segundos para acelerar de zero a 100, essa \u00e9 uma tarefa f\u00e1cil para o Mercedes-AMG GT R.<\/p>\n<p>&nbsp;<\/p>\n<p><strong>Alta Performance das pistas para as ruas<\/strong><\/p>\n<p>&nbsp;<\/p>\n<p>A trajet\u00f3ria de sucesso da Mercedes-AMG na F\u00f3rmula 1 refor\u00e7a o compromisso da marca em desenvolver novas tecnologia e em manter o DNA das pistas presente nos seus ve\u00edculos de passeio. No Brasil, tr\u00eas novos modelos foram lan\u00e7ados somente no primeiro semestre de 2020:<\/p>\n<p>&nbsp;<\/p>\n<p><strong>Mercedes-AMG GLE 53 4M+:<\/strong> o modelo une conforto, alto desempenho e esportividade para os apaixonados pela linha SUV da marca. Ele conta com sete lugares e se destaca por ser o primeiro SUV no mercado brasileiro a oferecer ajuste el\u00e9trico nos bancos da segunda fileira, proporcionando ainda mais conforto aos seus passageiros. Al\u00e9m disso, conta com a tecnologia EQ Boost, que garante mais efici\u00eancia e pot\u00eancia ao utilit\u00e1rio.<\/p>\n<p>&nbsp;<\/p>\n<p><strong>Mercedes-AMG A 35 4M SEDAN:<\/strong> a pot\u00eancia de um superesportivo somada a alta tecnologia trazem uma identidade \u00fanica ao modelo. Ele \u00e9 equipado com um novo motor de dois litros turbo e quatro cilindros fabricado em s\u00e9rie, que entrega uma pot\u00eancia m\u00e1xima de 306 cv e at\u00e9 400 Nm de torque. Em seu interior, um cockpit digital de 10\u201d oferece conectividade e qualidade de materiais combinados com o sistema de multim\u00eddia MBUX, o conhecido \u201cHey, Mercedes\u201d.<\/p>\n<p>&nbsp;<\/p>\n<p><strong>Mercedes-AMG GT 43:<\/strong> com o m\u00e1ximo da exclusividade e conforto oferecidos a apenas 20 clientes que j\u00e1 reservaram o modelo no Brasil, o superesportivo garante performance e pot\u00eancia trazendo 367 cv, combinando design \u00fanico a engenharia das pistas com a apar\u00eancia atl\u00e9tica de um coup\u00e9 esportivo.<\/p>\n<p>&nbsp;<\/p>\n<p>\u201cOs lan\u00e7amentos Mercedes-AMG ampliam o portf\u00f3lio de esportivos da marca no Pa\u00eds que, com 22 modelos, garante a mais completa gama neste segmento no Brasil, sendo a \u00fanica a oferecer motores assinados por seus engenheiros. Esta enorme variedade de produtos fortalece a intera\u00e7\u00e3o entre o automobilismo e os ve\u00edculos de passeio, que a marca proporciona h\u00e1 mais de 50 anos\u201d, conclui Holger Marquardt, Presidente da Mercedes-Benz Cars &amp; Vans Brasil. (Revista Torque)<\/p>\n","protected":false},"excerpt":{"rendered":"<p>Revista Torque &nbsp; H\u00e1 exatos 126 anos, acontecia, na Fran\u00e7a, a primeira corrida entre autom\u00f3veis do mundo. Desde o primeiro cap\u00edtulo da hist\u00f3ria deste esporte que hoje alimenta a paix\u00e3o de f\u00e3s em todo o planeta, a Mercedes-Benz esteve presente e vem construindo uma trajet\u00f3ria que conta com grandes feitos e t\u00edtulos in\u00e9ditos no motorsport.\u2026 <a class=\"readmore\" href=\"https:\/\/dana.com.br\/canaldana\/2020\/07\/06\/mercedes-benz-comemora-seus-126-anos-de-automobilismo-com-emocao-dentro-e-fora-das-pistas\/\">Leia mais \u00bb<\/a><\/p>\n","protected":false},"author":3,"featured_media":0,"comment_status":"closed","ping_status":"closed","sticky":false,"template":"","format":"standard","meta":{"_acf_changed":false,"footnotes":""},"categories":[84],"tags":[],"class_list":["post-43293","post","type-post","status-publish","format-standard","hentry","category-competicao"],"acf":[],"yoast_head":"<!-- This site is optimized with the Yoast SEO plugin v27.3 - https:\/\/yoast.com\/product\/yoast-seo-wordpress\/ -->\n<title>Mercedes-Benz comemora seus 126 anos de automobilismo com emo\u00e7\u00e3o dentro e fora das pistas - Canal Dana<\/title>\n<meta name=\"robots\" content=\"index, follow, max-snippet:-1, max-image-preview:large, max-video-preview:-1\" \/>\n<link rel=\"canonical\" href=\"https:\/\/dana.com.br\/canaldana\/2020\/07\/06\/mercedes-benz-comemora-seus-126-anos-de-automobilismo-com-emocao-dentro-e-fora-das-pistas\/\" \/>\n<meta property=\"og:locale\" content=\"pt_BR\" \/>\n<meta property=\"og:type\" content=\"article\" \/>\n<meta property=\"og:title\" content=\"Mercedes-Benz comemora seus 126 anos de automobilismo com emo\u00e7\u00e3o dentro e fora das pistas - Canal Dana\" \/>\n<meta property=\"og:description\" content=\"Revista Torque &nbsp; H\u00e1 exatos 126 anos, acontecia, na Fran\u00e7a, a primeira corrida entre autom\u00f3veis do mundo. Desde o primeiro cap\u00edtulo da hist\u00f3ria deste esporte que hoje alimenta a paix\u00e3o de f\u00e3s em todo o planeta, a Mercedes-Benz esteve presente e vem construindo uma trajet\u00f3ria que conta com grandes feitos e t\u00edtulos in\u00e9ditos no motorsport.\u2026 Leia mais \u00bb\" \/>\n<meta property=\"og:url\" content=\"https:\/\/dana.com.br\/canaldana\/2020\/07\/06\/mercedes-benz-comemora-seus-126-anos-de-automobilismo-com-emocao-dentro-e-fora-das-pistas\/\" \/>\n<meta property=\"og:site_name\" content=\"Canal Dana\" \/>\n<meta property=\"article:published_time\" content=\"2020-07-06T12:07:58+00:00\" \/>\n<meta name=\"author\" content=\"Canal Dana\" \/>\n<meta name=\"twitter:card\" content=\"summary_large_image\" \/>\n<meta name=\"twitter:label1\" content=\"Escrito por\" \/>\n\t<meta name=\"twitter:data1\" content=\"Canal Dana\" \/>\n\t<meta name=\"twitter:label2\" content=\"Est. tempo de leitura\" \/>\n\t<meta name=\"twitter:data2\" content=\"4 minutos\" \/>\n<script type=\"application\/ld+json\" class=\"yoast-schema-graph\">{\"@context\":\"https:\\\/\\\/schema.org\",\"@graph\":[{\"@type\":\"Article\",\"@id\":\"https:\\\/\\\/dana.com.br\\\/canaldana\\\/2020\\\/07\\\/06\\\/mercedes-benz-comemora-seus-126-anos-de-automobilismo-com-emocao-dentro-e-fora-das-pistas\\\/#article\",\"isPartOf\":{\"@id\":\"https:\\\/\\\/dana.com.br\\\/canaldana\\\/2020\\\/07\\\/06\\\/mercedes-benz-comemora-seus-126-anos-de-automobilismo-com-emocao-dentro-e-fora-das-pistas\\\/\"},\"author\":{\"name\":\"Canal Dana\",\"@id\":\"https:\\\/\\\/dana.com.br\\\/canaldana\\\/#\\\/schema\\\/person\\\/3c21f22f56fcf3bc46b94bc60ea4fef6\"},\"headline\":\"Mercedes-Benz comemora seus 126 anos de automobilismo com emo\u00e7\u00e3o dentro e fora das pistas\",\"datePublished\":\"2020-07-06T12:07:58+00:00\",\"mainEntityOfPage\":{\"@id\":\"https:\\\/\\\/dana.com.br\\\/canaldana\\\/2020\\\/07\\\/06\\\/mercedes-benz-comemora-seus-126-anos-de-automobilismo-com-emocao-dentro-e-fora-das-pistas\\\/\"},\"wordCount\":780,\"articleSection\":[\"Competi\u00e7\u00e3o\"],\"inLanguage\":\"pt-BR\"},{\"@type\":\"WebPage\",\"@id\":\"https:\\\/\\\/dana.com.br\\\/canaldana\\\/2020\\\/07\\\/06\\\/mercedes-benz-comemora-seus-126-anos-de-automobilismo-com-emocao-dentro-e-fora-das-pistas\\\/\",\"url\":\"https:\\\/\\\/dana.com.br\\\/canaldana\\\/2020\\\/07\\\/06\\\/mercedes-benz-comemora-seus-126-anos-de-automobilismo-com-emocao-dentro-e-fora-das-pistas\\\/\",\"name\":\"Mercedes-Benz comemora seus 126 anos de automobilismo com emo\u00e7\u00e3o dentro e fora das pistas - Canal Dana\",\"isPartOf\":{\"@id\":\"https:\\\/\\\/dana.com.br\\\/canaldana\\\/#website\"},\"datePublished\":\"2020-07-06T12:07:58+00:00\",\"author\":{\"@id\":\"https:\\\/\\\/dana.com.br\\\/canaldana\\\/#\\\/schema\\\/person\\\/3c21f22f56fcf3bc46b94bc60ea4fef6\"},\"breadcrumb\":{\"@id\":\"https:\\\/\\\/dana.com.br\\\/canaldana\\\/2020\\\/07\\\/06\\\/mercedes-benz-comemora-seus-126-anos-de-automobilismo-com-emocao-dentro-e-fora-das-pistas\\\/#breadcrumb\"},\"inLanguage\":\"pt-BR\",\"potentialAction\":[{\"@type\":\"ReadAction\",\"target\":[\"https:\\\/\\\/dana.com.br\\\/canaldana\\\/2020\\\/07\\\/06\\\/mercedes-benz-comemora-seus-126-anos-de-automobilismo-com-emocao-dentro-e-fora-das-pistas\\\/\"]}]},{\"@type\":\"BreadcrumbList\",\"@id\":\"https:\\\/\\\/dana.com.br\\\/canaldana\\\/2020\\\/07\\\/06\\\/mercedes-benz-comemora-seus-126-anos-de-automobilismo-com-emocao-dentro-e-fora-das-pistas\\\/#breadcrumb\",\"itemListElement\":[{\"@type\":\"ListItem\",\"position\":1,\"name\":\"Home\",\"item\":\"https:\\\/\\\/dana.com.br\\\/canaldana\\\/\"},{\"@type\":\"ListItem\",\"position\":2,\"name\":\"Competi\u00e7\u00e3o\",\"item\":\"https:\\\/\\\/dana.com.br\\\/canaldana\\\/competicao\\\/\"},{\"@type\":\"ListItem\",\"position\":3,\"name\":\"Mercedes-Benz comemora seus 126 anos de automobilismo com emo\u00e7\u00e3o dentro e fora das pistas\"}]},{\"@type\":\"WebSite\",\"@id\":\"https:\\\/\\\/dana.com.br\\\/canaldana\\\/#website\",\"url\":\"https:\\\/\\\/dana.com.br\\\/canaldana\\\/\",\"name\":\"Canal Dana\",\"description\":\"Informativo com as principais not\u00edcias da ind\u00fastria automotiva\",\"potentialAction\":[{\"@type\":\"SearchAction\",\"target\":{\"@type\":\"EntryPoint\",\"urlTemplate\":\"https:\\\/\\\/dana.com.br\\\/canaldana\\\/?s={search_term_string}\"},\"query-input\":{\"@type\":\"PropertyValueSpecification\",\"valueRequired\":true,\"valueName\":\"search_term_string\"}}],\"inLanguage\":\"pt-BR\"},{\"@type\":\"Person\",\"@id\":\"https:\\\/\\\/dana.com.br\\\/canaldana\\\/#\\\/schema\\\/person\\\/3c21f22f56fcf3bc46b94bc60ea4fef6\",\"name\":\"Canal Dana\",\"image\":{\"@type\":\"ImageObject\",\"inLanguage\":\"pt-BR\",\"@id\":\"https:\\\/\\\/secure.gravatar.com\\\/avatar\\\/420aaf9278582877d9018637c6817617705899d2858d7572ef0fe59a6b6454b4?s=96&d=mm&r=g\",\"url\":\"https:\\\/\\\/secure.gravatar.com\\\/avatar\\\/420aaf9278582877d9018637c6817617705899d2858d7572ef0fe59a6b6454b4?s=96&d=mm&r=g\",\"contentUrl\":\"https:\\\/\\\/secure.gravatar.com\\\/avatar\\\/420aaf9278582877d9018637c6817617705899d2858d7572ef0fe59a6b6454b4?s=96&d=mm&r=g\",\"caption\":\"Canal Dana\"},\"url\":\"https:\\\/\\\/dana.com.br\\\/canaldana\\\/author\\\/cdeditor\\\/\"}]}<\/script>\n<!-- \/ Yoast SEO plugin. -->","yoast_head_json":{"title":"Mercedes-Benz comemora seus 126 anos de automobilismo com emo\u00e7\u00e3o dentro e fora das pistas - Canal Dana","robots":{"index":"index","follow":"follow","max-snippet":"max-snippet:-1","max-image-preview":"max-image-preview:large","max-video-preview":"max-video-preview:-1"},"canonical":"https:\/\/dana.com.br\/canaldana\/2020\/07\/06\/mercedes-benz-comemora-seus-126-anos-de-automobilismo-com-emocao-dentro-e-fora-das-pistas\/","og_locale":"pt_BR","og_type":"article","og_title":"Mercedes-Benz comemora seus 126 anos de automobilismo com emo\u00e7\u00e3o dentro e fora das pistas - Canal Dana","og_description":"Revista Torque &nbsp; H\u00e1 exatos 126 anos, acontecia, na Fran\u00e7a, a primeira corrida entre autom\u00f3veis do mundo. Desde o primeiro cap\u00edtulo da hist\u00f3ria deste esporte que hoje alimenta a paix\u00e3o de f\u00e3s em todo o planeta, a Mercedes-Benz esteve presente e vem construindo uma trajet\u00f3ria que conta com grandes feitos e t\u00edtulos in\u00e9ditos no motorsport.\u2026 Leia mais \u00bb","og_url":"https:\/\/dana.com.br\/canaldana\/2020\/07\/06\/mercedes-benz-comemora-seus-126-anos-de-automobilismo-com-emocao-dentro-e-fora-das-pistas\/","og_site_name":"Canal Dana","article_published_time":"2020-07-06T12:07:58+00:00","author":"Canal Dana","twitter_card":"summary_large_image","twitter_misc":{"Escrito por":"Canal Dana","Est. tempo de leitura":"4 minutos"},"schema":{"@context":"https:\/\/schema.org","@graph":[{"@type":"Article","@id":"https:\/\/dana.com.br\/canaldana\/2020\/07\/06\/mercedes-benz-comemora-seus-126-anos-de-automobilismo-com-emocao-dentro-e-fora-das-pistas\/#article","isPartOf":{"@id":"https:\/\/dana.com.br\/canaldana\/2020\/07\/06\/mercedes-benz-comemora-seus-126-anos-de-automobilismo-com-emocao-dentro-e-fora-das-pistas\/"},"author":{"name":"Canal Dana","@id":"https:\/\/dana.com.br\/canaldana\/#\/schema\/person\/3c21f22f56fcf3bc46b94bc60ea4fef6"},"headline":"Mercedes-Benz comemora seus 126 anos de automobilismo com emo\u00e7\u00e3o dentro e fora das pistas","datePublished":"2020-07-06T12:07:58+00:00","mainEntityOfPage":{"@id":"https:\/\/dana.com.br\/canaldana\/2020\/07\/06\/mercedes-benz-comemora-seus-126-anos-de-automobilismo-com-emocao-dentro-e-fora-das-pistas\/"},"wordCount":780,"articleSection":["Competi\u00e7\u00e3o"],"inLanguage":"pt-BR"},{"@type":"WebPage","@id":"https:\/\/dana.com.br\/canaldana\/2020\/07\/06\/mercedes-benz-comemora-seus-126-anos-de-automobilismo-com-emocao-dentro-e-fora-das-pistas\/","url":"https:\/\/dana.com.br\/canaldana\/2020\/07\/06\/mercedes-benz-comemora-seus-126-anos-de-automobilismo-com-emocao-dentro-e-fora-das-pistas\/","name":"Mercedes-Benz comemora seus 126 anos de automobilismo com emo\u00e7\u00e3o dentro e fora das pistas - Canal Dana","isPartOf":{"@id":"https:\/\/dana.com.br\/canaldana\/#website"},"datePublished":"2020-07-06T12:07:58+00:00","author":{"@id":"https:\/\/dana.com.br\/canaldana\/#\/schema\/person\/3c21f22f56fcf3bc46b94bc60ea4fef6"},"breadcrumb":{"@id":"https:\/\/dana.com.br\/canaldana\/2020\/07\/06\/mercedes-benz-comemora-seus-126-anos-de-automobilismo-com-emocao-dentro-e-fora-das-pistas\/#breadcrumb"},"inLanguage":"pt-BR","potentialAction":[{"@type":"ReadAction","target":["https:\/\/dana.com.br\/canaldana\/2020\/07\/06\/mercedes-benz-comemora-seus-126-anos-de-automobilismo-com-emocao-dentro-e-fora-das-pistas\/"]}]},{"@type":"BreadcrumbList","@id":"https:\/\/dana.com.br\/canaldana\/2020\/07\/06\/mercedes-benz-comemora-seus-126-anos-de-automobilismo-com-emocao-dentro-e-fora-das-pistas\/#breadcrumb","itemListElement":[{"@type":"ListItem","position":1,"name":"Home","item":"https:\/\/dana.com.br\/canaldana\/"},{"@type":"ListItem","position":2,"name":"Competi\u00e7\u00e3o","item":"https:\/\/dana.com.br\/canaldana\/competicao\/"},{"@type":"ListItem","position":3,"name":"Mercedes-Benz comemora seus 126 anos de automobilismo com emo\u00e7\u00e3o dentro e fora das pistas"}]},{"@type":"WebSite","@id":"https:\/\/dana.com.br\/canaldana\/#website","url":"https:\/\/dana.com.br\/canaldana\/","name":"Canal Dana","description":"Informativo com as principais not\u00edcias da ind\u00fastria automotiva","potentialAction":[{"@type":"SearchAction","target":{"@type":"EntryPoint","urlTemplate":"https:\/\/dana.com.br\/canaldana\/?s={search_term_string}"},"query-input":{"@type":"PropertyValueSpecification","valueRequired":true,"valueName":"search_term_string"}}],"inLanguage":"pt-BR"},{"@type":"Person","@id":"https:\/\/dana.com.br\/canaldana\/#\/schema\/person\/3c21f22f56fcf3bc46b94bc60ea4fef6","name":"Canal Dana","image":{"@type":"ImageObject","inLanguage":"pt-BR","@id":"https:\/\/secure.gravatar.com\/avatar\/420aaf9278582877d9018637c6817617705899d2858d7572ef0fe59a6b6454b4?s=96&d=mm&r=g","url":"https:\/\/secure.gravatar.com\/avatar\/420aaf9278582877d9018637c6817617705899d2858d7572ef0fe59a6b6454b4?s=96&d=mm&r=g","contentUrl":"https:\/\/secure.gravatar.com\/avatar\/420aaf9278582877d9018637c6817617705899d2858d7572ef0fe59a6b6454b4?s=96&d=mm&r=g","caption":"Canal Dana"},"url":"https:\/\/dana.com.br\/canaldana\/author\/cdeditor\/"}]}},"_links":{"self":[{"href":"https:\/\/dana.com.br\/canaldana\/wp-json\/wp\/v2\/posts\/43293","targetHints":{"allow":["GET"]}}],"collection":[{"href":"https:\/\/dana.com.br\/canaldana\/wp-json\/wp\/v2\/posts"}],"about":[{"href":"https:\/\/dana.com.br\/canaldana\/wp-json\/wp\/v2\/types\/post"}],"author":[{"embeddable":true,"href":"https:\/\/dana.com.br\/canaldana\/wp-json\/wp\/v2\/users\/3"}],"replies":[{"embeddable":true,"href":"https:\/\/dana.com.br\/canaldana\/wp-json\/wp\/v2\/comments?post=43293"}],"version-history":[{"count":0,"href":"https:\/\/dana.com.br\/canaldana\/wp-json\/wp\/v2\/posts\/43293\/revisions"}],"wp:attachment":[{"href":"https:\/\/dana.com.br\/canaldana\/wp-json\/wp\/v2\/media?parent=43293"}],"wp:term":[{"taxonomy":"category","embeddable":true,"href":"https:\/\/dana.com.br\/canaldana\/wp-json\/wp\/v2\/categories?post=43293"},{"taxonomy":"post_tag","embeddable":true,"href":"https:\/\/dana.com.br\/canaldana\/wp-json\/wp\/v2\/tags?post=43293"}],"curies":[{"name":"wp","href":"https:\/\/api.w.org\/{rel}","templated":true}]}}