{"id":43185,"date":"2020-06-30T08:46:38","date_gmt":"2020-06-30T11:46:38","guid":{"rendered":"https:\/\/dana.com.br\/canaldana\/?p=43185"},"modified":"2020-06-30T08:46:38","modified_gmt":"2020-06-30T11:46:38","slug":"crise-poe-pais-em-recessao-diz-fgv","status":"publish","type":"post","link":"https:\/\/dana.com.br\/canaldana\/2020\/06\/30\/crise-poe-pais-em-recessao-diz-fgv\/","title":{"rendered":"Crise p\u00f5e Pa\u00eds em recess\u00e3o, diz FGV"},"content":{"rendered":"<p><em>O Estado de S. Paulo <\/em><\/p>\n<p>&nbsp;<\/p>\n<p>O Brasil entrou em recess\u00e3o a partir do primeiro trimestre deste ano, informou ontem o Comit\u00ea de Data\u00e7\u00e3o de Ciclos Econ\u00f4micos (Codace) da Funda\u00e7\u00e3o Getulio Vargas (FGV). Ap\u00f3s uma reuni\u00e3o na \u00faltima sexta-feira, 26, o grupo de economistas avaliou que a retra\u00e7\u00e3o de 1,5% no Produto Interno Bruto (PIB, soma total do valor de tudo o que \u00e9 produzido na economia) brasileiro do primeiro trimestre j\u00e1 foi suficiente para concluir que o ciclo de neg\u00f3cios brasileiro atingiu um pico de expans\u00e3o no quarto trimestre de 2019, o que \u201csinaliza a entrada do pa\u00eds em uma recess\u00e3o a partir do primeiro trimestre de 2020\u201d.<\/p>\n<p>&nbsp;<\/p>\n<p>Segundo economistas, a simples retra\u00e7\u00e3o do PIB num trimestre n\u00e3o basta para definir uma recess\u00e3o. O PIB \u00e9 apenas uma das dimens\u00f5es e, na defini\u00e7\u00e3o acad\u00eamica, tamb\u00e9m \u00e9 comum levar em conta o comportamento da atividade em rela\u00e7\u00e3o a seu \u201cpotencial\u201d (ou seja, o quanto uma economia pode crescer sem provocar desequil\u00edbrios, como infla\u00e7\u00e3o), afirmaram ao Estad\u00e3o os professores Jos\u00e9 Lu\u00eds Oreiro, da Universidade de Bras\u00edlia (UnB), e Eduardo Zilbermann, da PUC-Rio.<\/p>\n<p>&nbsp;<\/p>\n<p>Para o Codace, recess\u00e3o \u00e9 \u201cum per\u00edodo de queda generalizada na atividade econ\u00f4mica, com efeitos negativos sobre a maioria dos setores e pessoas em uma economia\u201d, disse, por escrito, Paulo Picchetti, pesquisador do Instituto Brasileiro de Economia (Ibre) da FGV e um dos membros do colegiado. Tamb\u00e9m pode ser uma \u201cconjuntura de decl\u00ednio da atividade econ\u00f4mica, caracterizada por queda da produ\u00e7\u00e3o, aumento do desemprego, diminui\u00e7\u00e3o da taxa de lucros e crescimento dos \u00edndices de fal\u00eancias e concordatas\u201d, na defini\u00e7\u00e3o do economista Paulo Sandroni, no Nov\u00edssimo Dicion\u00e1rio de Economia.<\/p>\n<p>&nbsp;<\/p>\n<p>Por isso mesmo, geralmente, os economistas levam tempo para definir quando uma recess\u00e3o come\u00e7a e termina. O pr\u00f3prio Codace s\u00f3 concluiu que o Brasil entrou em recess\u00e3o a partir do segundo trimestre de 2014 em agosto de 2015, mais de um ano depois. O mesmo ocorre em outros pa\u00edses.<\/p>\n<p>&nbsp;<\/p>\n<p>S\u00f3 que com a crise da covid19 \u00e9 diferente. Ap\u00f3s a retra\u00e7\u00e3o de 1,5% no primeiro trimestre, as proje\u00e7\u00f5es de analistas do mercado financeiro apontam para um tombo em torno de 10% neste segundo trimestre sobre os tr\u00eas primeiros meses do ano. Em abril, a produ\u00e7\u00e3o industrial despencou 18,8% ante mar\u00e7o, enquanto as vendas no varejo recuaram 16,8% e o volume de servi\u00e7os prestados, 11,7%. Para 2020 como um todo, as estimativas s\u00e3o de uma queda de 6,54% no PIB, no que ser\u00e1 o pior desempenho anual da hist\u00f3rica econ\u00f4mica nacional, registrada desde 1901.<\/p>\n<p>&nbsp;<\/p>\n<p>\u201cNessa crise, foi \u00f3bvio quando o meteoro chegou\u201d, afirmou o economista Edmar Bacha, diretor do Instituto de Estudos de Pol\u00edtica Econ\u00f4mica\/Casa das Gar\u00e7as (IEPE\/CdG), integrante da equipe que criou o Plano Real no in\u00edcio dos anos 1990 e membro do Codace.<\/p>\n<p>&nbsp;<\/p>\n<p>Nos Estados Unidos, o Escrit\u00f3rio Nacional de Pesquisa Econ\u00f4mica (NBER, na sigla em ingl\u00eas), instituto privado fundado em 1920 cujas defini\u00e7\u00f5es dos ciclos econ\u00f4micos s\u00e3o usadas pelo governo americano e no qual o Codace se inspira, tamb\u00e9m agiu mais rapidamente do que o usual. No \u00faltimo dia 8, soltou comunicado registrando o in\u00edcio de uma recess\u00e3o nos Estados Unidos em mar\u00e7o passado \u2013 a recess\u00e3o do \u201csubprime\u201d, por exemplo, s\u00f3 teria a data de in\u00edcio, dezembro de 2007, confirmada pelo NBER em dezembro de 2008.<\/p>\n<p>&nbsp;<\/p>\n<p>Ao decidir confirmar logo o in\u00edcio da recess\u00e3o causada pela pandemia, tanto o NBER quanto o Codace foram mais r\u00e1pidos do que economistas do mercado financeiro, que nem precisaram falar em \u201crecess\u00e3o t\u00e9cnica\u201d. O jarg\u00e3o, comumente usados, \u00e9 definido, simplesmente, como a situa\u00e7\u00e3o em que a varia\u00e7\u00e3o do PIB trimestral registra duas quedas seguidas, sempre na compara\u00e7\u00e3o com o trimestre imediatamente anterior.<\/p>\n<p>&nbsp;<\/p>\n<p>Apesar da defini\u00e7\u00e3o aparentemente objetiva e de f\u00e1cil entendimento, curiosamente, o termo n\u00e3o \u00e9 encarado como um conceito por pesquisadores. (O Estado de S. Paulo\/Vinicius Neder)<\/p>\n","protected":false},"excerpt":{"rendered":"<p>O Estado de S. Paulo &nbsp; O Brasil entrou em recess\u00e3o a partir do primeiro trimestre deste ano, informou ontem o Comit\u00ea de Data\u00e7\u00e3o de Ciclos Econ\u00f4micos (Codace) da Funda\u00e7\u00e3o Getulio Vargas (FGV). Ap\u00f3s uma reuni\u00e3o na \u00faltima sexta-feira, 26, o grupo de economistas avaliou que a retra\u00e7\u00e3o de 1,5% no Produto Interno Bruto (PIB,\u2026 <a class=\"readmore\" href=\"https:\/\/dana.com.br\/canaldana\/2020\/06\/30\/crise-poe-pais-em-recessao-diz-fgv\/\">Leia mais \u00bb<\/a><\/p>\n","protected":false},"author":3,"featured_media":0,"comment_status":"closed","ping_status":"closed","sticky":false,"template":"","format":"standard","meta":{"_acf_changed":false,"footnotes":""},"categories":[79],"tags":[],"class_list":["post-43185","post","type-post","status-publish","format-standard","hentry","category-mercado"],"acf":[],"yoast_head":"<!-- This site is optimized with the Yoast SEO plugin v27.5 - https:\/\/yoast.com\/product\/yoast-seo-wordpress\/ -->\n<title>Crise p\u00f5e Pa\u00eds em recess\u00e3o, diz FGV - Canal Dana<\/title>\n<meta name=\"robots\" content=\"index, follow, max-snippet:-1, max-image-preview:large, max-video-preview:-1\" \/>\n<link rel=\"canonical\" href=\"https:\/\/dana.com.br\/canaldana\/2020\/06\/30\/crise-poe-pais-em-recessao-diz-fgv\/\" \/>\n<meta property=\"og:locale\" content=\"pt_BR\" \/>\n<meta property=\"og:type\" content=\"article\" \/>\n<meta property=\"og:title\" content=\"Crise p\u00f5e Pa\u00eds em recess\u00e3o, diz FGV - Canal Dana\" \/>\n<meta property=\"og:description\" content=\"O Estado de S. Paulo &nbsp; O Brasil entrou em recess\u00e3o a partir do primeiro trimestre deste ano, informou ontem o Comit\u00ea de Data\u00e7\u00e3o de Ciclos Econ\u00f4micos (Codace) da Funda\u00e7\u00e3o Getulio Vargas (FGV). Ap\u00f3s uma reuni\u00e3o na \u00faltima sexta-feira, 26, o grupo de economistas avaliou que a retra\u00e7\u00e3o de 1,5% no Produto Interno Bruto (PIB,\u2026 Leia mais \u00bb\" \/>\n<meta property=\"og:url\" content=\"https:\/\/dana.com.br\/canaldana\/2020\/06\/30\/crise-poe-pais-em-recessao-diz-fgv\/\" \/>\n<meta property=\"og:site_name\" content=\"Canal Dana\" \/>\n<meta property=\"article:published_time\" content=\"2020-06-30T11:46:38+00:00\" \/>\n<meta name=\"author\" content=\"Canal Dana\" \/>\n<meta name=\"twitter:card\" content=\"summary_large_image\" \/>\n<meta name=\"twitter:label1\" content=\"Escrito por\" \/>\n\t<meta name=\"twitter:data1\" content=\"Canal Dana\" \/>\n\t<meta name=\"twitter:label2\" content=\"Est. tempo de leitura\" \/>\n\t<meta name=\"twitter:data2\" content=\"3 minutos\" \/>\n<script type=\"application\/ld+json\" class=\"yoast-schema-graph\">{\"@context\":\"https:\\\/\\\/schema.org\",\"@graph\":[{\"@type\":\"Article\",\"@id\":\"https:\\\/\\\/dana.com.br\\\/canaldana\\\/2020\\\/06\\\/30\\\/crise-poe-pais-em-recessao-diz-fgv\\\/#article\",\"isPartOf\":{\"@id\":\"https:\\\/\\\/dana.com.br\\\/canaldana\\\/2020\\\/06\\\/30\\\/crise-poe-pais-em-recessao-diz-fgv\\\/\"},\"author\":{\"name\":\"Canal Dana\",\"@id\":\"https:\\\/\\\/dana.com.br\\\/canaldana\\\/#\\\/schema\\\/person\\\/3c21f22f56fcf3bc46b94bc60ea4fef6\"},\"headline\":\"Crise p\u00f5e Pa\u00eds em recess\u00e3o, diz FGV\",\"datePublished\":\"2020-06-30T11:46:38+00:00\",\"mainEntityOfPage\":{\"@id\":\"https:\\\/\\\/dana.com.br\\\/canaldana\\\/2020\\\/06\\\/30\\\/crise-poe-pais-em-recessao-diz-fgv\\\/\"},\"wordCount\":699,\"articleSection\":[\"Mercado\"],\"inLanguage\":\"pt-BR\"},{\"@type\":\"WebPage\",\"@id\":\"https:\\\/\\\/dana.com.br\\\/canaldana\\\/2020\\\/06\\\/30\\\/crise-poe-pais-em-recessao-diz-fgv\\\/\",\"url\":\"https:\\\/\\\/dana.com.br\\\/canaldana\\\/2020\\\/06\\\/30\\\/crise-poe-pais-em-recessao-diz-fgv\\\/\",\"name\":\"Crise p\u00f5e Pa\u00eds em recess\u00e3o, diz FGV - Canal Dana\",\"isPartOf\":{\"@id\":\"https:\\\/\\\/dana.com.br\\\/canaldana\\\/#website\"},\"datePublished\":\"2020-06-30T11:46:38+00:00\",\"author\":{\"@id\":\"https:\\\/\\\/dana.com.br\\\/canaldana\\\/#\\\/schema\\\/person\\\/3c21f22f56fcf3bc46b94bc60ea4fef6\"},\"breadcrumb\":{\"@id\":\"https:\\\/\\\/dana.com.br\\\/canaldana\\\/2020\\\/06\\\/30\\\/crise-poe-pais-em-recessao-diz-fgv\\\/#breadcrumb\"},\"inLanguage\":\"pt-BR\",\"potentialAction\":[{\"@type\":\"ReadAction\",\"target\":[\"https:\\\/\\\/dana.com.br\\\/canaldana\\\/2020\\\/06\\\/30\\\/crise-poe-pais-em-recessao-diz-fgv\\\/\"]}]},{\"@type\":\"BreadcrumbList\",\"@id\":\"https:\\\/\\\/dana.com.br\\\/canaldana\\\/2020\\\/06\\\/30\\\/crise-poe-pais-em-recessao-diz-fgv\\\/#breadcrumb\",\"itemListElement\":[{\"@type\":\"ListItem\",\"position\":1,\"name\":\"Home\",\"item\":\"https:\\\/\\\/dana.com.br\\\/canaldana\\\/\"},{\"@type\":\"ListItem\",\"position\":2,\"name\":\"Mercado\",\"item\":\"https:\\\/\\\/dana.com.br\\\/canaldana\\\/mercado\\\/\"},{\"@type\":\"ListItem\",\"position\":3,\"name\":\"Crise p\u00f5e Pa\u00eds em recess\u00e3o, diz FGV\"}]},{\"@type\":\"WebSite\",\"@id\":\"https:\\\/\\\/dana.com.br\\\/canaldana\\\/#website\",\"url\":\"https:\\\/\\\/dana.com.br\\\/canaldana\\\/\",\"name\":\"Canal Dana\",\"description\":\"Informativo com as principais not\u00edcias da ind\u00fastria automotiva\",\"potentialAction\":[{\"@type\":\"SearchAction\",\"target\":{\"@type\":\"EntryPoint\",\"urlTemplate\":\"https:\\\/\\\/dana.com.br\\\/canaldana\\\/?s={search_term_string}\"},\"query-input\":{\"@type\":\"PropertyValueSpecification\",\"valueRequired\":true,\"valueName\":\"search_term_string\"}}],\"inLanguage\":\"pt-BR\"},{\"@type\":\"Person\",\"@id\":\"https:\\\/\\\/dana.com.br\\\/canaldana\\\/#\\\/schema\\\/person\\\/3c21f22f56fcf3bc46b94bc60ea4fef6\",\"name\":\"Canal Dana\",\"image\":{\"@type\":\"ImageObject\",\"inLanguage\":\"pt-BR\",\"@id\":\"https:\\\/\\\/secure.gravatar.com\\\/avatar\\\/420aaf9278582877d9018637c6817617705899d2858d7572ef0fe59a6b6454b4?s=96&d=mm&r=g\",\"url\":\"https:\\\/\\\/secure.gravatar.com\\\/avatar\\\/420aaf9278582877d9018637c6817617705899d2858d7572ef0fe59a6b6454b4?s=96&d=mm&r=g\",\"contentUrl\":\"https:\\\/\\\/secure.gravatar.com\\\/avatar\\\/420aaf9278582877d9018637c6817617705899d2858d7572ef0fe59a6b6454b4?s=96&d=mm&r=g\",\"caption\":\"Canal Dana\"},\"url\":\"https:\\\/\\\/dana.com.br\\\/canaldana\\\/author\\\/cdeditor\\\/\"}]}<\/script>\n<!-- \/ Yoast SEO plugin. -->","yoast_head_json":{"title":"Crise p\u00f5e Pa\u00eds em recess\u00e3o, diz FGV - Canal Dana","robots":{"index":"index","follow":"follow","max-snippet":"max-snippet:-1","max-image-preview":"max-image-preview:large","max-video-preview":"max-video-preview:-1"},"canonical":"https:\/\/dana.com.br\/canaldana\/2020\/06\/30\/crise-poe-pais-em-recessao-diz-fgv\/","og_locale":"pt_BR","og_type":"article","og_title":"Crise p\u00f5e Pa\u00eds em recess\u00e3o, diz FGV - Canal Dana","og_description":"O Estado de S. Paulo &nbsp; O Brasil entrou em recess\u00e3o a partir do primeiro trimestre deste ano, informou ontem o Comit\u00ea de Data\u00e7\u00e3o de Ciclos Econ\u00f4micos (Codace) da Funda\u00e7\u00e3o Getulio Vargas (FGV). Ap\u00f3s uma reuni\u00e3o na \u00faltima sexta-feira, 26, o grupo de economistas avaliou que a retra\u00e7\u00e3o de 1,5% no Produto Interno Bruto (PIB,\u2026 Leia mais \u00bb","og_url":"https:\/\/dana.com.br\/canaldana\/2020\/06\/30\/crise-poe-pais-em-recessao-diz-fgv\/","og_site_name":"Canal Dana","article_published_time":"2020-06-30T11:46:38+00:00","author":"Canal Dana","twitter_card":"summary_large_image","twitter_misc":{"Escrito por":"Canal Dana","Est. tempo de leitura":"3 minutos"},"schema":{"@context":"https:\/\/schema.org","@graph":[{"@type":"Article","@id":"https:\/\/dana.com.br\/canaldana\/2020\/06\/30\/crise-poe-pais-em-recessao-diz-fgv\/#article","isPartOf":{"@id":"https:\/\/dana.com.br\/canaldana\/2020\/06\/30\/crise-poe-pais-em-recessao-diz-fgv\/"},"author":{"name":"Canal Dana","@id":"https:\/\/dana.com.br\/canaldana\/#\/schema\/person\/3c21f22f56fcf3bc46b94bc60ea4fef6"},"headline":"Crise p\u00f5e Pa\u00eds em recess\u00e3o, diz FGV","datePublished":"2020-06-30T11:46:38+00:00","mainEntityOfPage":{"@id":"https:\/\/dana.com.br\/canaldana\/2020\/06\/30\/crise-poe-pais-em-recessao-diz-fgv\/"},"wordCount":699,"articleSection":["Mercado"],"inLanguage":"pt-BR"},{"@type":"WebPage","@id":"https:\/\/dana.com.br\/canaldana\/2020\/06\/30\/crise-poe-pais-em-recessao-diz-fgv\/","url":"https:\/\/dana.com.br\/canaldana\/2020\/06\/30\/crise-poe-pais-em-recessao-diz-fgv\/","name":"Crise p\u00f5e Pa\u00eds em recess\u00e3o, diz FGV - Canal Dana","isPartOf":{"@id":"https:\/\/dana.com.br\/canaldana\/#website"},"datePublished":"2020-06-30T11:46:38+00:00","author":{"@id":"https:\/\/dana.com.br\/canaldana\/#\/schema\/person\/3c21f22f56fcf3bc46b94bc60ea4fef6"},"breadcrumb":{"@id":"https:\/\/dana.com.br\/canaldana\/2020\/06\/30\/crise-poe-pais-em-recessao-diz-fgv\/#breadcrumb"},"inLanguage":"pt-BR","potentialAction":[{"@type":"ReadAction","target":["https:\/\/dana.com.br\/canaldana\/2020\/06\/30\/crise-poe-pais-em-recessao-diz-fgv\/"]}]},{"@type":"BreadcrumbList","@id":"https:\/\/dana.com.br\/canaldana\/2020\/06\/30\/crise-poe-pais-em-recessao-diz-fgv\/#breadcrumb","itemListElement":[{"@type":"ListItem","position":1,"name":"Home","item":"https:\/\/dana.com.br\/canaldana\/"},{"@type":"ListItem","position":2,"name":"Mercado","item":"https:\/\/dana.com.br\/canaldana\/mercado\/"},{"@type":"ListItem","position":3,"name":"Crise p\u00f5e Pa\u00eds em recess\u00e3o, diz FGV"}]},{"@type":"WebSite","@id":"https:\/\/dana.com.br\/canaldana\/#website","url":"https:\/\/dana.com.br\/canaldana\/","name":"Canal Dana","description":"Informativo com as principais not\u00edcias da ind\u00fastria automotiva","potentialAction":[{"@type":"SearchAction","target":{"@type":"EntryPoint","urlTemplate":"https:\/\/dana.com.br\/canaldana\/?s={search_term_string}"},"query-input":{"@type":"PropertyValueSpecification","valueRequired":true,"valueName":"search_term_string"}}],"inLanguage":"pt-BR"},{"@type":"Person","@id":"https:\/\/dana.com.br\/canaldana\/#\/schema\/person\/3c21f22f56fcf3bc46b94bc60ea4fef6","name":"Canal Dana","image":{"@type":"ImageObject","inLanguage":"pt-BR","@id":"https:\/\/secure.gravatar.com\/avatar\/420aaf9278582877d9018637c6817617705899d2858d7572ef0fe59a6b6454b4?s=96&d=mm&r=g","url":"https:\/\/secure.gravatar.com\/avatar\/420aaf9278582877d9018637c6817617705899d2858d7572ef0fe59a6b6454b4?s=96&d=mm&r=g","contentUrl":"https:\/\/secure.gravatar.com\/avatar\/420aaf9278582877d9018637c6817617705899d2858d7572ef0fe59a6b6454b4?s=96&d=mm&r=g","caption":"Canal Dana"},"url":"https:\/\/dana.com.br\/canaldana\/author\/cdeditor\/"}]}},"_links":{"self":[{"href":"https:\/\/dana.com.br\/canaldana\/wp-json\/wp\/v2\/posts\/43185","targetHints":{"allow":["GET"]}}],"collection":[{"href":"https:\/\/dana.com.br\/canaldana\/wp-json\/wp\/v2\/posts"}],"about":[{"href":"https:\/\/dana.com.br\/canaldana\/wp-json\/wp\/v2\/types\/post"}],"author":[{"embeddable":true,"href":"https:\/\/dana.com.br\/canaldana\/wp-json\/wp\/v2\/users\/3"}],"replies":[{"embeddable":true,"href":"https:\/\/dana.com.br\/canaldana\/wp-json\/wp\/v2\/comments?post=43185"}],"version-history":[{"count":0,"href":"https:\/\/dana.com.br\/canaldana\/wp-json\/wp\/v2\/posts\/43185\/revisions"}],"wp:attachment":[{"href":"https:\/\/dana.com.br\/canaldana\/wp-json\/wp\/v2\/media?parent=43185"}],"wp:term":[{"taxonomy":"category","embeddable":true,"href":"https:\/\/dana.com.br\/canaldana\/wp-json\/wp\/v2\/categories?post=43185"},{"taxonomy":"post_tag","embeddable":true,"href":"https:\/\/dana.com.br\/canaldana\/wp-json\/wp\/v2\/tags?post=43185"}],"curies":[{"name":"wp","href":"https:\/\/api.w.org\/{rel}","templated":true}]}}