{"id":42517,"date":"2020-05-28T08:19:27","date_gmt":"2020-05-28T11:19:27","guid":{"rendered":"https:\/\/dana.com.br\/canaldana\/?p=42517"},"modified":"2020-05-28T08:19:27","modified_gmt":"2020-05-28T11:19:27","slug":"volkswagen-id-3-brilha-em-premiacao-de-design-da-industria-automotiva","status":"publish","type":"post","link":"https:\/\/dana.com.br\/canaldana\/2020\/05\/28\/volkswagen-id-3-brilha-em-premiacao-de-design-da-industria-automotiva\/","title":{"rendered":"Volkswagen ID.3 brilha em premia\u00e7\u00e3o de design da ind\u00fastria automotiva"},"content":{"rendered":"<p><em>Motor 1\/AutomotiveBrandContest<\/em><\/p>\n<p>&nbsp;<\/p>\n<p>Um dos carros mais aguardados do ano, o Volkswagen ID.3 ainda n\u00e3o chegou \u00e0s lojas, mas j\u00e1 est\u00e1 ganhando pr\u00eamios. Nesta semana, o compacto el\u00e9trico da marca alem\u00e3 foi o grande destaque na Automotive Brand Contest 2020, uma premia\u00e7\u00e3o que \u00e9 realizada desde 2011 e administrada pelo Conselho Alem\u00e3o de Design.<\/p>\n<p>&nbsp;<\/p>\n<p>Em comunicado, a Volkswagen anunciou que o ID.3 ganhou os pr\u00eamios chamados &#8216;Best of Best&#8217;, bem como &#8216;Exterior Volume Brand&#8217; e &#8216;Interior Volume Brand&#8217;. Para quem n\u00e3o conhece o pr\u00eamio, ele \u00e9 descrito como &#8216;uma competi\u00e7\u00e3o internacional da ind\u00fastria que presta homenagem ao excelente design de produtos e comunica\u00e7\u00f5es e chama a aten\u00e7\u00e3o para a import\u00e2ncia fundamental de marcas e design na ind\u00fastria automotiva.&#8221;<\/p>\n<p>&nbsp;<\/p>\n<p>O veredicto oficial do juri diz: &#8220;O ID.3 \u00e9 expressivo, apresentando uma linha curva, mas ao mesmo tempo estreito, com interior e exterior coerentes. O ID.3 \u00e9 uma impressionante interpreta\u00e7\u00e3o contempor\u00e2nea do idioma t\u00edpico de design aprimorado da Volkswagen &#8211; \u00e9 o aguardado novato Volkswagen que possui a coragem necess\u00e1ria para desencadear um novo movimento.\u201d<\/p>\n<p>&nbsp;<\/p>\n<p>Vale destacar que al\u00e9m do ID.3 ter recebido tr\u00eas pr\u00eamios, a Volkswagen ainda arrematou mais duas premia\u00e7\u00f5es como o novo Golf e o conceito ID.Space Vizzion. Klaus Bischoff, chefe de Design da VW explicou: \u201cPara n\u00f3s, o ID.3 representa o in\u00edcio de uma nova era da mobilidade. Ao mesmo tempo, anuncia o advento de uma era do design digital, na qual nosso objetivo \u00e9 criar virtualmente as melhores experi\u00eancias de usu\u00e1rio poss\u00edveis em todas as equipes, usando m\u00e9todos de ponta. Esse reconhecimento do juri mostra que estamos no caminho certo.\u201d (Motor 1\/Julio Cesar\/AutomotiveBrandContest)<\/p>\n","protected":false},"excerpt":{"rendered":"<p>Motor 1\/AutomotiveBrandContest &nbsp; Um dos carros mais aguardados do ano, o Volkswagen ID.3 ainda n\u00e3o chegou \u00e0s lojas, mas j\u00e1 est\u00e1 ganhando pr\u00eamios. Nesta semana, o compacto el\u00e9trico da marca alem\u00e3 foi o grande destaque na Automotive Brand Contest 2020, uma premia\u00e7\u00e3o que \u00e9 realizada desde 2011 e administrada pelo Conselho Alem\u00e3o de Design. &nbsp;\u2026 <a class=\"readmore\" href=\"https:\/\/dana.com.br\/canaldana\/2020\/05\/28\/volkswagen-id-3-brilha-em-premiacao-de-design-da-industria-automotiva\/\">Leia mais \u00bb<\/a><\/p>\n","protected":false},"author":3,"featured_media":0,"comment_status":"closed","ping_status":"closed","sticky":false,"template":"","format":"standard","meta":{"_acf_changed":false,"footnotes":""},"categories":[74],"tags":[],"class_list":["post-42517","post","type-post","status-publish","format-standard","hentry","category-premios"],"acf":[],"yoast_head":"<!-- This site is optimized with the Yoast SEO plugin v27.3 - https:\/\/yoast.com\/product\/yoast-seo-wordpress\/ -->\n<title>Volkswagen ID.3 brilha em premia\u00e7\u00e3o de design da ind\u00fastria automotiva - Canal Dana<\/title>\n<meta name=\"robots\" content=\"index, follow, max-snippet:-1, max-image-preview:large, max-video-preview:-1\" \/>\n<link rel=\"canonical\" href=\"https:\/\/dana.com.br\/canaldana\/2020\/05\/28\/volkswagen-id-3-brilha-em-premiacao-de-design-da-industria-automotiva\/\" \/>\n<meta property=\"og:locale\" content=\"pt_BR\" \/>\n<meta property=\"og:type\" content=\"article\" \/>\n<meta property=\"og:title\" content=\"Volkswagen ID.3 brilha em premia\u00e7\u00e3o de design da ind\u00fastria automotiva - Canal Dana\" \/>\n<meta property=\"og:description\" content=\"Motor 1\/AutomotiveBrandContest &nbsp; Um dos carros mais aguardados do ano, o Volkswagen ID.3 ainda n\u00e3o chegou \u00e0s lojas, mas j\u00e1 est\u00e1 ganhando pr\u00eamios. Nesta semana, o compacto el\u00e9trico da marca alem\u00e3 foi o grande destaque na Automotive Brand Contest 2020, uma premia\u00e7\u00e3o que \u00e9 realizada desde 2011 e administrada pelo Conselho Alem\u00e3o de Design. &nbsp;\u2026 Leia mais \u00bb\" \/>\n<meta property=\"og:url\" content=\"https:\/\/dana.com.br\/canaldana\/2020\/05\/28\/volkswagen-id-3-brilha-em-premiacao-de-design-da-industria-automotiva\/\" \/>\n<meta property=\"og:site_name\" content=\"Canal Dana\" \/>\n<meta property=\"article:published_time\" content=\"2020-05-28T11:19:27+00:00\" \/>\n<meta name=\"author\" content=\"Canal Dana\" \/>\n<meta name=\"twitter:card\" content=\"summary_large_image\" \/>\n<meta name=\"twitter:label1\" content=\"Escrito por\" \/>\n\t<meta name=\"twitter:data1\" content=\"Canal Dana\" \/>\n\t<meta name=\"twitter:label2\" content=\"Est. tempo de leitura\" \/>\n\t<meta name=\"twitter:data2\" content=\"1 minuto\" \/>\n<script type=\"application\/ld+json\" class=\"yoast-schema-graph\">{\"@context\":\"https:\\\/\\\/schema.org\",\"@graph\":[{\"@type\":\"Article\",\"@id\":\"https:\\\/\\\/dana.com.br\\\/canaldana\\\/2020\\\/05\\\/28\\\/volkswagen-id-3-brilha-em-premiacao-de-design-da-industria-automotiva\\\/#article\",\"isPartOf\":{\"@id\":\"https:\\\/\\\/dana.com.br\\\/canaldana\\\/2020\\\/05\\\/28\\\/volkswagen-id-3-brilha-em-premiacao-de-design-da-industria-automotiva\\\/\"},\"author\":{\"name\":\"Canal Dana\",\"@id\":\"https:\\\/\\\/dana.com.br\\\/canaldana\\\/#\\\/schema\\\/person\\\/3c21f22f56fcf3bc46b94bc60ea4fef6\"},\"headline\":\"Volkswagen ID.3 brilha em premia\u00e7\u00e3o de design da ind\u00fastria automotiva\",\"datePublished\":\"2020-05-28T11:19:27+00:00\",\"mainEntityOfPage\":{\"@id\":\"https:\\\/\\\/dana.com.br\\\/canaldana\\\/2020\\\/05\\\/28\\\/volkswagen-id-3-brilha-em-premiacao-de-design-da-industria-automotiva\\\/\"},\"wordCount\":303,\"articleSection\":[\"Pr\u00eamios\"],\"inLanguage\":\"pt-BR\"},{\"@type\":\"WebPage\",\"@id\":\"https:\\\/\\\/dana.com.br\\\/canaldana\\\/2020\\\/05\\\/28\\\/volkswagen-id-3-brilha-em-premiacao-de-design-da-industria-automotiva\\\/\",\"url\":\"https:\\\/\\\/dana.com.br\\\/canaldana\\\/2020\\\/05\\\/28\\\/volkswagen-id-3-brilha-em-premiacao-de-design-da-industria-automotiva\\\/\",\"name\":\"Volkswagen ID.3 brilha em premia\u00e7\u00e3o de design da ind\u00fastria automotiva - Canal Dana\",\"isPartOf\":{\"@id\":\"https:\\\/\\\/dana.com.br\\\/canaldana\\\/#website\"},\"datePublished\":\"2020-05-28T11:19:27+00:00\",\"author\":{\"@id\":\"https:\\\/\\\/dana.com.br\\\/canaldana\\\/#\\\/schema\\\/person\\\/3c21f22f56fcf3bc46b94bc60ea4fef6\"},\"breadcrumb\":{\"@id\":\"https:\\\/\\\/dana.com.br\\\/canaldana\\\/2020\\\/05\\\/28\\\/volkswagen-id-3-brilha-em-premiacao-de-design-da-industria-automotiva\\\/#breadcrumb\"},\"inLanguage\":\"pt-BR\",\"potentialAction\":[{\"@type\":\"ReadAction\",\"target\":[\"https:\\\/\\\/dana.com.br\\\/canaldana\\\/2020\\\/05\\\/28\\\/volkswagen-id-3-brilha-em-premiacao-de-design-da-industria-automotiva\\\/\"]}]},{\"@type\":\"BreadcrumbList\",\"@id\":\"https:\\\/\\\/dana.com.br\\\/canaldana\\\/2020\\\/05\\\/28\\\/volkswagen-id-3-brilha-em-premiacao-de-design-da-industria-automotiva\\\/#breadcrumb\",\"itemListElement\":[{\"@type\":\"ListItem\",\"position\":1,\"name\":\"Home\",\"item\":\"https:\\\/\\\/dana.com.br\\\/canaldana\\\/\"},{\"@type\":\"ListItem\",\"position\":2,\"name\":\"Pr\u00eamios\",\"item\":\"https:\\\/\\\/dana.com.br\\\/canaldana\\\/premios\\\/\"},{\"@type\":\"ListItem\",\"position\":3,\"name\":\"Volkswagen ID.3 brilha em premia\u00e7\u00e3o de design da ind\u00fastria automotiva\"}]},{\"@type\":\"WebSite\",\"@id\":\"https:\\\/\\\/dana.com.br\\\/canaldana\\\/#website\",\"url\":\"https:\\\/\\\/dana.com.br\\\/canaldana\\\/\",\"name\":\"Canal Dana\",\"description\":\"Informativo com as principais not\u00edcias da ind\u00fastria automotiva\",\"potentialAction\":[{\"@type\":\"SearchAction\",\"target\":{\"@type\":\"EntryPoint\",\"urlTemplate\":\"https:\\\/\\\/dana.com.br\\\/canaldana\\\/?s={search_term_string}\"},\"query-input\":{\"@type\":\"PropertyValueSpecification\",\"valueRequired\":true,\"valueName\":\"search_term_string\"}}],\"inLanguage\":\"pt-BR\"},{\"@type\":\"Person\",\"@id\":\"https:\\\/\\\/dana.com.br\\\/canaldana\\\/#\\\/schema\\\/person\\\/3c21f22f56fcf3bc46b94bc60ea4fef6\",\"name\":\"Canal Dana\",\"image\":{\"@type\":\"ImageObject\",\"inLanguage\":\"pt-BR\",\"@id\":\"https:\\\/\\\/secure.gravatar.com\\\/avatar\\\/420aaf9278582877d9018637c6817617705899d2858d7572ef0fe59a6b6454b4?s=96&d=mm&r=g\",\"url\":\"https:\\\/\\\/secure.gravatar.com\\\/avatar\\\/420aaf9278582877d9018637c6817617705899d2858d7572ef0fe59a6b6454b4?s=96&d=mm&r=g\",\"contentUrl\":\"https:\\\/\\\/secure.gravatar.com\\\/avatar\\\/420aaf9278582877d9018637c6817617705899d2858d7572ef0fe59a6b6454b4?s=96&d=mm&r=g\",\"caption\":\"Canal Dana\"},\"url\":\"https:\\\/\\\/dana.com.br\\\/canaldana\\\/author\\\/cdeditor\\\/\"}]}<\/script>\n<!-- \/ Yoast SEO plugin. -->","yoast_head_json":{"title":"Volkswagen ID.3 brilha em premia\u00e7\u00e3o de design da ind\u00fastria automotiva - Canal Dana","robots":{"index":"index","follow":"follow","max-snippet":"max-snippet:-1","max-image-preview":"max-image-preview:large","max-video-preview":"max-video-preview:-1"},"canonical":"https:\/\/dana.com.br\/canaldana\/2020\/05\/28\/volkswagen-id-3-brilha-em-premiacao-de-design-da-industria-automotiva\/","og_locale":"pt_BR","og_type":"article","og_title":"Volkswagen ID.3 brilha em premia\u00e7\u00e3o de design da ind\u00fastria automotiva - Canal Dana","og_description":"Motor 1\/AutomotiveBrandContest &nbsp; Um dos carros mais aguardados do ano, o Volkswagen ID.3 ainda n\u00e3o chegou \u00e0s lojas, mas j\u00e1 est\u00e1 ganhando pr\u00eamios. Nesta semana, o compacto el\u00e9trico da marca alem\u00e3 foi o grande destaque na Automotive Brand Contest 2020, uma premia\u00e7\u00e3o que \u00e9 realizada desde 2011 e administrada pelo Conselho Alem\u00e3o de Design. &nbsp;\u2026 Leia mais \u00bb","og_url":"https:\/\/dana.com.br\/canaldana\/2020\/05\/28\/volkswagen-id-3-brilha-em-premiacao-de-design-da-industria-automotiva\/","og_site_name":"Canal Dana","article_published_time":"2020-05-28T11:19:27+00:00","author":"Canal Dana","twitter_card":"summary_large_image","twitter_misc":{"Escrito por":"Canal Dana","Est. tempo de leitura":"1 minuto"},"schema":{"@context":"https:\/\/schema.org","@graph":[{"@type":"Article","@id":"https:\/\/dana.com.br\/canaldana\/2020\/05\/28\/volkswagen-id-3-brilha-em-premiacao-de-design-da-industria-automotiva\/#article","isPartOf":{"@id":"https:\/\/dana.com.br\/canaldana\/2020\/05\/28\/volkswagen-id-3-brilha-em-premiacao-de-design-da-industria-automotiva\/"},"author":{"name":"Canal Dana","@id":"https:\/\/dana.com.br\/canaldana\/#\/schema\/person\/3c21f22f56fcf3bc46b94bc60ea4fef6"},"headline":"Volkswagen ID.3 brilha em premia\u00e7\u00e3o de design da ind\u00fastria automotiva","datePublished":"2020-05-28T11:19:27+00:00","mainEntityOfPage":{"@id":"https:\/\/dana.com.br\/canaldana\/2020\/05\/28\/volkswagen-id-3-brilha-em-premiacao-de-design-da-industria-automotiva\/"},"wordCount":303,"articleSection":["Pr\u00eamios"],"inLanguage":"pt-BR"},{"@type":"WebPage","@id":"https:\/\/dana.com.br\/canaldana\/2020\/05\/28\/volkswagen-id-3-brilha-em-premiacao-de-design-da-industria-automotiva\/","url":"https:\/\/dana.com.br\/canaldana\/2020\/05\/28\/volkswagen-id-3-brilha-em-premiacao-de-design-da-industria-automotiva\/","name":"Volkswagen ID.3 brilha em premia\u00e7\u00e3o de design da ind\u00fastria automotiva - Canal Dana","isPartOf":{"@id":"https:\/\/dana.com.br\/canaldana\/#website"},"datePublished":"2020-05-28T11:19:27+00:00","author":{"@id":"https:\/\/dana.com.br\/canaldana\/#\/schema\/person\/3c21f22f56fcf3bc46b94bc60ea4fef6"},"breadcrumb":{"@id":"https:\/\/dana.com.br\/canaldana\/2020\/05\/28\/volkswagen-id-3-brilha-em-premiacao-de-design-da-industria-automotiva\/#breadcrumb"},"inLanguage":"pt-BR","potentialAction":[{"@type":"ReadAction","target":["https:\/\/dana.com.br\/canaldana\/2020\/05\/28\/volkswagen-id-3-brilha-em-premiacao-de-design-da-industria-automotiva\/"]}]},{"@type":"BreadcrumbList","@id":"https:\/\/dana.com.br\/canaldana\/2020\/05\/28\/volkswagen-id-3-brilha-em-premiacao-de-design-da-industria-automotiva\/#breadcrumb","itemListElement":[{"@type":"ListItem","position":1,"name":"Home","item":"https:\/\/dana.com.br\/canaldana\/"},{"@type":"ListItem","position":2,"name":"Pr\u00eamios","item":"https:\/\/dana.com.br\/canaldana\/premios\/"},{"@type":"ListItem","position":3,"name":"Volkswagen ID.3 brilha em premia\u00e7\u00e3o de design da ind\u00fastria automotiva"}]},{"@type":"WebSite","@id":"https:\/\/dana.com.br\/canaldana\/#website","url":"https:\/\/dana.com.br\/canaldana\/","name":"Canal Dana","description":"Informativo com as principais not\u00edcias da ind\u00fastria automotiva","potentialAction":[{"@type":"SearchAction","target":{"@type":"EntryPoint","urlTemplate":"https:\/\/dana.com.br\/canaldana\/?s={search_term_string}"},"query-input":{"@type":"PropertyValueSpecification","valueRequired":true,"valueName":"search_term_string"}}],"inLanguage":"pt-BR"},{"@type":"Person","@id":"https:\/\/dana.com.br\/canaldana\/#\/schema\/person\/3c21f22f56fcf3bc46b94bc60ea4fef6","name":"Canal Dana","image":{"@type":"ImageObject","inLanguage":"pt-BR","@id":"https:\/\/secure.gravatar.com\/avatar\/420aaf9278582877d9018637c6817617705899d2858d7572ef0fe59a6b6454b4?s=96&d=mm&r=g","url":"https:\/\/secure.gravatar.com\/avatar\/420aaf9278582877d9018637c6817617705899d2858d7572ef0fe59a6b6454b4?s=96&d=mm&r=g","contentUrl":"https:\/\/secure.gravatar.com\/avatar\/420aaf9278582877d9018637c6817617705899d2858d7572ef0fe59a6b6454b4?s=96&d=mm&r=g","caption":"Canal Dana"},"url":"https:\/\/dana.com.br\/canaldana\/author\/cdeditor\/"}]}},"_links":{"self":[{"href":"https:\/\/dana.com.br\/canaldana\/wp-json\/wp\/v2\/posts\/42517","targetHints":{"allow":["GET"]}}],"collection":[{"href":"https:\/\/dana.com.br\/canaldana\/wp-json\/wp\/v2\/posts"}],"about":[{"href":"https:\/\/dana.com.br\/canaldana\/wp-json\/wp\/v2\/types\/post"}],"author":[{"embeddable":true,"href":"https:\/\/dana.com.br\/canaldana\/wp-json\/wp\/v2\/users\/3"}],"replies":[{"embeddable":true,"href":"https:\/\/dana.com.br\/canaldana\/wp-json\/wp\/v2\/comments?post=42517"}],"version-history":[{"count":0,"href":"https:\/\/dana.com.br\/canaldana\/wp-json\/wp\/v2\/posts\/42517\/revisions"}],"wp:attachment":[{"href":"https:\/\/dana.com.br\/canaldana\/wp-json\/wp\/v2\/media?parent=42517"}],"wp:term":[{"taxonomy":"category","embeddable":true,"href":"https:\/\/dana.com.br\/canaldana\/wp-json\/wp\/v2\/categories?post=42517"},{"taxonomy":"post_tag","embeddable":true,"href":"https:\/\/dana.com.br\/canaldana\/wp-json\/wp\/v2\/tags?post=42517"}],"curies":[{"name":"wp","href":"https:\/\/api.w.org\/{rel}","templated":true}]}}