{"id":42230,"date":"2020-05-14T08:25:48","date_gmt":"2020-05-14T11:25:48","guid":{"rendered":"https:\/\/dana.com.br\/canaldana\/?p=42230"},"modified":"2020-05-14T08:25:48","modified_gmt":"2020-05-14T11:25:48","slug":"hyundai-creta-action-1-6-e-a-nova-versao-do-suv-da-marca","status":"publish","type":"post","link":"https:\/\/dana.com.br\/canaldana\/2020\/05\/14\/hyundai-creta-action-1-6-e-a-nova-versao-do-suv-da-marca\/","title":{"rendered":"Hyundai Creta Action 1.6 \u00e9 a nova vers\u00e3o do SUV da marca"},"content":{"rendered":"<p><em>CarPointNews<\/em><\/p>\n<p>&nbsp;<\/p>\n<p>A Hyundai Motor Brasil refor\u00e7a ainda mais a rela\u00e7\u00e3o custo-benef\u00edcio do SUV compacto Creta ao lan\u00e7ar a vers\u00e3o Action 1.6, com c\u00e2mbio autom\u00e1tico, e reposicionar a op\u00e7\u00e3o de entrada, Attitude 1.6 com c\u00e2mbio mec\u00e2nico. A gama completa conta, agora, com cinco diferentes configura\u00e7\u00f5es, com pre\u00e7os a partir de R$ 75.990.<\/p>\n<p>&nbsp;<\/p>\n<p>A nova vers\u00e3o com c\u00e2mbio autom\u00e1tico, a Action 1.6 AT, chega por R$ 79.990 e traz todos os equipamentos da extinta Attitude Plus 1.6 AT, acrescida de barras de teto, r\u00e1dio blueAudio e alto-falantes traseiros.\u00a0 Completam ainda a especifica\u00e7\u00e3o controle de estabilidade (ESP), assistente de partida em rampa (HAC), sinaliza\u00e7\u00e3o de frenagem de emerg\u00eancia (ESS), piloto autom\u00e1tico, sensor de estacionamento traseiro, vidros el\u00e9tricos dianteiros e traseiros com fun\u00e7\u00e3o one-touch (descida) e antiesmagamento e, por fim, fechamento e abertura autom\u00e1tica dos vidros por meio da chave.<\/p>\n<p>&nbsp;<\/p>\n<p>\u201cO SUV compacto Creta sempre se destacou por reunir o pacote mais competitivo da categoria, com grande espa\u00e7o interno, tanto para passageiros como para bagagem, condu\u00e7\u00e3o agrad\u00e1vel e motoriza\u00e7\u00e3o de alto desempenho. Atualizamos a gama de vers\u00f5es, com a chegada da Action abaixo de R$ 80 mil, e tornamos a op\u00e7\u00e3o com c\u00e2mbio mec\u00e2nico mais acess\u00edvel para aqueles que querem ter seu primeiro SUV\u201d, conta Angel Martinez, vice-presidente comercial da Hyundai Motor Brasil.<\/p>\n<p>&nbsp;<\/p>\n<p>Abaixo da Action AT, a vers\u00e3o com c\u00e2mbio mec\u00e2nico, a Attitude 1.6 MT, tem novo pre\u00e7o sugerido de R$ 75.990, redu\u00e7\u00e3o de R$ 5 mil em rela\u00e7\u00e3o ao valor anterior, sem modifica\u00e7\u00e3o no pacote de equipamentos. Ela vem com monitoramento de press\u00e3o dos pneus (TPMS), sistema Stop &amp; Go de partida do motor, dire\u00e7\u00e3o el\u00e9trica, ar-condicionado, volante com regulagem de altura e profundidade, banco do motorista com ajuste de altura, computador de bordo, r\u00e1dio Bluetooth com comandos de \u00e1udio e Bluetooth no volante, chave tipo canivete, vidros el\u00e9tricos dianteiros e traseiros com fun\u00e7\u00e3o one-touch (descida) para motorista, travas el\u00e9tricas nas portas, alarme perim\u00e9trico, alto-falantes dianteiros e traseiros, roda de liga leve de 16 polegadas, barras de teto longitudinais, ma\u00e7anetas e retrovisores na cor da carroceria com luz indicadora de dire\u00e7\u00e3o, painel Supervision Cluster e lanternas Clear Type.<\/p>\n<p>&nbsp;<\/p>\n<p><strong>Novas cores<\/strong><\/p>\n<p>&nbsp;<\/p>\n<p>Para todas as vers\u00f5es, est\u00e3o dispon\u00edveis seis cores: Preto Onix, Branco Atlas, Prata Sand, Prata Brisk, Cinza Silk e a novidade Azul Sapphire.\u00a0 Tamb\u00e9m in\u00e9dita, a cor Verde Amazon come\u00e7a a ser oferecida sob encomenda. (CarPointNews)<\/p>\n","protected":false},"excerpt":{"rendered":"<p>CarPointNews &nbsp; A Hyundai Motor Brasil refor\u00e7a ainda mais a rela\u00e7\u00e3o custo-benef\u00edcio do SUV compacto Creta ao lan\u00e7ar a vers\u00e3o Action 1.6, com c\u00e2mbio autom\u00e1tico, e reposicionar a op\u00e7\u00e3o de entrada, Attitude 1.6 com c\u00e2mbio mec\u00e2nico. A gama completa conta, agora, com cinco diferentes configura\u00e7\u00f5es, com pre\u00e7os a partir de R$ 75.990. &nbsp; A nova\u2026 <a class=\"readmore\" href=\"https:\/\/dana.com.br\/canaldana\/2020\/05\/14\/hyundai-creta-action-1-6-e-a-nova-versao-do-suv-da-marca\/\">Leia mais \u00bb<\/a><\/p>\n","protected":false},"author":3,"featured_media":0,"comment_status":"closed","ping_status":"closed","sticky":false,"template":"","format":"standard","meta":{"_acf_changed":false,"footnotes":""},"categories":[79],"tags":[],"class_list":["post-42230","post","type-post","status-publish","format-standard","hentry","category-mercado"],"acf":[],"yoast_head":"<!-- This site is optimized with the Yoast SEO plugin v27.5 - https:\/\/yoast.com\/product\/yoast-seo-wordpress\/ -->\n<title>Hyundai Creta Action 1.6 \u00e9 a nova vers\u00e3o do SUV da marca - Canal Dana<\/title>\n<meta name=\"robots\" content=\"index, follow, max-snippet:-1, max-image-preview:large, max-video-preview:-1\" \/>\n<link rel=\"canonical\" href=\"https:\/\/dana.com.br\/canaldana\/2020\/05\/14\/hyundai-creta-action-1-6-e-a-nova-versao-do-suv-da-marca\/\" \/>\n<meta property=\"og:locale\" content=\"pt_BR\" \/>\n<meta property=\"og:type\" content=\"article\" \/>\n<meta property=\"og:title\" content=\"Hyundai Creta Action 1.6 \u00e9 a nova vers\u00e3o do SUV da marca - Canal Dana\" \/>\n<meta property=\"og:description\" content=\"CarPointNews &nbsp; A Hyundai Motor Brasil refor\u00e7a ainda mais a rela\u00e7\u00e3o custo-benef\u00edcio do SUV compacto Creta ao lan\u00e7ar a vers\u00e3o Action 1.6, com c\u00e2mbio autom\u00e1tico, e reposicionar a op\u00e7\u00e3o de entrada, Attitude 1.6 com c\u00e2mbio mec\u00e2nico. A gama completa conta, agora, com cinco diferentes configura\u00e7\u00f5es, com pre\u00e7os a partir de R$ 75.990. &nbsp; A nova\u2026 Leia mais \u00bb\" \/>\n<meta property=\"og:url\" content=\"https:\/\/dana.com.br\/canaldana\/2020\/05\/14\/hyundai-creta-action-1-6-e-a-nova-versao-do-suv-da-marca\/\" \/>\n<meta property=\"og:site_name\" content=\"Canal Dana\" \/>\n<meta property=\"article:published_time\" content=\"2020-05-14T11:25:48+00:00\" \/>\n<meta name=\"author\" content=\"Canal Dana\" \/>\n<meta name=\"twitter:card\" content=\"summary_large_image\" \/>\n<meta name=\"twitter:label1\" content=\"Escrito por\" \/>\n\t<meta name=\"twitter:data1\" content=\"Canal Dana\" \/>\n\t<meta name=\"twitter:label2\" content=\"Est. tempo de leitura\" \/>\n\t<meta name=\"twitter:data2\" content=\"2 minutos\" \/>\n<script type=\"application\/ld+json\" class=\"yoast-schema-graph\">{\"@context\":\"https:\\\/\\\/schema.org\",\"@graph\":[{\"@type\":\"Article\",\"@id\":\"https:\\\/\\\/dana.com.br\\\/canaldana\\\/2020\\\/05\\\/14\\\/hyundai-creta-action-1-6-e-a-nova-versao-do-suv-da-marca\\\/#article\",\"isPartOf\":{\"@id\":\"https:\\\/\\\/dana.com.br\\\/canaldana\\\/2020\\\/05\\\/14\\\/hyundai-creta-action-1-6-e-a-nova-versao-do-suv-da-marca\\\/\"},\"author\":{\"name\":\"Canal Dana\",\"@id\":\"https:\\\/\\\/dana.com.br\\\/canaldana\\\/#\\\/schema\\\/person\\\/3c21f22f56fcf3bc46b94bc60ea4fef6\"},\"headline\":\"Hyundai Creta Action 1.6 \u00e9 a nova vers\u00e3o do SUV da marca\",\"datePublished\":\"2020-05-14T11:25:48+00:00\",\"mainEntityOfPage\":{\"@id\":\"https:\\\/\\\/dana.com.br\\\/canaldana\\\/2020\\\/05\\\/14\\\/hyundai-creta-action-1-6-e-a-nova-versao-do-suv-da-marca\\\/\"},\"wordCount\":445,\"articleSection\":[\"Mercado\"],\"inLanguage\":\"pt-BR\"},{\"@type\":\"WebPage\",\"@id\":\"https:\\\/\\\/dana.com.br\\\/canaldana\\\/2020\\\/05\\\/14\\\/hyundai-creta-action-1-6-e-a-nova-versao-do-suv-da-marca\\\/\",\"url\":\"https:\\\/\\\/dana.com.br\\\/canaldana\\\/2020\\\/05\\\/14\\\/hyundai-creta-action-1-6-e-a-nova-versao-do-suv-da-marca\\\/\",\"name\":\"Hyundai Creta Action 1.6 \u00e9 a nova vers\u00e3o do SUV da marca - Canal Dana\",\"isPartOf\":{\"@id\":\"https:\\\/\\\/dana.com.br\\\/canaldana\\\/#website\"},\"datePublished\":\"2020-05-14T11:25:48+00:00\",\"author\":{\"@id\":\"https:\\\/\\\/dana.com.br\\\/canaldana\\\/#\\\/schema\\\/person\\\/3c21f22f56fcf3bc46b94bc60ea4fef6\"},\"breadcrumb\":{\"@id\":\"https:\\\/\\\/dana.com.br\\\/canaldana\\\/2020\\\/05\\\/14\\\/hyundai-creta-action-1-6-e-a-nova-versao-do-suv-da-marca\\\/#breadcrumb\"},\"inLanguage\":\"pt-BR\",\"potentialAction\":[{\"@type\":\"ReadAction\",\"target\":[\"https:\\\/\\\/dana.com.br\\\/canaldana\\\/2020\\\/05\\\/14\\\/hyundai-creta-action-1-6-e-a-nova-versao-do-suv-da-marca\\\/\"]}]},{\"@type\":\"BreadcrumbList\",\"@id\":\"https:\\\/\\\/dana.com.br\\\/canaldana\\\/2020\\\/05\\\/14\\\/hyundai-creta-action-1-6-e-a-nova-versao-do-suv-da-marca\\\/#breadcrumb\",\"itemListElement\":[{\"@type\":\"ListItem\",\"position\":1,\"name\":\"Home\",\"item\":\"https:\\\/\\\/dana.com.br\\\/canaldana\\\/\"},{\"@type\":\"ListItem\",\"position\":2,\"name\":\"Mercado\",\"item\":\"https:\\\/\\\/dana.com.br\\\/canaldana\\\/mercado\\\/\"},{\"@type\":\"ListItem\",\"position\":3,\"name\":\"Hyundai Creta Action 1.6 \u00e9 a nova vers\u00e3o do SUV da marca\"}]},{\"@type\":\"WebSite\",\"@id\":\"https:\\\/\\\/dana.com.br\\\/canaldana\\\/#website\",\"url\":\"https:\\\/\\\/dana.com.br\\\/canaldana\\\/\",\"name\":\"Canal Dana\",\"description\":\"Informativo com as principais not\u00edcias da ind\u00fastria automotiva\",\"potentialAction\":[{\"@type\":\"SearchAction\",\"target\":{\"@type\":\"EntryPoint\",\"urlTemplate\":\"https:\\\/\\\/dana.com.br\\\/canaldana\\\/?s={search_term_string}\"},\"query-input\":{\"@type\":\"PropertyValueSpecification\",\"valueRequired\":true,\"valueName\":\"search_term_string\"}}],\"inLanguage\":\"pt-BR\"},{\"@type\":\"Person\",\"@id\":\"https:\\\/\\\/dana.com.br\\\/canaldana\\\/#\\\/schema\\\/person\\\/3c21f22f56fcf3bc46b94bc60ea4fef6\",\"name\":\"Canal Dana\",\"image\":{\"@type\":\"ImageObject\",\"inLanguage\":\"pt-BR\",\"@id\":\"https:\\\/\\\/secure.gravatar.com\\\/avatar\\\/420aaf9278582877d9018637c6817617705899d2858d7572ef0fe59a6b6454b4?s=96&d=mm&r=g\",\"url\":\"https:\\\/\\\/secure.gravatar.com\\\/avatar\\\/420aaf9278582877d9018637c6817617705899d2858d7572ef0fe59a6b6454b4?s=96&d=mm&r=g\",\"contentUrl\":\"https:\\\/\\\/secure.gravatar.com\\\/avatar\\\/420aaf9278582877d9018637c6817617705899d2858d7572ef0fe59a6b6454b4?s=96&d=mm&r=g\",\"caption\":\"Canal Dana\"},\"url\":\"https:\\\/\\\/dana.com.br\\\/canaldana\\\/author\\\/cdeditor\\\/\"}]}<\/script>\n<!-- \/ Yoast SEO plugin. -->","yoast_head_json":{"title":"Hyundai Creta Action 1.6 \u00e9 a nova vers\u00e3o do SUV da marca - Canal Dana","robots":{"index":"index","follow":"follow","max-snippet":"max-snippet:-1","max-image-preview":"max-image-preview:large","max-video-preview":"max-video-preview:-1"},"canonical":"https:\/\/dana.com.br\/canaldana\/2020\/05\/14\/hyundai-creta-action-1-6-e-a-nova-versao-do-suv-da-marca\/","og_locale":"pt_BR","og_type":"article","og_title":"Hyundai Creta Action 1.6 \u00e9 a nova vers\u00e3o do SUV da marca - Canal Dana","og_description":"CarPointNews &nbsp; A Hyundai Motor Brasil refor\u00e7a ainda mais a rela\u00e7\u00e3o custo-benef\u00edcio do SUV compacto Creta ao lan\u00e7ar a vers\u00e3o Action 1.6, com c\u00e2mbio autom\u00e1tico, e reposicionar a op\u00e7\u00e3o de entrada, Attitude 1.6 com c\u00e2mbio mec\u00e2nico. A gama completa conta, agora, com cinco diferentes configura\u00e7\u00f5es, com pre\u00e7os a partir de R$ 75.990. &nbsp; A nova\u2026 Leia mais \u00bb","og_url":"https:\/\/dana.com.br\/canaldana\/2020\/05\/14\/hyundai-creta-action-1-6-e-a-nova-versao-do-suv-da-marca\/","og_site_name":"Canal Dana","article_published_time":"2020-05-14T11:25:48+00:00","author":"Canal Dana","twitter_card":"summary_large_image","twitter_misc":{"Escrito por":"Canal Dana","Est. tempo de leitura":"2 minutos"},"schema":{"@context":"https:\/\/schema.org","@graph":[{"@type":"Article","@id":"https:\/\/dana.com.br\/canaldana\/2020\/05\/14\/hyundai-creta-action-1-6-e-a-nova-versao-do-suv-da-marca\/#article","isPartOf":{"@id":"https:\/\/dana.com.br\/canaldana\/2020\/05\/14\/hyundai-creta-action-1-6-e-a-nova-versao-do-suv-da-marca\/"},"author":{"name":"Canal Dana","@id":"https:\/\/dana.com.br\/canaldana\/#\/schema\/person\/3c21f22f56fcf3bc46b94bc60ea4fef6"},"headline":"Hyundai Creta Action 1.6 \u00e9 a nova vers\u00e3o do SUV da marca","datePublished":"2020-05-14T11:25:48+00:00","mainEntityOfPage":{"@id":"https:\/\/dana.com.br\/canaldana\/2020\/05\/14\/hyundai-creta-action-1-6-e-a-nova-versao-do-suv-da-marca\/"},"wordCount":445,"articleSection":["Mercado"],"inLanguage":"pt-BR"},{"@type":"WebPage","@id":"https:\/\/dana.com.br\/canaldana\/2020\/05\/14\/hyundai-creta-action-1-6-e-a-nova-versao-do-suv-da-marca\/","url":"https:\/\/dana.com.br\/canaldana\/2020\/05\/14\/hyundai-creta-action-1-6-e-a-nova-versao-do-suv-da-marca\/","name":"Hyundai Creta Action 1.6 \u00e9 a nova vers\u00e3o do SUV da marca - Canal Dana","isPartOf":{"@id":"https:\/\/dana.com.br\/canaldana\/#website"},"datePublished":"2020-05-14T11:25:48+00:00","author":{"@id":"https:\/\/dana.com.br\/canaldana\/#\/schema\/person\/3c21f22f56fcf3bc46b94bc60ea4fef6"},"breadcrumb":{"@id":"https:\/\/dana.com.br\/canaldana\/2020\/05\/14\/hyundai-creta-action-1-6-e-a-nova-versao-do-suv-da-marca\/#breadcrumb"},"inLanguage":"pt-BR","potentialAction":[{"@type":"ReadAction","target":["https:\/\/dana.com.br\/canaldana\/2020\/05\/14\/hyundai-creta-action-1-6-e-a-nova-versao-do-suv-da-marca\/"]}]},{"@type":"BreadcrumbList","@id":"https:\/\/dana.com.br\/canaldana\/2020\/05\/14\/hyundai-creta-action-1-6-e-a-nova-versao-do-suv-da-marca\/#breadcrumb","itemListElement":[{"@type":"ListItem","position":1,"name":"Home","item":"https:\/\/dana.com.br\/canaldana\/"},{"@type":"ListItem","position":2,"name":"Mercado","item":"https:\/\/dana.com.br\/canaldana\/mercado\/"},{"@type":"ListItem","position":3,"name":"Hyundai Creta Action 1.6 \u00e9 a nova vers\u00e3o do SUV da marca"}]},{"@type":"WebSite","@id":"https:\/\/dana.com.br\/canaldana\/#website","url":"https:\/\/dana.com.br\/canaldana\/","name":"Canal Dana","description":"Informativo com as principais not\u00edcias da ind\u00fastria automotiva","potentialAction":[{"@type":"SearchAction","target":{"@type":"EntryPoint","urlTemplate":"https:\/\/dana.com.br\/canaldana\/?s={search_term_string}"},"query-input":{"@type":"PropertyValueSpecification","valueRequired":true,"valueName":"search_term_string"}}],"inLanguage":"pt-BR"},{"@type":"Person","@id":"https:\/\/dana.com.br\/canaldana\/#\/schema\/person\/3c21f22f56fcf3bc46b94bc60ea4fef6","name":"Canal Dana","image":{"@type":"ImageObject","inLanguage":"pt-BR","@id":"https:\/\/secure.gravatar.com\/avatar\/420aaf9278582877d9018637c6817617705899d2858d7572ef0fe59a6b6454b4?s=96&d=mm&r=g","url":"https:\/\/secure.gravatar.com\/avatar\/420aaf9278582877d9018637c6817617705899d2858d7572ef0fe59a6b6454b4?s=96&d=mm&r=g","contentUrl":"https:\/\/secure.gravatar.com\/avatar\/420aaf9278582877d9018637c6817617705899d2858d7572ef0fe59a6b6454b4?s=96&d=mm&r=g","caption":"Canal Dana"},"url":"https:\/\/dana.com.br\/canaldana\/author\/cdeditor\/"}]}},"_links":{"self":[{"href":"https:\/\/dana.com.br\/canaldana\/wp-json\/wp\/v2\/posts\/42230","targetHints":{"allow":["GET"]}}],"collection":[{"href":"https:\/\/dana.com.br\/canaldana\/wp-json\/wp\/v2\/posts"}],"about":[{"href":"https:\/\/dana.com.br\/canaldana\/wp-json\/wp\/v2\/types\/post"}],"author":[{"embeddable":true,"href":"https:\/\/dana.com.br\/canaldana\/wp-json\/wp\/v2\/users\/3"}],"replies":[{"embeddable":true,"href":"https:\/\/dana.com.br\/canaldana\/wp-json\/wp\/v2\/comments?post=42230"}],"version-history":[{"count":0,"href":"https:\/\/dana.com.br\/canaldana\/wp-json\/wp\/v2\/posts\/42230\/revisions"}],"wp:attachment":[{"href":"https:\/\/dana.com.br\/canaldana\/wp-json\/wp\/v2\/media?parent=42230"}],"wp:term":[{"taxonomy":"category","embeddable":true,"href":"https:\/\/dana.com.br\/canaldana\/wp-json\/wp\/v2\/categories?post=42230"},{"taxonomy":"post_tag","embeddable":true,"href":"https:\/\/dana.com.br\/canaldana\/wp-json\/wp\/v2\/tags?post=42230"}],"curies":[{"name":"wp","href":"https:\/\/api.w.org\/{rel}","templated":true}]}}