{"id":41647,"date":"2020-03-26T08:24:11","date_gmt":"2020-03-26T11:24:11","guid":{"rendered":"https:\/\/dana.com.br\/canaldana\/?p=41647"},"modified":"2020-03-26T08:24:11","modified_gmt":"2020-03-26T11:24:11","slug":"coronavirus-para-parque-industrial-automotivo-brasileiro-confirma-anfavea","status":"publish","type":"post","link":"https:\/\/dana.com.br\/canaldana\/2020\/03\/26\/coronavirus-para-parque-industrial-automotivo-brasileiro-confirma-anfavea\/","title":{"rendered":"Coronav\u00edrus para parque industrial automotivo brasileiro, confirma Anfavea"},"content":{"rendered":"<p><em>Estado de Minas\/Vrum<\/em><\/p>\n<p>&nbsp;<\/p>\n<p>Conter a dissemina\u00e7\u00e3o da doen\u00e7a e adequar o estoque ao novo cen\u00e1rio leva montadoras a adotar regime de f\u00e9rias coletivas. At\u00e9 a terceira semana de mar\u00e7o, setor registrou aumento de 9% na produ\u00e7\u00e3o<\/p>\n<p>&nbsp;<\/p>\n<p>A pandemia do coronav\u00edrus come\u00e7ou a afetar de forma mais enf\u00e1tica o parque industrial automotivo brasileiro a partir desta semana. De acordo com a Associa\u00e7\u00e3o Nacional dos Fabricantes e Ve\u00edculos Automotores (Anfavea), todos os fabricantes de autom\u00f3veis j\u00e1 interromperam ou est\u00e3o prestes a paralisar temporiamente a produ\u00e7\u00e3o.<\/p>\n<p>&nbsp;<\/p>\n<p>A Anfavea ainda n\u00e3o tem par\u00e2metros para medir o impacto que o coronav\u00edrus vai impor ao mercado automotivo, que at\u00e9 a terceira semana de mar\u00e7o registrou um aumento de 9% na produ\u00e7\u00e3o em rela\u00e7\u00e3o ao mesmo per\u00edodo do ano passado. De acordo com a associa\u00e7\u00e3o, al\u00e9m da necessidade de proteger seus funcion\u00e1rios e conter a dissemina\u00e7\u00e3o da doen\u00e7a, tamb\u00e9m n\u00e3o h\u00e1 necessidade de aumentar os estoques. Com as concession\u00e1rias fechadas, a m\u00e9dia de carros em estoque entre a f\u00e1bricas e as revendas \u00e9 o bastante para abastecer o mercado por 40 dias.<\/p>\n<p>&nbsp;<\/p>\n<p>A Chevrolet foi a primeira a interromper a produ\u00e7\u00e3o em uma de suas f\u00e1bricas no Brasil, na \u00faltima sexta-feira (20), a unidade de Gravata\u00ed (RS), de onde \u201csaem\u201d nada menos que os dois modelos mais vendidos do mercado nacional, o hatch Onix e o sed\u00e3 Onix Plus. Na segunda-feira (21), outras quatro plantas industriais da marca tiveram as opera\u00e7\u00f5es paralisadas: S\u00e3o Caetano do Sul, Indaiatuba, Mogi das Cruzes (todas em SP) e Joinville (SC). Ontem, a Chevrolet, que det\u00e9m 20% da produ\u00e7\u00e3o nacional de autom\u00f3veis, paralisou a f\u00e1brica de S\u00e3o Jos\u00e9 dos Campos (SP).<\/p>\n<p>&nbsp;<\/p>\n<p>A Volkswagen suspendeu a produ\u00e7\u00e3o de ve\u00edculos em todas as f\u00e1bricas do pa\u00eds no in\u00edcio da semana. A princ\u00edpio, a medida \u00e9 v\u00e1lida por tr\u00eas semanas. De acordo com o fabricante, at\u00e9 30 de mar\u00e7o, os empregados da \u00e1rea administrativa continuam em trabalho remoto e os empregados da linha de produ\u00e7\u00e3o em banco de horas. A partir de 31 de mar\u00e7o, os empregados estar\u00e3o em f\u00e9rias coletivas por duas semanas.<\/p>\n<p>&nbsp;<\/p>\n<p>A Ford tamb\u00e9m come\u00e7ou a suspens\u00e3o tempor\u00e1ria da produ\u00e7\u00e3o nas f\u00e1bricas do Brasil \u2013 Cama\u00e7ari (BA), Taubat\u00e9 (SP) e na unidade da Troller em Horizonte (CE) \u2013 na segunda-feira (23). A retomada das atividades est\u00e1 programada para 13 de abril. \u201cA medida tem como objetivo principal manter os funcion\u00e1rios em seguran\u00e7a e ajudar a limitar a propaga\u00e7\u00e3o do v\u00edrus, al\u00e9m de ajustar os volumes de produ\u00e7\u00e3o \u00e0 redu\u00e7\u00e3o na demanda dos consumidores gerada por essa situa\u00e7\u00e3o sem precedentes\u201d, explica o fabricante.<\/p>\n<p>&nbsp;<\/p>\n<p>A Fiat Chrysler Autom\u00f3veis (FCA) iniciou a diminui\u00e7\u00e3o gradual da produ\u00e7\u00e3o em suas f\u00e1bricas no Brasil \u2013Betim (MG), Goiana (PE) e Campo Largo (PR) \u2013 na \u00faltima sexta-feira (20), e a paralisa\u00e7\u00e3o total de todas essas unidades come\u00e7ou na segunda-feira (23). As atividades ser\u00e3o retomadas em 21 de abril.<\/p>\n<p>&nbsp;<\/p>\n<p>Prevista para hoje, a Renault do Brasil antecipou para segunda-feira (23) a suspens\u00e3o na produ\u00e7\u00e3o em S\u00e3o Jos\u00e9 dos Pinhais (PR). A decis\u00e3o vai at\u00e9 14 de abril. O Grupo PSA, que no Brasil responde pelas marcas francesas Peugeot e Citro\u00ebn, tamb\u00e9m interrompeu a produ\u00e7\u00e3o em sua f\u00e1brica de Porto Real (RJ) no in\u00edcio da semana. A produ\u00e7\u00e3o ser\u00e1 reiniciada em 21 de abril, mas depende da situa\u00e7\u00e3o da doen\u00e7a no pa\u00eds.<\/p>\n<p>&nbsp;<\/p>\n<p>J\u00e1 a Toyota suspendeu a produ\u00e7\u00e3o nas quatro plantas industriais do pa\u00eds \u2013 S\u00e3o Bernardo do Campo, Sorocaba, Indaiatuba e Porto Feliz (todas no estado de S\u00e3o Paulo) \u2013 a partir de ontem, com retorno previsto para 6 de abril. \u201cA paralisa\u00e7\u00e3o se deve no sentido de atenuar os riscos \u00e0 sa\u00fade de nossos colaboradores e de seus familiares, associada ao quadro de incerteza do mercado brasileiro no curto prazo, al\u00e9m das dificuldades na cadeia log\u00edstica e de suprimentos, que devem se agravar nas pr\u00f3ximas semanas\u201d, avaliou o fabricante, que tamb\u00e9m colocou em trabalho remoto o m\u00e1ximo de colaboradores das \u00e1reas administrativas poss\u00edvel, cuidado obrigat\u00f3rio para pessoas de grupos de risco.<\/p>\n<p>&nbsp;<\/p>\n<p>A Nissan suspendeu temporariamente a produ\u00e7\u00e3o em sua f\u00e1brica de Resende (RJ) a partir de hoje. \u201cEsta medida se soma ao esfor\u00e7o de todos para conter a prolifera\u00e7\u00e3o da pandemia da COVID-19, al\u00e9m de, tamb\u00e9m, ajustar os estoques a nova realidade de demanda local\u201d, informou o fabricante, que tem previs\u00e3o de retorno no dia 22 de abril. A Jaguar Land Rover tamb\u00e9m suspendeu temporariamente a produ\u00e7\u00e3o na f\u00e1brica de Itatiaia (RJ) a partir hoje, com retorno programado para 27 de abril.<\/p>\n<p>&nbsp;<\/p>\n<p>A Honda Autom\u00f3veis comunicou que vai interromper as atividades produtivas em Sumar\u00e9 e Itirapina (SP) de hoje at\u00e9 14 de abril para \u201cajustes devido ao impacto da pandemia da COVID-19\u201d. Os colaboradores envolvidos diretamente no processo produtivo entrar\u00e3o em f\u00e9rias coletivas, enquanto os que desempenham atividades administrativas v\u00eam adotando o regime de home office. Para fun\u00e7\u00f5es em que n\u00e3o \u00e9 poss\u00edvel o trabalho remoto, est\u00e1 sendo praticado o escalonamento da equipe.<\/p>\n<p>&nbsp;<\/p>\n<p>A Hyundai Motor Brasil est\u00e1 fechada desde o in\u00edcio da semana, mas, a partir de amanh\u00e3, tanto a f\u00e1brica em Piracicaba como os escrit\u00f3rios em S\u00e3o Paulo (SP) entrar\u00e3o em f\u00e9rias coletivas at\u00e9 9 de abril. Apenas atividades essenciais ser\u00e3o mantidas, e a prorroga\u00e7\u00e3o das medidas ser\u00e3o avaliadas conforme o desenvolvimento da pandemia.<\/p>\n<p>&nbsp;<\/p>\n<p>A BMW anuncia a suspens\u00e3o tempor\u00e1ria da planta de Araquari (SC) a partir da pr\u00f3xima segunda-feira (30), com retorno previsto para 22 de abril. De acordo com a marca alem\u00e3, at\u00e9 l\u00e1, a f\u00e1brica segue operando com todas as pr\u00e1ticas de sa\u00fade e seguran\u00e7a, dentre elas o aumento da higieniza\u00e7\u00e3o dos \u00f4nibus de transporte de colaboradores, que s\u00e3o de uso exclusivo da empresa, recomenda\u00e7\u00e3o de espa\u00e7amento de um metro e meio entre as pessoas, al\u00e9m do fechamento da lanchonete e outras \u00e1reas para evitar aglomera\u00e7\u00e3o.<\/p>\n<p>&nbsp;<\/p>\n<p><strong>Cadeia produtiva<\/strong><\/p>\n<p>&nbsp;<\/p>\n<p>Fornecedores, como a Pirelli, tamb\u00e9m \u201centraram na dan\u00e7a\u201d. O fabricante de pneus interrompeu temporariamente a produ\u00e7\u00e3o nas tr\u00eas unidades produtivas do Brasil j\u00e1 no in\u00edcio da semana. Al\u00e9m da emerg\u00eancia relativa \u00e0 COVID-19, a Pirelli optou pelas f\u00e9rias coletivas devido a uma significativa queda da demanda do setor automotivo. A empresa garante que o fornecimento aos clientes continuar\u00e1 com a utiliza\u00e7\u00e3o do estoque dispon\u00edvel.<\/p>\n<p>&nbsp;<\/p>\n<p><strong>Garantia<\/strong><\/p>\n<p>&nbsp;<\/p>\n<p>Sem concession\u00e1rias, sem manuten\u00e7\u00e3o do ve\u00edculo. Como respeitar as revis\u00f5es \u00e9 uma condi\u00e7\u00e3o indispens\u00e1vel para que o fabricante honre a garantia de f\u00e1brica, alguns j\u00e1 se prontificaram a flexibilizar essa pol\u00edtica. A Kia Motors do Brasil ampliou as toler\u00e2ncias de excesso de quilometragem e de tempo para todo o plano de revis\u00f5es peri\u00f3dicas pelos pr\u00f3ximos tr\u00eas meses. A BMW tamb\u00e9m estendeu o prazo de garantia e manuten\u00e7\u00e3o dos ve\u00edculos por at\u00e9 30 dias para os modelos cuja garantia contratual vence entre 23 de mar\u00e7o e 24 de abril. Avisos de manuten\u00e7\u00e3o com limite para realiza\u00e7\u00e3o no per\u00edodo citado tamb\u00e9m ter\u00e3o toler\u00e2ncia ampliada.<\/p>\n<p>&nbsp;<\/p>\n<p>Mas nem todas as concession\u00e1rias podem parar. \u00c9 o caso das que prestam servi\u00e7o para frotistas e caminhoneiros. A Volkswagen Caminh\u00f5es e \u00d4nibus anunciou que sua rede de concession\u00e1rios autorizados est\u00e1 em permanente plant\u00e3o com o objetivo de contribuir para a normalidade do transporte de passageiros e o abastecimento em todos os segmentos da economia.<\/p>\n<p>&nbsp;<\/p>\n<p>\u201cCada empresa deve fazer a sua parte. Come\u00e7amos por proteger nossos colaboradores, reduzindo nossos times a servi\u00e7os emergenciais e plant\u00f5es. Agora a prioridade \u00e9 garantir que medicamentos e mercadorias continuem a chegar a farm\u00e1cias, hospitais, supermercados e outros pontos comerciais, que continuar\u00e3o funcionando nesse per\u00edodo de crise, al\u00e9m da manuten\u00e7\u00e3o no transporte de passageiros, muito deles que est\u00e3o na linha de frente em servi\u00e7os essenciais, como os profissionais da sa\u00fade\u201d, disse Roberto Cortes, presidente e CEO da Volkswagen Caminh\u00f5es e \u00d4nibus. (Estado de Minas\/Vrum\/Pedro Cerqueira)<\/p>\n","protected":false},"excerpt":{"rendered":"<p>Estado de Minas\/Vrum &nbsp; Conter a dissemina\u00e7\u00e3o da doen\u00e7a e adequar o estoque ao novo cen\u00e1rio leva montadoras a adotar regime de f\u00e9rias coletivas. At\u00e9 a terceira semana de mar\u00e7o, setor registrou aumento de 9% na produ\u00e7\u00e3o &nbsp; A pandemia do coronav\u00edrus come\u00e7ou a afetar de forma mais enf\u00e1tica o parque industrial automotivo brasileiro a\u2026 <a class=\"readmore\" href=\"https:\/\/dana.com.br\/canaldana\/2020\/03\/26\/coronavirus-para-parque-industrial-automotivo-brasileiro-confirma-anfavea\/\">Leia mais \u00bb<\/a><\/p>\n","protected":false},"author":3,"featured_media":0,"comment_status":"closed","ping_status":"closed","sticky":false,"template":"","format":"standard","meta":{"_acf_changed":false,"footnotes":""},"categories":[61],"tags":[],"class_list":["post-41647","post","type-post","status-publish","format-standard","hentry","category-destaques"],"acf":[],"yoast_head":"<!-- This site is optimized with the Yoast SEO plugin v27.5 - https:\/\/yoast.com\/product\/yoast-seo-wordpress\/ -->\n<title>Coronav\u00edrus para parque industrial automotivo brasileiro, confirma Anfavea - Canal Dana<\/title>\n<meta name=\"robots\" content=\"index, follow, max-snippet:-1, max-image-preview:large, max-video-preview:-1\" \/>\n<link rel=\"canonical\" href=\"https:\/\/dana.com.br\/canaldana\/2020\/03\/26\/coronavirus-para-parque-industrial-automotivo-brasileiro-confirma-anfavea\/\" \/>\n<meta property=\"og:locale\" content=\"pt_BR\" \/>\n<meta property=\"og:type\" content=\"article\" \/>\n<meta property=\"og:title\" content=\"Coronav\u00edrus para parque industrial automotivo brasileiro, confirma Anfavea - Canal Dana\" \/>\n<meta property=\"og:description\" content=\"Estado de Minas\/Vrum &nbsp; Conter a dissemina\u00e7\u00e3o da doen\u00e7a e adequar o estoque ao novo cen\u00e1rio leva montadoras a adotar regime de f\u00e9rias coletivas. At\u00e9 a terceira semana de mar\u00e7o, setor registrou aumento de 9% na produ\u00e7\u00e3o &nbsp; A pandemia do coronav\u00edrus come\u00e7ou a afetar de forma mais enf\u00e1tica o parque industrial automotivo brasileiro a\u2026 Leia mais \u00bb\" \/>\n<meta property=\"og:url\" content=\"https:\/\/dana.com.br\/canaldana\/2020\/03\/26\/coronavirus-para-parque-industrial-automotivo-brasileiro-confirma-anfavea\/\" \/>\n<meta property=\"og:site_name\" content=\"Canal Dana\" \/>\n<meta property=\"article:published_time\" content=\"2020-03-26T11:24:11+00:00\" \/>\n<meta name=\"author\" content=\"Canal Dana\" \/>\n<meta name=\"twitter:card\" content=\"summary_large_image\" \/>\n<meta name=\"twitter:label1\" content=\"Escrito por\" \/>\n\t<meta name=\"twitter:data1\" content=\"Canal Dana\" \/>\n\t<meta name=\"twitter:label2\" content=\"Est. tempo de leitura\" \/>\n\t<meta name=\"twitter:data2\" content=\"7 minutos\" \/>\n<script type=\"application\/ld+json\" class=\"yoast-schema-graph\">{\"@context\":\"https:\\\/\\\/schema.org\",\"@graph\":[{\"@type\":\"Article\",\"@id\":\"https:\\\/\\\/dana.com.br\\\/canaldana\\\/2020\\\/03\\\/26\\\/coronavirus-para-parque-industrial-automotivo-brasileiro-confirma-anfavea\\\/#article\",\"isPartOf\":{\"@id\":\"https:\\\/\\\/dana.com.br\\\/canaldana\\\/2020\\\/03\\\/26\\\/coronavirus-para-parque-industrial-automotivo-brasileiro-confirma-anfavea\\\/\"},\"author\":{\"name\":\"Canal Dana\",\"@id\":\"https:\\\/\\\/dana.com.br\\\/canaldana\\\/#\\\/schema\\\/person\\\/3c21f22f56fcf3bc46b94bc60ea4fef6\"},\"headline\":\"Coronav\u00edrus para parque industrial automotivo brasileiro, confirma Anfavea\",\"datePublished\":\"2020-03-26T11:24:11+00:00\",\"mainEntityOfPage\":{\"@id\":\"https:\\\/\\\/dana.com.br\\\/canaldana\\\/2020\\\/03\\\/26\\\/coronavirus-para-parque-industrial-automotivo-brasileiro-confirma-anfavea\\\/\"},\"wordCount\":1432,\"articleSection\":[\"Destaques\"],\"inLanguage\":\"pt-BR\"},{\"@type\":\"WebPage\",\"@id\":\"https:\\\/\\\/dana.com.br\\\/canaldana\\\/2020\\\/03\\\/26\\\/coronavirus-para-parque-industrial-automotivo-brasileiro-confirma-anfavea\\\/\",\"url\":\"https:\\\/\\\/dana.com.br\\\/canaldana\\\/2020\\\/03\\\/26\\\/coronavirus-para-parque-industrial-automotivo-brasileiro-confirma-anfavea\\\/\",\"name\":\"Coronav\u00edrus para parque industrial automotivo brasileiro, confirma Anfavea - Canal Dana\",\"isPartOf\":{\"@id\":\"https:\\\/\\\/dana.com.br\\\/canaldana\\\/#website\"},\"datePublished\":\"2020-03-26T11:24:11+00:00\",\"author\":{\"@id\":\"https:\\\/\\\/dana.com.br\\\/canaldana\\\/#\\\/schema\\\/person\\\/3c21f22f56fcf3bc46b94bc60ea4fef6\"},\"breadcrumb\":{\"@id\":\"https:\\\/\\\/dana.com.br\\\/canaldana\\\/2020\\\/03\\\/26\\\/coronavirus-para-parque-industrial-automotivo-brasileiro-confirma-anfavea\\\/#breadcrumb\"},\"inLanguage\":\"pt-BR\",\"potentialAction\":[{\"@type\":\"ReadAction\",\"target\":[\"https:\\\/\\\/dana.com.br\\\/canaldana\\\/2020\\\/03\\\/26\\\/coronavirus-para-parque-industrial-automotivo-brasileiro-confirma-anfavea\\\/\"]}]},{\"@type\":\"BreadcrumbList\",\"@id\":\"https:\\\/\\\/dana.com.br\\\/canaldana\\\/2020\\\/03\\\/26\\\/coronavirus-para-parque-industrial-automotivo-brasileiro-confirma-anfavea\\\/#breadcrumb\",\"itemListElement\":[{\"@type\":\"ListItem\",\"position\":1,\"name\":\"Home\",\"item\":\"https:\\\/\\\/dana.com.br\\\/canaldana\\\/\"},{\"@type\":\"ListItem\",\"position\":2,\"name\":\"Destaques\",\"item\":\"https:\\\/\\\/dana.com.br\\\/canaldana\\\/destaques\\\/\"},{\"@type\":\"ListItem\",\"position\":3,\"name\":\"Coronav\u00edrus para parque industrial automotivo brasileiro, confirma Anfavea\"}]},{\"@type\":\"WebSite\",\"@id\":\"https:\\\/\\\/dana.com.br\\\/canaldana\\\/#website\",\"url\":\"https:\\\/\\\/dana.com.br\\\/canaldana\\\/\",\"name\":\"Canal Dana\",\"description\":\"Informativo com as principais not\u00edcias da ind\u00fastria automotiva\",\"potentialAction\":[{\"@type\":\"SearchAction\",\"target\":{\"@type\":\"EntryPoint\",\"urlTemplate\":\"https:\\\/\\\/dana.com.br\\\/canaldana\\\/?s={search_term_string}\"},\"query-input\":{\"@type\":\"PropertyValueSpecification\",\"valueRequired\":true,\"valueName\":\"search_term_string\"}}],\"inLanguage\":\"pt-BR\"},{\"@type\":\"Person\",\"@id\":\"https:\\\/\\\/dana.com.br\\\/canaldana\\\/#\\\/schema\\\/person\\\/3c21f22f56fcf3bc46b94bc60ea4fef6\",\"name\":\"Canal Dana\",\"image\":{\"@type\":\"ImageObject\",\"inLanguage\":\"pt-BR\",\"@id\":\"https:\\\/\\\/secure.gravatar.com\\\/avatar\\\/420aaf9278582877d9018637c6817617705899d2858d7572ef0fe59a6b6454b4?s=96&d=mm&r=g\",\"url\":\"https:\\\/\\\/secure.gravatar.com\\\/avatar\\\/420aaf9278582877d9018637c6817617705899d2858d7572ef0fe59a6b6454b4?s=96&d=mm&r=g\",\"contentUrl\":\"https:\\\/\\\/secure.gravatar.com\\\/avatar\\\/420aaf9278582877d9018637c6817617705899d2858d7572ef0fe59a6b6454b4?s=96&d=mm&r=g\",\"caption\":\"Canal Dana\"},\"url\":\"https:\\\/\\\/dana.com.br\\\/canaldana\\\/author\\\/cdeditor\\\/\"}]}<\/script>\n<!-- \/ Yoast SEO plugin. -->","yoast_head_json":{"title":"Coronav\u00edrus para parque industrial automotivo brasileiro, confirma Anfavea - Canal Dana","robots":{"index":"index","follow":"follow","max-snippet":"max-snippet:-1","max-image-preview":"max-image-preview:large","max-video-preview":"max-video-preview:-1"},"canonical":"https:\/\/dana.com.br\/canaldana\/2020\/03\/26\/coronavirus-para-parque-industrial-automotivo-brasileiro-confirma-anfavea\/","og_locale":"pt_BR","og_type":"article","og_title":"Coronav\u00edrus para parque industrial automotivo brasileiro, confirma Anfavea - Canal Dana","og_description":"Estado de Minas\/Vrum &nbsp; Conter a dissemina\u00e7\u00e3o da doen\u00e7a e adequar o estoque ao novo cen\u00e1rio leva montadoras a adotar regime de f\u00e9rias coletivas. At\u00e9 a terceira semana de mar\u00e7o, setor registrou aumento de 9% na produ\u00e7\u00e3o &nbsp; A pandemia do coronav\u00edrus come\u00e7ou a afetar de forma mais enf\u00e1tica o parque industrial automotivo brasileiro a\u2026 Leia mais \u00bb","og_url":"https:\/\/dana.com.br\/canaldana\/2020\/03\/26\/coronavirus-para-parque-industrial-automotivo-brasileiro-confirma-anfavea\/","og_site_name":"Canal Dana","article_published_time":"2020-03-26T11:24:11+00:00","author":"Canal Dana","twitter_card":"summary_large_image","twitter_misc":{"Escrito por":"Canal Dana","Est. tempo de leitura":"7 minutos"},"schema":{"@context":"https:\/\/schema.org","@graph":[{"@type":"Article","@id":"https:\/\/dana.com.br\/canaldana\/2020\/03\/26\/coronavirus-para-parque-industrial-automotivo-brasileiro-confirma-anfavea\/#article","isPartOf":{"@id":"https:\/\/dana.com.br\/canaldana\/2020\/03\/26\/coronavirus-para-parque-industrial-automotivo-brasileiro-confirma-anfavea\/"},"author":{"name":"Canal Dana","@id":"https:\/\/dana.com.br\/canaldana\/#\/schema\/person\/3c21f22f56fcf3bc46b94bc60ea4fef6"},"headline":"Coronav\u00edrus para parque industrial automotivo brasileiro, confirma Anfavea","datePublished":"2020-03-26T11:24:11+00:00","mainEntityOfPage":{"@id":"https:\/\/dana.com.br\/canaldana\/2020\/03\/26\/coronavirus-para-parque-industrial-automotivo-brasileiro-confirma-anfavea\/"},"wordCount":1432,"articleSection":["Destaques"],"inLanguage":"pt-BR"},{"@type":"WebPage","@id":"https:\/\/dana.com.br\/canaldana\/2020\/03\/26\/coronavirus-para-parque-industrial-automotivo-brasileiro-confirma-anfavea\/","url":"https:\/\/dana.com.br\/canaldana\/2020\/03\/26\/coronavirus-para-parque-industrial-automotivo-brasileiro-confirma-anfavea\/","name":"Coronav\u00edrus para parque industrial automotivo brasileiro, confirma Anfavea - Canal Dana","isPartOf":{"@id":"https:\/\/dana.com.br\/canaldana\/#website"},"datePublished":"2020-03-26T11:24:11+00:00","author":{"@id":"https:\/\/dana.com.br\/canaldana\/#\/schema\/person\/3c21f22f56fcf3bc46b94bc60ea4fef6"},"breadcrumb":{"@id":"https:\/\/dana.com.br\/canaldana\/2020\/03\/26\/coronavirus-para-parque-industrial-automotivo-brasileiro-confirma-anfavea\/#breadcrumb"},"inLanguage":"pt-BR","potentialAction":[{"@type":"ReadAction","target":["https:\/\/dana.com.br\/canaldana\/2020\/03\/26\/coronavirus-para-parque-industrial-automotivo-brasileiro-confirma-anfavea\/"]}]},{"@type":"BreadcrumbList","@id":"https:\/\/dana.com.br\/canaldana\/2020\/03\/26\/coronavirus-para-parque-industrial-automotivo-brasileiro-confirma-anfavea\/#breadcrumb","itemListElement":[{"@type":"ListItem","position":1,"name":"Home","item":"https:\/\/dana.com.br\/canaldana\/"},{"@type":"ListItem","position":2,"name":"Destaques","item":"https:\/\/dana.com.br\/canaldana\/destaques\/"},{"@type":"ListItem","position":3,"name":"Coronav\u00edrus para parque industrial automotivo brasileiro, confirma Anfavea"}]},{"@type":"WebSite","@id":"https:\/\/dana.com.br\/canaldana\/#website","url":"https:\/\/dana.com.br\/canaldana\/","name":"Canal Dana","description":"Informativo com as principais not\u00edcias da ind\u00fastria automotiva","potentialAction":[{"@type":"SearchAction","target":{"@type":"EntryPoint","urlTemplate":"https:\/\/dana.com.br\/canaldana\/?s={search_term_string}"},"query-input":{"@type":"PropertyValueSpecification","valueRequired":true,"valueName":"search_term_string"}}],"inLanguage":"pt-BR"},{"@type":"Person","@id":"https:\/\/dana.com.br\/canaldana\/#\/schema\/person\/3c21f22f56fcf3bc46b94bc60ea4fef6","name":"Canal Dana","image":{"@type":"ImageObject","inLanguage":"pt-BR","@id":"https:\/\/secure.gravatar.com\/avatar\/420aaf9278582877d9018637c6817617705899d2858d7572ef0fe59a6b6454b4?s=96&d=mm&r=g","url":"https:\/\/secure.gravatar.com\/avatar\/420aaf9278582877d9018637c6817617705899d2858d7572ef0fe59a6b6454b4?s=96&d=mm&r=g","contentUrl":"https:\/\/secure.gravatar.com\/avatar\/420aaf9278582877d9018637c6817617705899d2858d7572ef0fe59a6b6454b4?s=96&d=mm&r=g","caption":"Canal Dana"},"url":"https:\/\/dana.com.br\/canaldana\/author\/cdeditor\/"}]}},"_links":{"self":[{"href":"https:\/\/dana.com.br\/canaldana\/wp-json\/wp\/v2\/posts\/41647","targetHints":{"allow":["GET"]}}],"collection":[{"href":"https:\/\/dana.com.br\/canaldana\/wp-json\/wp\/v2\/posts"}],"about":[{"href":"https:\/\/dana.com.br\/canaldana\/wp-json\/wp\/v2\/types\/post"}],"author":[{"embeddable":true,"href":"https:\/\/dana.com.br\/canaldana\/wp-json\/wp\/v2\/users\/3"}],"replies":[{"embeddable":true,"href":"https:\/\/dana.com.br\/canaldana\/wp-json\/wp\/v2\/comments?post=41647"}],"version-history":[{"count":0,"href":"https:\/\/dana.com.br\/canaldana\/wp-json\/wp\/v2\/posts\/41647\/revisions"}],"wp:attachment":[{"href":"https:\/\/dana.com.br\/canaldana\/wp-json\/wp\/v2\/media?parent=41647"}],"wp:term":[{"taxonomy":"category","embeddable":true,"href":"https:\/\/dana.com.br\/canaldana\/wp-json\/wp\/v2\/categories?post=41647"},{"taxonomy":"post_tag","embeddable":true,"href":"https:\/\/dana.com.br\/canaldana\/wp-json\/wp\/v2\/tags?post=41647"}],"curies":[{"name":"wp","href":"https:\/\/api.w.org\/{rel}","templated":true}]}}