{"id":41643,"date":"2020-03-26T08:23:11","date_gmt":"2020-03-26T11:23:11","guid":{"rendered":"https:\/\/dana.com.br\/canaldana\/?p=41643"},"modified":"2020-03-26T08:23:11","modified_gmt":"2020-03-26T11:23:11","slug":"postos-de-combustivel-passam-a-funcionar-em-novo-horario","status":"publish","type":"post","link":"https:\/\/dana.com.br\/canaldana\/2020\/03\/26\/postos-de-combustivel-passam-a-funcionar-em-novo-horario\/","title":{"rendered":"Postos de combust\u00edvel passam a funcionar em novo hor\u00e1rio"},"content":{"rendered":"<p><em>Jornal do Carro<\/em><\/p>\n<p>&nbsp;<\/p>\n<p>Os hor\u00e1rios de funcionamento dos postos de combust\u00edveis foram alterados. Agora, eles devem funcionar, no m\u00ednimo, entre \u00e0s 07 e \u00e0s 19 horas. A determina\u00e7\u00e3o veio de uma resolu\u00e7\u00e3o da Ag\u00eancia Nacional do Petr\u00f3leo (ANP).<\/p>\n<p>&nbsp;<\/p>\n<p>O artigo quinto da resolu\u00e7\u00e3o, o qual descreve esta mudan\u00e7a, determina que \u201cos revendedores varejistas de combust\u00edveis automotivos\u201d funcionem no novo hor\u00e1rio m\u00ednimo. Eles tamb\u00e9m devem abrir de segunda-feira a s\u00e1bado. Para funcionarem em outro hor\u00e1rio, os postos dever\u00e3o pedir autoriza\u00e7\u00e3o.<\/p>\n<p>&nbsp;<\/p>\n<p>Segundo a resolu\u00e7\u00e3o, a nova regra vale \u201cenquanto durarem as medidas tempor\u00e1rias de enfrentamento da emerg\u00eancia de sa\u00fade p\u00fablica de import\u00e2ncia internacional decorrente do Coronav\u00edrus (Covid-19)\u201d.<\/p>\n<p>&nbsp;<\/p>\n<p>A inten\u00e7\u00e3o da medida tamb\u00e9m \u00e9 expor menos os funcion\u00e1rios dos postos, que t\u00eam contato direto com os clientes devido aos processos de pagamentos.<\/p>\n<p>&nbsp;<\/p>\n<p><strong>Motoristas precisam ter cuidado com combust\u00edvel do carro parado<\/strong><\/p>\n<p>&nbsp;<\/p>\n<p>Com o isolamento social por causa da covid-19, muitos carros est\u00e3o parados na garagem. E gasolina parada estraga. Tudo bem que isto demora de tr\u00eas a quatro meses para acontecer. Mais ainda se ele for do tipo premium, que chega a 9 meses.<\/p>\n<p>&nbsp;<\/p>\n<p>O isolamento n\u00e3o deve durar isso tudo, mas algumas dicas s\u00e3o importantes, como deixar o tanque relativamente cheio. Com isso, o ac\u00famulo de part\u00edculas no fundo do tanque ser\u00e1 menor. Isso significa que quando o motorista ligar o carro, gasolina de verdade passar\u00e1 pelos bicos injetores em dire\u00e7\u00e3o ao motor e n\u00e3o uma mistura de sujeira depositada com um pouco de gasolina.<\/p>\n<p>&nbsp;<\/p>\n<p>Em uma explica\u00e7\u00e3o mais t\u00e9cnica, a Petrobras Distribuidora informa que o grande problema \u00e9 a oxida\u00e7\u00e3o da gasolina. Se passar muito tempo parada no tanque pode haver forma\u00e7\u00e3o de borra, o que vai levar ao mal funcionamento do motor. Ele n\u00e3o vai queimar da maneira que deveria por causa da borra e pode at\u00e9 dar pane. (Jornal do Carro)<\/p>\n","protected":false},"excerpt":{"rendered":"<p>Jornal do Carro &nbsp; Os hor\u00e1rios de funcionamento dos postos de combust\u00edveis foram alterados. Agora, eles devem funcionar, no m\u00ednimo, entre \u00e0s 07 e \u00e0s 19 horas. A determina\u00e7\u00e3o veio de uma resolu\u00e7\u00e3o da Ag\u00eancia Nacional do Petr\u00f3leo (ANP). &nbsp; O artigo quinto da resolu\u00e7\u00e3o, o qual descreve esta mudan\u00e7a, determina que \u201cos revendedores varejistas\u2026 <a class=\"readmore\" href=\"https:\/\/dana.com.br\/canaldana\/2020\/03\/26\/postos-de-combustivel-passam-a-funcionar-em-novo-horario\/\">Leia mais \u00bb<\/a><\/p>\n","protected":false},"author":3,"featured_media":0,"comment_status":"closed","ping_status":"closed","sticky":false,"template":"","format":"standard","meta":{"_acf_changed":false,"footnotes":""},"categories":[79],"tags":[],"class_list":["post-41643","post","type-post","status-publish","format-standard","hentry","category-mercado"],"acf":[],"yoast_head":"<!-- This site is optimized with the Yoast SEO plugin v27.5 - https:\/\/yoast.com\/product\/yoast-seo-wordpress\/ -->\n<title>Postos de combust\u00edvel passam a funcionar em novo hor\u00e1rio - Canal Dana<\/title>\n<meta name=\"robots\" content=\"index, follow, max-snippet:-1, max-image-preview:large, max-video-preview:-1\" \/>\n<link rel=\"canonical\" href=\"https:\/\/dana.com.br\/canaldana\/2020\/03\/26\/postos-de-combustivel-passam-a-funcionar-em-novo-horario\/\" \/>\n<meta property=\"og:locale\" content=\"pt_BR\" \/>\n<meta property=\"og:type\" content=\"article\" \/>\n<meta property=\"og:title\" content=\"Postos de combust\u00edvel passam a funcionar em novo hor\u00e1rio - Canal Dana\" \/>\n<meta property=\"og:description\" content=\"Jornal do Carro &nbsp; Os hor\u00e1rios de funcionamento dos postos de combust\u00edveis foram alterados. Agora, eles devem funcionar, no m\u00ednimo, entre \u00e0s 07 e \u00e0s 19 horas. A determina\u00e7\u00e3o veio de uma resolu\u00e7\u00e3o da Ag\u00eancia Nacional do Petr\u00f3leo (ANP). &nbsp; O artigo quinto da resolu\u00e7\u00e3o, o qual descreve esta mudan\u00e7a, determina que \u201cos revendedores varejistas\u2026 Leia mais \u00bb\" \/>\n<meta property=\"og:url\" content=\"https:\/\/dana.com.br\/canaldana\/2020\/03\/26\/postos-de-combustivel-passam-a-funcionar-em-novo-horario\/\" \/>\n<meta property=\"og:site_name\" content=\"Canal Dana\" \/>\n<meta property=\"article:published_time\" content=\"2020-03-26T11:23:11+00:00\" \/>\n<meta name=\"author\" content=\"Canal Dana\" \/>\n<meta name=\"twitter:card\" content=\"summary_large_image\" \/>\n<meta name=\"twitter:label1\" content=\"Escrito por\" \/>\n\t<meta name=\"twitter:data1\" content=\"Canal Dana\" \/>\n\t<meta name=\"twitter:label2\" content=\"Est. tempo de leitura\" \/>\n\t<meta name=\"twitter:data2\" content=\"2 minutos\" \/>\n<script type=\"application\/ld+json\" class=\"yoast-schema-graph\">{\"@context\":\"https:\\\/\\\/schema.org\",\"@graph\":[{\"@type\":\"Article\",\"@id\":\"https:\\\/\\\/dana.com.br\\\/canaldana\\\/2020\\\/03\\\/26\\\/postos-de-combustivel-passam-a-funcionar-em-novo-horario\\\/#article\",\"isPartOf\":{\"@id\":\"https:\\\/\\\/dana.com.br\\\/canaldana\\\/2020\\\/03\\\/26\\\/postos-de-combustivel-passam-a-funcionar-em-novo-horario\\\/\"},\"author\":{\"name\":\"Canal Dana\",\"@id\":\"https:\\\/\\\/dana.com.br\\\/canaldana\\\/#\\\/schema\\\/person\\\/3c21f22f56fcf3bc46b94bc60ea4fef6\"},\"headline\":\"Postos de combust\u00edvel passam a funcionar em novo hor\u00e1rio\",\"datePublished\":\"2020-03-26T11:23:11+00:00\",\"mainEntityOfPage\":{\"@id\":\"https:\\\/\\\/dana.com.br\\\/canaldana\\\/2020\\\/03\\\/26\\\/postos-de-combustivel-passam-a-funcionar-em-novo-horario\\\/\"},\"wordCount\":358,\"articleSection\":[\"Mercado\"],\"inLanguage\":\"pt-BR\"},{\"@type\":\"WebPage\",\"@id\":\"https:\\\/\\\/dana.com.br\\\/canaldana\\\/2020\\\/03\\\/26\\\/postos-de-combustivel-passam-a-funcionar-em-novo-horario\\\/\",\"url\":\"https:\\\/\\\/dana.com.br\\\/canaldana\\\/2020\\\/03\\\/26\\\/postos-de-combustivel-passam-a-funcionar-em-novo-horario\\\/\",\"name\":\"Postos de combust\u00edvel passam a funcionar em novo hor\u00e1rio - Canal Dana\",\"isPartOf\":{\"@id\":\"https:\\\/\\\/dana.com.br\\\/canaldana\\\/#website\"},\"datePublished\":\"2020-03-26T11:23:11+00:00\",\"author\":{\"@id\":\"https:\\\/\\\/dana.com.br\\\/canaldana\\\/#\\\/schema\\\/person\\\/3c21f22f56fcf3bc46b94bc60ea4fef6\"},\"breadcrumb\":{\"@id\":\"https:\\\/\\\/dana.com.br\\\/canaldana\\\/2020\\\/03\\\/26\\\/postos-de-combustivel-passam-a-funcionar-em-novo-horario\\\/#breadcrumb\"},\"inLanguage\":\"pt-BR\",\"potentialAction\":[{\"@type\":\"ReadAction\",\"target\":[\"https:\\\/\\\/dana.com.br\\\/canaldana\\\/2020\\\/03\\\/26\\\/postos-de-combustivel-passam-a-funcionar-em-novo-horario\\\/\"]}]},{\"@type\":\"BreadcrumbList\",\"@id\":\"https:\\\/\\\/dana.com.br\\\/canaldana\\\/2020\\\/03\\\/26\\\/postos-de-combustivel-passam-a-funcionar-em-novo-horario\\\/#breadcrumb\",\"itemListElement\":[{\"@type\":\"ListItem\",\"position\":1,\"name\":\"Home\",\"item\":\"https:\\\/\\\/dana.com.br\\\/canaldana\\\/\"},{\"@type\":\"ListItem\",\"position\":2,\"name\":\"Mercado\",\"item\":\"https:\\\/\\\/dana.com.br\\\/canaldana\\\/mercado\\\/\"},{\"@type\":\"ListItem\",\"position\":3,\"name\":\"Postos de combust\u00edvel passam a funcionar em novo hor\u00e1rio\"}]},{\"@type\":\"WebSite\",\"@id\":\"https:\\\/\\\/dana.com.br\\\/canaldana\\\/#website\",\"url\":\"https:\\\/\\\/dana.com.br\\\/canaldana\\\/\",\"name\":\"Canal Dana\",\"description\":\"Informativo com as principais not\u00edcias da ind\u00fastria automotiva\",\"potentialAction\":[{\"@type\":\"SearchAction\",\"target\":{\"@type\":\"EntryPoint\",\"urlTemplate\":\"https:\\\/\\\/dana.com.br\\\/canaldana\\\/?s={search_term_string}\"},\"query-input\":{\"@type\":\"PropertyValueSpecification\",\"valueRequired\":true,\"valueName\":\"search_term_string\"}}],\"inLanguage\":\"pt-BR\"},{\"@type\":\"Person\",\"@id\":\"https:\\\/\\\/dana.com.br\\\/canaldana\\\/#\\\/schema\\\/person\\\/3c21f22f56fcf3bc46b94bc60ea4fef6\",\"name\":\"Canal Dana\",\"image\":{\"@type\":\"ImageObject\",\"inLanguage\":\"pt-BR\",\"@id\":\"https:\\\/\\\/secure.gravatar.com\\\/avatar\\\/420aaf9278582877d9018637c6817617705899d2858d7572ef0fe59a6b6454b4?s=96&d=mm&r=g\",\"url\":\"https:\\\/\\\/secure.gravatar.com\\\/avatar\\\/420aaf9278582877d9018637c6817617705899d2858d7572ef0fe59a6b6454b4?s=96&d=mm&r=g\",\"contentUrl\":\"https:\\\/\\\/secure.gravatar.com\\\/avatar\\\/420aaf9278582877d9018637c6817617705899d2858d7572ef0fe59a6b6454b4?s=96&d=mm&r=g\",\"caption\":\"Canal Dana\"},\"url\":\"https:\\\/\\\/dana.com.br\\\/canaldana\\\/author\\\/cdeditor\\\/\"}]}<\/script>\n<!-- \/ Yoast SEO plugin. -->","yoast_head_json":{"title":"Postos de combust\u00edvel passam a funcionar em novo hor\u00e1rio - Canal Dana","robots":{"index":"index","follow":"follow","max-snippet":"max-snippet:-1","max-image-preview":"max-image-preview:large","max-video-preview":"max-video-preview:-1"},"canonical":"https:\/\/dana.com.br\/canaldana\/2020\/03\/26\/postos-de-combustivel-passam-a-funcionar-em-novo-horario\/","og_locale":"pt_BR","og_type":"article","og_title":"Postos de combust\u00edvel passam a funcionar em novo hor\u00e1rio - Canal Dana","og_description":"Jornal do Carro &nbsp; Os hor\u00e1rios de funcionamento dos postos de combust\u00edveis foram alterados. Agora, eles devem funcionar, no m\u00ednimo, entre \u00e0s 07 e \u00e0s 19 horas. A determina\u00e7\u00e3o veio de uma resolu\u00e7\u00e3o da Ag\u00eancia Nacional do Petr\u00f3leo (ANP). &nbsp; O artigo quinto da resolu\u00e7\u00e3o, o qual descreve esta mudan\u00e7a, determina que \u201cos revendedores varejistas\u2026 Leia mais \u00bb","og_url":"https:\/\/dana.com.br\/canaldana\/2020\/03\/26\/postos-de-combustivel-passam-a-funcionar-em-novo-horario\/","og_site_name":"Canal Dana","article_published_time":"2020-03-26T11:23:11+00:00","author":"Canal Dana","twitter_card":"summary_large_image","twitter_misc":{"Escrito por":"Canal Dana","Est. tempo de leitura":"2 minutos"},"schema":{"@context":"https:\/\/schema.org","@graph":[{"@type":"Article","@id":"https:\/\/dana.com.br\/canaldana\/2020\/03\/26\/postos-de-combustivel-passam-a-funcionar-em-novo-horario\/#article","isPartOf":{"@id":"https:\/\/dana.com.br\/canaldana\/2020\/03\/26\/postos-de-combustivel-passam-a-funcionar-em-novo-horario\/"},"author":{"name":"Canal Dana","@id":"https:\/\/dana.com.br\/canaldana\/#\/schema\/person\/3c21f22f56fcf3bc46b94bc60ea4fef6"},"headline":"Postos de combust\u00edvel passam a funcionar em novo hor\u00e1rio","datePublished":"2020-03-26T11:23:11+00:00","mainEntityOfPage":{"@id":"https:\/\/dana.com.br\/canaldana\/2020\/03\/26\/postos-de-combustivel-passam-a-funcionar-em-novo-horario\/"},"wordCount":358,"articleSection":["Mercado"],"inLanguage":"pt-BR"},{"@type":"WebPage","@id":"https:\/\/dana.com.br\/canaldana\/2020\/03\/26\/postos-de-combustivel-passam-a-funcionar-em-novo-horario\/","url":"https:\/\/dana.com.br\/canaldana\/2020\/03\/26\/postos-de-combustivel-passam-a-funcionar-em-novo-horario\/","name":"Postos de combust\u00edvel passam a funcionar em novo hor\u00e1rio - Canal Dana","isPartOf":{"@id":"https:\/\/dana.com.br\/canaldana\/#website"},"datePublished":"2020-03-26T11:23:11+00:00","author":{"@id":"https:\/\/dana.com.br\/canaldana\/#\/schema\/person\/3c21f22f56fcf3bc46b94bc60ea4fef6"},"breadcrumb":{"@id":"https:\/\/dana.com.br\/canaldana\/2020\/03\/26\/postos-de-combustivel-passam-a-funcionar-em-novo-horario\/#breadcrumb"},"inLanguage":"pt-BR","potentialAction":[{"@type":"ReadAction","target":["https:\/\/dana.com.br\/canaldana\/2020\/03\/26\/postos-de-combustivel-passam-a-funcionar-em-novo-horario\/"]}]},{"@type":"BreadcrumbList","@id":"https:\/\/dana.com.br\/canaldana\/2020\/03\/26\/postos-de-combustivel-passam-a-funcionar-em-novo-horario\/#breadcrumb","itemListElement":[{"@type":"ListItem","position":1,"name":"Home","item":"https:\/\/dana.com.br\/canaldana\/"},{"@type":"ListItem","position":2,"name":"Mercado","item":"https:\/\/dana.com.br\/canaldana\/mercado\/"},{"@type":"ListItem","position":3,"name":"Postos de combust\u00edvel passam a funcionar em novo hor\u00e1rio"}]},{"@type":"WebSite","@id":"https:\/\/dana.com.br\/canaldana\/#website","url":"https:\/\/dana.com.br\/canaldana\/","name":"Canal Dana","description":"Informativo com as principais not\u00edcias da ind\u00fastria automotiva","potentialAction":[{"@type":"SearchAction","target":{"@type":"EntryPoint","urlTemplate":"https:\/\/dana.com.br\/canaldana\/?s={search_term_string}"},"query-input":{"@type":"PropertyValueSpecification","valueRequired":true,"valueName":"search_term_string"}}],"inLanguage":"pt-BR"},{"@type":"Person","@id":"https:\/\/dana.com.br\/canaldana\/#\/schema\/person\/3c21f22f56fcf3bc46b94bc60ea4fef6","name":"Canal Dana","image":{"@type":"ImageObject","inLanguage":"pt-BR","@id":"https:\/\/secure.gravatar.com\/avatar\/420aaf9278582877d9018637c6817617705899d2858d7572ef0fe59a6b6454b4?s=96&d=mm&r=g","url":"https:\/\/secure.gravatar.com\/avatar\/420aaf9278582877d9018637c6817617705899d2858d7572ef0fe59a6b6454b4?s=96&d=mm&r=g","contentUrl":"https:\/\/secure.gravatar.com\/avatar\/420aaf9278582877d9018637c6817617705899d2858d7572ef0fe59a6b6454b4?s=96&d=mm&r=g","caption":"Canal Dana"},"url":"https:\/\/dana.com.br\/canaldana\/author\/cdeditor\/"}]}},"_links":{"self":[{"href":"https:\/\/dana.com.br\/canaldana\/wp-json\/wp\/v2\/posts\/41643","targetHints":{"allow":["GET"]}}],"collection":[{"href":"https:\/\/dana.com.br\/canaldana\/wp-json\/wp\/v2\/posts"}],"about":[{"href":"https:\/\/dana.com.br\/canaldana\/wp-json\/wp\/v2\/types\/post"}],"author":[{"embeddable":true,"href":"https:\/\/dana.com.br\/canaldana\/wp-json\/wp\/v2\/users\/3"}],"replies":[{"embeddable":true,"href":"https:\/\/dana.com.br\/canaldana\/wp-json\/wp\/v2\/comments?post=41643"}],"version-history":[{"count":0,"href":"https:\/\/dana.com.br\/canaldana\/wp-json\/wp\/v2\/posts\/41643\/revisions"}],"wp:attachment":[{"href":"https:\/\/dana.com.br\/canaldana\/wp-json\/wp\/v2\/media?parent=41643"}],"wp:term":[{"taxonomy":"category","embeddable":true,"href":"https:\/\/dana.com.br\/canaldana\/wp-json\/wp\/v2\/categories?post=41643"},{"taxonomy":"post_tag","embeddable":true,"href":"https:\/\/dana.com.br\/canaldana\/wp-json\/wp\/v2\/tags?post=41643"}],"curies":[{"name":"wp","href":"https:\/\/api.w.org\/{rel}","templated":true}]}}