{"id":41307,"date":"2020-03-12T08:59:16","date_gmt":"2020-03-12T11:59:16","guid":{"rendered":"https:\/\/dana.com.br\/canaldana\/?p=41307"},"modified":"2020-03-12T08:59:16","modified_gmt":"2020-03-12T11:59:16","slug":"epidemia-de-coronavirus-faz-salao-de-nova-york-ser-adiado","status":"publish","type":"post","link":"https:\/\/dana.com.br\/canaldana\/2020\/03\/12\/epidemia-de-coronavirus-faz-salao-de-nova-york-ser-adiado\/","title":{"rendered":"Epidemia de coronav\u00edrus faz Sal\u00e3o de Nova York ser adiado"},"content":{"rendered":"<p><em>Jornal do Carro<\/em><\/p>\n<p>&nbsp;<\/p>\n<p>O Sal\u00e3o de Nova York foi oficialmente adiado para agosto. A mudan\u00e7a de data ocorre por conta da epidemia do coronav\u00edrus, causador da doen\u00e7a Covid-19. O Sal\u00e3o ocorrer\u00e1 entre os dias 26 de agosto e 6 de setembro. O an\u00fancio foi feito pela Associa\u00e7\u00e3o de Concession\u00e1rios de Autom\u00f3veis de Nova York, organizadora do evento.<\/p>\n<p>&nbsp;<\/p>\n<p>A mudan\u00e7a de data far\u00e1 todas as fabricantes reagendarem suas estreias programadas para Nova York. Isso poder\u00e1 colocar em xeque a participa\u00e7\u00e3o de algumas. H\u00e1 a possibilidade de as montadoras organizarem um \u201csal\u00e3o digital\u201d, com as apresenta\u00e7\u00f5es programadas para o per\u00edodo do evento ocorrendo pela internet ou em eventos menores. A estrat\u00e9gia ser\u00e1 usada por algumas marcas no Sal\u00e3o de Genebra, que teria ocorrido na semana passada.<\/p>\n<p>&nbsp;<\/p>\n<p>Al\u00e9m disso, a nova data colocou o Sal\u00e3o de Nova York pr\u00f3ximo do Festival de Goodwood e do Sal\u00e3o de Detroit, que tamb\u00e9m mudou de data para 2020. O evento da Grande Ma\u00e7\u00e3 j\u00e1 havia sa\u00eddo do calend\u00e1rio de Audi, BMW e Mercedes-Benz, e a proximidade com outros eventos grandes poder\u00e1 levar outras montadoras junto.<\/p>\n<p>&nbsp;<\/p>\n<p>O adiamento do Sal\u00e3o de NY vem depois do governador do estado, Andrew Cuomo, confirmar mais 31 casos de infec\u00e7\u00e3o por coronav\u00edrus. Ao todo, o estado j\u00e1 soma 173 casos da doen\u00e7a.<\/p>\n<p>&nbsp;<\/p>\n<p>O sal\u00e3o \u00e9 o segundo evento vitimado pela epidemia. O Sal\u00e3o de Genebra foi cancelado ap\u00f3s as autoridades locais proibirem eventos que concentrem mais de mil pessoas. O cancelamento ocorreu \u00e0s v\u00e9speras da abertura da mostra.<\/p>\n<p>&nbsp;<\/p>\n<p>O aumento do n\u00famero de casos de coronav\u00edrus j\u00e1 preocupa as ind\u00fastria no Brasil. Presidente da Associa\u00e7\u00e3o Nacional dos Fabricantes de Ve\u00edculos Automotores (Anfavea), Luiz Carlos Moraes afirmou, na sexta-feira, 6, que h\u00e1 risco de paralisa\u00e7\u00e3o da produ\u00e7\u00e3o. O executivo diz que as linhas podem parar no fim de mar\u00e7o ou em abril.<\/p>\n<p>&nbsp;<\/p>\n<p>Apesar do alerta, o executivo buscou mostrar tranquilidade. Moraes ressaltou que os fornecedores internacionais est\u00e3o espalhados pelo mundo. Da China v\u00eam 13% das autope\u00e7as importadas pelo Brasil. (Jornal do Carro)<\/p>\n","protected":false},"excerpt":{"rendered":"<p>Jornal do Carro &nbsp; O Sal\u00e3o de Nova York foi oficialmente adiado para agosto. A mudan\u00e7a de data ocorre por conta da epidemia do coronav\u00edrus, causador da doen\u00e7a Covid-19. O Sal\u00e3o ocorrer\u00e1 entre os dias 26 de agosto e 6 de setembro. O an\u00fancio foi feito pela Associa\u00e7\u00e3o de Concession\u00e1rios de Autom\u00f3veis de Nova York,\u2026 <a class=\"readmore\" href=\"https:\/\/dana.com.br\/canaldana\/2020\/03\/12\/epidemia-de-coronavirus-faz-salao-de-nova-york-ser-adiado\/\">Leia mais \u00bb<\/a><\/p>\n","protected":false},"author":3,"featured_media":0,"comment_status":"closed","ping_status":"closed","sticky":false,"template":"","format":"standard","meta":{"_acf_changed":false,"footnotes":""},"categories":[85],"tags":[],"class_list":["post-41307","post","type-post","status-publish","format-standard","hentry","category-salao-de-nova-york"],"acf":[],"yoast_head":"<!-- This site is optimized with the Yoast SEO plugin v27.3 - https:\/\/yoast.com\/product\/yoast-seo-wordpress\/ -->\n<title>Epidemia de coronav\u00edrus faz Sal\u00e3o de Nova York ser adiado - Canal Dana<\/title>\n<meta name=\"robots\" content=\"index, follow, max-snippet:-1, max-image-preview:large, max-video-preview:-1\" \/>\n<link rel=\"canonical\" href=\"https:\/\/dana.com.br\/canaldana\/2020\/03\/12\/epidemia-de-coronavirus-faz-salao-de-nova-york-ser-adiado\/\" \/>\n<meta property=\"og:locale\" content=\"pt_BR\" \/>\n<meta property=\"og:type\" content=\"article\" \/>\n<meta property=\"og:title\" content=\"Epidemia de coronav\u00edrus faz Sal\u00e3o de Nova York ser adiado - Canal Dana\" \/>\n<meta property=\"og:description\" content=\"Jornal do Carro &nbsp; O Sal\u00e3o de Nova York foi oficialmente adiado para agosto. A mudan\u00e7a de data ocorre por conta da epidemia do coronav\u00edrus, causador da doen\u00e7a Covid-19. O Sal\u00e3o ocorrer\u00e1 entre os dias 26 de agosto e 6 de setembro. O an\u00fancio foi feito pela Associa\u00e7\u00e3o de Concession\u00e1rios de Autom\u00f3veis de Nova York,\u2026 Leia mais \u00bb\" \/>\n<meta property=\"og:url\" content=\"https:\/\/dana.com.br\/canaldana\/2020\/03\/12\/epidemia-de-coronavirus-faz-salao-de-nova-york-ser-adiado\/\" \/>\n<meta property=\"og:site_name\" content=\"Canal Dana\" \/>\n<meta property=\"article:published_time\" content=\"2020-03-12T11:59:16+00:00\" \/>\n<meta name=\"author\" content=\"Canal Dana\" \/>\n<meta name=\"twitter:card\" content=\"summary_large_image\" \/>\n<meta name=\"twitter:label1\" content=\"Escrito por\" \/>\n\t<meta name=\"twitter:data1\" content=\"Canal Dana\" \/>\n\t<meta name=\"twitter:label2\" content=\"Est. tempo de leitura\" \/>\n\t<meta name=\"twitter:data2\" content=\"2 minutos\" \/>\n<script type=\"application\/ld+json\" class=\"yoast-schema-graph\">{\"@context\":\"https:\\\/\\\/schema.org\",\"@graph\":[{\"@type\":\"Article\",\"@id\":\"https:\\\/\\\/dana.com.br\\\/canaldana\\\/2020\\\/03\\\/12\\\/epidemia-de-coronavirus-faz-salao-de-nova-york-ser-adiado\\\/#article\",\"isPartOf\":{\"@id\":\"https:\\\/\\\/dana.com.br\\\/canaldana\\\/2020\\\/03\\\/12\\\/epidemia-de-coronavirus-faz-salao-de-nova-york-ser-adiado\\\/\"},\"author\":{\"name\":\"Canal Dana\",\"@id\":\"https:\\\/\\\/dana.com.br\\\/canaldana\\\/#\\\/schema\\\/person\\\/3c21f22f56fcf3bc46b94bc60ea4fef6\"},\"headline\":\"Epidemia de coronav\u00edrus faz Sal\u00e3o de Nova York ser adiado\",\"datePublished\":\"2020-03-12T11:59:16+00:00\",\"mainEntityOfPage\":{\"@id\":\"https:\\\/\\\/dana.com.br\\\/canaldana\\\/2020\\\/03\\\/12\\\/epidemia-de-coronavirus-faz-salao-de-nova-york-ser-adiado\\\/\"},\"wordCount\":383,\"articleSection\":[\"Sal\u00e3o de Nova York\"],\"inLanguage\":\"pt-BR\"},{\"@type\":\"WebPage\",\"@id\":\"https:\\\/\\\/dana.com.br\\\/canaldana\\\/2020\\\/03\\\/12\\\/epidemia-de-coronavirus-faz-salao-de-nova-york-ser-adiado\\\/\",\"url\":\"https:\\\/\\\/dana.com.br\\\/canaldana\\\/2020\\\/03\\\/12\\\/epidemia-de-coronavirus-faz-salao-de-nova-york-ser-adiado\\\/\",\"name\":\"Epidemia de coronav\u00edrus faz Sal\u00e3o de Nova York ser adiado - Canal Dana\",\"isPartOf\":{\"@id\":\"https:\\\/\\\/dana.com.br\\\/canaldana\\\/#website\"},\"datePublished\":\"2020-03-12T11:59:16+00:00\",\"author\":{\"@id\":\"https:\\\/\\\/dana.com.br\\\/canaldana\\\/#\\\/schema\\\/person\\\/3c21f22f56fcf3bc46b94bc60ea4fef6\"},\"breadcrumb\":{\"@id\":\"https:\\\/\\\/dana.com.br\\\/canaldana\\\/2020\\\/03\\\/12\\\/epidemia-de-coronavirus-faz-salao-de-nova-york-ser-adiado\\\/#breadcrumb\"},\"inLanguage\":\"pt-BR\",\"potentialAction\":[{\"@type\":\"ReadAction\",\"target\":[\"https:\\\/\\\/dana.com.br\\\/canaldana\\\/2020\\\/03\\\/12\\\/epidemia-de-coronavirus-faz-salao-de-nova-york-ser-adiado\\\/\"]}]},{\"@type\":\"BreadcrumbList\",\"@id\":\"https:\\\/\\\/dana.com.br\\\/canaldana\\\/2020\\\/03\\\/12\\\/epidemia-de-coronavirus-faz-salao-de-nova-york-ser-adiado\\\/#breadcrumb\",\"itemListElement\":[{\"@type\":\"ListItem\",\"position\":1,\"name\":\"Home\",\"item\":\"https:\\\/\\\/dana.com.br\\\/canaldana\\\/\"},{\"@type\":\"ListItem\",\"position\":2,\"name\":\"Sal\u00e3o de Nova York\",\"item\":\"https:\\\/\\\/dana.com.br\\\/canaldana\\\/salao-de-nova-york\\\/\"},{\"@type\":\"ListItem\",\"position\":3,\"name\":\"Epidemia de coronav\u00edrus faz Sal\u00e3o de Nova York ser adiado\"}]},{\"@type\":\"WebSite\",\"@id\":\"https:\\\/\\\/dana.com.br\\\/canaldana\\\/#website\",\"url\":\"https:\\\/\\\/dana.com.br\\\/canaldana\\\/\",\"name\":\"Canal Dana\",\"description\":\"Informativo com as principais not\u00edcias da ind\u00fastria automotiva\",\"potentialAction\":[{\"@type\":\"SearchAction\",\"target\":{\"@type\":\"EntryPoint\",\"urlTemplate\":\"https:\\\/\\\/dana.com.br\\\/canaldana\\\/?s={search_term_string}\"},\"query-input\":{\"@type\":\"PropertyValueSpecification\",\"valueRequired\":true,\"valueName\":\"search_term_string\"}}],\"inLanguage\":\"pt-BR\"},{\"@type\":\"Person\",\"@id\":\"https:\\\/\\\/dana.com.br\\\/canaldana\\\/#\\\/schema\\\/person\\\/3c21f22f56fcf3bc46b94bc60ea4fef6\",\"name\":\"Canal Dana\",\"image\":{\"@type\":\"ImageObject\",\"inLanguage\":\"pt-BR\",\"@id\":\"https:\\\/\\\/secure.gravatar.com\\\/avatar\\\/420aaf9278582877d9018637c6817617705899d2858d7572ef0fe59a6b6454b4?s=96&d=mm&r=g\",\"url\":\"https:\\\/\\\/secure.gravatar.com\\\/avatar\\\/420aaf9278582877d9018637c6817617705899d2858d7572ef0fe59a6b6454b4?s=96&d=mm&r=g\",\"contentUrl\":\"https:\\\/\\\/secure.gravatar.com\\\/avatar\\\/420aaf9278582877d9018637c6817617705899d2858d7572ef0fe59a6b6454b4?s=96&d=mm&r=g\",\"caption\":\"Canal Dana\"},\"url\":\"https:\\\/\\\/dana.com.br\\\/canaldana\\\/author\\\/cdeditor\\\/\"}]}<\/script>\n<!-- \/ Yoast SEO plugin. -->","yoast_head_json":{"title":"Epidemia de coronav\u00edrus faz Sal\u00e3o de Nova York ser adiado - Canal Dana","robots":{"index":"index","follow":"follow","max-snippet":"max-snippet:-1","max-image-preview":"max-image-preview:large","max-video-preview":"max-video-preview:-1"},"canonical":"https:\/\/dana.com.br\/canaldana\/2020\/03\/12\/epidemia-de-coronavirus-faz-salao-de-nova-york-ser-adiado\/","og_locale":"pt_BR","og_type":"article","og_title":"Epidemia de coronav\u00edrus faz Sal\u00e3o de Nova York ser adiado - Canal Dana","og_description":"Jornal do Carro &nbsp; O Sal\u00e3o de Nova York foi oficialmente adiado para agosto. A mudan\u00e7a de data ocorre por conta da epidemia do coronav\u00edrus, causador da doen\u00e7a Covid-19. O Sal\u00e3o ocorrer\u00e1 entre os dias 26 de agosto e 6 de setembro. O an\u00fancio foi feito pela Associa\u00e7\u00e3o de Concession\u00e1rios de Autom\u00f3veis de Nova York,\u2026 Leia mais \u00bb","og_url":"https:\/\/dana.com.br\/canaldana\/2020\/03\/12\/epidemia-de-coronavirus-faz-salao-de-nova-york-ser-adiado\/","og_site_name":"Canal Dana","article_published_time":"2020-03-12T11:59:16+00:00","author":"Canal Dana","twitter_card":"summary_large_image","twitter_misc":{"Escrito por":"Canal Dana","Est. tempo de leitura":"2 minutos"},"schema":{"@context":"https:\/\/schema.org","@graph":[{"@type":"Article","@id":"https:\/\/dana.com.br\/canaldana\/2020\/03\/12\/epidemia-de-coronavirus-faz-salao-de-nova-york-ser-adiado\/#article","isPartOf":{"@id":"https:\/\/dana.com.br\/canaldana\/2020\/03\/12\/epidemia-de-coronavirus-faz-salao-de-nova-york-ser-adiado\/"},"author":{"name":"Canal Dana","@id":"https:\/\/dana.com.br\/canaldana\/#\/schema\/person\/3c21f22f56fcf3bc46b94bc60ea4fef6"},"headline":"Epidemia de coronav\u00edrus faz Sal\u00e3o de Nova York ser adiado","datePublished":"2020-03-12T11:59:16+00:00","mainEntityOfPage":{"@id":"https:\/\/dana.com.br\/canaldana\/2020\/03\/12\/epidemia-de-coronavirus-faz-salao-de-nova-york-ser-adiado\/"},"wordCount":383,"articleSection":["Sal\u00e3o de Nova York"],"inLanguage":"pt-BR"},{"@type":"WebPage","@id":"https:\/\/dana.com.br\/canaldana\/2020\/03\/12\/epidemia-de-coronavirus-faz-salao-de-nova-york-ser-adiado\/","url":"https:\/\/dana.com.br\/canaldana\/2020\/03\/12\/epidemia-de-coronavirus-faz-salao-de-nova-york-ser-adiado\/","name":"Epidemia de coronav\u00edrus faz Sal\u00e3o de Nova York ser adiado - Canal Dana","isPartOf":{"@id":"https:\/\/dana.com.br\/canaldana\/#website"},"datePublished":"2020-03-12T11:59:16+00:00","author":{"@id":"https:\/\/dana.com.br\/canaldana\/#\/schema\/person\/3c21f22f56fcf3bc46b94bc60ea4fef6"},"breadcrumb":{"@id":"https:\/\/dana.com.br\/canaldana\/2020\/03\/12\/epidemia-de-coronavirus-faz-salao-de-nova-york-ser-adiado\/#breadcrumb"},"inLanguage":"pt-BR","potentialAction":[{"@type":"ReadAction","target":["https:\/\/dana.com.br\/canaldana\/2020\/03\/12\/epidemia-de-coronavirus-faz-salao-de-nova-york-ser-adiado\/"]}]},{"@type":"BreadcrumbList","@id":"https:\/\/dana.com.br\/canaldana\/2020\/03\/12\/epidemia-de-coronavirus-faz-salao-de-nova-york-ser-adiado\/#breadcrumb","itemListElement":[{"@type":"ListItem","position":1,"name":"Home","item":"https:\/\/dana.com.br\/canaldana\/"},{"@type":"ListItem","position":2,"name":"Sal\u00e3o de Nova York","item":"https:\/\/dana.com.br\/canaldana\/salao-de-nova-york\/"},{"@type":"ListItem","position":3,"name":"Epidemia de coronav\u00edrus faz Sal\u00e3o de Nova York ser adiado"}]},{"@type":"WebSite","@id":"https:\/\/dana.com.br\/canaldana\/#website","url":"https:\/\/dana.com.br\/canaldana\/","name":"Canal Dana","description":"Informativo com as principais not\u00edcias da ind\u00fastria automotiva","potentialAction":[{"@type":"SearchAction","target":{"@type":"EntryPoint","urlTemplate":"https:\/\/dana.com.br\/canaldana\/?s={search_term_string}"},"query-input":{"@type":"PropertyValueSpecification","valueRequired":true,"valueName":"search_term_string"}}],"inLanguage":"pt-BR"},{"@type":"Person","@id":"https:\/\/dana.com.br\/canaldana\/#\/schema\/person\/3c21f22f56fcf3bc46b94bc60ea4fef6","name":"Canal Dana","image":{"@type":"ImageObject","inLanguage":"pt-BR","@id":"https:\/\/secure.gravatar.com\/avatar\/420aaf9278582877d9018637c6817617705899d2858d7572ef0fe59a6b6454b4?s=96&d=mm&r=g","url":"https:\/\/secure.gravatar.com\/avatar\/420aaf9278582877d9018637c6817617705899d2858d7572ef0fe59a6b6454b4?s=96&d=mm&r=g","contentUrl":"https:\/\/secure.gravatar.com\/avatar\/420aaf9278582877d9018637c6817617705899d2858d7572ef0fe59a6b6454b4?s=96&d=mm&r=g","caption":"Canal Dana"},"url":"https:\/\/dana.com.br\/canaldana\/author\/cdeditor\/"}]}},"_links":{"self":[{"href":"https:\/\/dana.com.br\/canaldana\/wp-json\/wp\/v2\/posts\/41307","targetHints":{"allow":["GET"]}}],"collection":[{"href":"https:\/\/dana.com.br\/canaldana\/wp-json\/wp\/v2\/posts"}],"about":[{"href":"https:\/\/dana.com.br\/canaldana\/wp-json\/wp\/v2\/types\/post"}],"author":[{"embeddable":true,"href":"https:\/\/dana.com.br\/canaldana\/wp-json\/wp\/v2\/users\/3"}],"replies":[{"embeddable":true,"href":"https:\/\/dana.com.br\/canaldana\/wp-json\/wp\/v2\/comments?post=41307"}],"version-history":[{"count":0,"href":"https:\/\/dana.com.br\/canaldana\/wp-json\/wp\/v2\/posts\/41307\/revisions"}],"wp:attachment":[{"href":"https:\/\/dana.com.br\/canaldana\/wp-json\/wp\/v2\/media?parent=41307"}],"wp:term":[{"taxonomy":"category","embeddable":true,"href":"https:\/\/dana.com.br\/canaldana\/wp-json\/wp\/v2\/categories?post=41307"},{"taxonomy":"post_tag","embeddable":true,"href":"https:\/\/dana.com.br\/canaldana\/wp-json\/wp\/v2\/tags?post=41307"}],"curies":[{"name":"wp","href":"https:\/\/api.w.org\/{rel}","templated":true}]}}