{"id":41242,"date":"2020-03-10T08:27:17","date_gmt":"2020-03-10T11:27:17","guid":{"rendered":"https:\/\/dana.com.br\/canaldana\/?p=41242"},"modified":"2020-03-10T08:36:39","modified_gmt":"2020-03-10T11:36:39","slug":"general-motors-nao-vai-participar-do-salao-do-automovel-de-2021","status":"publish","type":"post","link":"https:\/\/dana.com.br\/canaldana\/2020\/03\/10\/general-motors-nao-vai-participar-do-salao-do-automovel-de-2021\/","title":{"rendered":"General Motors n\u00e3o vai participar do Sal\u00e3o do Autom\u00f3vel de 2021"},"content":{"rendered":"<p><em>AutoInd\u00fastria <\/em><\/p>\n<p>&nbsp;<\/p>\n<p>Os \u00e2nimos definitivamente n\u00e3o est\u00e3o serenados entre os fabricantes de ve\u00edculos. Apenas tr\u00eas dias depois de a Anfavea confirmar que o Sal\u00e3o do Autom\u00f3vel de S\u00e3o Paulo de 2020 foi cancelado e que a pr\u00f3xima edi\u00e7\u00e3o ser\u00e1 realizada no ano que vem, a General Motor emitiu, ontem, nota afirmando que descarta sua participa\u00e7\u00e3o no evento.<\/p>\n<p>&nbsp;<\/p>\n<p>Em cinco linhas sob o t\u00edtulo \u201cChevrolet esclarece que n\u00e3o ir\u00e1 participar do Sal\u00e3o do Autom\u00f3vel de S\u00e3o Paulo em 2021\u201d, a GM, l\u00edder do mercado brasileiro nos \u00faltimos anos, diz que:<\/p>\n<p>&nbsp;<\/p>\n<p>\u201cA marca aposta cada vez mais no marketing digital e em uma jornada do consumidor totalmente customiz\u00e1vel, concentrando seus investimentos em formatos inovadores de comunica\u00e7\u00e3o. Com isso, a Chevrolet reitera sua decis\u00e3o de n\u00e3o participar de eventos com formatos anal\u00f3gicos como o Sal\u00e3o do Autom\u00f3vel de S\u00e3o Paulo e informa que a participa\u00e7\u00e3o no mesmo evento em 2021 tamb\u00e9m est\u00e1 descartada\u201d.<\/p>\n<p>&nbsp;<\/p>\n<p>\u00c9 a mesma justificativa, junto com custos elevados, apresentada pela empresa e por parte dos demais fabricantes para a aus\u00eancia na exposi\u00e7\u00e3o previamente agendada para novembro e que comemora os 60 anos.<\/p>\n<p>&nbsp;<\/p>\n<p>Mais do que a decis\u00e3o, chama a aten\u00e7\u00e3o a rapidez do an\u00fancio da GM de que estar\u00e1 fora tamb\u00e9m da edi\u00e7\u00e3o de 2021. Na sexta-feira, Luiz Carlos Moraes, presidente da Anfavea, afirmou que a entidade estava constituindo grupo de trabalho para reavaliar o formato do evento, que pode inclusive ser realizado em outro lugar e at\u00e9 mesmo outra cidade.<\/p>\n<p>&nbsp;<\/p>\n<p>\u201cBatemos o martelo quanto ao adiamento para 2021 ontem (quinta-feira, 5)\u201d, garantiu Moraes. \u201cAinda n\u00e3o temos data e local. Tudo ser\u00e1 devidamente debatido no grupo de trabalho, que entre outros itens avaliar\u00e1 um novo formato do evento\u201d. (AutoInd\u00fastria\/George Guimar\u00e3es)<\/p>\n","protected":false},"excerpt":{"rendered":"<p>AutoInd\u00fastria &nbsp; Os \u00e2nimos definitivamente n\u00e3o est\u00e3o serenados entre os fabricantes de ve\u00edculos. Apenas tr\u00eas dias depois de a Anfavea confirmar que o Sal\u00e3o do Autom\u00f3vel de S\u00e3o Paulo de 2020 foi cancelado e que a pr\u00f3xima edi\u00e7\u00e3o ser\u00e1 realizada no ano que vem, a General Motor emitiu, ontem, nota afirmando que descarta sua participa\u00e7\u00e3o\u2026 <a class=\"readmore\" href=\"https:\/\/dana.com.br\/canaldana\/2020\/03\/10\/general-motors-nao-vai-participar-do-salao-do-automovel-de-2021\/\">Leia mais \u00bb<\/a><\/p>\n","protected":false},"author":3,"featured_media":0,"comment_status":"closed","ping_status":"closed","sticky":false,"template":"","format":"standard","meta":{"_acf_changed":false,"footnotes":""},"categories":[61],"tags":[],"class_list":["post-41242","post","type-post","status-publish","format-standard","hentry","category-destaques"],"acf":[],"yoast_head":"<!-- This site is optimized with the Yoast SEO plugin v27.3 - https:\/\/yoast.com\/product\/yoast-seo-wordpress\/ -->\n<title>General Motors n\u00e3o vai participar do Sal\u00e3o do Autom\u00f3vel de 2021 - Canal Dana<\/title>\n<meta name=\"robots\" content=\"index, follow, max-snippet:-1, max-image-preview:large, max-video-preview:-1\" \/>\n<link rel=\"canonical\" href=\"https:\/\/dana.com.br\/canaldana\/2020\/03\/10\/general-motors-nao-vai-participar-do-salao-do-automovel-de-2021\/\" \/>\n<meta property=\"og:locale\" content=\"pt_BR\" \/>\n<meta property=\"og:type\" content=\"article\" \/>\n<meta property=\"og:title\" content=\"General Motors n\u00e3o vai participar do Sal\u00e3o do Autom\u00f3vel de 2021 - Canal Dana\" \/>\n<meta property=\"og:description\" content=\"AutoInd\u00fastria &nbsp; Os \u00e2nimos definitivamente n\u00e3o est\u00e3o serenados entre os fabricantes de ve\u00edculos. Apenas tr\u00eas dias depois de a Anfavea confirmar que o Sal\u00e3o do Autom\u00f3vel de S\u00e3o Paulo de 2020 foi cancelado e que a pr\u00f3xima edi\u00e7\u00e3o ser\u00e1 realizada no ano que vem, a General Motor emitiu, ontem, nota afirmando que descarta sua participa\u00e7\u00e3o\u2026 Leia mais \u00bb\" \/>\n<meta property=\"og:url\" content=\"https:\/\/dana.com.br\/canaldana\/2020\/03\/10\/general-motors-nao-vai-participar-do-salao-do-automovel-de-2021\/\" \/>\n<meta property=\"og:site_name\" content=\"Canal Dana\" \/>\n<meta property=\"article:published_time\" content=\"2020-03-10T11:27:17+00:00\" \/>\n<meta property=\"article:modified_time\" content=\"2020-03-10T11:36:39+00:00\" \/>\n<meta name=\"author\" content=\"Canal Dana\" \/>\n<meta name=\"twitter:card\" content=\"summary_large_image\" \/>\n<meta name=\"twitter:label1\" content=\"Escrito por\" \/>\n\t<meta name=\"twitter:data1\" content=\"Canal Dana\" \/>\n\t<meta name=\"twitter:label2\" content=\"Est. tempo de leitura\" \/>\n\t<meta name=\"twitter:data2\" content=\"2 minutos\" \/>\n<script type=\"application\/ld+json\" class=\"yoast-schema-graph\">{\"@context\":\"https:\\\/\\\/schema.org\",\"@graph\":[{\"@type\":\"Article\",\"@id\":\"https:\\\/\\\/dana.com.br\\\/canaldana\\\/2020\\\/03\\\/10\\\/general-motors-nao-vai-participar-do-salao-do-automovel-de-2021\\\/#article\",\"isPartOf\":{\"@id\":\"https:\\\/\\\/dana.com.br\\\/canaldana\\\/2020\\\/03\\\/10\\\/general-motors-nao-vai-participar-do-salao-do-automovel-de-2021\\\/\"},\"author\":{\"name\":\"Canal Dana\",\"@id\":\"https:\\\/\\\/dana.com.br\\\/canaldana\\\/#\\\/schema\\\/person\\\/3c21f22f56fcf3bc46b94bc60ea4fef6\"},\"headline\":\"General Motors n\u00e3o vai participar do Sal\u00e3o do Autom\u00f3vel de 2021\",\"datePublished\":\"2020-03-10T11:27:17+00:00\",\"dateModified\":\"2020-03-10T11:36:39+00:00\",\"mainEntityOfPage\":{\"@id\":\"https:\\\/\\\/dana.com.br\\\/canaldana\\\/2020\\\/03\\\/10\\\/general-motors-nao-vai-participar-do-salao-do-automovel-de-2021\\\/\"},\"wordCount\":328,\"articleSection\":[\"Destaques\"],\"inLanguage\":\"pt-BR\"},{\"@type\":\"WebPage\",\"@id\":\"https:\\\/\\\/dana.com.br\\\/canaldana\\\/2020\\\/03\\\/10\\\/general-motors-nao-vai-participar-do-salao-do-automovel-de-2021\\\/\",\"url\":\"https:\\\/\\\/dana.com.br\\\/canaldana\\\/2020\\\/03\\\/10\\\/general-motors-nao-vai-participar-do-salao-do-automovel-de-2021\\\/\",\"name\":\"General Motors n\u00e3o vai participar do Sal\u00e3o do Autom\u00f3vel de 2021 - Canal Dana\",\"isPartOf\":{\"@id\":\"https:\\\/\\\/dana.com.br\\\/canaldana\\\/#website\"},\"datePublished\":\"2020-03-10T11:27:17+00:00\",\"dateModified\":\"2020-03-10T11:36:39+00:00\",\"author\":{\"@id\":\"https:\\\/\\\/dana.com.br\\\/canaldana\\\/#\\\/schema\\\/person\\\/3c21f22f56fcf3bc46b94bc60ea4fef6\"},\"breadcrumb\":{\"@id\":\"https:\\\/\\\/dana.com.br\\\/canaldana\\\/2020\\\/03\\\/10\\\/general-motors-nao-vai-participar-do-salao-do-automovel-de-2021\\\/#breadcrumb\"},\"inLanguage\":\"pt-BR\",\"potentialAction\":[{\"@type\":\"ReadAction\",\"target\":[\"https:\\\/\\\/dana.com.br\\\/canaldana\\\/2020\\\/03\\\/10\\\/general-motors-nao-vai-participar-do-salao-do-automovel-de-2021\\\/\"]}]},{\"@type\":\"BreadcrumbList\",\"@id\":\"https:\\\/\\\/dana.com.br\\\/canaldana\\\/2020\\\/03\\\/10\\\/general-motors-nao-vai-participar-do-salao-do-automovel-de-2021\\\/#breadcrumb\",\"itemListElement\":[{\"@type\":\"ListItem\",\"position\":1,\"name\":\"Home\",\"item\":\"https:\\\/\\\/dana.com.br\\\/canaldana\\\/\"},{\"@type\":\"ListItem\",\"position\":2,\"name\":\"Destaques\",\"item\":\"https:\\\/\\\/dana.com.br\\\/canaldana\\\/destaques\\\/\"},{\"@type\":\"ListItem\",\"position\":3,\"name\":\"General Motors n\u00e3o vai participar do Sal\u00e3o do Autom\u00f3vel de 2021\"}]},{\"@type\":\"WebSite\",\"@id\":\"https:\\\/\\\/dana.com.br\\\/canaldana\\\/#website\",\"url\":\"https:\\\/\\\/dana.com.br\\\/canaldana\\\/\",\"name\":\"Canal Dana\",\"description\":\"Informativo com as principais not\u00edcias da ind\u00fastria automotiva\",\"potentialAction\":[{\"@type\":\"SearchAction\",\"target\":{\"@type\":\"EntryPoint\",\"urlTemplate\":\"https:\\\/\\\/dana.com.br\\\/canaldana\\\/?s={search_term_string}\"},\"query-input\":{\"@type\":\"PropertyValueSpecification\",\"valueRequired\":true,\"valueName\":\"search_term_string\"}}],\"inLanguage\":\"pt-BR\"},{\"@type\":\"Person\",\"@id\":\"https:\\\/\\\/dana.com.br\\\/canaldana\\\/#\\\/schema\\\/person\\\/3c21f22f56fcf3bc46b94bc60ea4fef6\",\"name\":\"Canal Dana\",\"image\":{\"@type\":\"ImageObject\",\"inLanguage\":\"pt-BR\",\"@id\":\"https:\\\/\\\/secure.gravatar.com\\\/avatar\\\/420aaf9278582877d9018637c6817617705899d2858d7572ef0fe59a6b6454b4?s=96&d=mm&r=g\",\"url\":\"https:\\\/\\\/secure.gravatar.com\\\/avatar\\\/420aaf9278582877d9018637c6817617705899d2858d7572ef0fe59a6b6454b4?s=96&d=mm&r=g\",\"contentUrl\":\"https:\\\/\\\/secure.gravatar.com\\\/avatar\\\/420aaf9278582877d9018637c6817617705899d2858d7572ef0fe59a6b6454b4?s=96&d=mm&r=g\",\"caption\":\"Canal Dana\"},\"url\":\"https:\\\/\\\/dana.com.br\\\/canaldana\\\/author\\\/cdeditor\\\/\"}]}<\/script>\n<!-- \/ Yoast SEO plugin. -->","yoast_head_json":{"title":"General Motors n\u00e3o vai participar do Sal\u00e3o do Autom\u00f3vel de 2021 - Canal Dana","robots":{"index":"index","follow":"follow","max-snippet":"max-snippet:-1","max-image-preview":"max-image-preview:large","max-video-preview":"max-video-preview:-1"},"canonical":"https:\/\/dana.com.br\/canaldana\/2020\/03\/10\/general-motors-nao-vai-participar-do-salao-do-automovel-de-2021\/","og_locale":"pt_BR","og_type":"article","og_title":"General Motors n\u00e3o vai participar do Sal\u00e3o do Autom\u00f3vel de 2021 - Canal Dana","og_description":"AutoInd\u00fastria &nbsp; Os \u00e2nimos definitivamente n\u00e3o est\u00e3o serenados entre os fabricantes de ve\u00edculos. Apenas tr\u00eas dias depois de a Anfavea confirmar que o Sal\u00e3o do Autom\u00f3vel de S\u00e3o Paulo de 2020 foi cancelado e que a pr\u00f3xima edi\u00e7\u00e3o ser\u00e1 realizada no ano que vem, a General Motor emitiu, ontem, nota afirmando que descarta sua participa\u00e7\u00e3o\u2026 Leia mais \u00bb","og_url":"https:\/\/dana.com.br\/canaldana\/2020\/03\/10\/general-motors-nao-vai-participar-do-salao-do-automovel-de-2021\/","og_site_name":"Canal Dana","article_published_time":"2020-03-10T11:27:17+00:00","article_modified_time":"2020-03-10T11:36:39+00:00","author":"Canal Dana","twitter_card":"summary_large_image","twitter_misc":{"Escrito por":"Canal Dana","Est. tempo de leitura":"2 minutos"},"schema":{"@context":"https:\/\/schema.org","@graph":[{"@type":"Article","@id":"https:\/\/dana.com.br\/canaldana\/2020\/03\/10\/general-motors-nao-vai-participar-do-salao-do-automovel-de-2021\/#article","isPartOf":{"@id":"https:\/\/dana.com.br\/canaldana\/2020\/03\/10\/general-motors-nao-vai-participar-do-salao-do-automovel-de-2021\/"},"author":{"name":"Canal Dana","@id":"https:\/\/dana.com.br\/canaldana\/#\/schema\/person\/3c21f22f56fcf3bc46b94bc60ea4fef6"},"headline":"General Motors n\u00e3o vai participar do Sal\u00e3o do Autom\u00f3vel de 2021","datePublished":"2020-03-10T11:27:17+00:00","dateModified":"2020-03-10T11:36:39+00:00","mainEntityOfPage":{"@id":"https:\/\/dana.com.br\/canaldana\/2020\/03\/10\/general-motors-nao-vai-participar-do-salao-do-automovel-de-2021\/"},"wordCount":328,"articleSection":["Destaques"],"inLanguage":"pt-BR"},{"@type":"WebPage","@id":"https:\/\/dana.com.br\/canaldana\/2020\/03\/10\/general-motors-nao-vai-participar-do-salao-do-automovel-de-2021\/","url":"https:\/\/dana.com.br\/canaldana\/2020\/03\/10\/general-motors-nao-vai-participar-do-salao-do-automovel-de-2021\/","name":"General Motors n\u00e3o vai participar do Sal\u00e3o do Autom\u00f3vel de 2021 - Canal Dana","isPartOf":{"@id":"https:\/\/dana.com.br\/canaldana\/#website"},"datePublished":"2020-03-10T11:27:17+00:00","dateModified":"2020-03-10T11:36:39+00:00","author":{"@id":"https:\/\/dana.com.br\/canaldana\/#\/schema\/person\/3c21f22f56fcf3bc46b94bc60ea4fef6"},"breadcrumb":{"@id":"https:\/\/dana.com.br\/canaldana\/2020\/03\/10\/general-motors-nao-vai-participar-do-salao-do-automovel-de-2021\/#breadcrumb"},"inLanguage":"pt-BR","potentialAction":[{"@type":"ReadAction","target":["https:\/\/dana.com.br\/canaldana\/2020\/03\/10\/general-motors-nao-vai-participar-do-salao-do-automovel-de-2021\/"]}]},{"@type":"BreadcrumbList","@id":"https:\/\/dana.com.br\/canaldana\/2020\/03\/10\/general-motors-nao-vai-participar-do-salao-do-automovel-de-2021\/#breadcrumb","itemListElement":[{"@type":"ListItem","position":1,"name":"Home","item":"https:\/\/dana.com.br\/canaldana\/"},{"@type":"ListItem","position":2,"name":"Destaques","item":"https:\/\/dana.com.br\/canaldana\/destaques\/"},{"@type":"ListItem","position":3,"name":"General Motors n\u00e3o vai participar do Sal\u00e3o do Autom\u00f3vel de 2021"}]},{"@type":"WebSite","@id":"https:\/\/dana.com.br\/canaldana\/#website","url":"https:\/\/dana.com.br\/canaldana\/","name":"Canal Dana","description":"Informativo com as principais not\u00edcias da ind\u00fastria automotiva","potentialAction":[{"@type":"SearchAction","target":{"@type":"EntryPoint","urlTemplate":"https:\/\/dana.com.br\/canaldana\/?s={search_term_string}"},"query-input":{"@type":"PropertyValueSpecification","valueRequired":true,"valueName":"search_term_string"}}],"inLanguage":"pt-BR"},{"@type":"Person","@id":"https:\/\/dana.com.br\/canaldana\/#\/schema\/person\/3c21f22f56fcf3bc46b94bc60ea4fef6","name":"Canal Dana","image":{"@type":"ImageObject","inLanguage":"pt-BR","@id":"https:\/\/secure.gravatar.com\/avatar\/420aaf9278582877d9018637c6817617705899d2858d7572ef0fe59a6b6454b4?s=96&d=mm&r=g","url":"https:\/\/secure.gravatar.com\/avatar\/420aaf9278582877d9018637c6817617705899d2858d7572ef0fe59a6b6454b4?s=96&d=mm&r=g","contentUrl":"https:\/\/secure.gravatar.com\/avatar\/420aaf9278582877d9018637c6817617705899d2858d7572ef0fe59a6b6454b4?s=96&d=mm&r=g","caption":"Canal Dana"},"url":"https:\/\/dana.com.br\/canaldana\/author\/cdeditor\/"}]}},"_links":{"self":[{"href":"https:\/\/dana.com.br\/canaldana\/wp-json\/wp\/v2\/posts\/41242","targetHints":{"allow":["GET"]}}],"collection":[{"href":"https:\/\/dana.com.br\/canaldana\/wp-json\/wp\/v2\/posts"}],"about":[{"href":"https:\/\/dana.com.br\/canaldana\/wp-json\/wp\/v2\/types\/post"}],"author":[{"embeddable":true,"href":"https:\/\/dana.com.br\/canaldana\/wp-json\/wp\/v2\/users\/3"}],"replies":[{"embeddable":true,"href":"https:\/\/dana.com.br\/canaldana\/wp-json\/wp\/v2\/comments?post=41242"}],"version-history":[{"count":0,"href":"https:\/\/dana.com.br\/canaldana\/wp-json\/wp\/v2\/posts\/41242\/revisions"}],"wp:attachment":[{"href":"https:\/\/dana.com.br\/canaldana\/wp-json\/wp\/v2\/media?parent=41242"}],"wp:term":[{"taxonomy":"category","embeddable":true,"href":"https:\/\/dana.com.br\/canaldana\/wp-json\/wp\/v2\/categories?post=41242"},{"taxonomy":"post_tag","embeddable":true,"href":"https:\/\/dana.com.br\/canaldana\/wp-json\/wp\/v2\/tags?post=41242"}],"curies":[{"name":"wp","href":"https:\/\/api.w.org\/{rel}","templated":true}]}}