{"id":41240,"date":"2020-03-10T08:26:40","date_gmt":"2020-03-10T11:26:40","guid":{"rendered":"https:\/\/dana.com.br\/canaldana\/?p=41240"},"modified":"2020-03-10T08:26:40","modified_gmt":"2020-03-10T11:26:40","slug":"byd-levara-primeira-frota-de-caminhoes-100-eletricos-para-o-equador","status":"publish","type":"post","link":"https:\/\/dana.com.br\/canaldana\/2020\/03\/10\/byd-levara-primeira-frota-de-caminhoes-100-eletricos-para-o-equador\/","title":{"rendered":"BYD levar\u00e1 primeira frota de caminh\u00f5es 100% el\u00e9tricos para o Equador"},"content":{"rendered":"<p><em>O Brasil Sobre Rodas<\/em><\/p>\n<p>&nbsp;<\/p>\n<p>A BYD acaba de anunciar a recente assinatura de um acordo para levar a primeira frota de caminh\u00f5es el\u00e9tricos para o Equador. No dia 21 de fevereiro, representantes da empresa de transporte Transcarsell e da BYD Equador assinaram um contrato para a aquisi\u00e7\u00e3o de 20 caminh\u00f5es el\u00e9tricos de transporte de grandes cont\u00eaineres multimodais. O primeiro caminh\u00e3o ser\u00e1 entregue em agosto de 2020 e o restante em 2021.<\/p>\n<p>&nbsp;<\/p>\n<p>O caminh\u00e3o BYD 100% el\u00e9trico para carga pesada \u00e9 equipado com baterias de fosfato ferro l\u00edtio, com vida \u00fatil de 15 anos e uma autonomia de 150 quil\u00f4metros com uma \u00fanica carga. Este ve\u00edculo possui o eixo de transmiss\u00e3o integrado do caminh\u00e3o e um sistema de controle \u00fanico desenvolvido pela BYD. O sistema de energia eletro-hidr\u00e1ulico facilita muito a dire\u00e7\u00e3o e garante uma capacidade de carga de 31,5 toneladas.<\/p>\n<p>&nbsp;<\/p>\n<p>O caminh\u00e3o tem a vantagem de operar silenciosamente, com zero emiss\u00f5es e baixos custos operacionais, o que melhora muito a experi\u00eancia de condu\u00e7\u00e3o em compara\u00e7\u00e3o com os caminh\u00f5es a combust\u00edvel tradicionais. Al\u00e9m disso, ele vem equipado com um sistema de controle de cruzeiro. &#8220;Com a chegada desses caminh\u00f5es ao Equador, estamos intensificando nossos esfor\u00e7os para ajudar o pa\u00eds em sua transi\u00e7\u00e3o para a mobilidade el\u00e9trica e um futuro mais verde&#8221;, disse Jorge Burbano, Gerente Nacional da BYD Equador.<\/p>\n<p>&nbsp;<\/p>\n<p>&#8220;Estou interessado em continuar a crescer com a minha empresa, refletindo meu compromisso com o pa\u00eds, nossos trabalhadores e nossos clientes&#8221;, disse Lenin Garzon, Gerente Geral da Transcarsell ap\u00f3s a assinatura do documento. &#8220;Quero que minha empresa seja a primeira do tipo a usar caminh\u00f5es que n\u00e3o s\u00f3 me permitam economizar, mas tamb\u00e9m ajudem a reduzir as emiss\u00f5es de carbono em nosso setor.&#8221;<\/p>\n<p>&nbsp;<\/p>\n<p>Com sua variedade de produtos 100% el\u00e9tricos, a BYD mant\u00e9m sua posi\u00e7\u00e3o como pioneira mundial em solu\u00e7\u00f5es eco eficientes para diferentes ind\u00fastrias, especialmente em energia automotiva e renov\u00e1vel.<\/p>\n<p>&nbsp;<\/p>\n<p>Em fevereiro de 2019, a BYD comprou a primeira frota de 20 \u00f4nibus el\u00e9tricos para o Equador, que foram recebidos oficialmente em uma cerim\u00f4nia liderada pelo vice-presidente do pa\u00eds, Otto Sonnenholzner. Na cidade de Loja, no sul do pa\u00eds, uma frota de 37 t\u00e1xis el\u00e9tricos opera desde 2017. Esses pedidos anteriores, juntamente com a frota de 20 caminh\u00f5es el\u00e9tricos a chegar, colocam o Equador na linha de frente do r\u00e1pido impulso da Am\u00e9rica Latina por eletrifica\u00e7\u00e3o de transporte.<\/p>\n<p>&nbsp;<\/p>\n<p>Atualmente, o mercado latino-americano da BYD est\u00e1 em r\u00e1pida expans\u00e3o e seus \u00f4nibus, t\u00e1xis e caminh\u00f5es 100% el\u00e9tricos est\u00e3o atendendo com sucesso muitos pa\u00edses da regi\u00e3o, incluindo Chile, Brasil, Col\u00f4mbia, Argentina, Peru e Uruguai. Globalmente, os ve\u00edculos puros da BYD se espalharam por mais de 300 cidades, em mais de 50 pa\u00edses e regi\u00f5es.<\/p>\n<p>&nbsp;<\/p>\n<p><strong>Gigante global pioneira em energia limpa<\/strong><\/p>\n<p>&nbsp;<\/p>\n<p>A BYD \u00e9 a maior fabricante global de baterias de l\u00edtio-ferro e de ve\u00edculos el\u00e9tricos e plug-in (de 2015 a 2018). A empresa est\u00e1 presente nos seis continentes, com ve\u00edculos operando em mais de 300 cidades de 50 pa\u00edses. Superando 240 mil funcion\u00e1rios distribu\u00eddos em 30 f\u00e1bricas ao redor do globo (sendo 20 mil engenheiros pesquisadores que j\u00e1 desenvolveram acima de 24 mil patentes). A BYD \u00e9 ainda a segunda maior fornecedora de componentes para celulares, tablets e laptops no mundo. Em 2019, a empresa alcan\u00e7ou a terceira posi\u00e7\u00e3o entre as companhias que est\u00e3o mudando o mundo para melhor, &#8220;Change The World&#8221;, da Revista Fortune, e, em 2016, ganhou o pr\u00eamio Zero Emission Eco system da ONU, entre outros pr\u00eamios internacionais.<\/p>\n<p>&nbsp;<\/p>\n<p>No Brasil, a BYD abriu sua primeira f\u00e1brica em 2015 para produ\u00e7\u00e3o de \u00f4nibus el\u00e9tricos e comercializa\u00e7\u00e3o de ve\u00edculos e empilhadeiras em Campinas, interior de S\u00e3o Paulo. Em abril de 2017, inaugurou sua segunda planta para produ\u00e7\u00e3o de m\u00f3dulos fotovoltaicos, consolidando-se como uma das l\u00edderes desse importante mercado no Brasil. Em fevereiro de 2019, a BYD Brasil assinou seu primeiro projeto de SkyRail (monotrilho) no pa\u00eds, numa Parceria P\u00fablico Privada (PPP) de R$ 1,5 bilh\u00e3o na cidade de Salvador. A BYD Brasil j\u00e1 emprega mais de 250 funcion\u00e1rios nas cidades de Campinas e S\u00e3o Paulo. (O Brasil Sobre Rodas)<\/p>\n","protected":false},"excerpt":{"rendered":"<p>O Brasil Sobre Rodas &nbsp; A BYD acaba de anunciar a recente assinatura de um acordo para levar a primeira frota de caminh\u00f5es el\u00e9tricos para o Equador. No dia 21 de fevereiro, representantes da empresa de transporte Transcarsell e da BYD Equador assinaram um contrato para a aquisi\u00e7\u00e3o de 20 caminh\u00f5es el\u00e9tricos de transporte de\u2026 <a class=\"readmore\" href=\"https:\/\/dana.com.br\/canaldana\/2020\/03\/10\/byd-levara-primeira-frota-de-caminhoes-100-eletricos-para-o-equador\/\">Leia mais \u00bb<\/a><\/p>\n","protected":false},"author":3,"featured_media":0,"comment_status":"closed","ping_status":"closed","sticky":false,"template":"","format":"standard","meta":{"_acf_changed":false,"footnotes":""},"categories":[110],"tags":[],"class_list":["post-41240","post","type-post","status-publish","format-standard","hentry","category-eletricos"],"acf":[],"yoast_head":"<!-- This site is optimized with the Yoast SEO plugin v27.3 - https:\/\/yoast.com\/product\/yoast-seo-wordpress\/ -->\n<title>BYD levar\u00e1 primeira frota de caminh\u00f5es 100% el\u00e9tricos para o Equador - Canal Dana<\/title>\n<meta name=\"robots\" content=\"index, follow, max-snippet:-1, max-image-preview:large, max-video-preview:-1\" \/>\n<link rel=\"canonical\" href=\"https:\/\/dana.com.br\/canaldana\/2020\/03\/10\/byd-levara-primeira-frota-de-caminhoes-100-eletricos-para-o-equador\/\" \/>\n<meta property=\"og:locale\" content=\"pt_BR\" \/>\n<meta property=\"og:type\" content=\"article\" \/>\n<meta property=\"og:title\" content=\"BYD levar\u00e1 primeira frota de caminh\u00f5es 100% el\u00e9tricos para o Equador - Canal Dana\" \/>\n<meta property=\"og:description\" content=\"O Brasil Sobre Rodas &nbsp; A BYD acaba de anunciar a recente assinatura de um acordo para levar a primeira frota de caminh\u00f5es el\u00e9tricos para o Equador. No dia 21 de fevereiro, representantes da empresa de transporte Transcarsell e da BYD Equador assinaram um contrato para a aquisi\u00e7\u00e3o de 20 caminh\u00f5es el\u00e9tricos de transporte de\u2026 Leia mais \u00bb\" \/>\n<meta property=\"og:url\" content=\"https:\/\/dana.com.br\/canaldana\/2020\/03\/10\/byd-levara-primeira-frota-de-caminhoes-100-eletricos-para-o-equador\/\" \/>\n<meta property=\"og:site_name\" content=\"Canal Dana\" \/>\n<meta property=\"article:published_time\" content=\"2020-03-10T11:26:40+00:00\" \/>\n<meta name=\"author\" content=\"Canal Dana\" \/>\n<meta name=\"twitter:card\" content=\"summary_large_image\" \/>\n<meta name=\"twitter:label1\" content=\"Escrito por\" \/>\n\t<meta name=\"twitter:data1\" content=\"Canal Dana\" \/>\n\t<meta name=\"twitter:label2\" content=\"Est. tempo de leitura\" \/>\n\t<meta name=\"twitter:data2\" content=\"4 minutos\" \/>\n<script type=\"application\/ld+json\" class=\"yoast-schema-graph\">{\"@context\":\"https:\\\/\\\/schema.org\",\"@graph\":[{\"@type\":\"Article\",\"@id\":\"https:\\\/\\\/dana.com.br\\\/canaldana\\\/2020\\\/03\\\/10\\\/byd-levara-primeira-frota-de-caminhoes-100-eletricos-para-o-equador\\\/#article\",\"isPartOf\":{\"@id\":\"https:\\\/\\\/dana.com.br\\\/canaldana\\\/2020\\\/03\\\/10\\\/byd-levara-primeira-frota-de-caminhoes-100-eletricos-para-o-equador\\\/\"},\"author\":{\"name\":\"Canal Dana\",\"@id\":\"https:\\\/\\\/dana.com.br\\\/canaldana\\\/#\\\/schema\\\/person\\\/3c21f22f56fcf3bc46b94bc60ea4fef6\"},\"headline\":\"BYD levar\u00e1 primeira frota de caminh\u00f5es 100% el\u00e9tricos para o Equador\",\"datePublished\":\"2020-03-10T11:26:40+00:00\",\"mainEntityOfPage\":{\"@id\":\"https:\\\/\\\/dana.com.br\\\/canaldana\\\/2020\\\/03\\\/10\\\/byd-levara-primeira-frota-de-caminhoes-100-eletricos-para-o-equador\\\/\"},\"wordCount\":745,\"articleSection\":[\"El\u00e9tricos\"],\"inLanguage\":\"pt-BR\"},{\"@type\":\"WebPage\",\"@id\":\"https:\\\/\\\/dana.com.br\\\/canaldana\\\/2020\\\/03\\\/10\\\/byd-levara-primeira-frota-de-caminhoes-100-eletricos-para-o-equador\\\/\",\"url\":\"https:\\\/\\\/dana.com.br\\\/canaldana\\\/2020\\\/03\\\/10\\\/byd-levara-primeira-frota-de-caminhoes-100-eletricos-para-o-equador\\\/\",\"name\":\"BYD levar\u00e1 primeira frota de caminh\u00f5es 100% el\u00e9tricos para o Equador - Canal Dana\",\"isPartOf\":{\"@id\":\"https:\\\/\\\/dana.com.br\\\/canaldana\\\/#website\"},\"datePublished\":\"2020-03-10T11:26:40+00:00\",\"author\":{\"@id\":\"https:\\\/\\\/dana.com.br\\\/canaldana\\\/#\\\/schema\\\/person\\\/3c21f22f56fcf3bc46b94bc60ea4fef6\"},\"breadcrumb\":{\"@id\":\"https:\\\/\\\/dana.com.br\\\/canaldana\\\/2020\\\/03\\\/10\\\/byd-levara-primeira-frota-de-caminhoes-100-eletricos-para-o-equador\\\/#breadcrumb\"},\"inLanguage\":\"pt-BR\",\"potentialAction\":[{\"@type\":\"ReadAction\",\"target\":[\"https:\\\/\\\/dana.com.br\\\/canaldana\\\/2020\\\/03\\\/10\\\/byd-levara-primeira-frota-de-caminhoes-100-eletricos-para-o-equador\\\/\"]}]},{\"@type\":\"BreadcrumbList\",\"@id\":\"https:\\\/\\\/dana.com.br\\\/canaldana\\\/2020\\\/03\\\/10\\\/byd-levara-primeira-frota-de-caminhoes-100-eletricos-para-o-equador\\\/#breadcrumb\",\"itemListElement\":[{\"@type\":\"ListItem\",\"position\":1,\"name\":\"Home\",\"item\":\"https:\\\/\\\/dana.com.br\\\/canaldana\\\/\"},{\"@type\":\"ListItem\",\"position\":2,\"name\":\"El\u00e9tricos\",\"item\":\"https:\\\/\\\/dana.com.br\\\/canaldana\\\/eletricos\\\/\"},{\"@type\":\"ListItem\",\"position\":3,\"name\":\"BYD levar\u00e1 primeira frota de caminh\u00f5es 100% el\u00e9tricos para o Equador\"}]},{\"@type\":\"WebSite\",\"@id\":\"https:\\\/\\\/dana.com.br\\\/canaldana\\\/#website\",\"url\":\"https:\\\/\\\/dana.com.br\\\/canaldana\\\/\",\"name\":\"Canal Dana\",\"description\":\"Informativo com as principais not\u00edcias da ind\u00fastria automotiva\",\"potentialAction\":[{\"@type\":\"SearchAction\",\"target\":{\"@type\":\"EntryPoint\",\"urlTemplate\":\"https:\\\/\\\/dana.com.br\\\/canaldana\\\/?s={search_term_string}\"},\"query-input\":{\"@type\":\"PropertyValueSpecification\",\"valueRequired\":true,\"valueName\":\"search_term_string\"}}],\"inLanguage\":\"pt-BR\"},{\"@type\":\"Person\",\"@id\":\"https:\\\/\\\/dana.com.br\\\/canaldana\\\/#\\\/schema\\\/person\\\/3c21f22f56fcf3bc46b94bc60ea4fef6\",\"name\":\"Canal Dana\",\"image\":{\"@type\":\"ImageObject\",\"inLanguage\":\"pt-BR\",\"@id\":\"https:\\\/\\\/secure.gravatar.com\\\/avatar\\\/420aaf9278582877d9018637c6817617705899d2858d7572ef0fe59a6b6454b4?s=96&d=mm&r=g\",\"url\":\"https:\\\/\\\/secure.gravatar.com\\\/avatar\\\/420aaf9278582877d9018637c6817617705899d2858d7572ef0fe59a6b6454b4?s=96&d=mm&r=g\",\"contentUrl\":\"https:\\\/\\\/secure.gravatar.com\\\/avatar\\\/420aaf9278582877d9018637c6817617705899d2858d7572ef0fe59a6b6454b4?s=96&d=mm&r=g\",\"caption\":\"Canal Dana\"},\"url\":\"https:\\\/\\\/dana.com.br\\\/canaldana\\\/author\\\/cdeditor\\\/\"}]}<\/script>\n<!-- \/ Yoast SEO plugin. -->","yoast_head_json":{"title":"BYD levar\u00e1 primeira frota de caminh\u00f5es 100% el\u00e9tricos para o Equador - Canal Dana","robots":{"index":"index","follow":"follow","max-snippet":"max-snippet:-1","max-image-preview":"max-image-preview:large","max-video-preview":"max-video-preview:-1"},"canonical":"https:\/\/dana.com.br\/canaldana\/2020\/03\/10\/byd-levara-primeira-frota-de-caminhoes-100-eletricos-para-o-equador\/","og_locale":"pt_BR","og_type":"article","og_title":"BYD levar\u00e1 primeira frota de caminh\u00f5es 100% el\u00e9tricos para o Equador - Canal Dana","og_description":"O Brasil Sobre Rodas &nbsp; A BYD acaba de anunciar a recente assinatura de um acordo para levar a primeira frota de caminh\u00f5es el\u00e9tricos para o Equador. No dia 21 de fevereiro, representantes da empresa de transporte Transcarsell e da BYD Equador assinaram um contrato para a aquisi\u00e7\u00e3o de 20 caminh\u00f5es el\u00e9tricos de transporte de\u2026 Leia mais \u00bb","og_url":"https:\/\/dana.com.br\/canaldana\/2020\/03\/10\/byd-levara-primeira-frota-de-caminhoes-100-eletricos-para-o-equador\/","og_site_name":"Canal Dana","article_published_time":"2020-03-10T11:26:40+00:00","author":"Canal Dana","twitter_card":"summary_large_image","twitter_misc":{"Escrito por":"Canal Dana","Est. tempo de leitura":"4 minutos"},"schema":{"@context":"https:\/\/schema.org","@graph":[{"@type":"Article","@id":"https:\/\/dana.com.br\/canaldana\/2020\/03\/10\/byd-levara-primeira-frota-de-caminhoes-100-eletricos-para-o-equador\/#article","isPartOf":{"@id":"https:\/\/dana.com.br\/canaldana\/2020\/03\/10\/byd-levara-primeira-frota-de-caminhoes-100-eletricos-para-o-equador\/"},"author":{"name":"Canal Dana","@id":"https:\/\/dana.com.br\/canaldana\/#\/schema\/person\/3c21f22f56fcf3bc46b94bc60ea4fef6"},"headline":"BYD levar\u00e1 primeira frota de caminh\u00f5es 100% el\u00e9tricos para o Equador","datePublished":"2020-03-10T11:26:40+00:00","mainEntityOfPage":{"@id":"https:\/\/dana.com.br\/canaldana\/2020\/03\/10\/byd-levara-primeira-frota-de-caminhoes-100-eletricos-para-o-equador\/"},"wordCount":745,"articleSection":["El\u00e9tricos"],"inLanguage":"pt-BR"},{"@type":"WebPage","@id":"https:\/\/dana.com.br\/canaldana\/2020\/03\/10\/byd-levara-primeira-frota-de-caminhoes-100-eletricos-para-o-equador\/","url":"https:\/\/dana.com.br\/canaldana\/2020\/03\/10\/byd-levara-primeira-frota-de-caminhoes-100-eletricos-para-o-equador\/","name":"BYD levar\u00e1 primeira frota de caminh\u00f5es 100% el\u00e9tricos para o Equador - Canal Dana","isPartOf":{"@id":"https:\/\/dana.com.br\/canaldana\/#website"},"datePublished":"2020-03-10T11:26:40+00:00","author":{"@id":"https:\/\/dana.com.br\/canaldana\/#\/schema\/person\/3c21f22f56fcf3bc46b94bc60ea4fef6"},"breadcrumb":{"@id":"https:\/\/dana.com.br\/canaldana\/2020\/03\/10\/byd-levara-primeira-frota-de-caminhoes-100-eletricos-para-o-equador\/#breadcrumb"},"inLanguage":"pt-BR","potentialAction":[{"@type":"ReadAction","target":["https:\/\/dana.com.br\/canaldana\/2020\/03\/10\/byd-levara-primeira-frota-de-caminhoes-100-eletricos-para-o-equador\/"]}]},{"@type":"BreadcrumbList","@id":"https:\/\/dana.com.br\/canaldana\/2020\/03\/10\/byd-levara-primeira-frota-de-caminhoes-100-eletricos-para-o-equador\/#breadcrumb","itemListElement":[{"@type":"ListItem","position":1,"name":"Home","item":"https:\/\/dana.com.br\/canaldana\/"},{"@type":"ListItem","position":2,"name":"El\u00e9tricos","item":"https:\/\/dana.com.br\/canaldana\/eletricos\/"},{"@type":"ListItem","position":3,"name":"BYD levar\u00e1 primeira frota de caminh\u00f5es 100% el\u00e9tricos para o Equador"}]},{"@type":"WebSite","@id":"https:\/\/dana.com.br\/canaldana\/#website","url":"https:\/\/dana.com.br\/canaldana\/","name":"Canal Dana","description":"Informativo com as principais not\u00edcias da ind\u00fastria automotiva","potentialAction":[{"@type":"SearchAction","target":{"@type":"EntryPoint","urlTemplate":"https:\/\/dana.com.br\/canaldana\/?s={search_term_string}"},"query-input":{"@type":"PropertyValueSpecification","valueRequired":true,"valueName":"search_term_string"}}],"inLanguage":"pt-BR"},{"@type":"Person","@id":"https:\/\/dana.com.br\/canaldana\/#\/schema\/person\/3c21f22f56fcf3bc46b94bc60ea4fef6","name":"Canal Dana","image":{"@type":"ImageObject","inLanguage":"pt-BR","@id":"https:\/\/secure.gravatar.com\/avatar\/420aaf9278582877d9018637c6817617705899d2858d7572ef0fe59a6b6454b4?s=96&d=mm&r=g","url":"https:\/\/secure.gravatar.com\/avatar\/420aaf9278582877d9018637c6817617705899d2858d7572ef0fe59a6b6454b4?s=96&d=mm&r=g","contentUrl":"https:\/\/secure.gravatar.com\/avatar\/420aaf9278582877d9018637c6817617705899d2858d7572ef0fe59a6b6454b4?s=96&d=mm&r=g","caption":"Canal Dana"},"url":"https:\/\/dana.com.br\/canaldana\/author\/cdeditor\/"}]}},"_links":{"self":[{"href":"https:\/\/dana.com.br\/canaldana\/wp-json\/wp\/v2\/posts\/41240","targetHints":{"allow":["GET"]}}],"collection":[{"href":"https:\/\/dana.com.br\/canaldana\/wp-json\/wp\/v2\/posts"}],"about":[{"href":"https:\/\/dana.com.br\/canaldana\/wp-json\/wp\/v2\/types\/post"}],"author":[{"embeddable":true,"href":"https:\/\/dana.com.br\/canaldana\/wp-json\/wp\/v2\/users\/3"}],"replies":[{"embeddable":true,"href":"https:\/\/dana.com.br\/canaldana\/wp-json\/wp\/v2\/comments?post=41240"}],"version-history":[{"count":0,"href":"https:\/\/dana.com.br\/canaldana\/wp-json\/wp\/v2\/posts\/41240\/revisions"}],"wp:attachment":[{"href":"https:\/\/dana.com.br\/canaldana\/wp-json\/wp\/v2\/media?parent=41240"}],"wp:term":[{"taxonomy":"category","embeddable":true,"href":"https:\/\/dana.com.br\/canaldana\/wp-json\/wp\/v2\/categories?post=41240"},{"taxonomy":"post_tag","embeddable":true,"href":"https:\/\/dana.com.br\/canaldana\/wp-json\/wp\/v2\/tags?post=41240"}],"curies":[{"name":"wp","href":"https:\/\/api.w.org\/{rel}","templated":true}]}}