{"id":41203,"date":"2020-03-09T08:57:20","date_gmt":"2020-03-09T11:57:20","guid":{"rendered":"https:\/\/dana.com.br\/canaldana\/?p=41203"},"modified":"2020-03-09T08:57:20","modified_gmt":"2020-03-09T11:57:20","slug":"nem-palhacada-disfarca-o-fiasco-economico-de-2019","status":"publish","type":"post","link":"https:\/\/dana.com.br\/canaldana\/2020\/03\/09\/nem-palhacada-disfarca-o-fiasco-economico-de-2019\/","title":{"rendered":"Nem palha\u00e7ada disfar\u00e7a o fiasco econ\u00f4mico de 2019"},"content":{"rendered":"<p><em>O Estado de S. Paulo <\/em><\/p>\n<p>&nbsp;<\/p>\n<p>O presidente Jair Bolsonaro colecionou mais dois fiascos no in\u00edcio de mar\u00e7o, comprovando mais uma vez seu despreparo para a chefia do governo, ou, mais provavelmente, para o exerc\u00edcio s\u00e9rio de qualquer fun\u00e7\u00e3o p\u00fablica. Foi um fiasco a palha\u00e7ada na frente do Alvorada, na quarta-feira, promovida para disfar\u00e7ar ou desqualificar um fracasso muito mais importante, o desastre econ\u00f4mico do ano passado, o primeiro do atual mandato. Em 2019 o produto interno bruto (PIB) cresceu 1,1%, menos que em 2017 e 2018, quando o ritmo anual chegou a 1,3%. Al\u00e9m disso, o resultado de 2018 poderia ter sido melhor sem a tens\u00e3o pol\u00edtica no segundo semestre e sem o indefens\u00e1vel bloqueio de estradas, fa\u00e7anha apoiada pelo deputado Jair Bolsonaro, candidato \u00e0 Presid\u00eancia.<\/p>\n<p>&nbsp;<\/p>\n<p>Eleito, ele continuou mimando os caminhoneiros bloqueadores de rodovias, muito mais importantes, em sua agenda, do que milh\u00f5es de desocupados, desalentados e marginalizados numa economia ainda fr\u00e1gil. Na maior parte do ano passado essa agenda incluiu, entre as prioridades, assuntos como a posse e o porte de armas, tratados como temas de grande relev\u00e2ncia para uma sociedade rec\u00e9m-sa\u00edda de uma recess\u00e3o e ainda atolada no desemprego.<\/p>\n<p>&nbsp;<\/p>\n<p>A palha\u00e7ada presidencial pode ter agradado ao p\u00fablico reunido diante do Alvorada, dia ap\u00f3s dia, para aplaudir a desinforma\u00e7\u00e3o de Bolsonaro e suas grosserias habituais contra a imprensa. Sem participar da pantomima, os jornalistas limitaram-se a esperar coment\u00e1rios do presidente sobre o fiasco econ\u00f4mico do ano anterior. Ele se recusou a falar do PIB. Sem respostas dignas de um governante, os mesmos jornalistas divulgaram, depois, o espet\u00e1culo sem gra\u00e7a do l\u00edder de um governo abaixo de mambembe. Circos mambembes s\u00e3o pobres e artisticamente limitados. Mas ainda agradam pela gra\u00e7a ing\u00eanua, normalmente evitando os pecados da grosseria e da baixaria, marcas ineg\u00e1veis de um presidente sem decoro e sem respeito ao seu cargo.<\/p>\n<p>&nbsp;<\/p>\n<p>Ao registrar a triste palha\u00e7ada presidencial, a imprensa cumpriu, simplesmente, sua fun\u00e7\u00e3o profissional. A rea\u00e7\u00e3o, no dia seguinte, foi um jorro de grosserias, no meio de mais uma exibi\u00e7\u00e3o de completo despreparo. \u201cParab\u00e9ns \u00e0 imprensa. Parab\u00e9ns a\u00ed, valeu. (&#8230;) Quando voc\u00eas aprenderem a fazer jornalismo eu converso com voc\u00eas. Se voc\u00eas sofrem ataque todo dia, o que voc\u00eas est\u00e3o fazendo aqui?\u201d.<\/p>\n<p>&nbsp;<\/p>\n<p>A pergunta \u00e9 indigente e a resposta \u00e9 \u00f3bvia. Se o presidente se disp\u00f5e a falar, a imprensa comparece para ouvi-lo e para registrar suas declara\u00e7\u00f5es. Em condi\u00e7\u00f5es normais, jornalistas anotariam ou gravariam palavras sensatas, \u00e0s vezes preocupadas, \u00e0s vezes tranquilas ou at\u00e9 animadas, sobre as condi\u00e7\u00f5es do Pa\u00eds e sobre o quadro externo. Poderiam tamb\u00e9m registrar an\u00fancios de projetos e de a\u00e7\u00f5es importantes para o desenvolvimento econ\u00f4mico e social, ou avalia\u00e7\u00f5es em tom realista de quest\u00f5es pol\u00edticas e administrativas. Mas, se as palavras e atitudes mostram ignor\u00e2ncia, grosseria, baixaria e, como sempre, despreparo, \u00e9 igualmente obrigat\u00f3rio registrar e transmitir os fatos.<\/p>\n<p>&nbsp;<\/p>\n<p>Divulgar, nesse caso, \u00e9 t\u00e3o importante quanto noticiar a aproxima\u00e7\u00e3o de uma tempestade ou de um tornado ou a eclos\u00e3o de uma epidemia como a do coronav\u00edrus. \u00c9 essencial passar a informa\u00e7\u00e3o ao p\u00fablico \u2013 e nessa tarefa nada substitui o velho e saud\u00e1vel jornalismo profissional. Quando poss\u00edvel, deve-se ainda complementar o notici\u00e1rio, imediatamente, com explica\u00e7\u00f5es e an\u00e1lises para proporcionar ao leitor, ouvinte ou telespectador dados e perspectivas para entender e avaliar as novidades. Esse cuidado \u00e9 especialmente relevante quando \u00e9 dif\u00edcil confiar na informa\u00e7\u00e3o oficial e o presidente \u00e9 cercado de fontes de fake news.<\/p>\n<p>&nbsp;<\/p>\n<p>Al\u00e9m disso, como levar a s\u00e9rio a informa\u00e7\u00e3o do governo quando o presidente monta uma palha\u00e7ada para se esquivar de perguntas sobre o PIB? Como respeitar as avalia\u00e7\u00f5es e explica\u00e7\u00f5es oficiais, quando o ministro da Economia trata como normal o fracasso do ano passado e menospreza os poss\u00edveis danos econ\u00f4micos de uma epidemia global?<\/p>\n<p>&nbsp;<\/p>\n<p>Como aceitar sua tranquilidade quando as bolsas despencam, o d\u00f3lar dispara e as proje\u00e7\u00f5es de crescimento s\u00e3o rebaixadas em todo o mundo? O c\u00e2mbio no Brasil \u00e9, de fato, flutuante, como tem repetido o ministro, mas incluir na normalidade os sinais de p\u00e2nico no mercado cambial \u00e9 ir al\u00e9m dos limites. S\u00f3 h\u00e1, nesse caso, um tipo de normalidade: o do avi\u00e3o em queda quando param todos os motores.<\/p>\n<p>&nbsp;<\/p>\n<p>O d\u00f3lar em alta j\u00e1 \u00e9 vis\u00edvel nos custos de produ\u00e7\u00e3o e nos pre\u00e7os de bens importados. A instabilidade cambial, sens\u00edvel desde o come\u00e7o do ano, j\u00e1 se reflete no \u00cdndice de Pre\u00e7os ao Produtor, como foi mostrado h\u00e1 poucos dias pelo Instituto Brasileiro de Geografia e Estat\u00edstica (IBGE). Mas o repasse desses aumentos ao consumidor final ainda ser\u00e1 dif\u00edcil. O impacto na infla\u00e7\u00e3o do dia a dia ser\u00e1 limitado por uma barreira muito firme: as p\u00e9ssimas condi\u00e7\u00f5es de emprego, refletidas na renda familiar estagnada. Se depender da preocupa\u00e7\u00e3o do governo com a condi\u00e7\u00e3o da maior parte das fam\u00edlias, essa barreira continuar\u00e1 muito forte ainda por um bom tempo.<\/p>\n<p>&nbsp;<\/p>\n<p>Enquanto os mercados tremem e o cen\u00e1rio piora, o governo nega problemas e riscos. (O Estado de S. Paulo\/Rolf Kuntz)<\/p>\n","protected":false},"excerpt":{"rendered":"<p>O Estado de S. Paulo &nbsp; O presidente Jair Bolsonaro colecionou mais dois fiascos no in\u00edcio de mar\u00e7o, comprovando mais uma vez seu despreparo para a chefia do governo, ou, mais provavelmente, para o exerc\u00edcio s\u00e9rio de qualquer fun\u00e7\u00e3o p\u00fablica. Foi um fiasco a palha\u00e7ada na frente do Alvorada, na quarta-feira, promovida para disfar\u00e7ar ou\u2026 <a class=\"readmore\" href=\"https:\/\/dana.com.br\/canaldana\/2020\/03\/09\/nem-palhacada-disfarca-o-fiasco-economico-de-2019\/\">Leia mais \u00bb<\/a><\/p>\n","protected":false},"author":3,"featured_media":0,"comment_status":"closed","ping_status":"closed","sticky":false,"template":"","format":"standard","meta":{"_acf_changed":false,"footnotes":""},"categories":[100],"tags":[],"class_list":["post-41203","post","type-post","status-publish","format-standard","hentry","category-artigo"],"acf":[],"yoast_head":"<!-- This site is optimized with the Yoast SEO plugin v27.3 - https:\/\/yoast.com\/product\/yoast-seo-wordpress\/ -->\n<title>Nem palha\u00e7ada disfar\u00e7a o fiasco econ\u00f4mico de 2019 - Canal Dana<\/title>\n<meta name=\"robots\" content=\"index, follow, max-snippet:-1, max-image-preview:large, max-video-preview:-1\" \/>\n<link rel=\"canonical\" href=\"https:\/\/dana.com.br\/canaldana\/2020\/03\/09\/nem-palhacada-disfarca-o-fiasco-economico-de-2019\/\" \/>\n<meta property=\"og:locale\" content=\"pt_BR\" \/>\n<meta property=\"og:type\" content=\"article\" \/>\n<meta property=\"og:title\" content=\"Nem palha\u00e7ada disfar\u00e7a o fiasco econ\u00f4mico de 2019 - Canal Dana\" \/>\n<meta property=\"og:description\" content=\"O Estado de S. Paulo &nbsp; O presidente Jair Bolsonaro colecionou mais dois fiascos no in\u00edcio de mar\u00e7o, comprovando mais uma vez seu despreparo para a chefia do governo, ou, mais provavelmente, para o exerc\u00edcio s\u00e9rio de qualquer fun\u00e7\u00e3o p\u00fablica. Foi um fiasco a palha\u00e7ada na frente do Alvorada, na quarta-feira, promovida para disfar\u00e7ar ou\u2026 Leia mais \u00bb\" \/>\n<meta property=\"og:url\" content=\"https:\/\/dana.com.br\/canaldana\/2020\/03\/09\/nem-palhacada-disfarca-o-fiasco-economico-de-2019\/\" \/>\n<meta property=\"og:site_name\" content=\"Canal Dana\" \/>\n<meta property=\"article:published_time\" content=\"2020-03-09T11:57:20+00:00\" \/>\n<meta name=\"author\" content=\"Canal Dana\" \/>\n<meta name=\"twitter:card\" content=\"summary_large_image\" \/>\n<meta name=\"twitter:label1\" content=\"Escrito por\" \/>\n\t<meta name=\"twitter:data1\" content=\"Canal Dana\" \/>\n\t<meta name=\"twitter:label2\" content=\"Est. tempo de leitura\" \/>\n\t<meta name=\"twitter:data2\" content=\"5 minutos\" \/>\n<script type=\"application\/ld+json\" class=\"yoast-schema-graph\">{\"@context\":\"https:\\\/\\\/schema.org\",\"@graph\":[{\"@type\":\"Article\",\"@id\":\"https:\\\/\\\/dana.com.br\\\/canaldana\\\/2020\\\/03\\\/09\\\/nem-palhacada-disfarca-o-fiasco-economico-de-2019\\\/#article\",\"isPartOf\":{\"@id\":\"https:\\\/\\\/dana.com.br\\\/canaldana\\\/2020\\\/03\\\/09\\\/nem-palhacada-disfarca-o-fiasco-economico-de-2019\\\/\"},\"author\":{\"name\":\"Canal Dana\",\"@id\":\"https:\\\/\\\/dana.com.br\\\/canaldana\\\/#\\\/schema\\\/person\\\/3c21f22f56fcf3bc46b94bc60ea4fef6\"},\"headline\":\"Nem palha\u00e7ada disfar\u00e7a o fiasco econ\u00f4mico de 2019\",\"datePublished\":\"2020-03-09T11:57:20+00:00\",\"mainEntityOfPage\":{\"@id\":\"https:\\\/\\\/dana.com.br\\\/canaldana\\\/2020\\\/03\\\/09\\\/nem-palhacada-disfarca-o-fiasco-economico-de-2019\\\/\"},\"wordCount\":918,\"articleSection\":[\"Artigo\"],\"inLanguage\":\"pt-BR\"},{\"@type\":\"WebPage\",\"@id\":\"https:\\\/\\\/dana.com.br\\\/canaldana\\\/2020\\\/03\\\/09\\\/nem-palhacada-disfarca-o-fiasco-economico-de-2019\\\/\",\"url\":\"https:\\\/\\\/dana.com.br\\\/canaldana\\\/2020\\\/03\\\/09\\\/nem-palhacada-disfarca-o-fiasco-economico-de-2019\\\/\",\"name\":\"Nem palha\u00e7ada disfar\u00e7a o fiasco econ\u00f4mico de 2019 - Canal Dana\",\"isPartOf\":{\"@id\":\"https:\\\/\\\/dana.com.br\\\/canaldana\\\/#website\"},\"datePublished\":\"2020-03-09T11:57:20+00:00\",\"author\":{\"@id\":\"https:\\\/\\\/dana.com.br\\\/canaldana\\\/#\\\/schema\\\/person\\\/3c21f22f56fcf3bc46b94bc60ea4fef6\"},\"breadcrumb\":{\"@id\":\"https:\\\/\\\/dana.com.br\\\/canaldana\\\/2020\\\/03\\\/09\\\/nem-palhacada-disfarca-o-fiasco-economico-de-2019\\\/#breadcrumb\"},\"inLanguage\":\"pt-BR\",\"potentialAction\":[{\"@type\":\"ReadAction\",\"target\":[\"https:\\\/\\\/dana.com.br\\\/canaldana\\\/2020\\\/03\\\/09\\\/nem-palhacada-disfarca-o-fiasco-economico-de-2019\\\/\"]}]},{\"@type\":\"BreadcrumbList\",\"@id\":\"https:\\\/\\\/dana.com.br\\\/canaldana\\\/2020\\\/03\\\/09\\\/nem-palhacada-disfarca-o-fiasco-economico-de-2019\\\/#breadcrumb\",\"itemListElement\":[{\"@type\":\"ListItem\",\"position\":1,\"name\":\"Home\",\"item\":\"https:\\\/\\\/dana.com.br\\\/canaldana\\\/\"},{\"@type\":\"ListItem\",\"position\":2,\"name\":\"Artigo\",\"item\":\"https:\\\/\\\/dana.com.br\\\/canaldana\\\/artigo\\\/\"},{\"@type\":\"ListItem\",\"position\":3,\"name\":\"Nem palha\u00e7ada disfar\u00e7a o fiasco econ\u00f4mico de 2019\"}]},{\"@type\":\"WebSite\",\"@id\":\"https:\\\/\\\/dana.com.br\\\/canaldana\\\/#website\",\"url\":\"https:\\\/\\\/dana.com.br\\\/canaldana\\\/\",\"name\":\"Canal Dana\",\"description\":\"Informativo com as principais not\u00edcias da ind\u00fastria automotiva\",\"potentialAction\":[{\"@type\":\"SearchAction\",\"target\":{\"@type\":\"EntryPoint\",\"urlTemplate\":\"https:\\\/\\\/dana.com.br\\\/canaldana\\\/?s={search_term_string}\"},\"query-input\":{\"@type\":\"PropertyValueSpecification\",\"valueRequired\":true,\"valueName\":\"search_term_string\"}}],\"inLanguage\":\"pt-BR\"},{\"@type\":\"Person\",\"@id\":\"https:\\\/\\\/dana.com.br\\\/canaldana\\\/#\\\/schema\\\/person\\\/3c21f22f56fcf3bc46b94bc60ea4fef6\",\"name\":\"Canal Dana\",\"image\":{\"@type\":\"ImageObject\",\"inLanguage\":\"pt-BR\",\"@id\":\"https:\\\/\\\/secure.gravatar.com\\\/avatar\\\/420aaf9278582877d9018637c6817617705899d2858d7572ef0fe59a6b6454b4?s=96&d=mm&r=g\",\"url\":\"https:\\\/\\\/secure.gravatar.com\\\/avatar\\\/420aaf9278582877d9018637c6817617705899d2858d7572ef0fe59a6b6454b4?s=96&d=mm&r=g\",\"contentUrl\":\"https:\\\/\\\/secure.gravatar.com\\\/avatar\\\/420aaf9278582877d9018637c6817617705899d2858d7572ef0fe59a6b6454b4?s=96&d=mm&r=g\",\"caption\":\"Canal Dana\"},\"url\":\"https:\\\/\\\/dana.com.br\\\/canaldana\\\/author\\\/cdeditor\\\/\"}]}<\/script>\n<!-- \/ Yoast SEO plugin. -->","yoast_head_json":{"title":"Nem palha\u00e7ada disfar\u00e7a o fiasco econ\u00f4mico de 2019 - Canal Dana","robots":{"index":"index","follow":"follow","max-snippet":"max-snippet:-1","max-image-preview":"max-image-preview:large","max-video-preview":"max-video-preview:-1"},"canonical":"https:\/\/dana.com.br\/canaldana\/2020\/03\/09\/nem-palhacada-disfarca-o-fiasco-economico-de-2019\/","og_locale":"pt_BR","og_type":"article","og_title":"Nem palha\u00e7ada disfar\u00e7a o fiasco econ\u00f4mico de 2019 - Canal Dana","og_description":"O Estado de S. Paulo &nbsp; O presidente Jair Bolsonaro colecionou mais dois fiascos no in\u00edcio de mar\u00e7o, comprovando mais uma vez seu despreparo para a chefia do governo, ou, mais provavelmente, para o exerc\u00edcio s\u00e9rio de qualquer fun\u00e7\u00e3o p\u00fablica. Foi um fiasco a palha\u00e7ada na frente do Alvorada, na quarta-feira, promovida para disfar\u00e7ar ou\u2026 Leia mais \u00bb","og_url":"https:\/\/dana.com.br\/canaldana\/2020\/03\/09\/nem-palhacada-disfarca-o-fiasco-economico-de-2019\/","og_site_name":"Canal Dana","article_published_time":"2020-03-09T11:57:20+00:00","author":"Canal Dana","twitter_card":"summary_large_image","twitter_misc":{"Escrito por":"Canal Dana","Est. tempo de leitura":"5 minutos"},"schema":{"@context":"https:\/\/schema.org","@graph":[{"@type":"Article","@id":"https:\/\/dana.com.br\/canaldana\/2020\/03\/09\/nem-palhacada-disfarca-o-fiasco-economico-de-2019\/#article","isPartOf":{"@id":"https:\/\/dana.com.br\/canaldana\/2020\/03\/09\/nem-palhacada-disfarca-o-fiasco-economico-de-2019\/"},"author":{"name":"Canal Dana","@id":"https:\/\/dana.com.br\/canaldana\/#\/schema\/person\/3c21f22f56fcf3bc46b94bc60ea4fef6"},"headline":"Nem palha\u00e7ada disfar\u00e7a o fiasco econ\u00f4mico de 2019","datePublished":"2020-03-09T11:57:20+00:00","mainEntityOfPage":{"@id":"https:\/\/dana.com.br\/canaldana\/2020\/03\/09\/nem-palhacada-disfarca-o-fiasco-economico-de-2019\/"},"wordCount":918,"articleSection":["Artigo"],"inLanguage":"pt-BR"},{"@type":"WebPage","@id":"https:\/\/dana.com.br\/canaldana\/2020\/03\/09\/nem-palhacada-disfarca-o-fiasco-economico-de-2019\/","url":"https:\/\/dana.com.br\/canaldana\/2020\/03\/09\/nem-palhacada-disfarca-o-fiasco-economico-de-2019\/","name":"Nem palha\u00e7ada disfar\u00e7a o fiasco econ\u00f4mico de 2019 - Canal Dana","isPartOf":{"@id":"https:\/\/dana.com.br\/canaldana\/#website"},"datePublished":"2020-03-09T11:57:20+00:00","author":{"@id":"https:\/\/dana.com.br\/canaldana\/#\/schema\/person\/3c21f22f56fcf3bc46b94bc60ea4fef6"},"breadcrumb":{"@id":"https:\/\/dana.com.br\/canaldana\/2020\/03\/09\/nem-palhacada-disfarca-o-fiasco-economico-de-2019\/#breadcrumb"},"inLanguage":"pt-BR","potentialAction":[{"@type":"ReadAction","target":["https:\/\/dana.com.br\/canaldana\/2020\/03\/09\/nem-palhacada-disfarca-o-fiasco-economico-de-2019\/"]}]},{"@type":"BreadcrumbList","@id":"https:\/\/dana.com.br\/canaldana\/2020\/03\/09\/nem-palhacada-disfarca-o-fiasco-economico-de-2019\/#breadcrumb","itemListElement":[{"@type":"ListItem","position":1,"name":"Home","item":"https:\/\/dana.com.br\/canaldana\/"},{"@type":"ListItem","position":2,"name":"Artigo","item":"https:\/\/dana.com.br\/canaldana\/artigo\/"},{"@type":"ListItem","position":3,"name":"Nem palha\u00e7ada disfar\u00e7a o fiasco econ\u00f4mico de 2019"}]},{"@type":"WebSite","@id":"https:\/\/dana.com.br\/canaldana\/#website","url":"https:\/\/dana.com.br\/canaldana\/","name":"Canal Dana","description":"Informativo com as principais not\u00edcias da ind\u00fastria automotiva","potentialAction":[{"@type":"SearchAction","target":{"@type":"EntryPoint","urlTemplate":"https:\/\/dana.com.br\/canaldana\/?s={search_term_string}"},"query-input":{"@type":"PropertyValueSpecification","valueRequired":true,"valueName":"search_term_string"}}],"inLanguage":"pt-BR"},{"@type":"Person","@id":"https:\/\/dana.com.br\/canaldana\/#\/schema\/person\/3c21f22f56fcf3bc46b94bc60ea4fef6","name":"Canal Dana","image":{"@type":"ImageObject","inLanguage":"pt-BR","@id":"https:\/\/secure.gravatar.com\/avatar\/420aaf9278582877d9018637c6817617705899d2858d7572ef0fe59a6b6454b4?s=96&d=mm&r=g","url":"https:\/\/secure.gravatar.com\/avatar\/420aaf9278582877d9018637c6817617705899d2858d7572ef0fe59a6b6454b4?s=96&d=mm&r=g","contentUrl":"https:\/\/secure.gravatar.com\/avatar\/420aaf9278582877d9018637c6817617705899d2858d7572ef0fe59a6b6454b4?s=96&d=mm&r=g","caption":"Canal Dana"},"url":"https:\/\/dana.com.br\/canaldana\/author\/cdeditor\/"}]}},"_links":{"self":[{"href":"https:\/\/dana.com.br\/canaldana\/wp-json\/wp\/v2\/posts\/41203","targetHints":{"allow":["GET"]}}],"collection":[{"href":"https:\/\/dana.com.br\/canaldana\/wp-json\/wp\/v2\/posts"}],"about":[{"href":"https:\/\/dana.com.br\/canaldana\/wp-json\/wp\/v2\/types\/post"}],"author":[{"embeddable":true,"href":"https:\/\/dana.com.br\/canaldana\/wp-json\/wp\/v2\/users\/3"}],"replies":[{"embeddable":true,"href":"https:\/\/dana.com.br\/canaldana\/wp-json\/wp\/v2\/comments?post=41203"}],"version-history":[{"count":0,"href":"https:\/\/dana.com.br\/canaldana\/wp-json\/wp\/v2\/posts\/41203\/revisions"}],"wp:attachment":[{"href":"https:\/\/dana.com.br\/canaldana\/wp-json\/wp\/v2\/media?parent=41203"}],"wp:term":[{"taxonomy":"category","embeddable":true,"href":"https:\/\/dana.com.br\/canaldana\/wp-json\/wp\/v2\/categories?post=41203"},{"taxonomy":"post_tag","embeddable":true,"href":"https:\/\/dana.com.br\/canaldana\/wp-json\/wp\/v2\/tags?post=41203"}],"curies":[{"name":"wp","href":"https:\/\/api.w.org\/{rel}","templated":true}]}}