{"id":41134,"date":"2020-03-05T08:00:20","date_gmt":"2020-03-05T11:00:20","guid":{"rendered":"https:\/\/dana.com.br\/canaldana\/?p=41134"},"modified":"2020-03-05T08:00:20","modified_gmt":"2020-03-05T11:00:20","slug":"michelin-recebe-premio-de-fabricante-de-pneus-do-ano","status":"publish","type":"post","link":"https:\/\/dana.com.br\/canaldana\/2020\/03\/05\/michelin-recebe-premio-de-fabricante-de-pneus-do-ano\/","title":{"rendered":"Michelin recebe pr\u00eamio de Fabricante de Pneus do ano"},"content":{"rendered":"<p><em>Frota &amp; Cia<\/em><\/p>\n<p>&nbsp;<\/p>\n<p>A Michelin acaba de receber pelo segundo ano consecutivo o pr\u00eamio de Fabricante de Pneus do Ano na Tire Technology Expo, em Hanover, na Alemanha. Sendo assim, \u00e9 a primeira vez que uma empresa fatura o t\u00edtulo por dois anos seguidos desde que o pr\u00eamio foi criado, em 2008. Al\u00e9m disso, a Michelin tamb\u00e9m foi premiada na categoria Inova\u00e7\u00e3o, com o pneu Uptis, \u00e0 prova de perfura\u00e7\u00f5es.<\/p>\n<p>&nbsp;<\/p>\n<p>De acordo com Florent Menegaux, CEO do Grupo Michelin, as premia\u00e7\u00f5es refletem as a\u00e7\u00f5es do grupo. \u201c\u00c9 uma grande honra receber o pr\u00eamio Fabricante de Pneus do Ano pelo segundo ano consecutivo. Combinado com o Pr\u00eamio de Inova\u00e7\u00e3o pelo Uptis, esses dois t\u00edtulos de prest\u00edgio premiam as orienta\u00e7\u00f5es estrat\u00e9gicas do Grupo. Obviamente, \u00e9 uma fonte de orgulho para todos n\u00f3s da Michelin. No entanto, \u00e9 tamb\u00e9m uma clara demonstra\u00e7\u00e3o da relev\u00e2ncia dos planos de a\u00e7\u00e3o da empresa, tanto em termos de inova\u00e7\u00e3o quanto de mobilidade sustent\u00e1vel\u201d, diz Florent Menegaux, CEO do Grupo Michelin.<\/p>\n<p>&nbsp;<\/p>\n<p>O Uptis, o pneu sem ar desenvolvido pela Michelin, que j\u00e1 recebeu diversos pr\u00eamios em 2019. Ao eliminar qualquer risco de perfura\u00e7\u00e3o, o Uptis oferece vantagens consider\u00e1veis que possibilitar\u00e3o maior tranquilidade aos motoristas durante suas viagens. Tamb\u00e9m dar\u00e1 aos gerentes e profissionais de frotas a oportunidade de otimizar a produtividade de seus neg\u00f3cios.<\/p>\n<p>&nbsp;<\/p>\n<p>A Tire Technology Expo, cuja 20\u00aa edi\u00e7\u00e3o foi realizada de 25 a 27 de fevereiro, \u00e9 um dos eventos mais importantes da Europa sobre tecnologia na fabrica\u00e7\u00e3o de pneus. As premia\u00e7\u00f5es s\u00e3o determinadas por um painel de especialistas do setor, reunindo profissionais de fabricantes de pneus, de fabricantes de ve\u00edculos, universidades e pesquisadores industriais. (Frota &amp; Cia\/Andr\u00e9 Garcia)<\/p>\n","protected":false},"excerpt":{"rendered":"<p>Frota &amp; Cia &nbsp; A Michelin acaba de receber pelo segundo ano consecutivo o pr\u00eamio de Fabricante de Pneus do Ano na Tire Technology Expo, em Hanover, na Alemanha. Sendo assim, \u00e9 a primeira vez que uma empresa fatura o t\u00edtulo por dois anos seguidos desde que o pr\u00eamio foi criado, em 2008. Al\u00e9m disso,\u2026 <a class=\"readmore\" href=\"https:\/\/dana.com.br\/canaldana\/2020\/03\/05\/michelin-recebe-premio-de-fabricante-de-pneus-do-ano\/\">Leia mais \u00bb<\/a><\/p>\n","protected":false},"author":3,"featured_media":0,"comment_status":"closed","ping_status":"closed","sticky":false,"template":"","format":"standard","meta":{"_acf_changed":false,"footnotes":""},"categories":[74],"tags":[],"class_list":["post-41134","post","type-post","status-publish","format-standard","hentry","category-premios"],"acf":[],"yoast_head":"<!-- This site is optimized with the Yoast SEO plugin v27.3 - https:\/\/yoast.com\/product\/yoast-seo-wordpress\/ -->\n<title>Michelin recebe pr\u00eamio de Fabricante de Pneus do ano - Canal Dana<\/title>\n<meta name=\"robots\" content=\"index, follow, max-snippet:-1, max-image-preview:large, max-video-preview:-1\" \/>\n<link rel=\"canonical\" href=\"https:\/\/dana.com.br\/canaldana\/2020\/03\/05\/michelin-recebe-premio-de-fabricante-de-pneus-do-ano\/\" \/>\n<meta property=\"og:locale\" content=\"pt_BR\" \/>\n<meta property=\"og:type\" content=\"article\" \/>\n<meta property=\"og:title\" content=\"Michelin recebe pr\u00eamio de Fabricante de Pneus do ano - Canal Dana\" \/>\n<meta property=\"og:description\" content=\"Frota &amp; Cia &nbsp; A Michelin acaba de receber pelo segundo ano consecutivo o pr\u00eamio de Fabricante de Pneus do Ano na Tire Technology Expo, em Hanover, na Alemanha. Sendo assim, \u00e9 a primeira vez que uma empresa fatura o t\u00edtulo por dois anos seguidos desde que o pr\u00eamio foi criado, em 2008. Al\u00e9m disso,\u2026 Leia mais \u00bb\" \/>\n<meta property=\"og:url\" content=\"https:\/\/dana.com.br\/canaldana\/2020\/03\/05\/michelin-recebe-premio-de-fabricante-de-pneus-do-ano\/\" \/>\n<meta property=\"og:site_name\" content=\"Canal Dana\" \/>\n<meta property=\"article:published_time\" content=\"2020-03-05T11:00:20+00:00\" \/>\n<meta name=\"author\" content=\"Canal Dana\" \/>\n<meta name=\"twitter:card\" content=\"summary_large_image\" \/>\n<meta name=\"twitter:label1\" content=\"Escrito por\" \/>\n\t<meta name=\"twitter:data1\" content=\"Canal Dana\" \/>\n\t<meta name=\"twitter:label2\" content=\"Est. tempo de leitura\" \/>\n\t<meta name=\"twitter:data2\" content=\"2 minutos\" \/>\n<script type=\"application\/ld+json\" class=\"yoast-schema-graph\">{\"@context\":\"https:\\\/\\\/schema.org\",\"@graph\":[{\"@type\":\"Article\",\"@id\":\"https:\\\/\\\/dana.com.br\\\/canaldana\\\/2020\\\/03\\\/05\\\/michelin-recebe-premio-de-fabricante-de-pneus-do-ano\\\/#article\",\"isPartOf\":{\"@id\":\"https:\\\/\\\/dana.com.br\\\/canaldana\\\/2020\\\/03\\\/05\\\/michelin-recebe-premio-de-fabricante-de-pneus-do-ano\\\/\"},\"author\":{\"name\":\"Canal Dana\",\"@id\":\"https:\\\/\\\/dana.com.br\\\/canaldana\\\/#\\\/schema\\\/person\\\/3c21f22f56fcf3bc46b94bc60ea4fef6\"},\"headline\":\"Michelin recebe pr\u00eamio de Fabricante de Pneus do ano\",\"datePublished\":\"2020-03-05T11:00:20+00:00\",\"mainEntityOfPage\":{\"@id\":\"https:\\\/\\\/dana.com.br\\\/canaldana\\\/2020\\\/03\\\/05\\\/michelin-recebe-premio-de-fabricante-de-pneus-do-ano\\\/\"},\"wordCount\":312,\"articleSection\":[\"Pr\u00eamios\"],\"inLanguage\":\"pt-BR\"},{\"@type\":\"WebPage\",\"@id\":\"https:\\\/\\\/dana.com.br\\\/canaldana\\\/2020\\\/03\\\/05\\\/michelin-recebe-premio-de-fabricante-de-pneus-do-ano\\\/\",\"url\":\"https:\\\/\\\/dana.com.br\\\/canaldana\\\/2020\\\/03\\\/05\\\/michelin-recebe-premio-de-fabricante-de-pneus-do-ano\\\/\",\"name\":\"Michelin recebe pr\u00eamio de Fabricante de Pneus do ano - Canal Dana\",\"isPartOf\":{\"@id\":\"https:\\\/\\\/dana.com.br\\\/canaldana\\\/#website\"},\"datePublished\":\"2020-03-05T11:00:20+00:00\",\"author\":{\"@id\":\"https:\\\/\\\/dana.com.br\\\/canaldana\\\/#\\\/schema\\\/person\\\/3c21f22f56fcf3bc46b94bc60ea4fef6\"},\"breadcrumb\":{\"@id\":\"https:\\\/\\\/dana.com.br\\\/canaldana\\\/2020\\\/03\\\/05\\\/michelin-recebe-premio-de-fabricante-de-pneus-do-ano\\\/#breadcrumb\"},\"inLanguage\":\"pt-BR\",\"potentialAction\":[{\"@type\":\"ReadAction\",\"target\":[\"https:\\\/\\\/dana.com.br\\\/canaldana\\\/2020\\\/03\\\/05\\\/michelin-recebe-premio-de-fabricante-de-pneus-do-ano\\\/\"]}]},{\"@type\":\"BreadcrumbList\",\"@id\":\"https:\\\/\\\/dana.com.br\\\/canaldana\\\/2020\\\/03\\\/05\\\/michelin-recebe-premio-de-fabricante-de-pneus-do-ano\\\/#breadcrumb\",\"itemListElement\":[{\"@type\":\"ListItem\",\"position\":1,\"name\":\"Home\",\"item\":\"https:\\\/\\\/dana.com.br\\\/canaldana\\\/\"},{\"@type\":\"ListItem\",\"position\":2,\"name\":\"Pr\u00eamios\",\"item\":\"https:\\\/\\\/dana.com.br\\\/canaldana\\\/premios\\\/\"},{\"@type\":\"ListItem\",\"position\":3,\"name\":\"Michelin recebe pr\u00eamio de Fabricante de Pneus do ano\"}]},{\"@type\":\"WebSite\",\"@id\":\"https:\\\/\\\/dana.com.br\\\/canaldana\\\/#website\",\"url\":\"https:\\\/\\\/dana.com.br\\\/canaldana\\\/\",\"name\":\"Canal Dana\",\"description\":\"Informativo com as principais not\u00edcias da ind\u00fastria automotiva\",\"potentialAction\":[{\"@type\":\"SearchAction\",\"target\":{\"@type\":\"EntryPoint\",\"urlTemplate\":\"https:\\\/\\\/dana.com.br\\\/canaldana\\\/?s={search_term_string}\"},\"query-input\":{\"@type\":\"PropertyValueSpecification\",\"valueRequired\":true,\"valueName\":\"search_term_string\"}}],\"inLanguage\":\"pt-BR\"},{\"@type\":\"Person\",\"@id\":\"https:\\\/\\\/dana.com.br\\\/canaldana\\\/#\\\/schema\\\/person\\\/3c21f22f56fcf3bc46b94bc60ea4fef6\",\"name\":\"Canal Dana\",\"image\":{\"@type\":\"ImageObject\",\"inLanguage\":\"pt-BR\",\"@id\":\"https:\\\/\\\/secure.gravatar.com\\\/avatar\\\/420aaf9278582877d9018637c6817617705899d2858d7572ef0fe59a6b6454b4?s=96&d=mm&r=g\",\"url\":\"https:\\\/\\\/secure.gravatar.com\\\/avatar\\\/420aaf9278582877d9018637c6817617705899d2858d7572ef0fe59a6b6454b4?s=96&d=mm&r=g\",\"contentUrl\":\"https:\\\/\\\/secure.gravatar.com\\\/avatar\\\/420aaf9278582877d9018637c6817617705899d2858d7572ef0fe59a6b6454b4?s=96&d=mm&r=g\",\"caption\":\"Canal Dana\"},\"url\":\"https:\\\/\\\/dana.com.br\\\/canaldana\\\/author\\\/cdeditor\\\/\"}]}<\/script>\n<!-- \/ Yoast SEO plugin. -->","yoast_head_json":{"title":"Michelin recebe pr\u00eamio de Fabricante de Pneus do ano - Canal Dana","robots":{"index":"index","follow":"follow","max-snippet":"max-snippet:-1","max-image-preview":"max-image-preview:large","max-video-preview":"max-video-preview:-1"},"canonical":"https:\/\/dana.com.br\/canaldana\/2020\/03\/05\/michelin-recebe-premio-de-fabricante-de-pneus-do-ano\/","og_locale":"pt_BR","og_type":"article","og_title":"Michelin recebe pr\u00eamio de Fabricante de Pneus do ano - Canal Dana","og_description":"Frota &amp; Cia &nbsp; A Michelin acaba de receber pelo segundo ano consecutivo o pr\u00eamio de Fabricante de Pneus do Ano na Tire Technology Expo, em Hanover, na Alemanha. Sendo assim, \u00e9 a primeira vez que uma empresa fatura o t\u00edtulo por dois anos seguidos desde que o pr\u00eamio foi criado, em 2008. Al\u00e9m disso,\u2026 Leia mais \u00bb","og_url":"https:\/\/dana.com.br\/canaldana\/2020\/03\/05\/michelin-recebe-premio-de-fabricante-de-pneus-do-ano\/","og_site_name":"Canal Dana","article_published_time":"2020-03-05T11:00:20+00:00","author":"Canal Dana","twitter_card":"summary_large_image","twitter_misc":{"Escrito por":"Canal Dana","Est. tempo de leitura":"2 minutos"},"schema":{"@context":"https:\/\/schema.org","@graph":[{"@type":"Article","@id":"https:\/\/dana.com.br\/canaldana\/2020\/03\/05\/michelin-recebe-premio-de-fabricante-de-pneus-do-ano\/#article","isPartOf":{"@id":"https:\/\/dana.com.br\/canaldana\/2020\/03\/05\/michelin-recebe-premio-de-fabricante-de-pneus-do-ano\/"},"author":{"name":"Canal Dana","@id":"https:\/\/dana.com.br\/canaldana\/#\/schema\/person\/3c21f22f56fcf3bc46b94bc60ea4fef6"},"headline":"Michelin recebe pr\u00eamio de Fabricante de Pneus do ano","datePublished":"2020-03-05T11:00:20+00:00","mainEntityOfPage":{"@id":"https:\/\/dana.com.br\/canaldana\/2020\/03\/05\/michelin-recebe-premio-de-fabricante-de-pneus-do-ano\/"},"wordCount":312,"articleSection":["Pr\u00eamios"],"inLanguage":"pt-BR"},{"@type":"WebPage","@id":"https:\/\/dana.com.br\/canaldana\/2020\/03\/05\/michelin-recebe-premio-de-fabricante-de-pneus-do-ano\/","url":"https:\/\/dana.com.br\/canaldana\/2020\/03\/05\/michelin-recebe-premio-de-fabricante-de-pneus-do-ano\/","name":"Michelin recebe pr\u00eamio de Fabricante de Pneus do ano - Canal Dana","isPartOf":{"@id":"https:\/\/dana.com.br\/canaldana\/#website"},"datePublished":"2020-03-05T11:00:20+00:00","author":{"@id":"https:\/\/dana.com.br\/canaldana\/#\/schema\/person\/3c21f22f56fcf3bc46b94bc60ea4fef6"},"breadcrumb":{"@id":"https:\/\/dana.com.br\/canaldana\/2020\/03\/05\/michelin-recebe-premio-de-fabricante-de-pneus-do-ano\/#breadcrumb"},"inLanguage":"pt-BR","potentialAction":[{"@type":"ReadAction","target":["https:\/\/dana.com.br\/canaldana\/2020\/03\/05\/michelin-recebe-premio-de-fabricante-de-pneus-do-ano\/"]}]},{"@type":"BreadcrumbList","@id":"https:\/\/dana.com.br\/canaldana\/2020\/03\/05\/michelin-recebe-premio-de-fabricante-de-pneus-do-ano\/#breadcrumb","itemListElement":[{"@type":"ListItem","position":1,"name":"Home","item":"https:\/\/dana.com.br\/canaldana\/"},{"@type":"ListItem","position":2,"name":"Pr\u00eamios","item":"https:\/\/dana.com.br\/canaldana\/premios\/"},{"@type":"ListItem","position":3,"name":"Michelin recebe pr\u00eamio de Fabricante de Pneus do ano"}]},{"@type":"WebSite","@id":"https:\/\/dana.com.br\/canaldana\/#website","url":"https:\/\/dana.com.br\/canaldana\/","name":"Canal Dana","description":"Informativo com as principais not\u00edcias da ind\u00fastria automotiva","potentialAction":[{"@type":"SearchAction","target":{"@type":"EntryPoint","urlTemplate":"https:\/\/dana.com.br\/canaldana\/?s={search_term_string}"},"query-input":{"@type":"PropertyValueSpecification","valueRequired":true,"valueName":"search_term_string"}}],"inLanguage":"pt-BR"},{"@type":"Person","@id":"https:\/\/dana.com.br\/canaldana\/#\/schema\/person\/3c21f22f56fcf3bc46b94bc60ea4fef6","name":"Canal Dana","image":{"@type":"ImageObject","inLanguage":"pt-BR","@id":"https:\/\/secure.gravatar.com\/avatar\/420aaf9278582877d9018637c6817617705899d2858d7572ef0fe59a6b6454b4?s=96&d=mm&r=g","url":"https:\/\/secure.gravatar.com\/avatar\/420aaf9278582877d9018637c6817617705899d2858d7572ef0fe59a6b6454b4?s=96&d=mm&r=g","contentUrl":"https:\/\/secure.gravatar.com\/avatar\/420aaf9278582877d9018637c6817617705899d2858d7572ef0fe59a6b6454b4?s=96&d=mm&r=g","caption":"Canal Dana"},"url":"https:\/\/dana.com.br\/canaldana\/author\/cdeditor\/"}]}},"_links":{"self":[{"href":"https:\/\/dana.com.br\/canaldana\/wp-json\/wp\/v2\/posts\/41134","targetHints":{"allow":["GET"]}}],"collection":[{"href":"https:\/\/dana.com.br\/canaldana\/wp-json\/wp\/v2\/posts"}],"about":[{"href":"https:\/\/dana.com.br\/canaldana\/wp-json\/wp\/v2\/types\/post"}],"author":[{"embeddable":true,"href":"https:\/\/dana.com.br\/canaldana\/wp-json\/wp\/v2\/users\/3"}],"replies":[{"embeddable":true,"href":"https:\/\/dana.com.br\/canaldana\/wp-json\/wp\/v2\/comments?post=41134"}],"version-history":[{"count":0,"href":"https:\/\/dana.com.br\/canaldana\/wp-json\/wp\/v2\/posts\/41134\/revisions"}],"wp:attachment":[{"href":"https:\/\/dana.com.br\/canaldana\/wp-json\/wp\/v2\/media?parent=41134"}],"wp:term":[{"taxonomy":"category","embeddable":true,"href":"https:\/\/dana.com.br\/canaldana\/wp-json\/wp\/v2\/categories?post=41134"},{"taxonomy":"post_tag","embeddable":true,"href":"https:\/\/dana.com.br\/canaldana\/wp-json\/wp\/v2\/tags?post=41134"}],"curies":[{"name":"wp","href":"https:\/\/api.w.org\/{rel}","templated":true}]}}