{"id":41016,"date":"2020-03-02T08:26:51","date_gmt":"2020-03-02T11:26:51","guid":{"rendered":"https:\/\/dana.com.br\/canaldana\/?p=41016"},"modified":"2020-03-02T08:26:51","modified_gmt":"2020-03-02T11:26:51","slug":"a-volta-dos-investimentos-em-sao-paulo","status":"publish","type":"post","link":"https:\/\/dana.com.br\/canaldana\/2020\/03\/02\/a-volta-dos-investimentos-em-sao-paulo\/","title":{"rendered":"A volta dos investimentos em S\u00e3o Paulo"},"content":{"rendered":"<p><em>O Estado de S. Paulo\/Notas &amp; Informa\u00e7\u00f5es<\/em><\/p>\n<p>&nbsp;<\/p>\n<p>Os investimentos no Estado de S\u00e3o Paulo voltaram, no ano passado, aos n\u00edveis anteriores \u00e0 crise econ\u00f4mica decorrente do fracasso da pol\u00edtica econ\u00f4mica do governo Dilma Rousseff. A Pesquisa de Investimentos Anunciados no Estado de S\u00e3o Paulo (Piesp), realizada pela Funda\u00e7\u00e3o Seade, estima que, em 2019, os investimentos na economia paulista alcan\u00e7aram R$ 100,1 bilh\u00f5es, praticamente o mesmo valor observado em 2015 (de R$ 101,6 bilh\u00f5es), no in\u00edcio da crise.<\/p>\n<p>&nbsp;<\/p>\n<p>A economia brasileira vem se recuperando da aventura lulopetista, mas o crescimento do PIB tem sido modesto, com expans\u00e3o de 1,3% em 2017 e em 2018. O resultado de 2019 ser\u00e1 conhecido nos pr\u00f3ximos dias, mas n\u00e3o se espera um n\u00famero maior que o dos dois anos anteriores. Por isso, \u00e9 muito expressivo o aumento de 80% nos investimentos anunciados em S\u00e3o Paulo no ano passado, na compara\u00e7\u00e3o com o ano anterior (R$ 55,7 bilh\u00f5es).<\/p>\n<p>&nbsp;<\/p>\n<p>Este \u00e9 o terceiro maior valor anual da s\u00e9rie iniciada em 1998. O recorde foi registrado em 2012, no primeiro mandato de Dilma Rousseff, quando a economia brasileira ainda era fortemente beneficiada pela alta no mercado mundial dos principais produtos de exporta\u00e7\u00e3o do Pa\u00eds.<\/p>\n<p>&nbsp;<\/p>\n<p>A Piesp baseia-se nos an\u00fancios registrados pela imprensa de investimentos de empresas privadas e p\u00fablicas. Esses an\u00fancios s\u00e3o triados pela equipe da Funda\u00e7\u00e3o Seade e as informa\u00e7\u00f5es s\u00e3o, depois, confirmadas e complementadas por contatos feitos com as empresas respons\u00e1veis pelos investimentos. Desse modo, segundo seus respons\u00e1veis, a pesquisa aponta tend\u00eancias setoriais e regionais da economia paulista, o que fornece mais elementos para decis\u00f5es dos respons\u00e1veis pela aplica\u00e7\u00e3o de recursos privados e p\u00fablicos.<\/p>\n<p>&nbsp;<\/p>\n<p>Os n\u00fameros da ind\u00fastria s\u00e3o os melhores desde que a Piesp come\u00e7ou a ser elaborada, h\u00e1 22 anos. Os investimentos industriais somaram R$ 29,2 bilh\u00f5es, dos quais mais de 75% foram destinados para os ramos automotivo (R$ 14,8 bilh\u00f5es) e de celulose e papel (R$ 7,5 bilh\u00f5es). O setor que mais recebeu investimentos foi o de infraestrutura (R$ 53,4 bilh\u00f5es), com destaque para eletricidade e g\u00e1s, transporte a\u00e9reo e telecomunica\u00e7\u00f5es.<\/p>\n<p>&nbsp;<\/p>\n<p>A Regi\u00e3o Metropolitana de S\u00e3o Paulo foi a que absorveu o maior volume de investimentos (R$ 34,6 bilh\u00f5es), seguindo-se as de Campinas, Santos e Sorocaba. (O Estado de S. Paulo\/Notas &amp; Informa\u00e7\u00f5es)<\/p>\n","protected":false},"excerpt":{"rendered":"<p>O Estado de S. Paulo\/Notas &amp; Informa\u00e7\u00f5es &nbsp; Os investimentos no Estado de S\u00e3o Paulo voltaram, no ano passado, aos n\u00edveis anteriores \u00e0 crise econ\u00f4mica decorrente do fracasso da pol\u00edtica econ\u00f4mica do governo Dilma Rousseff. A Pesquisa de Investimentos Anunciados no Estado de S\u00e3o Paulo (Piesp), realizada pela Funda\u00e7\u00e3o Seade, estima que, em 2019, os\u2026 <a class=\"readmore\" href=\"https:\/\/dana.com.br\/canaldana\/2020\/03\/02\/a-volta-dos-investimentos-em-sao-paulo\/\">Leia mais \u00bb<\/a><\/p>\n","protected":false},"author":3,"featured_media":0,"comment_status":"closed","ping_status":"closed","sticky":false,"template":"","format":"standard","meta":{"_acf_changed":false,"footnotes":""},"categories":[100],"tags":[],"class_list":["post-41016","post","type-post","status-publish","format-standard","hentry","category-artigo"],"acf":[],"yoast_head":"<!-- This site is optimized with the Yoast SEO plugin v27.3 - https:\/\/yoast.com\/product\/yoast-seo-wordpress\/ -->\n<title>A volta dos investimentos em S\u00e3o Paulo - Canal Dana<\/title>\n<meta name=\"robots\" content=\"index, follow, max-snippet:-1, max-image-preview:large, max-video-preview:-1\" \/>\n<link rel=\"canonical\" href=\"https:\/\/dana.com.br\/canaldana\/2020\/03\/02\/a-volta-dos-investimentos-em-sao-paulo\/\" \/>\n<meta property=\"og:locale\" content=\"pt_BR\" \/>\n<meta property=\"og:type\" content=\"article\" \/>\n<meta property=\"og:title\" content=\"A volta dos investimentos em S\u00e3o Paulo - Canal Dana\" \/>\n<meta property=\"og:description\" content=\"O Estado de S. Paulo\/Notas &amp; Informa\u00e7\u00f5es &nbsp; Os investimentos no Estado de S\u00e3o Paulo voltaram, no ano passado, aos n\u00edveis anteriores \u00e0 crise econ\u00f4mica decorrente do fracasso da pol\u00edtica econ\u00f4mica do governo Dilma Rousseff. A Pesquisa de Investimentos Anunciados no Estado de S\u00e3o Paulo (Piesp), realizada pela Funda\u00e7\u00e3o Seade, estima que, em 2019, os\u2026 Leia mais \u00bb\" \/>\n<meta property=\"og:url\" content=\"https:\/\/dana.com.br\/canaldana\/2020\/03\/02\/a-volta-dos-investimentos-em-sao-paulo\/\" \/>\n<meta property=\"og:site_name\" content=\"Canal Dana\" \/>\n<meta property=\"article:published_time\" content=\"2020-03-02T11:26:51+00:00\" \/>\n<meta name=\"author\" content=\"Canal Dana\" \/>\n<meta name=\"twitter:card\" content=\"summary_large_image\" \/>\n<meta name=\"twitter:label1\" content=\"Escrito por\" \/>\n\t<meta name=\"twitter:data1\" content=\"Canal Dana\" \/>\n\t<meta name=\"twitter:label2\" content=\"Est. tempo de leitura\" \/>\n\t<meta name=\"twitter:data2\" content=\"2 minutos\" \/>\n<script type=\"application\/ld+json\" class=\"yoast-schema-graph\">{\"@context\":\"https:\\\/\\\/schema.org\",\"@graph\":[{\"@type\":\"Article\",\"@id\":\"https:\\\/\\\/dana.com.br\\\/canaldana\\\/2020\\\/03\\\/02\\\/a-volta-dos-investimentos-em-sao-paulo\\\/#article\",\"isPartOf\":{\"@id\":\"https:\\\/\\\/dana.com.br\\\/canaldana\\\/2020\\\/03\\\/02\\\/a-volta-dos-investimentos-em-sao-paulo\\\/\"},\"author\":{\"name\":\"Canal Dana\",\"@id\":\"https:\\\/\\\/dana.com.br\\\/canaldana\\\/#\\\/schema\\\/person\\\/3c21f22f56fcf3bc46b94bc60ea4fef6\"},\"headline\":\"A volta dos investimentos em S\u00e3o Paulo\",\"datePublished\":\"2020-03-02T11:26:51+00:00\",\"mainEntityOfPage\":{\"@id\":\"https:\\\/\\\/dana.com.br\\\/canaldana\\\/2020\\\/03\\\/02\\\/a-volta-dos-investimentos-em-sao-paulo\\\/\"},\"wordCount\":415,\"articleSection\":[\"Artigo\"],\"inLanguage\":\"pt-BR\"},{\"@type\":\"WebPage\",\"@id\":\"https:\\\/\\\/dana.com.br\\\/canaldana\\\/2020\\\/03\\\/02\\\/a-volta-dos-investimentos-em-sao-paulo\\\/\",\"url\":\"https:\\\/\\\/dana.com.br\\\/canaldana\\\/2020\\\/03\\\/02\\\/a-volta-dos-investimentos-em-sao-paulo\\\/\",\"name\":\"A volta dos investimentos em S\u00e3o Paulo - Canal Dana\",\"isPartOf\":{\"@id\":\"https:\\\/\\\/dana.com.br\\\/canaldana\\\/#website\"},\"datePublished\":\"2020-03-02T11:26:51+00:00\",\"author\":{\"@id\":\"https:\\\/\\\/dana.com.br\\\/canaldana\\\/#\\\/schema\\\/person\\\/3c21f22f56fcf3bc46b94bc60ea4fef6\"},\"breadcrumb\":{\"@id\":\"https:\\\/\\\/dana.com.br\\\/canaldana\\\/2020\\\/03\\\/02\\\/a-volta-dos-investimentos-em-sao-paulo\\\/#breadcrumb\"},\"inLanguage\":\"pt-BR\",\"potentialAction\":[{\"@type\":\"ReadAction\",\"target\":[\"https:\\\/\\\/dana.com.br\\\/canaldana\\\/2020\\\/03\\\/02\\\/a-volta-dos-investimentos-em-sao-paulo\\\/\"]}]},{\"@type\":\"BreadcrumbList\",\"@id\":\"https:\\\/\\\/dana.com.br\\\/canaldana\\\/2020\\\/03\\\/02\\\/a-volta-dos-investimentos-em-sao-paulo\\\/#breadcrumb\",\"itemListElement\":[{\"@type\":\"ListItem\",\"position\":1,\"name\":\"Home\",\"item\":\"https:\\\/\\\/dana.com.br\\\/canaldana\\\/\"},{\"@type\":\"ListItem\",\"position\":2,\"name\":\"Artigo\",\"item\":\"https:\\\/\\\/dana.com.br\\\/canaldana\\\/artigo\\\/\"},{\"@type\":\"ListItem\",\"position\":3,\"name\":\"A volta dos investimentos em S\u00e3o Paulo\"}]},{\"@type\":\"WebSite\",\"@id\":\"https:\\\/\\\/dana.com.br\\\/canaldana\\\/#website\",\"url\":\"https:\\\/\\\/dana.com.br\\\/canaldana\\\/\",\"name\":\"Canal Dana\",\"description\":\"Informativo com as principais not\u00edcias da ind\u00fastria automotiva\",\"potentialAction\":[{\"@type\":\"SearchAction\",\"target\":{\"@type\":\"EntryPoint\",\"urlTemplate\":\"https:\\\/\\\/dana.com.br\\\/canaldana\\\/?s={search_term_string}\"},\"query-input\":{\"@type\":\"PropertyValueSpecification\",\"valueRequired\":true,\"valueName\":\"search_term_string\"}}],\"inLanguage\":\"pt-BR\"},{\"@type\":\"Person\",\"@id\":\"https:\\\/\\\/dana.com.br\\\/canaldana\\\/#\\\/schema\\\/person\\\/3c21f22f56fcf3bc46b94bc60ea4fef6\",\"name\":\"Canal Dana\",\"image\":{\"@type\":\"ImageObject\",\"inLanguage\":\"pt-BR\",\"@id\":\"https:\\\/\\\/secure.gravatar.com\\\/avatar\\\/420aaf9278582877d9018637c6817617705899d2858d7572ef0fe59a6b6454b4?s=96&d=mm&r=g\",\"url\":\"https:\\\/\\\/secure.gravatar.com\\\/avatar\\\/420aaf9278582877d9018637c6817617705899d2858d7572ef0fe59a6b6454b4?s=96&d=mm&r=g\",\"contentUrl\":\"https:\\\/\\\/secure.gravatar.com\\\/avatar\\\/420aaf9278582877d9018637c6817617705899d2858d7572ef0fe59a6b6454b4?s=96&d=mm&r=g\",\"caption\":\"Canal Dana\"},\"url\":\"https:\\\/\\\/dana.com.br\\\/canaldana\\\/author\\\/cdeditor\\\/\"}]}<\/script>\n<!-- \/ Yoast SEO plugin. -->","yoast_head_json":{"title":"A volta dos investimentos em S\u00e3o Paulo - Canal Dana","robots":{"index":"index","follow":"follow","max-snippet":"max-snippet:-1","max-image-preview":"max-image-preview:large","max-video-preview":"max-video-preview:-1"},"canonical":"https:\/\/dana.com.br\/canaldana\/2020\/03\/02\/a-volta-dos-investimentos-em-sao-paulo\/","og_locale":"pt_BR","og_type":"article","og_title":"A volta dos investimentos em S\u00e3o Paulo - Canal Dana","og_description":"O Estado de S. Paulo\/Notas &amp; Informa\u00e7\u00f5es &nbsp; Os investimentos no Estado de S\u00e3o Paulo voltaram, no ano passado, aos n\u00edveis anteriores \u00e0 crise econ\u00f4mica decorrente do fracasso da pol\u00edtica econ\u00f4mica do governo Dilma Rousseff. A Pesquisa de Investimentos Anunciados no Estado de S\u00e3o Paulo (Piesp), realizada pela Funda\u00e7\u00e3o Seade, estima que, em 2019, os\u2026 Leia mais \u00bb","og_url":"https:\/\/dana.com.br\/canaldana\/2020\/03\/02\/a-volta-dos-investimentos-em-sao-paulo\/","og_site_name":"Canal Dana","article_published_time":"2020-03-02T11:26:51+00:00","author":"Canal Dana","twitter_card":"summary_large_image","twitter_misc":{"Escrito por":"Canal Dana","Est. tempo de leitura":"2 minutos"},"schema":{"@context":"https:\/\/schema.org","@graph":[{"@type":"Article","@id":"https:\/\/dana.com.br\/canaldana\/2020\/03\/02\/a-volta-dos-investimentos-em-sao-paulo\/#article","isPartOf":{"@id":"https:\/\/dana.com.br\/canaldana\/2020\/03\/02\/a-volta-dos-investimentos-em-sao-paulo\/"},"author":{"name":"Canal Dana","@id":"https:\/\/dana.com.br\/canaldana\/#\/schema\/person\/3c21f22f56fcf3bc46b94bc60ea4fef6"},"headline":"A volta dos investimentos em S\u00e3o Paulo","datePublished":"2020-03-02T11:26:51+00:00","mainEntityOfPage":{"@id":"https:\/\/dana.com.br\/canaldana\/2020\/03\/02\/a-volta-dos-investimentos-em-sao-paulo\/"},"wordCount":415,"articleSection":["Artigo"],"inLanguage":"pt-BR"},{"@type":"WebPage","@id":"https:\/\/dana.com.br\/canaldana\/2020\/03\/02\/a-volta-dos-investimentos-em-sao-paulo\/","url":"https:\/\/dana.com.br\/canaldana\/2020\/03\/02\/a-volta-dos-investimentos-em-sao-paulo\/","name":"A volta dos investimentos em S\u00e3o Paulo - Canal Dana","isPartOf":{"@id":"https:\/\/dana.com.br\/canaldana\/#website"},"datePublished":"2020-03-02T11:26:51+00:00","author":{"@id":"https:\/\/dana.com.br\/canaldana\/#\/schema\/person\/3c21f22f56fcf3bc46b94bc60ea4fef6"},"breadcrumb":{"@id":"https:\/\/dana.com.br\/canaldana\/2020\/03\/02\/a-volta-dos-investimentos-em-sao-paulo\/#breadcrumb"},"inLanguage":"pt-BR","potentialAction":[{"@type":"ReadAction","target":["https:\/\/dana.com.br\/canaldana\/2020\/03\/02\/a-volta-dos-investimentos-em-sao-paulo\/"]}]},{"@type":"BreadcrumbList","@id":"https:\/\/dana.com.br\/canaldana\/2020\/03\/02\/a-volta-dos-investimentos-em-sao-paulo\/#breadcrumb","itemListElement":[{"@type":"ListItem","position":1,"name":"Home","item":"https:\/\/dana.com.br\/canaldana\/"},{"@type":"ListItem","position":2,"name":"Artigo","item":"https:\/\/dana.com.br\/canaldana\/artigo\/"},{"@type":"ListItem","position":3,"name":"A volta dos investimentos em S\u00e3o Paulo"}]},{"@type":"WebSite","@id":"https:\/\/dana.com.br\/canaldana\/#website","url":"https:\/\/dana.com.br\/canaldana\/","name":"Canal Dana","description":"Informativo com as principais not\u00edcias da ind\u00fastria automotiva","potentialAction":[{"@type":"SearchAction","target":{"@type":"EntryPoint","urlTemplate":"https:\/\/dana.com.br\/canaldana\/?s={search_term_string}"},"query-input":{"@type":"PropertyValueSpecification","valueRequired":true,"valueName":"search_term_string"}}],"inLanguage":"pt-BR"},{"@type":"Person","@id":"https:\/\/dana.com.br\/canaldana\/#\/schema\/person\/3c21f22f56fcf3bc46b94bc60ea4fef6","name":"Canal Dana","image":{"@type":"ImageObject","inLanguage":"pt-BR","@id":"https:\/\/secure.gravatar.com\/avatar\/420aaf9278582877d9018637c6817617705899d2858d7572ef0fe59a6b6454b4?s=96&d=mm&r=g","url":"https:\/\/secure.gravatar.com\/avatar\/420aaf9278582877d9018637c6817617705899d2858d7572ef0fe59a6b6454b4?s=96&d=mm&r=g","contentUrl":"https:\/\/secure.gravatar.com\/avatar\/420aaf9278582877d9018637c6817617705899d2858d7572ef0fe59a6b6454b4?s=96&d=mm&r=g","caption":"Canal Dana"},"url":"https:\/\/dana.com.br\/canaldana\/author\/cdeditor\/"}]}},"_links":{"self":[{"href":"https:\/\/dana.com.br\/canaldana\/wp-json\/wp\/v2\/posts\/41016","targetHints":{"allow":["GET"]}}],"collection":[{"href":"https:\/\/dana.com.br\/canaldana\/wp-json\/wp\/v2\/posts"}],"about":[{"href":"https:\/\/dana.com.br\/canaldana\/wp-json\/wp\/v2\/types\/post"}],"author":[{"embeddable":true,"href":"https:\/\/dana.com.br\/canaldana\/wp-json\/wp\/v2\/users\/3"}],"replies":[{"embeddable":true,"href":"https:\/\/dana.com.br\/canaldana\/wp-json\/wp\/v2\/comments?post=41016"}],"version-history":[{"count":0,"href":"https:\/\/dana.com.br\/canaldana\/wp-json\/wp\/v2\/posts\/41016\/revisions"}],"wp:attachment":[{"href":"https:\/\/dana.com.br\/canaldana\/wp-json\/wp\/v2\/media?parent=41016"}],"wp:term":[{"taxonomy":"category","embeddable":true,"href":"https:\/\/dana.com.br\/canaldana\/wp-json\/wp\/v2\/categories?post=41016"},{"taxonomy":"post_tag","embeddable":true,"href":"https:\/\/dana.com.br\/canaldana\/wp-json\/wp\/v2\/tags?post=41016"}],"curies":[{"name":"wp","href":"https:\/\/api.w.org\/{rel}","templated":true}]}}