{"id":40903,"date":"2020-02-26T08:31:03","date_gmt":"2020-02-26T11:31:03","guid":{"rendered":"https:\/\/dana.com.br\/canaldana\/?p=40903"},"modified":"2020-02-26T08:31:03","modified_gmt":"2020-02-26T11:31:03","slug":"bolsonaro-diz-que-vai-aos-eua-para-tentar-trazer-fabrica-da-tesla-para-o-brasil","status":"publish","type":"post","link":"https:\/\/dana.com.br\/canaldana\/2020\/02\/26\/bolsonaro-diz-que-vai-aos-eua-para-tentar-trazer-fabrica-da-tesla-para-o-brasil\/","title":{"rendered":"Bolsonaro diz que vai aos EUA para tentar trazer f\u00e1brica da Tesla para o Brasil"},"content":{"rendered":"<p><em>O Estado de S. Paulo\/Reuters\u00a0 <\/em><\/p>\n<p>&nbsp;<\/p>\n<p>O presidente Jair Bolsonaro confirmou que pretende ir aos Estados Unidos em mar\u00e7o e tentar atrair para o Brasil uma f\u00e1brica da montadora de carros el\u00e9tricos de luxo Tesla.<\/p>\n<p>&nbsp;<\/p>\n<p>\u201cEm mar\u00e7o estarei nos Estados Unidos. Em nossa extensa agenda a possibilidade da Tesla no Brasil\u201d, escreveu o presidente no Twitter.<\/p>\n<p>&nbsp;<\/p>\n<p>Na \u00faltima quinta-feira, 20, o deputado federal Eduardo Bolsonaro (PSL-SP), que j\u00e1 foi cotado pelo governo de seu pai, Jair Bolsonaro, para ser embaixador do Brasil em Washington, havia publicado tamb\u00e9m no Twitter que havia interesse do Brasil em trazer uma unidade da Tesla para o Pa\u00eds. Ele disse ter participado de videoconfer\u00eancia com o ministro da Ci\u00eancia e Tecnologia, Marcos Pontes, e o ministro-conselheiro da embaixada dos EUA no Brasil, William Popp, para discutir o assunto.<\/p>\n<p>&nbsp;<\/p>\n<p>\u201cO Ministro Marcos Pontes&#8230;.estava em videoconfer\u00eancia conosco e Sr. Popp da Embaixada dos EUA no Minist\u00e9rio de Ci\u00eancia e Tecnologia tratando de atrair para o Brasil f\u00e1brica da americana Tesla, empresa de tecnologia renov\u00e1vel que produz baterias e carros el\u00e9tricos\u201d, escreveu na rede social.<\/p>\n<p>&nbsp;<\/p>\n<p>Procurados, representantes do Minist\u00e9rio de Ci\u00eancia e Tecnologia e da Tesla n\u00e3o se manifestaram sobre o assunto.<\/p>\n<p>&nbsp;<\/p>\n<p>A empresa americana se notabilizou pela produ\u00e7\u00e3o de carros el\u00e9tricos com grande autonomia de bateria, mas tamb\u00e9m atua no mercado de energia solar. O carro mais em conta produzido pela companhia, o \u201cmodelo 3\u201d, custa US$ 39.990 nos Estados Unidos, o equivalente a cerca de R$ 175 mil. (O Estado de S. Paulo\/Reuters\/C\u00edcero Cotrim)<\/p>\n","protected":false},"excerpt":{"rendered":"<p>O Estado de S. Paulo\/Reuters\u00a0 &nbsp; O presidente Jair Bolsonaro confirmou que pretende ir aos Estados Unidos em mar\u00e7o e tentar atrair para o Brasil uma f\u00e1brica da montadora de carros el\u00e9tricos de luxo Tesla. &nbsp; \u201cEm mar\u00e7o estarei nos Estados Unidos. Em nossa extensa agenda a possibilidade da Tesla no Brasil\u201d, escreveu o presidente\u2026 <a class=\"readmore\" href=\"https:\/\/dana.com.br\/canaldana\/2020\/02\/26\/bolsonaro-diz-que-vai-aos-eua-para-tentar-trazer-fabrica-da-tesla-para-o-brasil\/\">Leia mais \u00bb<\/a><\/p>\n","protected":false},"author":3,"featured_media":0,"comment_status":"closed","ping_status":"closed","sticky":false,"template":"","format":"standard","meta":{"_acf_changed":false,"footnotes":""},"categories":[110],"tags":[],"class_list":["post-40903","post","type-post","status-publish","format-standard","hentry","category-eletricos"],"acf":[],"yoast_head":"<!-- This site is optimized with the Yoast SEO plugin v27.5 - https:\/\/yoast.com\/product\/yoast-seo-wordpress\/ -->\n<title>Bolsonaro diz que vai aos EUA para tentar trazer f\u00e1brica da Tesla para o Brasil - Canal Dana<\/title>\n<meta name=\"robots\" content=\"index, follow, max-snippet:-1, max-image-preview:large, max-video-preview:-1\" \/>\n<link rel=\"canonical\" href=\"https:\/\/dana.com.br\/canaldana\/2020\/02\/26\/bolsonaro-diz-que-vai-aos-eua-para-tentar-trazer-fabrica-da-tesla-para-o-brasil\/\" \/>\n<meta property=\"og:locale\" content=\"pt_BR\" \/>\n<meta property=\"og:type\" content=\"article\" \/>\n<meta property=\"og:title\" content=\"Bolsonaro diz que vai aos EUA para tentar trazer f\u00e1brica da Tesla para o Brasil - Canal Dana\" \/>\n<meta property=\"og:description\" content=\"O Estado de S. Paulo\/Reuters\u00a0 &nbsp; O presidente Jair Bolsonaro confirmou que pretende ir aos Estados Unidos em mar\u00e7o e tentar atrair para o Brasil uma f\u00e1brica da montadora de carros el\u00e9tricos de luxo Tesla. &nbsp; \u201cEm mar\u00e7o estarei nos Estados Unidos. Em nossa extensa agenda a possibilidade da Tesla no Brasil\u201d, escreveu o presidente\u2026 Leia mais \u00bb\" \/>\n<meta property=\"og:url\" content=\"https:\/\/dana.com.br\/canaldana\/2020\/02\/26\/bolsonaro-diz-que-vai-aos-eua-para-tentar-trazer-fabrica-da-tesla-para-o-brasil\/\" \/>\n<meta property=\"og:site_name\" content=\"Canal Dana\" \/>\n<meta property=\"article:published_time\" content=\"2020-02-26T11:31:03+00:00\" \/>\n<meta name=\"author\" content=\"Canal Dana\" \/>\n<meta name=\"twitter:card\" content=\"summary_large_image\" \/>\n<meta name=\"twitter:label1\" content=\"Escrito por\" \/>\n\t<meta name=\"twitter:data1\" content=\"Canal Dana\" \/>\n\t<meta name=\"twitter:label2\" content=\"Est. tempo de leitura\" \/>\n\t<meta name=\"twitter:data2\" content=\"1 minuto\" \/>\n<script type=\"application\/ld+json\" class=\"yoast-schema-graph\">{\"@context\":\"https:\\\/\\\/schema.org\",\"@graph\":[{\"@type\":\"Article\",\"@id\":\"https:\\\/\\\/dana.com.br\\\/canaldana\\\/2020\\\/02\\\/26\\\/bolsonaro-diz-que-vai-aos-eua-para-tentar-trazer-fabrica-da-tesla-para-o-brasil\\\/#article\",\"isPartOf\":{\"@id\":\"https:\\\/\\\/dana.com.br\\\/canaldana\\\/2020\\\/02\\\/26\\\/bolsonaro-diz-que-vai-aos-eua-para-tentar-trazer-fabrica-da-tesla-para-o-brasil\\\/\"},\"author\":{\"name\":\"Canal Dana\",\"@id\":\"https:\\\/\\\/dana.com.br\\\/canaldana\\\/#\\\/schema\\\/person\\\/3c21f22f56fcf3bc46b94bc60ea4fef6\"},\"headline\":\"Bolsonaro diz que vai aos EUA para tentar trazer f\u00e1brica da Tesla para o Brasil\",\"datePublished\":\"2020-02-26T11:31:03+00:00\",\"mainEntityOfPage\":{\"@id\":\"https:\\\/\\\/dana.com.br\\\/canaldana\\\/2020\\\/02\\\/26\\\/bolsonaro-diz-que-vai-aos-eua-para-tentar-trazer-fabrica-da-tesla-para-o-brasil\\\/\"},\"wordCount\":290,\"articleSection\":[\"El\u00e9tricos\"],\"inLanguage\":\"pt-BR\"},{\"@type\":\"WebPage\",\"@id\":\"https:\\\/\\\/dana.com.br\\\/canaldana\\\/2020\\\/02\\\/26\\\/bolsonaro-diz-que-vai-aos-eua-para-tentar-trazer-fabrica-da-tesla-para-o-brasil\\\/\",\"url\":\"https:\\\/\\\/dana.com.br\\\/canaldana\\\/2020\\\/02\\\/26\\\/bolsonaro-diz-que-vai-aos-eua-para-tentar-trazer-fabrica-da-tesla-para-o-brasil\\\/\",\"name\":\"Bolsonaro diz que vai aos EUA para tentar trazer f\u00e1brica da Tesla para o Brasil - Canal Dana\",\"isPartOf\":{\"@id\":\"https:\\\/\\\/dana.com.br\\\/canaldana\\\/#website\"},\"datePublished\":\"2020-02-26T11:31:03+00:00\",\"author\":{\"@id\":\"https:\\\/\\\/dana.com.br\\\/canaldana\\\/#\\\/schema\\\/person\\\/3c21f22f56fcf3bc46b94bc60ea4fef6\"},\"breadcrumb\":{\"@id\":\"https:\\\/\\\/dana.com.br\\\/canaldana\\\/2020\\\/02\\\/26\\\/bolsonaro-diz-que-vai-aos-eua-para-tentar-trazer-fabrica-da-tesla-para-o-brasil\\\/#breadcrumb\"},\"inLanguage\":\"pt-BR\",\"potentialAction\":[{\"@type\":\"ReadAction\",\"target\":[\"https:\\\/\\\/dana.com.br\\\/canaldana\\\/2020\\\/02\\\/26\\\/bolsonaro-diz-que-vai-aos-eua-para-tentar-trazer-fabrica-da-tesla-para-o-brasil\\\/\"]}]},{\"@type\":\"BreadcrumbList\",\"@id\":\"https:\\\/\\\/dana.com.br\\\/canaldana\\\/2020\\\/02\\\/26\\\/bolsonaro-diz-que-vai-aos-eua-para-tentar-trazer-fabrica-da-tesla-para-o-brasil\\\/#breadcrumb\",\"itemListElement\":[{\"@type\":\"ListItem\",\"position\":1,\"name\":\"Home\",\"item\":\"https:\\\/\\\/dana.com.br\\\/canaldana\\\/\"},{\"@type\":\"ListItem\",\"position\":2,\"name\":\"El\u00e9tricos\",\"item\":\"https:\\\/\\\/dana.com.br\\\/canaldana\\\/eletricos\\\/\"},{\"@type\":\"ListItem\",\"position\":3,\"name\":\"Bolsonaro diz que vai aos EUA para tentar trazer f\u00e1brica da Tesla para o Brasil\"}]},{\"@type\":\"WebSite\",\"@id\":\"https:\\\/\\\/dana.com.br\\\/canaldana\\\/#website\",\"url\":\"https:\\\/\\\/dana.com.br\\\/canaldana\\\/\",\"name\":\"Canal Dana\",\"description\":\"Informativo com as principais not\u00edcias da ind\u00fastria automotiva\",\"potentialAction\":[{\"@type\":\"SearchAction\",\"target\":{\"@type\":\"EntryPoint\",\"urlTemplate\":\"https:\\\/\\\/dana.com.br\\\/canaldana\\\/?s={search_term_string}\"},\"query-input\":{\"@type\":\"PropertyValueSpecification\",\"valueRequired\":true,\"valueName\":\"search_term_string\"}}],\"inLanguage\":\"pt-BR\"},{\"@type\":\"Person\",\"@id\":\"https:\\\/\\\/dana.com.br\\\/canaldana\\\/#\\\/schema\\\/person\\\/3c21f22f56fcf3bc46b94bc60ea4fef6\",\"name\":\"Canal Dana\",\"image\":{\"@type\":\"ImageObject\",\"inLanguage\":\"pt-BR\",\"@id\":\"https:\\\/\\\/secure.gravatar.com\\\/avatar\\\/420aaf9278582877d9018637c6817617705899d2858d7572ef0fe59a6b6454b4?s=96&d=mm&r=g\",\"url\":\"https:\\\/\\\/secure.gravatar.com\\\/avatar\\\/420aaf9278582877d9018637c6817617705899d2858d7572ef0fe59a6b6454b4?s=96&d=mm&r=g\",\"contentUrl\":\"https:\\\/\\\/secure.gravatar.com\\\/avatar\\\/420aaf9278582877d9018637c6817617705899d2858d7572ef0fe59a6b6454b4?s=96&d=mm&r=g\",\"caption\":\"Canal Dana\"},\"url\":\"https:\\\/\\\/dana.com.br\\\/canaldana\\\/author\\\/cdeditor\\\/\"}]}<\/script>\n<!-- \/ Yoast SEO plugin. -->","yoast_head_json":{"title":"Bolsonaro diz que vai aos EUA para tentar trazer f\u00e1brica da Tesla para o Brasil - Canal Dana","robots":{"index":"index","follow":"follow","max-snippet":"max-snippet:-1","max-image-preview":"max-image-preview:large","max-video-preview":"max-video-preview:-1"},"canonical":"https:\/\/dana.com.br\/canaldana\/2020\/02\/26\/bolsonaro-diz-que-vai-aos-eua-para-tentar-trazer-fabrica-da-tesla-para-o-brasil\/","og_locale":"pt_BR","og_type":"article","og_title":"Bolsonaro diz que vai aos EUA para tentar trazer f\u00e1brica da Tesla para o Brasil - Canal Dana","og_description":"O Estado de S. Paulo\/Reuters\u00a0 &nbsp; O presidente Jair Bolsonaro confirmou que pretende ir aos Estados Unidos em mar\u00e7o e tentar atrair para o Brasil uma f\u00e1brica da montadora de carros el\u00e9tricos de luxo Tesla. &nbsp; \u201cEm mar\u00e7o estarei nos Estados Unidos. Em nossa extensa agenda a possibilidade da Tesla no Brasil\u201d, escreveu o presidente\u2026 Leia mais \u00bb","og_url":"https:\/\/dana.com.br\/canaldana\/2020\/02\/26\/bolsonaro-diz-que-vai-aos-eua-para-tentar-trazer-fabrica-da-tesla-para-o-brasil\/","og_site_name":"Canal Dana","article_published_time":"2020-02-26T11:31:03+00:00","author":"Canal Dana","twitter_card":"summary_large_image","twitter_misc":{"Escrito por":"Canal Dana","Est. tempo de leitura":"1 minuto"},"schema":{"@context":"https:\/\/schema.org","@graph":[{"@type":"Article","@id":"https:\/\/dana.com.br\/canaldana\/2020\/02\/26\/bolsonaro-diz-que-vai-aos-eua-para-tentar-trazer-fabrica-da-tesla-para-o-brasil\/#article","isPartOf":{"@id":"https:\/\/dana.com.br\/canaldana\/2020\/02\/26\/bolsonaro-diz-que-vai-aos-eua-para-tentar-trazer-fabrica-da-tesla-para-o-brasil\/"},"author":{"name":"Canal Dana","@id":"https:\/\/dana.com.br\/canaldana\/#\/schema\/person\/3c21f22f56fcf3bc46b94bc60ea4fef6"},"headline":"Bolsonaro diz que vai aos EUA para tentar trazer f\u00e1brica da Tesla para o Brasil","datePublished":"2020-02-26T11:31:03+00:00","mainEntityOfPage":{"@id":"https:\/\/dana.com.br\/canaldana\/2020\/02\/26\/bolsonaro-diz-que-vai-aos-eua-para-tentar-trazer-fabrica-da-tesla-para-o-brasil\/"},"wordCount":290,"articleSection":["El\u00e9tricos"],"inLanguage":"pt-BR"},{"@type":"WebPage","@id":"https:\/\/dana.com.br\/canaldana\/2020\/02\/26\/bolsonaro-diz-que-vai-aos-eua-para-tentar-trazer-fabrica-da-tesla-para-o-brasil\/","url":"https:\/\/dana.com.br\/canaldana\/2020\/02\/26\/bolsonaro-diz-que-vai-aos-eua-para-tentar-trazer-fabrica-da-tesla-para-o-brasil\/","name":"Bolsonaro diz que vai aos EUA para tentar trazer f\u00e1brica da Tesla para o Brasil - Canal Dana","isPartOf":{"@id":"https:\/\/dana.com.br\/canaldana\/#website"},"datePublished":"2020-02-26T11:31:03+00:00","author":{"@id":"https:\/\/dana.com.br\/canaldana\/#\/schema\/person\/3c21f22f56fcf3bc46b94bc60ea4fef6"},"breadcrumb":{"@id":"https:\/\/dana.com.br\/canaldana\/2020\/02\/26\/bolsonaro-diz-que-vai-aos-eua-para-tentar-trazer-fabrica-da-tesla-para-o-brasil\/#breadcrumb"},"inLanguage":"pt-BR","potentialAction":[{"@type":"ReadAction","target":["https:\/\/dana.com.br\/canaldana\/2020\/02\/26\/bolsonaro-diz-que-vai-aos-eua-para-tentar-trazer-fabrica-da-tesla-para-o-brasil\/"]}]},{"@type":"BreadcrumbList","@id":"https:\/\/dana.com.br\/canaldana\/2020\/02\/26\/bolsonaro-diz-que-vai-aos-eua-para-tentar-trazer-fabrica-da-tesla-para-o-brasil\/#breadcrumb","itemListElement":[{"@type":"ListItem","position":1,"name":"Home","item":"https:\/\/dana.com.br\/canaldana\/"},{"@type":"ListItem","position":2,"name":"El\u00e9tricos","item":"https:\/\/dana.com.br\/canaldana\/eletricos\/"},{"@type":"ListItem","position":3,"name":"Bolsonaro diz que vai aos EUA para tentar trazer f\u00e1brica da Tesla para o Brasil"}]},{"@type":"WebSite","@id":"https:\/\/dana.com.br\/canaldana\/#website","url":"https:\/\/dana.com.br\/canaldana\/","name":"Canal Dana","description":"Informativo com as principais not\u00edcias da ind\u00fastria automotiva","potentialAction":[{"@type":"SearchAction","target":{"@type":"EntryPoint","urlTemplate":"https:\/\/dana.com.br\/canaldana\/?s={search_term_string}"},"query-input":{"@type":"PropertyValueSpecification","valueRequired":true,"valueName":"search_term_string"}}],"inLanguage":"pt-BR"},{"@type":"Person","@id":"https:\/\/dana.com.br\/canaldana\/#\/schema\/person\/3c21f22f56fcf3bc46b94bc60ea4fef6","name":"Canal Dana","image":{"@type":"ImageObject","inLanguage":"pt-BR","@id":"https:\/\/secure.gravatar.com\/avatar\/420aaf9278582877d9018637c6817617705899d2858d7572ef0fe59a6b6454b4?s=96&d=mm&r=g","url":"https:\/\/secure.gravatar.com\/avatar\/420aaf9278582877d9018637c6817617705899d2858d7572ef0fe59a6b6454b4?s=96&d=mm&r=g","contentUrl":"https:\/\/secure.gravatar.com\/avatar\/420aaf9278582877d9018637c6817617705899d2858d7572ef0fe59a6b6454b4?s=96&d=mm&r=g","caption":"Canal Dana"},"url":"https:\/\/dana.com.br\/canaldana\/author\/cdeditor\/"}]}},"_links":{"self":[{"href":"https:\/\/dana.com.br\/canaldana\/wp-json\/wp\/v2\/posts\/40903","targetHints":{"allow":["GET"]}}],"collection":[{"href":"https:\/\/dana.com.br\/canaldana\/wp-json\/wp\/v2\/posts"}],"about":[{"href":"https:\/\/dana.com.br\/canaldana\/wp-json\/wp\/v2\/types\/post"}],"author":[{"embeddable":true,"href":"https:\/\/dana.com.br\/canaldana\/wp-json\/wp\/v2\/users\/3"}],"replies":[{"embeddable":true,"href":"https:\/\/dana.com.br\/canaldana\/wp-json\/wp\/v2\/comments?post=40903"}],"version-history":[{"count":0,"href":"https:\/\/dana.com.br\/canaldana\/wp-json\/wp\/v2\/posts\/40903\/revisions"}],"wp:attachment":[{"href":"https:\/\/dana.com.br\/canaldana\/wp-json\/wp\/v2\/media?parent=40903"}],"wp:term":[{"taxonomy":"category","embeddable":true,"href":"https:\/\/dana.com.br\/canaldana\/wp-json\/wp\/v2\/categories?post=40903"},{"taxonomy":"post_tag","embeddable":true,"href":"https:\/\/dana.com.br\/canaldana\/wp-json\/wp\/v2\/tags?post=40903"}],"curies":[{"name":"wp","href":"https:\/\/api.w.org\/{rel}","templated":true}]}}