{"id":40899,"date":"2020-02-26T08:29:51","date_gmt":"2020-02-26T11:29:51","guid":{"rendered":"https:\/\/dana.com.br\/canaldana\/?p=40899"},"modified":"2020-02-26T08:29:51","modified_gmt":"2020-02-26T11:29:51","slug":"carregamento-sem-fio-deve-ser-o-futuro-dos-carros-eletricos","status":"publish","type":"post","link":"https:\/\/dana.com.br\/canaldana\/2020\/02\/26\/carregamento-sem-fio-deve-ser-o-futuro-dos-carros-eletricos\/","title":{"rendered":"Carregamento sem fio deve ser o futuro dos carros el\u00e9tricos"},"content":{"rendered":"<p><em>IG Carros\/Roadshow<\/em><\/p>\n<p>&nbsp;<\/p>\n<p>Assim como j\u00e1 \u00e9 poss\u00edvel o carregamento sem fio para alguns modelos de celular, com a linha de carros el\u00e9tricos da BMW pode n\u00e3o ser diferente. A empresa alem\u00e3 est\u00e1 desenvolvendo um carregador sem fio para seus ve\u00edculos el\u00e9tricos, o que pode configurar o come\u00e7o de um novo futuro.<\/p>\n<p>&nbsp;<\/p>\n<p>Carregar um ve\u00edculo com um cabo apresenta diversas dificuldades. A primeira e principal delas \u00e9 encontrar uma esta\u00e7\u00e3o de carregamento com o conector certo para seu carro. \u00c9 quase como abastecer apenas em um posto de gasolina que tenha o mesmo pa\u00eds de origem do ve\u00edculo.<\/p>\n<p>&nbsp;<\/p>\n<p>A falta de padroniza\u00e7\u00e3o de esta\u00e7\u00f5es de carregamento \u00e9 um dos grandes desafios para montadoras, gerentes de infraestrutura e propriet\u00e1rios de ve\u00edculos, at\u00e9 mesmo em pa\u00edses onde os carros el\u00e9tricos j\u00e1 s\u00e3o realidade. E mesmo que encontre um bom lugar para abastecer, isso demanda tempo. Recuperar a energia de um carro el\u00e9trico demora muito mais do que encher o tanque de gasolina.<\/p>\n<p>&nbsp;<\/p>\n<p>O carregamento sem fio pode transformar todas essas dificuldades enquanto o ve\u00edculo estiver estacionado. Sem filas, sem conectores confusos, apenas parado e desligado.<\/p>\n<p>&nbsp;<\/p>\n<p>O padr\u00e3o de carregamento sem fio da Society of Automotive Engineers (SAE J2954) est\u00e1 quase em sua vers\u00e3o final e pode criar confian\u00e7a em montadoras, gerentes de infraestrutura e propriet\u00e1rios de ve\u00edculos para adotarem essa tecnologia. Essa facilidade pode tamb\u00e9m reduzir a necessidade de instala\u00e7\u00e3o de um carregador caro em casa, baixando o custo total de um carro el\u00e9trico. O lan\u00e7amento comercial do padr\u00e3o de carregamento sem fio baseado em J2954 \u00e9 esperado ainda para este ano.<\/p>\n<p>&nbsp;<\/p>\n<p>Outro ponto a favor desse tipo de carregamento \u00e9 a autonomia da bateria. Os carros el\u00e9tricos produzidos atualmente saem de f\u00e1brica com um alcance muito alto e dificilmente usado. A dist\u00e2ncia m\u00e9dia percorrida de carro nos EUA \u00e9 de dez quil\u00f4metros ou menos, mas os consumidores compram ve\u00edculos como se fossem atravessar o pa\u00eds todos os dias, porque o carregamento ainda \u00e9 algo incerto, e as montadoras entendem que o alcance da bateria deve ser equivalente \u00e0 capacidade do tanque.<\/p>\n<p>&nbsp;<\/p>\n<p>A BMW vem testando a tecnologia do SAE J2954 em alguns modelos 530e plug-in h\u00edbridos equipados com a tecnologia wireless WiTricity. A Hyundai aproveitou os testes para us\u00e1-lo tamb\u00e9m como assistente de estacionamento aut\u00f4nomo. Outras montadoras, como GM, Nissan e Honda, tamb\u00e9m s\u00e3o parceiras no desenvolvimento da tecnologia.<\/p>\n<p>&nbsp;<\/p>\n<p>Atualmente, a maioria das instala\u00e7\u00f5es de carregamento sem fio est\u00e3o em resid\u00eancias, principalmente na Europa. Mas a Research and Markets estima que, at\u00e9 2027, esse mercado crescer\u00e1 de US$ 16 milh\u00f5es para US$ 234 milh\u00f5es.<\/p>\n<p>&nbsp;<\/p>\n<p>Entretanto, o crescimento n\u00e3o \u00e9 t\u00e3o simples assim. Para que essa mudan\u00e7a aconte\u00e7a, as montadoras devem massificar o uso do SAE J2954. O carregamento sem fio n\u00e3o vai dominar o mercado de uma hora para outra, se \u00e9 que vai de fato ser o l\u00edder em algum momento. Isso desenha um futuro em que as fabricantes precisar\u00e3o criar ve\u00edculos com duas interfaces de carregamento, uma com fio e outra wireless, por muitos anos.<\/p>\n<p>&nbsp;<\/p>\n<p>A instala\u00e7\u00e3o de placas de carregamento em muitos lugares exigir\u00e1 muitos projetos de engenharia, permiss\u00f5es, fornecimento de servi\u00e7os p\u00fablicos e arrendamentos &#8211; algo que tamb\u00e9m aconteceria com a expans\u00e3o da infraestrutura comum.<\/p>\n<p>&nbsp;<\/p>\n<p>A aus\u00eancia da Tesla neste investimento tamb\u00e9m deve ser levada em conta. A empresa, que hoje \u00e9 a maior da ind\u00fastria de carros el\u00e9tricos, prefere apostar em baterias grandes e superchargers. (IG Carros\/Roadshow)<\/p>\n","protected":false},"excerpt":{"rendered":"<p>IG Carros\/Roadshow &nbsp; Assim como j\u00e1 \u00e9 poss\u00edvel o carregamento sem fio para alguns modelos de celular, com a linha de carros el\u00e9tricos da BMW pode n\u00e3o ser diferente. A empresa alem\u00e3 est\u00e1 desenvolvendo um carregador sem fio para seus ve\u00edculos el\u00e9tricos, o que pode configurar o come\u00e7o de um novo futuro. &nbsp; Carregar um\u2026 <a class=\"readmore\" href=\"https:\/\/dana.com.br\/canaldana\/2020\/02\/26\/carregamento-sem-fio-deve-ser-o-futuro-dos-carros-eletricos\/\">Leia mais \u00bb<\/a><\/p>\n","protected":false},"author":3,"featured_media":0,"comment_status":"closed","ping_status":"closed","sticky":false,"template":"","format":"standard","meta":{"_acf_changed":false,"footnotes":""},"categories":[110],"tags":[],"class_list":["post-40899","post","type-post","status-publish","format-standard","hentry","category-eletricos"],"acf":[],"yoast_head":"<!-- This site is optimized with the Yoast SEO plugin v27.5 - https:\/\/yoast.com\/product\/yoast-seo-wordpress\/ -->\n<title>Carregamento sem fio deve ser o futuro dos carros el\u00e9tricos - Canal Dana<\/title>\n<meta name=\"robots\" content=\"index, follow, max-snippet:-1, max-image-preview:large, max-video-preview:-1\" \/>\n<link rel=\"canonical\" href=\"https:\/\/dana.com.br\/canaldana\/2020\/02\/26\/carregamento-sem-fio-deve-ser-o-futuro-dos-carros-eletricos\/\" \/>\n<meta property=\"og:locale\" content=\"pt_BR\" \/>\n<meta property=\"og:type\" content=\"article\" \/>\n<meta property=\"og:title\" content=\"Carregamento sem fio deve ser o futuro dos carros el\u00e9tricos - Canal Dana\" \/>\n<meta property=\"og:description\" content=\"IG Carros\/Roadshow &nbsp; Assim como j\u00e1 \u00e9 poss\u00edvel o carregamento sem fio para alguns modelos de celular, com a linha de carros el\u00e9tricos da BMW pode n\u00e3o ser diferente. A empresa alem\u00e3 est\u00e1 desenvolvendo um carregador sem fio para seus ve\u00edculos el\u00e9tricos, o que pode configurar o come\u00e7o de um novo futuro. &nbsp; Carregar um\u2026 Leia mais \u00bb\" \/>\n<meta property=\"og:url\" content=\"https:\/\/dana.com.br\/canaldana\/2020\/02\/26\/carregamento-sem-fio-deve-ser-o-futuro-dos-carros-eletricos\/\" \/>\n<meta property=\"og:site_name\" content=\"Canal Dana\" \/>\n<meta property=\"article:published_time\" content=\"2020-02-26T11:29:51+00:00\" \/>\n<meta name=\"author\" content=\"Canal Dana\" \/>\n<meta name=\"twitter:card\" content=\"summary_large_image\" \/>\n<meta name=\"twitter:label1\" content=\"Escrito por\" \/>\n\t<meta name=\"twitter:data1\" content=\"Canal Dana\" \/>\n\t<meta name=\"twitter:label2\" content=\"Est. tempo de leitura\" \/>\n\t<meta name=\"twitter:data2\" content=\"3 minutos\" \/>\n<script type=\"application\/ld+json\" class=\"yoast-schema-graph\">{\"@context\":\"https:\\\/\\\/schema.org\",\"@graph\":[{\"@type\":\"Article\",\"@id\":\"https:\\\/\\\/dana.com.br\\\/canaldana\\\/2020\\\/02\\\/26\\\/carregamento-sem-fio-deve-ser-o-futuro-dos-carros-eletricos\\\/#article\",\"isPartOf\":{\"@id\":\"https:\\\/\\\/dana.com.br\\\/canaldana\\\/2020\\\/02\\\/26\\\/carregamento-sem-fio-deve-ser-o-futuro-dos-carros-eletricos\\\/\"},\"author\":{\"name\":\"Canal Dana\",\"@id\":\"https:\\\/\\\/dana.com.br\\\/canaldana\\\/#\\\/schema\\\/person\\\/3c21f22f56fcf3bc46b94bc60ea4fef6\"},\"headline\":\"Carregamento sem fio deve ser o futuro dos carros el\u00e9tricos\",\"datePublished\":\"2020-02-26T11:29:51+00:00\",\"mainEntityOfPage\":{\"@id\":\"https:\\\/\\\/dana.com.br\\\/canaldana\\\/2020\\\/02\\\/26\\\/carregamento-sem-fio-deve-ser-o-futuro-dos-carros-eletricos\\\/\"},\"wordCount\":634,\"articleSection\":[\"El\u00e9tricos\"],\"inLanguage\":\"pt-BR\"},{\"@type\":\"WebPage\",\"@id\":\"https:\\\/\\\/dana.com.br\\\/canaldana\\\/2020\\\/02\\\/26\\\/carregamento-sem-fio-deve-ser-o-futuro-dos-carros-eletricos\\\/\",\"url\":\"https:\\\/\\\/dana.com.br\\\/canaldana\\\/2020\\\/02\\\/26\\\/carregamento-sem-fio-deve-ser-o-futuro-dos-carros-eletricos\\\/\",\"name\":\"Carregamento sem fio deve ser o futuro dos carros el\u00e9tricos - Canal Dana\",\"isPartOf\":{\"@id\":\"https:\\\/\\\/dana.com.br\\\/canaldana\\\/#website\"},\"datePublished\":\"2020-02-26T11:29:51+00:00\",\"author\":{\"@id\":\"https:\\\/\\\/dana.com.br\\\/canaldana\\\/#\\\/schema\\\/person\\\/3c21f22f56fcf3bc46b94bc60ea4fef6\"},\"breadcrumb\":{\"@id\":\"https:\\\/\\\/dana.com.br\\\/canaldana\\\/2020\\\/02\\\/26\\\/carregamento-sem-fio-deve-ser-o-futuro-dos-carros-eletricos\\\/#breadcrumb\"},\"inLanguage\":\"pt-BR\",\"potentialAction\":[{\"@type\":\"ReadAction\",\"target\":[\"https:\\\/\\\/dana.com.br\\\/canaldana\\\/2020\\\/02\\\/26\\\/carregamento-sem-fio-deve-ser-o-futuro-dos-carros-eletricos\\\/\"]}]},{\"@type\":\"BreadcrumbList\",\"@id\":\"https:\\\/\\\/dana.com.br\\\/canaldana\\\/2020\\\/02\\\/26\\\/carregamento-sem-fio-deve-ser-o-futuro-dos-carros-eletricos\\\/#breadcrumb\",\"itemListElement\":[{\"@type\":\"ListItem\",\"position\":1,\"name\":\"Home\",\"item\":\"https:\\\/\\\/dana.com.br\\\/canaldana\\\/\"},{\"@type\":\"ListItem\",\"position\":2,\"name\":\"El\u00e9tricos\",\"item\":\"https:\\\/\\\/dana.com.br\\\/canaldana\\\/eletricos\\\/\"},{\"@type\":\"ListItem\",\"position\":3,\"name\":\"Carregamento sem fio deve ser o futuro dos carros el\u00e9tricos\"}]},{\"@type\":\"WebSite\",\"@id\":\"https:\\\/\\\/dana.com.br\\\/canaldana\\\/#website\",\"url\":\"https:\\\/\\\/dana.com.br\\\/canaldana\\\/\",\"name\":\"Canal Dana\",\"description\":\"Informativo com as principais not\u00edcias da ind\u00fastria automotiva\",\"potentialAction\":[{\"@type\":\"SearchAction\",\"target\":{\"@type\":\"EntryPoint\",\"urlTemplate\":\"https:\\\/\\\/dana.com.br\\\/canaldana\\\/?s={search_term_string}\"},\"query-input\":{\"@type\":\"PropertyValueSpecification\",\"valueRequired\":true,\"valueName\":\"search_term_string\"}}],\"inLanguage\":\"pt-BR\"},{\"@type\":\"Person\",\"@id\":\"https:\\\/\\\/dana.com.br\\\/canaldana\\\/#\\\/schema\\\/person\\\/3c21f22f56fcf3bc46b94bc60ea4fef6\",\"name\":\"Canal Dana\",\"image\":{\"@type\":\"ImageObject\",\"inLanguage\":\"pt-BR\",\"@id\":\"https:\\\/\\\/secure.gravatar.com\\\/avatar\\\/420aaf9278582877d9018637c6817617705899d2858d7572ef0fe59a6b6454b4?s=96&d=mm&r=g\",\"url\":\"https:\\\/\\\/secure.gravatar.com\\\/avatar\\\/420aaf9278582877d9018637c6817617705899d2858d7572ef0fe59a6b6454b4?s=96&d=mm&r=g\",\"contentUrl\":\"https:\\\/\\\/secure.gravatar.com\\\/avatar\\\/420aaf9278582877d9018637c6817617705899d2858d7572ef0fe59a6b6454b4?s=96&d=mm&r=g\",\"caption\":\"Canal Dana\"},\"url\":\"https:\\\/\\\/dana.com.br\\\/canaldana\\\/author\\\/cdeditor\\\/\"}]}<\/script>\n<!-- \/ Yoast SEO plugin. -->","yoast_head_json":{"title":"Carregamento sem fio deve ser o futuro dos carros el\u00e9tricos - Canal Dana","robots":{"index":"index","follow":"follow","max-snippet":"max-snippet:-1","max-image-preview":"max-image-preview:large","max-video-preview":"max-video-preview:-1"},"canonical":"https:\/\/dana.com.br\/canaldana\/2020\/02\/26\/carregamento-sem-fio-deve-ser-o-futuro-dos-carros-eletricos\/","og_locale":"pt_BR","og_type":"article","og_title":"Carregamento sem fio deve ser o futuro dos carros el\u00e9tricos - Canal Dana","og_description":"IG Carros\/Roadshow &nbsp; Assim como j\u00e1 \u00e9 poss\u00edvel o carregamento sem fio para alguns modelos de celular, com a linha de carros el\u00e9tricos da BMW pode n\u00e3o ser diferente. A empresa alem\u00e3 est\u00e1 desenvolvendo um carregador sem fio para seus ve\u00edculos el\u00e9tricos, o que pode configurar o come\u00e7o de um novo futuro. &nbsp; Carregar um\u2026 Leia mais \u00bb","og_url":"https:\/\/dana.com.br\/canaldana\/2020\/02\/26\/carregamento-sem-fio-deve-ser-o-futuro-dos-carros-eletricos\/","og_site_name":"Canal Dana","article_published_time":"2020-02-26T11:29:51+00:00","author":"Canal Dana","twitter_card":"summary_large_image","twitter_misc":{"Escrito por":"Canal Dana","Est. tempo de leitura":"3 minutos"},"schema":{"@context":"https:\/\/schema.org","@graph":[{"@type":"Article","@id":"https:\/\/dana.com.br\/canaldana\/2020\/02\/26\/carregamento-sem-fio-deve-ser-o-futuro-dos-carros-eletricos\/#article","isPartOf":{"@id":"https:\/\/dana.com.br\/canaldana\/2020\/02\/26\/carregamento-sem-fio-deve-ser-o-futuro-dos-carros-eletricos\/"},"author":{"name":"Canal Dana","@id":"https:\/\/dana.com.br\/canaldana\/#\/schema\/person\/3c21f22f56fcf3bc46b94bc60ea4fef6"},"headline":"Carregamento sem fio deve ser o futuro dos carros el\u00e9tricos","datePublished":"2020-02-26T11:29:51+00:00","mainEntityOfPage":{"@id":"https:\/\/dana.com.br\/canaldana\/2020\/02\/26\/carregamento-sem-fio-deve-ser-o-futuro-dos-carros-eletricos\/"},"wordCount":634,"articleSection":["El\u00e9tricos"],"inLanguage":"pt-BR"},{"@type":"WebPage","@id":"https:\/\/dana.com.br\/canaldana\/2020\/02\/26\/carregamento-sem-fio-deve-ser-o-futuro-dos-carros-eletricos\/","url":"https:\/\/dana.com.br\/canaldana\/2020\/02\/26\/carregamento-sem-fio-deve-ser-o-futuro-dos-carros-eletricos\/","name":"Carregamento sem fio deve ser o futuro dos carros el\u00e9tricos - Canal Dana","isPartOf":{"@id":"https:\/\/dana.com.br\/canaldana\/#website"},"datePublished":"2020-02-26T11:29:51+00:00","author":{"@id":"https:\/\/dana.com.br\/canaldana\/#\/schema\/person\/3c21f22f56fcf3bc46b94bc60ea4fef6"},"breadcrumb":{"@id":"https:\/\/dana.com.br\/canaldana\/2020\/02\/26\/carregamento-sem-fio-deve-ser-o-futuro-dos-carros-eletricos\/#breadcrumb"},"inLanguage":"pt-BR","potentialAction":[{"@type":"ReadAction","target":["https:\/\/dana.com.br\/canaldana\/2020\/02\/26\/carregamento-sem-fio-deve-ser-o-futuro-dos-carros-eletricos\/"]}]},{"@type":"BreadcrumbList","@id":"https:\/\/dana.com.br\/canaldana\/2020\/02\/26\/carregamento-sem-fio-deve-ser-o-futuro-dos-carros-eletricos\/#breadcrumb","itemListElement":[{"@type":"ListItem","position":1,"name":"Home","item":"https:\/\/dana.com.br\/canaldana\/"},{"@type":"ListItem","position":2,"name":"El\u00e9tricos","item":"https:\/\/dana.com.br\/canaldana\/eletricos\/"},{"@type":"ListItem","position":3,"name":"Carregamento sem fio deve ser o futuro dos carros el\u00e9tricos"}]},{"@type":"WebSite","@id":"https:\/\/dana.com.br\/canaldana\/#website","url":"https:\/\/dana.com.br\/canaldana\/","name":"Canal Dana","description":"Informativo com as principais not\u00edcias da ind\u00fastria automotiva","potentialAction":[{"@type":"SearchAction","target":{"@type":"EntryPoint","urlTemplate":"https:\/\/dana.com.br\/canaldana\/?s={search_term_string}"},"query-input":{"@type":"PropertyValueSpecification","valueRequired":true,"valueName":"search_term_string"}}],"inLanguage":"pt-BR"},{"@type":"Person","@id":"https:\/\/dana.com.br\/canaldana\/#\/schema\/person\/3c21f22f56fcf3bc46b94bc60ea4fef6","name":"Canal Dana","image":{"@type":"ImageObject","inLanguage":"pt-BR","@id":"https:\/\/secure.gravatar.com\/avatar\/420aaf9278582877d9018637c6817617705899d2858d7572ef0fe59a6b6454b4?s=96&d=mm&r=g","url":"https:\/\/secure.gravatar.com\/avatar\/420aaf9278582877d9018637c6817617705899d2858d7572ef0fe59a6b6454b4?s=96&d=mm&r=g","contentUrl":"https:\/\/secure.gravatar.com\/avatar\/420aaf9278582877d9018637c6817617705899d2858d7572ef0fe59a6b6454b4?s=96&d=mm&r=g","caption":"Canal Dana"},"url":"https:\/\/dana.com.br\/canaldana\/author\/cdeditor\/"}]}},"_links":{"self":[{"href":"https:\/\/dana.com.br\/canaldana\/wp-json\/wp\/v2\/posts\/40899","targetHints":{"allow":["GET"]}}],"collection":[{"href":"https:\/\/dana.com.br\/canaldana\/wp-json\/wp\/v2\/posts"}],"about":[{"href":"https:\/\/dana.com.br\/canaldana\/wp-json\/wp\/v2\/types\/post"}],"author":[{"embeddable":true,"href":"https:\/\/dana.com.br\/canaldana\/wp-json\/wp\/v2\/users\/3"}],"replies":[{"embeddable":true,"href":"https:\/\/dana.com.br\/canaldana\/wp-json\/wp\/v2\/comments?post=40899"}],"version-history":[{"count":0,"href":"https:\/\/dana.com.br\/canaldana\/wp-json\/wp\/v2\/posts\/40899\/revisions"}],"wp:attachment":[{"href":"https:\/\/dana.com.br\/canaldana\/wp-json\/wp\/v2\/media?parent=40899"}],"wp:term":[{"taxonomy":"category","embeddable":true,"href":"https:\/\/dana.com.br\/canaldana\/wp-json\/wp\/v2\/categories?post=40899"},{"taxonomy":"post_tag","embeddable":true,"href":"https:\/\/dana.com.br\/canaldana\/wp-json\/wp\/v2\/tags?post=40899"}],"curies":[{"name":"wp","href":"https:\/\/api.w.org\/{rel}","templated":true}]}}