{"id":4089,"date":"2015-11-12T08:41:56","date_gmt":"2015-11-12T10:41:56","guid":{"rendered":"http:\/\/dana.com.br\/canaldana\/?p=4089"},"modified":"2015-11-12T08:41:56","modified_gmt":"2015-11-12T10:41:56","slug":"nao-e-obrigatorio-mas-e-imprescindivel","status":"publish","type":"post","link":"https:\/\/dana.com.br\/canaldana\/2015\/11\/12\/nao-e-obrigatorio-mas-e-imprescindivel\/","title":{"rendered":"N\u00e3o \u00e9 obrigat\u00f3rio, mas \u00e9 imprescind\u00edvel"},"content":{"rendered":"<p><em>O Mundo em Movimento<\/em><\/p>\n<p>&nbsp;<\/p>\n<p>No Brasil \u00e9 assim: s\u00f3 o peso da lei faz as pessoas tomarem atitudes para a seguran\u00e7a no tr\u00e2nsito, que deveriam ser espont\u00e2neas. N\u00e3o s\u00f3 no Brasil, isso acontece em qualquer lugar no mundo, em menor ou maior grau.<\/p>\n<p>&nbsp;<\/p>\n<p>Voc\u00ea lembra que os carros vinham sem retrovisor do lado direito? As montadoras s\u00f3 passaram a colocar o equipamento quando foram obrigadas por lei. O mesmo aconteceu recentemente com o airbag e o ABS, itens obrigat\u00f3rios a partir deste ano.<\/p>\n<p>&nbsp;<\/p>\n<p>Agora \u00e9 o caso das cadeirinhas e assentos de eleva\u00e7\u00e3o nos ve\u00edculos de transporte escolar.<\/p>\n<p>&nbsp;<\/p>\n<p><strong>O Contran<\/strong><\/p>\n<p>&nbsp;<\/p>\n<p>Conselho Nacional de Tr\u00e2nsito, adiou a exig\u00eancia das cadeiras, o que revoltou entidades como o Proteste e a ONG Crian\u00e7a Segura, que consideraram a decis\u00e3o lament\u00e1vel.<\/p>\n<p>&nbsp;<\/p>\n<p>A exig\u00eancia vai ficar para o segundo semestre do ano que vem.<\/p>\n<p>&nbsp;<\/p>\n<p>Os respons\u00e1veis pelo transporte escolar v\u00e3o ficar esperando a lei pra qu\u00ea?<\/p>\n<p>&nbsp;<\/p>\n<p>N\u00e3o vai ter que equipar o \u00f4nibus, a van com as cadeirinhas? Ent\u00e3o pra que esperar? Por que n\u00e3o investir j\u00e1 nesse importante equipamento de seguran\u00e7a e assim evitar trag\u00e9dias?<\/p>\n<p>&nbsp;<\/p>\n<p>Enquanto a exig\u00eancia n\u00e3o vem, \u00e9 preciso mais rigor com a seguran\u00e7a. Uma vida perdida por raz\u00f5es evit\u00e1veis \u00e9 um grande retrocesso.<\/p>\n<p>&nbsp;<\/p>\n<p><strong>Oportunidade<\/strong><\/p>\n<p>&nbsp;<\/p>\n<p>As vendas em baixa (-23% at\u00e9 outubro) podem ser uma boa oportunidade para o consumidor. Com o fim do ano chegando, muitas montadoras oferecem b\u00f4nus e fazem ofertas para desovar o estoque, pois querem fechar o ano melhor posicionadas poss\u00edvel no ranking de vendas. A ordem \u00e9 fazer uma boa pesquisa na hora da compra e regatear ao m\u00e1ximo, porque as concession\u00e1rias t\u00eam gordura pra queimar. Mas cuidado com as \u201cfalsas\u201d ofertas: se lhe oferecerem IPVA gr\u00e1tis lembre-se que \u00e9 o imposto refere-se a 2015. Em janeiro de 2016 voc\u00ea vai ter que pagar de novo.<\/p>\n<p>&nbsp;<\/p>\n<p><strong>Pega leve<\/strong><\/p>\n<p>&nbsp;<\/p>\n<p>Circula um pedido \u00e0s autoridades de tr\u00e2nsito para que multas aplicadas em vias que tiveram redu\u00e7\u00e3o de velocidade recentemente n\u00e3o sejam consideradas para efeito de suspens\u00e3o das CNH, por um prazo determinado. O pedido admite que o infrator deva ser punido com o pagamento da multa, mas solicita a elimina\u00e7\u00e3o dos pontos. Considera que essa condi\u00e7\u00e3o pode ser entendida como educativa, uma vez que a redu\u00e7\u00e3o da velocidade m\u00e1xima\u00a0 provocou uma mudan\u00e7a brusca no h\u00e1bito do motorista. O pedido \u00e9 justo. Vai levar um tempo pra gente se habituar ao novo ritmo do tr\u00e2nsito. (O Mundo em Movimento\/Joel Leite)<\/p>\n","protected":false},"excerpt":{"rendered":"<p>O Mundo em Movimento &nbsp; No Brasil \u00e9 assim: s\u00f3 o peso da lei faz as pessoas tomarem atitudes para a seguran\u00e7a no tr\u00e2nsito, que deveriam ser espont\u00e2neas. N\u00e3o s\u00f3 no Brasil, isso acontece em qualquer lugar no mundo, em menor ou maior grau. &nbsp; Voc\u00ea lembra que os carros vinham sem retrovisor do lado\u2026 <a class=\"readmore\" href=\"https:\/\/dana.com.br\/canaldana\/2015\/11\/12\/nao-e-obrigatorio-mas-e-imprescindivel\/\">Leia mais \u00bb<\/a><\/p>\n","protected":false},"author":3,"featured_media":0,"comment_status":"closed","ping_status":"closed","sticky":false,"template":"","format":"standard","meta":{"_acf_changed":false,"footnotes":""},"categories":[79],"tags":[],"class_list":["post-4089","post","type-post","status-publish","format-standard","hentry","category-mercado"],"acf":[],"yoast_head":"<!-- This site is optimized with the Yoast SEO plugin v27.3 - https:\/\/yoast.com\/product\/yoast-seo-wordpress\/ -->\n<title>N\u00e3o \u00e9 obrigat\u00f3rio, mas \u00e9 imprescind\u00edvel - Canal Dana<\/title>\n<meta name=\"robots\" content=\"index, follow, max-snippet:-1, max-image-preview:large, max-video-preview:-1\" \/>\n<link rel=\"canonical\" href=\"https:\/\/dana.com.br\/canaldana\/2015\/11\/12\/nao-e-obrigatorio-mas-e-imprescindivel\/\" \/>\n<meta property=\"og:locale\" content=\"pt_BR\" \/>\n<meta property=\"og:type\" content=\"article\" \/>\n<meta property=\"og:title\" content=\"N\u00e3o \u00e9 obrigat\u00f3rio, mas \u00e9 imprescind\u00edvel - Canal Dana\" \/>\n<meta property=\"og:description\" content=\"O Mundo em Movimento &nbsp; No Brasil \u00e9 assim: s\u00f3 o peso da lei faz as pessoas tomarem atitudes para a seguran\u00e7a no tr\u00e2nsito, que deveriam ser espont\u00e2neas. N\u00e3o s\u00f3 no Brasil, isso acontece em qualquer lugar no mundo, em menor ou maior grau. &nbsp; Voc\u00ea lembra que os carros vinham sem retrovisor do lado\u2026 Leia mais \u00bb\" \/>\n<meta property=\"og:url\" content=\"https:\/\/dana.com.br\/canaldana\/2015\/11\/12\/nao-e-obrigatorio-mas-e-imprescindivel\/\" \/>\n<meta property=\"og:site_name\" content=\"Canal Dana\" \/>\n<meta property=\"article:published_time\" content=\"2015-11-12T10:41:56+00:00\" \/>\n<meta name=\"author\" content=\"Canal Dana\" \/>\n<meta name=\"twitter:card\" content=\"summary_large_image\" \/>\n<meta name=\"twitter:label1\" content=\"Escrito por\" \/>\n\t<meta name=\"twitter:data1\" content=\"Canal Dana\" \/>\n\t<meta name=\"twitter:label2\" content=\"Est. tempo de leitura\" \/>\n\t<meta name=\"twitter:data2\" content=\"2 minutos\" \/>\n<script type=\"application\/ld+json\" class=\"yoast-schema-graph\">{\"@context\":\"https:\\\/\\\/schema.org\",\"@graph\":[{\"@type\":\"Article\",\"@id\":\"https:\\\/\\\/dana.com.br\\\/canaldana\\\/2015\\\/11\\\/12\\\/nao-e-obrigatorio-mas-e-imprescindivel\\\/#article\",\"isPartOf\":{\"@id\":\"https:\\\/\\\/dana.com.br\\\/canaldana\\\/2015\\\/11\\\/12\\\/nao-e-obrigatorio-mas-e-imprescindivel\\\/\"},\"author\":{\"name\":\"Canal Dana\",\"@id\":\"https:\\\/\\\/dana.com.br\\\/canaldana\\\/#\\\/schema\\\/person\\\/3c21f22f56fcf3bc46b94bc60ea4fef6\"},\"headline\":\"N\u00e3o \u00e9 obrigat\u00f3rio, mas \u00e9 imprescind\u00edvel\",\"datePublished\":\"2015-11-12T10:41:56+00:00\",\"mainEntityOfPage\":{\"@id\":\"https:\\\/\\\/dana.com.br\\\/canaldana\\\/2015\\\/11\\\/12\\\/nao-e-obrigatorio-mas-e-imprescindivel\\\/\"},\"wordCount\":454,\"articleSection\":[\"Mercado\"],\"inLanguage\":\"pt-BR\"},{\"@type\":\"WebPage\",\"@id\":\"https:\\\/\\\/dana.com.br\\\/canaldana\\\/2015\\\/11\\\/12\\\/nao-e-obrigatorio-mas-e-imprescindivel\\\/\",\"url\":\"https:\\\/\\\/dana.com.br\\\/canaldana\\\/2015\\\/11\\\/12\\\/nao-e-obrigatorio-mas-e-imprescindivel\\\/\",\"name\":\"N\u00e3o \u00e9 obrigat\u00f3rio, mas \u00e9 imprescind\u00edvel - Canal Dana\",\"isPartOf\":{\"@id\":\"https:\\\/\\\/dana.com.br\\\/canaldana\\\/#website\"},\"datePublished\":\"2015-11-12T10:41:56+00:00\",\"author\":{\"@id\":\"https:\\\/\\\/dana.com.br\\\/canaldana\\\/#\\\/schema\\\/person\\\/3c21f22f56fcf3bc46b94bc60ea4fef6\"},\"breadcrumb\":{\"@id\":\"https:\\\/\\\/dana.com.br\\\/canaldana\\\/2015\\\/11\\\/12\\\/nao-e-obrigatorio-mas-e-imprescindivel\\\/#breadcrumb\"},\"inLanguage\":\"pt-BR\",\"potentialAction\":[{\"@type\":\"ReadAction\",\"target\":[\"https:\\\/\\\/dana.com.br\\\/canaldana\\\/2015\\\/11\\\/12\\\/nao-e-obrigatorio-mas-e-imprescindivel\\\/\"]}]},{\"@type\":\"BreadcrumbList\",\"@id\":\"https:\\\/\\\/dana.com.br\\\/canaldana\\\/2015\\\/11\\\/12\\\/nao-e-obrigatorio-mas-e-imprescindivel\\\/#breadcrumb\",\"itemListElement\":[{\"@type\":\"ListItem\",\"position\":1,\"name\":\"Home\",\"item\":\"https:\\\/\\\/dana.com.br\\\/canaldana\\\/\"},{\"@type\":\"ListItem\",\"position\":2,\"name\":\"Mercado\",\"item\":\"https:\\\/\\\/dana.com.br\\\/canaldana\\\/mercado\\\/\"},{\"@type\":\"ListItem\",\"position\":3,\"name\":\"N\u00e3o \u00e9 obrigat\u00f3rio, mas \u00e9 imprescind\u00edvel\"}]},{\"@type\":\"WebSite\",\"@id\":\"https:\\\/\\\/dana.com.br\\\/canaldana\\\/#website\",\"url\":\"https:\\\/\\\/dana.com.br\\\/canaldana\\\/\",\"name\":\"Canal Dana\",\"description\":\"Informativo com as principais not\u00edcias da ind\u00fastria automotiva\",\"potentialAction\":[{\"@type\":\"SearchAction\",\"target\":{\"@type\":\"EntryPoint\",\"urlTemplate\":\"https:\\\/\\\/dana.com.br\\\/canaldana\\\/?s={search_term_string}\"},\"query-input\":{\"@type\":\"PropertyValueSpecification\",\"valueRequired\":true,\"valueName\":\"search_term_string\"}}],\"inLanguage\":\"pt-BR\"},{\"@type\":\"Person\",\"@id\":\"https:\\\/\\\/dana.com.br\\\/canaldana\\\/#\\\/schema\\\/person\\\/3c21f22f56fcf3bc46b94bc60ea4fef6\",\"name\":\"Canal Dana\",\"image\":{\"@type\":\"ImageObject\",\"inLanguage\":\"pt-BR\",\"@id\":\"https:\\\/\\\/secure.gravatar.com\\\/avatar\\\/420aaf9278582877d9018637c6817617705899d2858d7572ef0fe59a6b6454b4?s=96&d=mm&r=g\",\"url\":\"https:\\\/\\\/secure.gravatar.com\\\/avatar\\\/420aaf9278582877d9018637c6817617705899d2858d7572ef0fe59a6b6454b4?s=96&d=mm&r=g\",\"contentUrl\":\"https:\\\/\\\/secure.gravatar.com\\\/avatar\\\/420aaf9278582877d9018637c6817617705899d2858d7572ef0fe59a6b6454b4?s=96&d=mm&r=g\",\"caption\":\"Canal Dana\"},\"url\":\"https:\\\/\\\/dana.com.br\\\/canaldana\\\/author\\\/cdeditor\\\/\"}]}<\/script>\n<!-- \/ Yoast SEO plugin. -->","yoast_head_json":{"title":"N\u00e3o \u00e9 obrigat\u00f3rio, mas \u00e9 imprescind\u00edvel - Canal Dana","robots":{"index":"index","follow":"follow","max-snippet":"max-snippet:-1","max-image-preview":"max-image-preview:large","max-video-preview":"max-video-preview:-1"},"canonical":"https:\/\/dana.com.br\/canaldana\/2015\/11\/12\/nao-e-obrigatorio-mas-e-imprescindivel\/","og_locale":"pt_BR","og_type":"article","og_title":"N\u00e3o \u00e9 obrigat\u00f3rio, mas \u00e9 imprescind\u00edvel - Canal Dana","og_description":"O Mundo em Movimento &nbsp; No Brasil \u00e9 assim: s\u00f3 o peso da lei faz as pessoas tomarem atitudes para a seguran\u00e7a no tr\u00e2nsito, que deveriam ser espont\u00e2neas. N\u00e3o s\u00f3 no Brasil, isso acontece em qualquer lugar no mundo, em menor ou maior grau. &nbsp; Voc\u00ea lembra que os carros vinham sem retrovisor do lado\u2026 Leia mais \u00bb","og_url":"https:\/\/dana.com.br\/canaldana\/2015\/11\/12\/nao-e-obrigatorio-mas-e-imprescindivel\/","og_site_name":"Canal Dana","article_published_time":"2015-11-12T10:41:56+00:00","author":"Canal Dana","twitter_card":"summary_large_image","twitter_misc":{"Escrito por":"Canal Dana","Est. tempo de leitura":"2 minutos"},"schema":{"@context":"https:\/\/schema.org","@graph":[{"@type":"Article","@id":"https:\/\/dana.com.br\/canaldana\/2015\/11\/12\/nao-e-obrigatorio-mas-e-imprescindivel\/#article","isPartOf":{"@id":"https:\/\/dana.com.br\/canaldana\/2015\/11\/12\/nao-e-obrigatorio-mas-e-imprescindivel\/"},"author":{"name":"Canal Dana","@id":"https:\/\/dana.com.br\/canaldana\/#\/schema\/person\/3c21f22f56fcf3bc46b94bc60ea4fef6"},"headline":"N\u00e3o \u00e9 obrigat\u00f3rio, mas \u00e9 imprescind\u00edvel","datePublished":"2015-11-12T10:41:56+00:00","mainEntityOfPage":{"@id":"https:\/\/dana.com.br\/canaldana\/2015\/11\/12\/nao-e-obrigatorio-mas-e-imprescindivel\/"},"wordCount":454,"articleSection":["Mercado"],"inLanguage":"pt-BR"},{"@type":"WebPage","@id":"https:\/\/dana.com.br\/canaldana\/2015\/11\/12\/nao-e-obrigatorio-mas-e-imprescindivel\/","url":"https:\/\/dana.com.br\/canaldana\/2015\/11\/12\/nao-e-obrigatorio-mas-e-imprescindivel\/","name":"N\u00e3o \u00e9 obrigat\u00f3rio, mas \u00e9 imprescind\u00edvel - Canal Dana","isPartOf":{"@id":"https:\/\/dana.com.br\/canaldana\/#website"},"datePublished":"2015-11-12T10:41:56+00:00","author":{"@id":"https:\/\/dana.com.br\/canaldana\/#\/schema\/person\/3c21f22f56fcf3bc46b94bc60ea4fef6"},"breadcrumb":{"@id":"https:\/\/dana.com.br\/canaldana\/2015\/11\/12\/nao-e-obrigatorio-mas-e-imprescindivel\/#breadcrumb"},"inLanguage":"pt-BR","potentialAction":[{"@type":"ReadAction","target":["https:\/\/dana.com.br\/canaldana\/2015\/11\/12\/nao-e-obrigatorio-mas-e-imprescindivel\/"]}]},{"@type":"BreadcrumbList","@id":"https:\/\/dana.com.br\/canaldana\/2015\/11\/12\/nao-e-obrigatorio-mas-e-imprescindivel\/#breadcrumb","itemListElement":[{"@type":"ListItem","position":1,"name":"Home","item":"https:\/\/dana.com.br\/canaldana\/"},{"@type":"ListItem","position":2,"name":"Mercado","item":"https:\/\/dana.com.br\/canaldana\/mercado\/"},{"@type":"ListItem","position":3,"name":"N\u00e3o \u00e9 obrigat\u00f3rio, mas \u00e9 imprescind\u00edvel"}]},{"@type":"WebSite","@id":"https:\/\/dana.com.br\/canaldana\/#website","url":"https:\/\/dana.com.br\/canaldana\/","name":"Canal Dana","description":"Informativo com as principais not\u00edcias da ind\u00fastria automotiva","potentialAction":[{"@type":"SearchAction","target":{"@type":"EntryPoint","urlTemplate":"https:\/\/dana.com.br\/canaldana\/?s={search_term_string}"},"query-input":{"@type":"PropertyValueSpecification","valueRequired":true,"valueName":"search_term_string"}}],"inLanguage":"pt-BR"},{"@type":"Person","@id":"https:\/\/dana.com.br\/canaldana\/#\/schema\/person\/3c21f22f56fcf3bc46b94bc60ea4fef6","name":"Canal Dana","image":{"@type":"ImageObject","inLanguage":"pt-BR","@id":"https:\/\/secure.gravatar.com\/avatar\/420aaf9278582877d9018637c6817617705899d2858d7572ef0fe59a6b6454b4?s=96&d=mm&r=g","url":"https:\/\/secure.gravatar.com\/avatar\/420aaf9278582877d9018637c6817617705899d2858d7572ef0fe59a6b6454b4?s=96&d=mm&r=g","contentUrl":"https:\/\/secure.gravatar.com\/avatar\/420aaf9278582877d9018637c6817617705899d2858d7572ef0fe59a6b6454b4?s=96&d=mm&r=g","caption":"Canal Dana"},"url":"https:\/\/dana.com.br\/canaldana\/author\/cdeditor\/"}]}},"_links":{"self":[{"href":"https:\/\/dana.com.br\/canaldana\/wp-json\/wp\/v2\/posts\/4089","targetHints":{"allow":["GET"]}}],"collection":[{"href":"https:\/\/dana.com.br\/canaldana\/wp-json\/wp\/v2\/posts"}],"about":[{"href":"https:\/\/dana.com.br\/canaldana\/wp-json\/wp\/v2\/types\/post"}],"author":[{"embeddable":true,"href":"https:\/\/dana.com.br\/canaldana\/wp-json\/wp\/v2\/users\/3"}],"replies":[{"embeddable":true,"href":"https:\/\/dana.com.br\/canaldana\/wp-json\/wp\/v2\/comments?post=4089"}],"version-history":[{"count":0,"href":"https:\/\/dana.com.br\/canaldana\/wp-json\/wp\/v2\/posts\/4089\/revisions"}],"wp:attachment":[{"href":"https:\/\/dana.com.br\/canaldana\/wp-json\/wp\/v2\/media?parent=4089"}],"wp:term":[{"taxonomy":"category","embeddable":true,"href":"https:\/\/dana.com.br\/canaldana\/wp-json\/wp\/v2\/categories?post=4089"},{"taxonomy":"post_tag","embeddable":true,"href":"https:\/\/dana.com.br\/canaldana\/wp-json\/wp\/v2\/tags?post=4089"}],"curies":[{"name":"wp","href":"https:\/\/api.w.org\/{rel}","templated":true}]}}