{"id":40871,"date":"2020-02-21T08:10:12","date_gmt":"2020-02-21T11:10:12","guid":{"rendered":"https:\/\/dana.com.br\/canaldana\/?p=40871"},"modified":"2020-02-21T08:11:16","modified_gmt":"2020-02-21T11:11:16","slug":"os-novos-contornos-do-disputado-segmento-de-suvs","status":"publish","type":"post","link":"https:\/\/dana.com.br\/canaldana\/2020\/02\/21\/os-novos-contornos-do-disputado-segmento-de-suvs\/","title":{"rendered":"Os novos contornos do disputado segmento de SUVs"},"content":{"rendered":"<p><em>AutoInd\u00fastria <\/em><\/p>\n<p>&nbsp;<\/p>\n<p>O disputado mercado de SUVs ganha tr\u00eas novidades em menos de tr\u00eas meses neste primeiro semestre do ano. Nesta semana a General Motors divulgou imagens do novo Tracker, com lan\u00e7amento programado para os dias 18 e 19 de mar\u00e7o. Um pouco antes a Renault mostra o novo Duster e no terceiro trimestre a Volkswagen apresentar\u00e1 um modelo totalmente novo, o Nivus, que vem para concorrer no segmento de SUVs compactos.<\/p>\n<p>&nbsp;<\/p>\n<p>A procura por esse tipo de produto n\u00e3o para de crescer no Pa\u00eds e j\u00e1 responde por mais de 1\/4 das vendas totais de autom\u00f3veis. Em janeiro do ano passado, por exemplo, os SUVs detinham fatia de 24,3%, \u00edndice que subiu 1,5 ponto porcentual, para 25,8%, no primeiro m\u00eas de 2020.<\/p>\n<p>&nbsp;<\/p>\n<p>Tanto Duster como Chevrolet Tracker h\u00e1 tempo n\u00e3o sofriam mudan\u00e7as significativas em design e tecnologia como as prometidas agora. Com as novas gera\u00e7\u00f5es, a segunda no caso do SUV da Renault, a expectativa das duas marcas \u00e9 de amplia\u00e7\u00e3o das vendas, o que deve movimentar ainda mais o concorrido segmento.<\/p>\n<p>&nbsp;<\/p>\n<p>Sem contar que no caso da Volkswagen, \u00e9 um modelo totalmente novo, que pode atrair clientes de outras faixas do mercado. A fabricante ainda n\u00e3o divulgou a data de lan\u00e7amento do SUV compacto, mas durante apresenta\u00e7\u00e3o do Virtus GTS esta semana em S\u00e3o Carlos, SP, o presidente e CEO da Volkswagen Am\u00e9rica Latina, Pablo Di Si, falou em 60 dias, ou seja, o lan\u00e7amento poderia ser em abril.<\/p>\n<p>&nbsp;<\/p>\n<p>O novo Tracker chega \u00e0s concession\u00e1rias Chevrolet at\u00e9 o fim de mar\u00e7o \u201crepleto de inova\u00e7\u00f5es tecnol\u00f3gicas relacionadas a seguran\u00e7a, conectividade e efici\u00eancia energ\u00e9tica\u201d, conforme material divulgado pela GM ao revelar a primeira imagem com detalhes do seu design externo.<\/p>\n<p>&nbsp;<\/p>\n<p>A montadora, inclusive, criou uma p\u00e1gina no seu site especialmente para a divulga\u00e7\u00e3o do produto, a <a href=\"http:\/\/www.chevrolet.com.br\/lancamentos\/SUV\" target=\"_blank\" rel=\"noopener noreferrer\">www.chevrolet.com.br\/lancamentos\/SUV<\/a>, na qual os interessados em mais detalhes sobre o pr\u00f3ximo lan\u00e7amento da Chevrolet podem se inscrever.<\/p>\n<p>&nbsp;<\/p>\n<p>\u201cAs primeiras imagens da p\u00e1gina antecipam detalhes do sistema de ilumina\u00e7\u00e3o do ve\u00edculo. Na dianteira, os far\u00f3is contar\u00e3o com uma tecnologia inovadora, enquanto, na traseira, as lanternas s\u00e3o de LED com efeito tridimensional\u201d, conta Hermann Mahnke, diretor de marketing da General Motors Am\u00e9rica do Sul.<\/p>\n<p>&nbsp;<\/p>\n<p>As fotos mostram ainda nuances do design atl\u00e9tico e do porte do ve\u00edculo, caracterizado pela carroceria esculpida com linhas esportivas e por acabamentos que remetem \u00e0 sofistica\u00e7\u00e3o. A nova Trucker \u00e9 o primeiro dos sete lan\u00e7amentos que a fabricante est\u00e1 prometendo para este ano. (AutoInd\u00fastria\/Alzira Rodrigues)<\/p>\n","protected":false},"excerpt":{"rendered":"<p>AutoInd\u00fastria &nbsp; O disputado mercado de SUVs ganha tr\u00eas novidades em menos de tr\u00eas meses neste primeiro semestre do ano. Nesta semana a General Motors divulgou imagens do novo Tracker, com lan\u00e7amento programado para os dias 18 e 19 de mar\u00e7o. Um pouco antes a Renault mostra o novo Duster e no terceiro trimestre a\u2026 <a class=\"readmore\" href=\"https:\/\/dana.com.br\/canaldana\/2020\/02\/21\/os-novos-contornos-do-disputado-segmento-de-suvs\/\">Leia mais \u00bb<\/a><\/p>\n","protected":false},"author":3,"featured_media":0,"comment_status":"closed","ping_status":"closed","sticky":false,"template":"","format":"standard","meta":{"_acf_changed":false,"footnotes":""},"categories":[79,1],"tags":[],"class_list":["post-40871","post","type-post","status-publish","format-standard","hentry","category-mercado","category-sin-categoria"],"acf":[],"yoast_head":"<!-- This site is optimized with the Yoast SEO plugin v27.3 - https:\/\/yoast.com\/product\/yoast-seo-wordpress\/ -->\n<title>Os novos contornos do disputado segmento de SUVs - Canal Dana<\/title>\n<meta name=\"robots\" content=\"index, follow, max-snippet:-1, max-image-preview:large, max-video-preview:-1\" \/>\n<link rel=\"canonical\" href=\"https:\/\/dana.com.br\/canaldana\/2020\/02\/21\/os-novos-contornos-do-disputado-segmento-de-suvs\/\" \/>\n<meta property=\"og:locale\" content=\"pt_BR\" \/>\n<meta property=\"og:type\" content=\"article\" \/>\n<meta property=\"og:title\" content=\"Os novos contornos do disputado segmento de SUVs - Canal Dana\" \/>\n<meta property=\"og:description\" content=\"AutoInd\u00fastria &nbsp; O disputado mercado de SUVs ganha tr\u00eas novidades em menos de tr\u00eas meses neste primeiro semestre do ano. Nesta semana a General Motors divulgou imagens do novo Tracker, com lan\u00e7amento programado para os dias 18 e 19 de mar\u00e7o. Um pouco antes a Renault mostra o novo Duster e no terceiro trimestre a\u2026 Leia mais \u00bb\" \/>\n<meta property=\"og:url\" content=\"https:\/\/dana.com.br\/canaldana\/2020\/02\/21\/os-novos-contornos-do-disputado-segmento-de-suvs\/\" \/>\n<meta property=\"og:site_name\" content=\"Canal Dana\" \/>\n<meta property=\"article:published_time\" content=\"2020-02-21T11:10:12+00:00\" \/>\n<meta property=\"article:modified_time\" content=\"2020-02-21T11:11:16+00:00\" \/>\n<meta name=\"author\" content=\"Canal Dana\" \/>\n<meta name=\"twitter:card\" content=\"summary_large_image\" \/>\n<meta name=\"twitter:label1\" content=\"Escrito por\" \/>\n\t<meta name=\"twitter:data1\" content=\"Canal Dana\" \/>\n\t<meta name=\"twitter:label2\" content=\"Est. tempo de leitura\" \/>\n\t<meta name=\"twitter:data2\" content=\"2 minutos\" \/>\n<script type=\"application\/ld+json\" class=\"yoast-schema-graph\">{\"@context\":\"https:\\\/\\\/schema.org\",\"@graph\":[{\"@type\":\"Article\",\"@id\":\"https:\\\/\\\/dana.com.br\\\/canaldana\\\/2020\\\/02\\\/21\\\/os-novos-contornos-do-disputado-segmento-de-suvs\\\/#article\",\"isPartOf\":{\"@id\":\"https:\\\/\\\/dana.com.br\\\/canaldana\\\/2020\\\/02\\\/21\\\/os-novos-contornos-do-disputado-segmento-de-suvs\\\/\"},\"author\":{\"name\":\"Canal Dana\",\"@id\":\"https:\\\/\\\/dana.com.br\\\/canaldana\\\/#\\\/schema\\\/person\\\/3c21f22f56fcf3bc46b94bc60ea4fef6\"},\"headline\":\"Os novos contornos do disputado segmento de SUVs\",\"datePublished\":\"2020-02-21T11:10:12+00:00\",\"dateModified\":\"2020-02-21T11:11:16+00:00\",\"mainEntityOfPage\":{\"@id\":\"https:\\\/\\\/dana.com.br\\\/canaldana\\\/2020\\\/02\\\/21\\\/os-novos-contornos-do-disputado-segmento-de-suvs\\\/\"},\"wordCount\":455,\"articleSection\":[\"Mercado\",\"Sin categor\u00eda\"],\"inLanguage\":\"pt-BR\"},{\"@type\":\"WebPage\",\"@id\":\"https:\\\/\\\/dana.com.br\\\/canaldana\\\/2020\\\/02\\\/21\\\/os-novos-contornos-do-disputado-segmento-de-suvs\\\/\",\"url\":\"https:\\\/\\\/dana.com.br\\\/canaldana\\\/2020\\\/02\\\/21\\\/os-novos-contornos-do-disputado-segmento-de-suvs\\\/\",\"name\":\"Os novos contornos do disputado segmento de SUVs - Canal Dana\",\"isPartOf\":{\"@id\":\"https:\\\/\\\/dana.com.br\\\/canaldana\\\/#website\"},\"datePublished\":\"2020-02-21T11:10:12+00:00\",\"dateModified\":\"2020-02-21T11:11:16+00:00\",\"author\":{\"@id\":\"https:\\\/\\\/dana.com.br\\\/canaldana\\\/#\\\/schema\\\/person\\\/3c21f22f56fcf3bc46b94bc60ea4fef6\"},\"breadcrumb\":{\"@id\":\"https:\\\/\\\/dana.com.br\\\/canaldana\\\/2020\\\/02\\\/21\\\/os-novos-contornos-do-disputado-segmento-de-suvs\\\/#breadcrumb\"},\"inLanguage\":\"pt-BR\",\"potentialAction\":[{\"@type\":\"ReadAction\",\"target\":[\"https:\\\/\\\/dana.com.br\\\/canaldana\\\/2020\\\/02\\\/21\\\/os-novos-contornos-do-disputado-segmento-de-suvs\\\/\"]}]},{\"@type\":\"BreadcrumbList\",\"@id\":\"https:\\\/\\\/dana.com.br\\\/canaldana\\\/2020\\\/02\\\/21\\\/os-novos-contornos-do-disputado-segmento-de-suvs\\\/#breadcrumb\",\"itemListElement\":[{\"@type\":\"ListItem\",\"position\":1,\"name\":\"Home\",\"item\":\"https:\\\/\\\/dana.com.br\\\/canaldana\\\/\"},{\"@type\":\"ListItem\",\"position\":2,\"name\":\"Sin categor\u00eda\",\"item\":\"https:\\\/\\\/dana.com.br\\\/canaldana\\\/sin-categoria\\\/\"},{\"@type\":\"ListItem\",\"position\":3,\"name\":\"Os novos contornos do disputado segmento de SUVs\"}]},{\"@type\":\"WebSite\",\"@id\":\"https:\\\/\\\/dana.com.br\\\/canaldana\\\/#website\",\"url\":\"https:\\\/\\\/dana.com.br\\\/canaldana\\\/\",\"name\":\"Canal Dana\",\"description\":\"Informativo com as principais not\u00edcias da ind\u00fastria automotiva\",\"potentialAction\":[{\"@type\":\"SearchAction\",\"target\":{\"@type\":\"EntryPoint\",\"urlTemplate\":\"https:\\\/\\\/dana.com.br\\\/canaldana\\\/?s={search_term_string}\"},\"query-input\":{\"@type\":\"PropertyValueSpecification\",\"valueRequired\":true,\"valueName\":\"search_term_string\"}}],\"inLanguage\":\"pt-BR\"},{\"@type\":\"Person\",\"@id\":\"https:\\\/\\\/dana.com.br\\\/canaldana\\\/#\\\/schema\\\/person\\\/3c21f22f56fcf3bc46b94bc60ea4fef6\",\"name\":\"Canal Dana\",\"image\":{\"@type\":\"ImageObject\",\"inLanguage\":\"pt-BR\",\"@id\":\"https:\\\/\\\/secure.gravatar.com\\\/avatar\\\/420aaf9278582877d9018637c6817617705899d2858d7572ef0fe59a6b6454b4?s=96&d=mm&r=g\",\"url\":\"https:\\\/\\\/secure.gravatar.com\\\/avatar\\\/420aaf9278582877d9018637c6817617705899d2858d7572ef0fe59a6b6454b4?s=96&d=mm&r=g\",\"contentUrl\":\"https:\\\/\\\/secure.gravatar.com\\\/avatar\\\/420aaf9278582877d9018637c6817617705899d2858d7572ef0fe59a6b6454b4?s=96&d=mm&r=g\",\"caption\":\"Canal Dana\"},\"url\":\"https:\\\/\\\/dana.com.br\\\/canaldana\\\/author\\\/cdeditor\\\/\"}]}<\/script>\n<!-- \/ Yoast SEO plugin. -->","yoast_head_json":{"title":"Os novos contornos do disputado segmento de SUVs - Canal Dana","robots":{"index":"index","follow":"follow","max-snippet":"max-snippet:-1","max-image-preview":"max-image-preview:large","max-video-preview":"max-video-preview:-1"},"canonical":"https:\/\/dana.com.br\/canaldana\/2020\/02\/21\/os-novos-contornos-do-disputado-segmento-de-suvs\/","og_locale":"pt_BR","og_type":"article","og_title":"Os novos contornos do disputado segmento de SUVs - Canal Dana","og_description":"AutoInd\u00fastria &nbsp; O disputado mercado de SUVs ganha tr\u00eas novidades em menos de tr\u00eas meses neste primeiro semestre do ano. Nesta semana a General Motors divulgou imagens do novo Tracker, com lan\u00e7amento programado para os dias 18 e 19 de mar\u00e7o. Um pouco antes a Renault mostra o novo Duster e no terceiro trimestre a\u2026 Leia mais \u00bb","og_url":"https:\/\/dana.com.br\/canaldana\/2020\/02\/21\/os-novos-contornos-do-disputado-segmento-de-suvs\/","og_site_name":"Canal Dana","article_published_time":"2020-02-21T11:10:12+00:00","article_modified_time":"2020-02-21T11:11:16+00:00","author":"Canal Dana","twitter_card":"summary_large_image","twitter_misc":{"Escrito por":"Canal Dana","Est. tempo de leitura":"2 minutos"},"schema":{"@context":"https:\/\/schema.org","@graph":[{"@type":"Article","@id":"https:\/\/dana.com.br\/canaldana\/2020\/02\/21\/os-novos-contornos-do-disputado-segmento-de-suvs\/#article","isPartOf":{"@id":"https:\/\/dana.com.br\/canaldana\/2020\/02\/21\/os-novos-contornos-do-disputado-segmento-de-suvs\/"},"author":{"name":"Canal Dana","@id":"https:\/\/dana.com.br\/canaldana\/#\/schema\/person\/3c21f22f56fcf3bc46b94bc60ea4fef6"},"headline":"Os novos contornos do disputado segmento de SUVs","datePublished":"2020-02-21T11:10:12+00:00","dateModified":"2020-02-21T11:11:16+00:00","mainEntityOfPage":{"@id":"https:\/\/dana.com.br\/canaldana\/2020\/02\/21\/os-novos-contornos-do-disputado-segmento-de-suvs\/"},"wordCount":455,"articleSection":["Mercado","Sin categor\u00eda"],"inLanguage":"pt-BR"},{"@type":"WebPage","@id":"https:\/\/dana.com.br\/canaldana\/2020\/02\/21\/os-novos-contornos-do-disputado-segmento-de-suvs\/","url":"https:\/\/dana.com.br\/canaldana\/2020\/02\/21\/os-novos-contornos-do-disputado-segmento-de-suvs\/","name":"Os novos contornos do disputado segmento de SUVs - Canal Dana","isPartOf":{"@id":"https:\/\/dana.com.br\/canaldana\/#website"},"datePublished":"2020-02-21T11:10:12+00:00","dateModified":"2020-02-21T11:11:16+00:00","author":{"@id":"https:\/\/dana.com.br\/canaldana\/#\/schema\/person\/3c21f22f56fcf3bc46b94bc60ea4fef6"},"breadcrumb":{"@id":"https:\/\/dana.com.br\/canaldana\/2020\/02\/21\/os-novos-contornos-do-disputado-segmento-de-suvs\/#breadcrumb"},"inLanguage":"pt-BR","potentialAction":[{"@type":"ReadAction","target":["https:\/\/dana.com.br\/canaldana\/2020\/02\/21\/os-novos-contornos-do-disputado-segmento-de-suvs\/"]}]},{"@type":"BreadcrumbList","@id":"https:\/\/dana.com.br\/canaldana\/2020\/02\/21\/os-novos-contornos-do-disputado-segmento-de-suvs\/#breadcrumb","itemListElement":[{"@type":"ListItem","position":1,"name":"Home","item":"https:\/\/dana.com.br\/canaldana\/"},{"@type":"ListItem","position":2,"name":"Sin categor\u00eda","item":"https:\/\/dana.com.br\/canaldana\/sin-categoria\/"},{"@type":"ListItem","position":3,"name":"Os novos contornos do disputado segmento de SUVs"}]},{"@type":"WebSite","@id":"https:\/\/dana.com.br\/canaldana\/#website","url":"https:\/\/dana.com.br\/canaldana\/","name":"Canal Dana","description":"Informativo com as principais not\u00edcias da ind\u00fastria automotiva","potentialAction":[{"@type":"SearchAction","target":{"@type":"EntryPoint","urlTemplate":"https:\/\/dana.com.br\/canaldana\/?s={search_term_string}"},"query-input":{"@type":"PropertyValueSpecification","valueRequired":true,"valueName":"search_term_string"}}],"inLanguage":"pt-BR"},{"@type":"Person","@id":"https:\/\/dana.com.br\/canaldana\/#\/schema\/person\/3c21f22f56fcf3bc46b94bc60ea4fef6","name":"Canal Dana","image":{"@type":"ImageObject","inLanguage":"pt-BR","@id":"https:\/\/secure.gravatar.com\/avatar\/420aaf9278582877d9018637c6817617705899d2858d7572ef0fe59a6b6454b4?s=96&d=mm&r=g","url":"https:\/\/secure.gravatar.com\/avatar\/420aaf9278582877d9018637c6817617705899d2858d7572ef0fe59a6b6454b4?s=96&d=mm&r=g","contentUrl":"https:\/\/secure.gravatar.com\/avatar\/420aaf9278582877d9018637c6817617705899d2858d7572ef0fe59a6b6454b4?s=96&d=mm&r=g","caption":"Canal Dana"},"url":"https:\/\/dana.com.br\/canaldana\/author\/cdeditor\/"}]}},"_links":{"self":[{"href":"https:\/\/dana.com.br\/canaldana\/wp-json\/wp\/v2\/posts\/40871","targetHints":{"allow":["GET"]}}],"collection":[{"href":"https:\/\/dana.com.br\/canaldana\/wp-json\/wp\/v2\/posts"}],"about":[{"href":"https:\/\/dana.com.br\/canaldana\/wp-json\/wp\/v2\/types\/post"}],"author":[{"embeddable":true,"href":"https:\/\/dana.com.br\/canaldana\/wp-json\/wp\/v2\/users\/3"}],"replies":[{"embeddable":true,"href":"https:\/\/dana.com.br\/canaldana\/wp-json\/wp\/v2\/comments?post=40871"}],"version-history":[{"count":0,"href":"https:\/\/dana.com.br\/canaldana\/wp-json\/wp\/v2\/posts\/40871\/revisions"}],"wp:attachment":[{"href":"https:\/\/dana.com.br\/canaldana\/wp-json\/wp\/v2\/media?parent=40871"}],"wp:term":[{"taxonomy":"category","embeddable":true,"href":"https:\/\/dana.com.br\/canaldana\/wp-json\/wp\/v2\/categories?post=40871"},{"taxonomy":"post_tag","embeddable":true,"href":"https:\/\/dana.com.br\/canaldana\/wp-json\/wp\/v2\/tags?post=40871"}],"curies":[{"name":"wp","href":"https:\/\/api.w.org\/{rel}","templated":true}]}}