{"id":40792,"date":"2020-02-19T08:17:41","date_gmt":"2020-02-19T11:17:41","guid":{"rendered":"https:\/\/dana.com.br\/canaldana\/?p=40792"},"modified":"2020-02-19T08:17:41","modified_gmt":"2020-02-19T11:17:41","slug":"sem-novo-formato-vw-tambem-ficara-fora-do-salao-do-automovel","status":"publish","type":"post","link":"https:\/\/dana.com.br\/canaldana\/2020\/02\/19\/sem-novo-formato-vw-tambem-ficara-fora-do-salao-do-automovel\/","title":{"rendered":"Sem novo formato, VW tamb\u00e9m ficar\u00e1 fora do Sal\u00e3o do Autom\u00f3vel"},"content":{"rendered":"<p><em>AutoInd\u00fastria <\/em><\/p>\n<p>&nbsp;<\/p>\n<p>Ap\u00f3s 14 marcas terem anunciado decis\u00e3o de n\u00e3o participar do Sal\u00e3o do Autom\u00f3vel deste ano, agora \u00e9 a vez de a Volkswagen manifestar-se em rela\u00e7\u00e3o ao mais importante evento do setor automotivo brasileiro, que diante de tantas desist\u00eancias corre claro risco de acabar n\u00e3o acontecendo.<\/p>\n<p>&nbsp;<\/p>\n<p>Enfatizando a extrema import\u00e2ncia do sal\u00e3o para o setor automotivo brasileiro, o presidente e CEO da Volkswagen Am\u00e9rica Latina, Pablo Di Si, deixou claro que se n\u00e3o houver mudan\u00e7as em seu formato, tamb\u00e9m a marca n\u00e3o montar\u00e1 estande no S\u00e3o Paulo Expo, na capital paulista, programado para o per\u00edodo de 12 a 22 de novembro.<\/p>\n<p>&nbsp;<\/p>\n<p>O sal\u00e3o do autom\u00f3vel, segundo o executivo, \u00e9 important\u00edssimo. Mas a Volkswagen s\u00f3 participar\u00e1 se houver mudan\u00e7as em rela\u00e7\u00e3o \u00e0s edi\u00e7\u00f5es anteriores e se todas as marcas estiverem presentes.<\/p>\n<p>&nbsp;<\/p>\n<p>\u201cO formato atual tem de ser mudado\u201d, destacou Di Si durante o lan\u00e7amento do Virtus GTS na f\u00e1brica de motores da marca de S\u00e3o Carlos, SP, nesta ter\u00e7a-feira, 18. \u201cO sal\u00e3o tem de ser mais din\u00e2mico, mas digital e possivelmente menor do que as edi\u00e7\u00f5es anteriores. O consumidor tem de estar mais pr\u00f3ximo dos ve\u00edculos e os expositores teriam de aproveitar a mostra tamb\u00e9m para vender\u201d.<\/p>\n<p>&nbsp;<\/p>\n<p>Di Si informou que a montadora j\u00e1 conversou com a dire\u00e7\u00e3o da Anfavea sobre mudan\u00e7as no formato do evento, revelando que j\u00e1 houve uma reuni\u00e3o na semana passada na sede da entidade para discutir o assunto. \u201cA Anfavea se disp\u00f4s a encontrar uma f\u00f3rmula que una todas as marcas em torno do sal\u00e3o.<\/p>\n<p>&nbsp;<\/p>\n<p>O executivo n\u00e3o quis entrar em detalhes com rela\u00e7\u00e3o a curtos, que segundo algumas marcas est\u00e3o extremamente elevados e sem sobre local. S\u00f3 insistiu que \u00e9 importante todos estarem presentes para garantir o sucesso da mostra. (AutoInd\u00fastria\/Alzira Rodrigues)<\/p>\n","protected":false},"excerpt":{"rendered":"<p>AutoInd\u00fastria &nbsp; Ap\u00f3s 14 marcas terem anunciado decis\u00e3o de n\u00e3o participar do Sal\u00e3o do Autom\u00f3vel deste ano, agora \u00e9 a vez de a Volkswagen manifestar-se em rela\u00e7\u00e3o ao mais importante evento do setor automotivo brasileiro, que diante de tantas desist\u00eancias corre claro risco de acabar n\u00e3o acontecendo. &nbsp; Enfatizando a extrema import\u00e2ncia do sal\u00e3o para\u2026 <a class=\"readmore\" href=\"https:\/\/dana.com.br\/canaldana\/2020\/02\/19\/sem-novo-formato-vw-tambem-ficara-fora-do-salao-do-automovel\/\">Leia mais \u00bb<\/a><\/p>\n","protected":false},"author":3,"featured_media":0,"comment_status":"closed","ping_status":"closed","sticky":false,"template":"","format":"standard","meta":{"_acf_changed":false,"footnotes":""},"categories":[118],"tags":[],"class_list":["post-40792","post","type-post","status-publish","format-standard","hentry","category-salao-do-automovel-de-sao-paulo-2020"],"acf":[],"yoast_head":"<!-- This site is optimized with the Yoast SEO plugin v27.3 - https:\/\/yoast.com\/product\/yoast-seo-wordpress\/ -->\n<title>Sem novo formato, VW tamb\u00e9m ficar\u00e1 fora do Sal\u00e3o do Autom\u00f3vel - Canal Dana<\/title>\n<meta name=\"robots\" content=\"index, follow, max-snippet:-1, max-image-preview:large, max-video-preview:-1\" \/>\n<link rel=\"canonical\" href=\"https:\/\/dana.com.br\/canaldana\/2020\/02\/19\/sem-novo-formato-vw-tambem-ficara-fora-do-salao-do-automovel\/\" \/>\n<meta property=\"og:locale\" content=\"pt_BR\" \/>\n<meta property=\"og:type\" content=\"article\" \/>\n<meta property=\"og:title\" content=\"Sem novo formato, VW tamb\u00e9m ficar\u00e1 fora do Sal\u00e3o do Autom\u00f3vel - Canal Dana\" \/>\n<meta property=\"og:description\" content=\"AutoInd\u00fastria &nbsp; Ap\u00f3s 14 marcas terem anunciado decis\u00e3o de n\u00e3o participar do Sal\u00e3o do Autom\u00f3vel deste ano, agora \u00e9 a vez de a Volkswagen manifestar-se em rela\u00e7\u00e3o ao mais importante evento do setor automotivo brasileiro, que diante de tantas desist\u00eancias corre claro risco de acabar n\u00e3o acontecendo. &nbsp; Enfatizando a extrema import\u00e2ncia do sal\u00e3o para\u2026 Leia mais \u00bb\" \/>\n<meta property=\"og:url\" content=\"https:\/\/dana.com.br\/canaldana\/2020\/02\/19\/sem-novo-formato-vw-tambem-ficara-fora-do-salao-do-automovel\/\" \/>\n<meta property=\"og:site_name\" content=\"Canal Dana\" \/>\n<meta property=\"article:published_time\" content=\"2020-02-19T11:17:41+00:00\" \/>\n<meta name=\"author\" content=\"Canal Dana\" \/>\n<meta name=\"twitter:card\" content=\"summary_large_image\" \/>\n<meta name=\"twitter:label1\" content=\"Escrito por\" \/>\n\t<meta name=\"twitter:data1\" content=\"Canal Dana\" \/>\n\t<meta name=\"twitter:label2\" content=\"Est. tempo de leitura\" \/>\n\t<meta name=\"twitter:data2\" content=\"2 minutos\" \/>\n<script type=\"application\/ld+json\" class=\"yoast-schema-graph\">{\"@context\":\"https:\\\/\\\/schema.org\",\"@graph\":[{\"@type\":\"Article\",\"@id\":\"https:\\\/\\\/dana.com.br\\\/canaldana\\\/2020\\\/02\\\/19\\\/sem-novo-formato-vw-tambem-ficara-fora-do-salao-do-automovel\\\/#article\",\"isPartOf\":{\"@id\":\"https:\\\/\\\/dana.com.br\\\/canaldana\\\/2020\\\/02\\\/19\\\/sem-novo-formato-vw-tambem-ficara-fora-do-salao-do-automovel\\\/\"},\"author\":{\"name\":\"Canal Dana\",\"@id\":\"https:\\\/\\\/dana.com.br\\\/canaldana\\\/#\\\/schema\\\/person\\\/3c21f22f56fcf3bc46b94bc60ea4fef6\"},\"headline\":\"Sem novo formato, VW tamb\u00e9m ficar\u00e1 fora do Sal\u00e3o do Autom\u00f3vel\",\"datePublished\":\"2020-02-19T11:17:41+00:00\",\"mainEntityOfPage\":{\"@id\":\"https:\\\/\\\/dana.com.br\\\/canaldana\\\/2020\\\/02\\\/19\\\/sem-novo-formato-vw-tambem-ficara-fora-do-salao-do-automovel\\\/\"},\"wordCount\":345,\"articleSection\":[\"Sal\u00e3o do Autom\u00f3vel de S\u00e3o Paulo 2020\"],\"inLanguage\":\"pt-BR\"},{\"@type\":\"WebPage\",\"@id\":\"https:\\\/\\\/dana.com.br\\\/canaldana\\\/2020\\\/02\\\/19\\\/sem-novo-formato-vw-tambem-ficara-fora-do-salao-do-automovel\\\/\",\"url\":\"https:\\\/\\\/dana.com.br\\\/canaldana\\\/2020\\\/02\\\/19\\\/sem-novo-formato-vw-tambem-ficara-fora-do-salao-do-automovel\\\/\",\"name\":\"Sem novo formato, VW tamb\u00e9m ficar\u00e1 fora do Sal\u00e3o do Autom\u00f3vel - Canal Dana\",\"isPartOf\":{\"@id\":\"https:\\\/\\\/dana.com.br\\\/canaldana\\\/#website\"},\"datePublished\":\"2020-02-19T11:17:41+00:00\",\"author\":{\"@id\":\"https:\\\/\\\/dana.com.br\\\/canaldana\\\/#\\\/schema\\\/person\\\/3c21f22f56fcf3bc46b94bc60ea4fef6\"},\"breadcrumb\":{\"@id\":\"https:\\\/\\\/dana.com.br\\\/canaldana\\\/2020\\\/02\\\/19\\\/sem-novo-formato-vw-tambem-ficara-fora-do-salao-do-automovel\\\/#breadcrumb\"},\"inLanguage\":\"pt-BR\",\"potentialAction\":[{\"@type\":\"ReadAction\",\"target\":[\"https:\\\/\\\/dana.com.br\\\/canaldana\\\/2020\\\/02\\\/19\\\/sem-novo-formato-vw-tambem-ficara-fora-do-salao-do-automovel\\\/\"]}]},{\"@type\":\"BreadcrumbList\",\"@id\":\"https:\\\/\\\/dana.com.br\\\/canaldana\\\/2020\\\/02\\\/19\\\/sem-novo-formato-vw-tambem-ficara-fora-do-salao-do-automovel\\\/#breadcrumb\",\"itemListElement\":[{\"@type\":\"ListItem\",\"position\":1,\"name\":\"Home\",\"item\":\"https:\\\/\\\/dana.com.br\\\/canaldana\\\/\"},{\"@type\":\"ListItem\",\"position\":2,\"name\":\"Sal\u00e3o do Autom\u00f3vel de S\u00e3o Paulo 2020\",\"item\":\"https:\\\/\\\/dana.com.br\\\/canaldana\\\/salao-do-automovel-de-sao-paulo-2020\\\/\"},{\"@type\":\"ListItem\",\"position\":3,\"name\":\"Sem novo formato, VW tamb\u00e9m ficar\u00e1 fora do Sal\u00e3o do Autom\u00f3vel\"}]},{\"@type\":\"WebSite\",\"@id\":\"https:\\\/\\\/dana.com.br\\\/canaldana\\\/#website\",\"url\":\"https:\\\/\\\/dana.com.br\\\/canaldana\\\/\",\"name\":\"Canal Dana\",\"description\":\"Informativo com as principais not\u00edcias da ind\u00fastria automotiva\",\"potentialAction\":[{\"@type\":\"SearchAction\",\"target\":{\"@type\":\"EntryPoint\",\"urlTemplate\":\"https:\\\/\\\/dana.com.br\\\/canaldana\\\/?s={search_term_string}\"},\"query-input\":{\"@type\":\"PropertyValueSpecification\",\"valueRequired\":true,\"valueName\":\"search_term_string\"}}],\"inLanguage\":\"pt-BR\"},{\"@type\":\"Person\",\"@id\":\"https:\\\/\\\/dana.com.br\\\/canaldana\\\/#\\\/schema\\\/person\\\/3c21f22f56fcf3bc46b94bc60ea4fef6\",\"name\":\"Canal Dana\",\"image\":{\"@type\":\"ImageObject\",\"inLanguage\":\"pt-BR\",\"@id\":\"https:\\\/\\\/secure.gravatar.com\\\/avatar\\\/420aaf9278582877d9018637c6817617705899d2858d7572ef0fe59a6b6454b4?s=96&d=mm&r=g\",\"url\":\"https:\\\/\\\/secure.gravatar.com\\\/avatar\\\/420aaf9278582877d9018637c6817617705899d2858d7572ef0fe59a6b6454b4?s=96&d=mm&r=g\",\"contentUrl\":\"https:\\\/\\\/secure.gravatar.com\\\/avatar\\\/420aaf9278582877d9018637c6817617705899d2858d7572ef0fe59a6b6454b4?s=96&d=mm&r=g\",\"caption\":\"Canal Dana\"},\"url\":\"https:\\\/\\\/dana.com.br\\\/canaldana\\\/author\\\/cdeditor\\\/\"}]}<\/script>\n<!-- \/ Yoast SEO plugin. -->","yoast_head_json":{"title":"Sem novo formato, VW tamb\u00e9m ficar\u00e1 fora do Sal\u00e3o do Autom\u00f3vel - Canal Dana","robots":{"index":"index","follow":"follow","max-snippet":"max-snippet:-1","max-image-preview":"max-image-preview:large","max-video-preview":"max-video-preview:-1"},"canonical":"https:\/\/dana.com.br\/canaldana\/2020\/02\/19\/sem-novo-formato-vw-tambem-ficara-fora-do-salao-do-automovel\/","og_locale":"pt_BR","og_type":"article","og_title":"Sem novo formato, VW tamb\u00e9m ficar\u00e1 fora do Sal\u00e3o do Autom\u00f3vel - Canal Dana","og_description":"AutoInd\u00fastria &nbsp; Ap\u00f3s 14 marcas terem anunciado decis\u00e3o de n\u00e3o participar do Sal\u00e3o do Autom\u00f3vel deste ano, agora \u00e9 a vez de a Volkswagen manifestar-se em rela\u00e7\u00e3o ao mais importante evento do setor automotivo brasileiro, que diante de tantas desist\u00eancias corre claro risco de acabar n\u00e3o acontecendo. &nbsp; Enfatizando a extrema import\u00e2ncia do sal\u00e3o para\u2026 Leia mais \u00bb","og_url":"https:\/\/dana.com.br\/canaldana\/2020\/02\/19\/sem-novo-formato-vw-tambem-ficara-fora-do-salao-do-automovel\/","og_site_name":"Canal Dana","article_published_time":"2020-02-19T11:17:41+00:00","author":"Canal Dana","twitter_card":"summary_large_image","twitter_misc":{"Escrito por":"Canal Dana","Est. tempo de leitura":"2 minutos"},"schema":{"@context":"https:\/\/schema.org","@graph":[{"@type":"Article","@id":"https:\/\/dana.com.br\/canaldana\/2020\/02\/19\/sem-novo-formato-vw-tambem-ficara-fora-do-salao-do-automovel\/#article","isPartOf":{"@id":"https:\/\/dana.com.br\/canaldana\/2020\/02\/19\/sem-novo-formato-vw-tambem-ficara-fora-do-salao-do-automovel\/"},"author":{"name":"Canal Dana","@id":"https:\/\/dana.com.br\/canaldana\/#\/schema\/person\/3c21f22f56fcf3bc46b94bc60ea4fef6"},"headline":"Sem novo formato, VW tamb\u00e9m ficar\u00e1 fora do Sal\u00e3o do Autom\u00f3vel","datePublished":"2020-02-19T11:17:41+00:00","mainEntityOfPage":{"@id":"https:\/\/dana.com.br\/canaldana\/2020\/02\/19\/sem-novo-formato-vw-tambem-ficara-fora-do-salao-do-automovel\/"},"wordCount":345,"articleSection":["Sal\u00e3o do Autom\u00f3vel de S\u00e3o Paulo 2020"],"inLanguage":"pt-BR"},{"@type":"WebPage","@id":"https:\/\/dana.com.br\/canaldana\/2020\/02\/19\/sem-novo-formato-vw-tambem-ficara-fora-do-salao-do-automovel\/","url":"https:\/\/dana.com.br\/canaldana\/2020\/02\/19\/sem-novo-formato-vw-tambem-ficara-fora-do-salao-do-automovel\/","name":"Sem novo formato, VW tamb\u00e9m ficar\u00e1 fora do Sal\u00e3o do Autom\u00f3vel - Canal Dana","isPartOf":{"@id":"https:\/\/dana.com.br\/canaldana\/#website"},"datePublished":"2020-02-19T11:17:41+00:00","author":{"@id":"https:\/\/dana.com.br\/canaldana\/#\/schema\/person\/3c21f22f56fcf3bc46b94bc60ea4fef6"},"breadcrumb":{"@id":"https:\/\/dana.com.br\/canaldana\/2020\/02\/19\/sem-novo-formato-vw-tambem-ficara-fora-do-salao-do-automovel\/#breadcrumb"},"inLanguage":"pt-BR","potentialAction":[{"@type":"ReadAction","target":["https:\/\/dana.com.br\/canaldana\/2020\/02\/19\/sem-novo-formato-vw-tambem-ficara-fora-do-salao-do-automovel\/"]}]},{"@type":"BreadcrumbList","@id":"https:\/\/dana.com.br\/canaldana\/2020\/02\/19\/sem-novo-formato-vw-tambem-ficara-fora-do-salao-do-automovel\/#breadcrumb","itemListElement":[{"@type":"ListItem","position":1,"name":"Home","item":"https:\/\/dana.com.br\/canaldana\/"},{"@type":"ListItem","position":2,"name":"Sal\u00e3o do Autom\u00f3vel de S\u00e3o Paulo 2020","item":"https:\/\/dana.com.br\/canaldana\/salao-do-automovel-de-sao-paulo-2020\/"},{"@type":"ListItem","position":3,"name":"Sem novo formato, VW tamb\u00e9m ficar\u00e1 fora do Sal\u00e3o do Autom\u00f3vel"}]},{"@type":"WebSite","@id":"https:\/\/dana.com.br\/canaldana\/#website","url":"https:\/\/dana.com.br\/canaldana\/","name":"Canal Dana","description":"Informativo com as principais not\u00edcias da ind\u00fastria automotiva","potentialAction":[{"@type":"SearchAction","target":{"@type":"EntryPoint","urlTemplate":"https:\/\/dana.com.br\/canaldana\/?s={search_term_string}"},"query-input":{"@type":"PropertyValueSpecification","valueRequired":true,"valueName":"search_term_string"}}],"inLanguage":"pt-BR"},{"@type":"Person","@id":"https:\/\/dana.com.br\/canaldana\/#\/schema\/person\/3c21f22f56fcf3bc46b94bc60ea4fef6","name":"Canal Dana","image":{"@type":"ImageObject","inLanguage":"pt-BR","@id":"https:\/\/secure.gravatar.com\/avatar\/420aaf9278582877d9018637c6817617705899d2858d7572ef0fe59a6b6454b4?s=96&d=mm&r=g","url":"https:\/\/secure.gravatar.com\/avatar\/420aaf9278582877d9018637c6817617705899d2858d7572ef0fe59a6b6454b4?s=96&d=mm&r=g","contentUrl":"https:\/\/secure.gravatar.com\/avatar\/420aaf9278582877d9018637c6817617705899d2858d7572ef0fe59a6b6454b4?s=96&d=mm&r=g","caption":"Canal Dana"},"url":"https:\/\/dana.com.br\/canaldana\/author\/cdeditor\/"}]}},"_links":{"self":[{"href":"https:\/\/dana.com.br\/canaldana\/wp-json\/wp\/v2\/posts\/40792","targetHints":{"allow":["GET"]}}],"collection":[{"href":"https:\/\/dana.com.br\/canaldana\/wp-json\/wp\/v2\/posts"}],"about":[{"href":"https:\/\/dana.com.br\/canaldana\/wp-json\/wp\/v2\/types\/post"}],"author":[{"embeddable":true,"href":"https:\/\/dana.com.br\/canaldana\/wp-json\/wp\/v2\/users\/3"}],"replies":[{"embeddable":true,"href":"https:\/\/dana.com.br\/canaldana\/wp-json\/wp\/v2\/comments?post=40792"}],"version-history":[{"count":0,"href":"https:\/\/dana.com.br\/canaldana\/wp-json\/wp\/v2\/posts\/40792\/revisions"}],"wp:attachment":[{"href":"https:\/\/dana.com.br\/canaldana\/wp-json\/wp\/v2\/media?parent=40792"}],"wp:term":[{"taxonomy":"category","embeddable":true,"href":"https:\/\/dana.com.br\/canaldana\/wp-json\/wp\/v2\/categories?post=40792"},{"taxonomy":"post_tag","embeddable":true,"href":"https:\/\/dana.com.br\/canaldana\/wp-json\/wp\/v2\/tags?post=40792"}],"curies":[{"name":"wp","href":"https:\/\/api.w.org\/{rel}","templated":true}]}}