{"id":40747,"date":"2020-02-17T08:45:03","date_gmt":"2020-02-17T11:45:03","guid":{"rendered":"https:\/\/dana.com.br\/canaldana\/?p=40747"},"modified":"2020-02-17T08:45:03","modified_gmt":"2020-02-17T11:45:03","slug":"em-ascensao-brasil-se-consolida-como-quarto-mercado-da-renault","status":"publish","type":"post","link":"https:\/\/dana.com.br\/canaldana\/2020\/02\/17\/em-ascensao-brasil-se-consolida-como-quarto-mercado-da-renault\/","title":{"rendered":"Em ascens\u00e3o, Brasil se consolida como quarto mercado da Renault"},"content":{"rendered":"<p><em>AutoInd\u00fastria<\/em><\/p>\n<p>&nbsp;<\/p>\n<p>O Brasil segue em alto conceito dentro do Grupo Renault. Depois de estabelecer em 2019 sua maior participa\u00e7\u00e3o ao longo de tr\u00eas d\u00e9cadas aqui, a montadora destaca em seu balan\u00e7o mundial, divulgado na \u00faltima sexta-feira (14), o pa\u00eds como um dos mercados que crescer\u00e3o novamente em 2020.<\/p>\n<p>&nbsp;<\/p>\n<p>Em 2019, a empresa vendeu 239,2 mil autom\u00f3veis e comerciais leves no mercado interno, 6,3% dos cerca de 3,8 milh\u00f5es de unidades negociadas em todo o mundo, que representaram queda de 3,4% sobre o volume consolidado um ano antes.<\/p>\n<p>&nbsp;<\/p>\n<p>O pa\u00eds manteve-se como o quarto maior mercado global da marca, mas por pouco menos de 8 mil unidades n\u00e3o roubou a terceira posi\u00e7\u00e3o da Alemanha. Respondeu por 57% de todos os ve\u00edculos negociadas pelo grupo nas tr\u00eas Am\u00e9ricas.<\/p>\n<p>&nbsp;<\/p>\n<p>Segundo a Renault, as vendas totais brasileiras de ve\u00edculos aumentar\u00e3o em torno de 5% em 2020, enquanto a expectativa para o mercado europeu \u00e9 de recuo de pelo menos 3%.<\/p>\n<p>&nbsp;<\/p>\n<p>Diante desse cen\u00e1rio, a montadora espera repetir a receita \u20ac 55,5 bilh\u00f5es de euros alcan\u00e7ada em 2019 &#8211; 3,3% a menos do que no ano anterior &#8211; e atingir margem operacional entre 3% e 4%, contra os 4,8% registrados no ano passado, que equivaleram a \u20ac 2,6 bilh\u00f5es.<\/p>\n<p>&nbsp;<\/p>\n<p>Mas, destaca a Renault, esses n\u00fameros e \u00edndices n\u00e3o levam em considera\u00e7\u00e3o, ainda, os poss\u00edveis impactos relacionados \u00e0 crise do coronav\u00edrus. Na China, a montadora produz autom\u00f3veis com a Dongfeng em Wuhan, epicentro do surto do v\u00edrus, e comerciais leves com a Brilliance.<\/p>\n<p>&nbsp;<\/p>\n<p><strong>Preju\u00edzo global e cortes <\/strong><\/p>\n<p>&nbsp;<\/p>\n<p>O Grupo Renault relatou perdas de \u20ac 141 milh\u00f5es no ano passado, seu primeiro preju\u00edzo l\u00edquido em uma d\u00e9cada &#8211; em 2018 lucrara \u20ac 3,3 bilh\u00f5es. O lucro operacional caiu 30%, para \u20ac 2,1 bilh\u00f5es.<\/p>\n<p>&nbsp;<\/p>\n<p>\u201cFoi um ano dif\u00edcil para o Grupo Renault e a Alian\u00e7a\u201d, refor\u00e7ou Clotilde Delbos, CEO interina da montadora, que entregar\u00e1 o cargo para o rec\u00e9m-contratado Luca De Meo em meados deste ano.<\/p>\n<p>&nbsp;<\/p>\n<p>\u201cA visibilidade para 2020 permanece limitada devido \u00e0 volatilidade esperada da demanda, principalmente na Europa, devido ao regulamento do CAFE, e aos poss\u00edveis impactos do corona v\u00edrus\u201d, acrescentou Lebos, referindo-se \u00e0 legisla\u00e7\u00e3o que determina limites de emiss\u00f5es mais r\u00edgidos para os ve\u00edculos no continente europeu.<\/p>\n<p>&nbsp;<\/p>\n<p>Por conta desse ambiente global menos favor\u00e1vel, revelou a CEO, a montadora trabalhar\u00e1 para reduzir custos estruturais em \u20ac 2 bilh\u00f5es de euros nos pr\u00f3ximos tr\u00eas anos e n\u00e3o excluiu a possibilidade de cortes de empregos em suas f\u00e1bricas. (AutoInd\u00fastria)<\/p>\n","protected":false},"excerpt":{"rendered":"<p>AutoInd\u00fastria &nbsp; O Brasil segue em alto conceito dentro do Grupo Renault. Depois de estabelecer em 2019 sua maior participa\u00e7\u00e3o ao longo de tr\u00eas d\u00e9cadas aqui, a montadora destaca em seu balan\u00e7o mundial, divulgado na \u00faltima sexta-feira (14), o pa\u00eds como um dos mercados que crescer\u00e3o novamente em 2020. &nbsp; Em 2019, a empresa vendeu\u2026 <a class=\"readmore\" href=\"https:\/\/dana.com.br\/canaldana\/2020\/02\/17\/em-ascensao-brasil-se-consolida-como-quarto-mercado-da-renault\/\">Leia mais \u00bb<\/a><\/p>\n","protected":false},"author":3,"featured_media":0,"comment_status":"closed","ping_status":"closed","sticky":false,"template":"","format":"standard","meta":{"_acf_changed":false,"footnotes":""},"categories":[61],"tags":[],"class_list":["post-40747","post","type-post","status-publish","format-standard","hentry","category-destaques"],"acf":[],"yoast_head":"<!-- This site is optimized with the Yoast SEO plugin v27.5 - https:\/\/yoast.com\/product\/yoast-seo-wordpress\/ -->\n<title>Em ascens\u00e3o, Brasil se consolida como quarto mercado da Renault - Canal Dana<\/title>\n<meta name=\"robots\" content=\"index, follow, max-snippet:-1, max-image-preview:large, max-video-preview:-1\" \/>\n<link rel=\"canonical\" href=\"https:\/\/dana.com.br\/canaldana\/2020\/02\/17\/em-ascensao-brasil-se-consolida-como-quarto-mercado-da-renault\/\" \/>\n<meta property=\"og:locale\" content=\"pt_BR\" \/>\n<meta property=\"og:type\" content=\"article\" \/>\n<meta property=\"og:title\" content=\"Em ascens\u00e3o, Brasil se consolida como quarto mercado da Renault - Canal Dana\" \/>\n<meta property=\"og:description\" content=\"AutoInd\u00fastria &nbsp; O Brasil segue em alto conceito dentro do Grupo Renault. Depois de estabelecer em 2019 sua maior participa\u00e7\u00e3o ao longo de tr\u00eas d\u00e9cadas aqui, a montadora destaca em seu balan\u00e7o mundial, divulgado na \u00faltima sexta-feira (14), o pa\u00eds como um dos mercados que crescer\u00e3o novamente em 2020. &nbsp; Em 2019, a empresa vendeu\u2026 Leia mais \u00bb\" \/>\n<meta property=\"og:url\" content=\"https:\/\/dana.com.br\/canaldana\/2020\/02\/17\/em-ascensao-brasil-se-consolida-como-quarto-mercado-da-renault\/\" \/>\n<meta property=\"og:site_name\" content=\"Canal Dana\" \/>\n<meta property=\"article:published_time\" content=\"2020-02-17T11:45:03+00:00\" \/>\n<meta name=\"author\" content=\"Canal Dana\" \/>\n<meta name=\"twitter:card\" content=\"summary_large_image\" \/>\n<meta name=\"twitter:label1\" content=\"Escrito por\" \/>\n\t<meta name=\"twitter:data1\" content=\"Canal Dana\" \/>\n\t<meta name=\"twitter:label2\" content=\"Est. tempo de leitura\" \/>\n\t<meta name=\"twitter:data2\" content=\"2 minutos\" \/>\n<script type=\"application\/ld+json\" class=\"yoast-schema-graph\">{\"@context\":\"https:\\\/\\\/schema.org\",\"@graph\":[{\"@type\":\"Article\",\"@id\":\"https:\\\/\\\/dana.com.br\\\/canaldana\\\/2020\\\/02\\\/17\\\/em-ascensao-brasil-se-consolida-como-quarto-mercado-da-renault\\\/#article\",\"isPartOf\":{\"@id\":\"https:\\\/\\\/dana.com.br\\\/canaldana\\\/2020\\\/02\\\/17\\\/em-ascensao-brasil-se-consolida-como-quarto-mercado-da-renault\\\/\"},\"author\":{\"name\":\"Canal Dana\",\"@id\":\"https:\\\/\\\/dana.com.br\\\/canaldana\\\/#\\\/schema\\\/person\\\/3c21f22f56fcf3bc46b94bc60ea4fef6\"},\"headline\":\"Em ascens\u00e3o, Brasil se consolida como quarto mercado da Renault\",\"datePublished\":\"2020-02-17T11:45:03+00:00\",\"mainEntityOfPage\":{\"@id\":\"https:\\\/\\\/dana.com.br\\\/canaldana\\\/2020\\\/02\\\/17\\\/em-ascensao-brasil-se-consolida-como-quarto-mercado-da-renault\\\/\"},\"wordCount\":440,\"articleSection\":[\"Destaques\"],\"inLanguage\":\"pt-BR\"},{\"@type\":\"WebPage\",\"@id\":\"https:\\\/\\\/dana.com.br\\\/canaldana\\\/2020\\\/02\\\/17\\\/em-ascensao-brasil-se-consolida-como-quarto-mercado-da-renault\\\/\",\"url\":\"https:\\\/\\\/dana.com.br\\\/canaldana\\\/2020\\\/02\\\/17\\\/em-ascensao-brasil-se-consolida-como-quarto-mercado-da-renault\\\/\",\"name\":\"Em ascens\u00e3o, Brasil se consolida como quarto mercado da Renault - Canal Dana\",\"isPartOf\":{\"@id\":\"https:\\\/\\\/dana.com.br\\\/canaldana\\\/#website\"},\"datePublished\":\"2020-02-17T11:45:03+00:00\",\"author\":{\"@id\":\"https:\\\/\\\/dana.com.br\\\/canaldana\\\/#\\\/schema\\\/person\\\/3c21f22f56fcf3bc46b94bc60ea4fef6\"},\"breadcrumb\":{\"@id\":\"https:\\\/\\\/dana.com.br\\\/canaldana\\\/2020\\\/02\\\/17\\\/em-ascensao-brasil-se-consolida-como-quarto-mercado-da-renault\\\/#breadcrumb\"},\"inLanguage\":\"pt-BR\",\"potentialAction\":[{\"@type\":\"ReadAction\",\"target\":[\"https:\\\/\\\/dana.com.br\\\/canaldana\\\/2020\\\/02\\\/17\\\/em-ascensao-brasil-se-consolida-como-quarto-mercado-da-renault\\\/\"]}]},{\"@type\":\"BreadcrumbList\",\"@id\":\"https:\\\/\\\/dana.com.br\\\/canaldana\\\/2020\\\/02\\\/17\\\/em-ascensao-brasil-se-consolida-como-quarto-mercado-da-renault\\\/#breadcrumb\",\"itemListElement\":[{\"@type\":\"ListItem\",\"position\":1,\"name\":\"Home\",\"item\":\"https:\\\/\\\/dana.com.br\\\/canaldana\\\/\"},{\"@type\":\"ListItem\",\"position\":2,\"name\":\"Destaques\",\"item\":\"https:\\\/\\\/dana.com.br\\\/canaldana\\\/destaques\\\/\"},{\"@type\":\"ListItem\",\"position\":3,\"name\":\"Em ascens\u00e3o, Brasil se consolida como quarto mercado da Renault\"}]},{\"@type\":\"WebSite\",\"@id\":\"https:\\\/\\\/dana.com.br\\\/canaldana\\\/#website\",\"url\":\"https:\\\/\\\/dana.com.br\\\/canaldana\\\/\",\"name\":\"Canal Dana\",\"description\":\"Informativo com as principais not\u00edcias da ind\u00fastria automotiva\",\"potentialAction\":[{\"@type\":\"SearchAction\",\"target\":{\"@type\":\"EntryPoint\",\"urlTemplate\":\"https:\\\/\\\/dana.com.br\\\/canaldana\\\/?s={search_term_string}\"},\"query-input\":{\"@type\":\"PropertyValueSpecification\",\"valueRequired\":true,\"valueName\":\"search_term_string\"}}],\"inLanguage\":\"pt-BR\"},{\"@type\":\"Person\",\"@id\":\"https:\\\/\\\/dana.com.br\\\/canaldana\\\/#\\\/schema\\\/person\\\/3c21f22f56fcf3bc46b94bc60ea4fef6\",\"name\":\"Canal Dana\",\"image\":{\"@type\":\"ImageObject\",\"inLanguage\":\"pt-BR\",\"@id\":\"https:\\\/\\\/secure.gravatar.com\\\/avatar\\\/420aaf9278582877d9018637c6817617705899d2858d7572ef0fe59a6b6454b4?s=96&d=mm&r=g\",\"url\":\"https:\\\/\\\/secure.gravatar.com\\\/avatar\\\/420aaf9278582877d9018637c6817617705899d2858d7572ef0fe59a6b6454b4?s=96&d=mm&r=g\",\"contentUrl\":\"https:\\\/\\\/secure.gravatar.com\\\/avatar\\\/420aaf9278582877d9018637c6817617705899d2858d7572ef0fe59a6b6454b4?s=96&d=mm&r=g\",\"caption\":\"Canal Dana\"},\"url\":\"https:\\\/\\\/dana.com.br\\\/canaldana\\\/author\\\/cdeditor\\\/\"}]}<\/script>\n<!-- \/ Yoast SEO plugin. -->","yoast_head_json":{"title":"Em ascens\u00e3o, Brasil se consolida como quarto mercado da Renault - Canal Dana","robots":{"index":"index","follow":"follow","max-snippet":"max-snippet:-1","max-image-preview":"max-image-preview:large","max-video-preview":"max-video-preview:-1"},"canonical":"https:\/\/dana.com.br\/canaldana\/2020\/02\/17\/em-ascensao-brasil-se-consolida-como-quarto-mercado-da-renault\/","og_locale":"pt_BR","og_type":"article","og_title":"Em ascens\u00e3o, Brasil se consolida como quarto mercado da Renault - Canal Dana","og_description":"AutoInd\u00fastria &nbsp; O Brasil segue em alto conceito dentro do Grupo Renault. Depois de estabelecer em 2019 sua maior participa\u00e7\u00e3o ao longo de tr\u00eas d\u00e9cadas aqui, a montadora destaca em seu balan\u00e7o mundial, divulgado na \u00faltima sexta-feira (14), o pa\u00eds como um dos mercados que crescer\u00e3o novamente em 2020. &nbsp; Em 2019, a empresa vendeu\u2026 Leia mais \u00bb","og_url":"https:\/\/dana.com.br\/canaldana\/2020\/02\/17\/em-ascensao-brasil-se-consolida-como-quarto-mercado-da-renault\/","og_site_name":"Canal Dana","article_published_time":"2020-02-17T11:45:03+00:00","author":"Canal Dana","twitter_card":"summary_large_image","twitter_misc":{"Escrito por":"Canal Dana","Est. tempo de leitura":"2 minutos"},"schema":{"@context":"https:\/\/schema.org","@graph":[{"@type":"Article","@id":"https:\/\/dana.com.br\/canaldana\/2020\/02\/17\/em-ascensao-brasil-se-consolida-como-quarto-mercado-da-renault\/#article","isPartOf":{"@id":"https:\/\/dana.com.br\/canaldana\/2020\/02\/17\/em-ascensao-brasil-se-consolida-como-quarto-mercado-da-renault\/"},"author":{"name":"Canal Dana","@id":"https:\/\/dana.com.br\/canaldana\/#\/schema\/person\/3c21f22f56fcf3bc46b94bc60ea4fef6"},"headline":"Em ascens\u00e3o, Brasil se consolida como quarto mercado da Renault","datePublished":"2020-02-17T11:45:03+00:00","mainEntityOfPage":{"@id":"https:\/\/dana.com.br\/canaldana\/2020\/02\/17\/em-ascensao-brasil-se-consolida-como-quarto-mercado-da-renault\/"},"wordCount":440,"articleSection":["Destaques"],"inLanguage":"pt-BR"},{"@type":"WebPage","@id":"https:\/\/dana.com.br\/canaldana\/2020\/02\/17\/em-ascensao-brasil-se-consolida-como-quarto-mercado-da-renault\/","url":"https:\/\/dana.com.br\/canaldana\/2020\/02\/17\/em-ascensao-brasil-se-consolida-como-quarto-mercado-da-renault\/","name":"Em ascens\u00e3o, Brasil se consolida como quarto mercado da Renault - Canal Dana","isPartOf":{"@id":"https:\/\/dana.com.br\/canaldana\/#website"},"datePublished":"2020-02-17T11:45:03+00:00","author":{"@id":"https:\/\/dana.com.br\/canaldana\/#\/schema\/person\/3c21f22f56fcf3bc46b94bc60ea4fef6"},"breadcrumb":{"@id":"https:\/\/dana.com.br\/canaldana\/2020\/02\/17\/em-ascensao-brasil-se-consolida-como-quarto-mercado-da-renault\/#breadcrumb"},"inLanguage":"pt-BR","potentialAction":[{"@type":"ReadAction","target":["https:\/\/dana.com.br\/canaldana\/2020\/02\/17\/em-ascensao-brasil-se-consolida-como-quarto-mercado-da-renault\/"]}]},{"@type":"BreadcrumbList","@id":"https:\/\/dana.com.br\/canaldana\/2020\/02\/17\/em-ascensao-brasil-se-consolida-como-quarto-mercado-da-renault\/#breadcrumb","itemListElement":[{"@type":"ListItem","position":1,"name":"Home","item":"https:\/\/dana.com.br\/canaldana\/"},{"@type":"ListItem","position":2,"name":"Destaques","item":"https:\/\/dana.com.br\/canaldana\/destaques\/"},{"@type":"ListItem","position":3,"name":"Em ascens\u00e3o, Brasil se consolida como quarto mercado da Renault"}]},{"@type":"WebSite","@id":"https:\/\/dana.com.br\/canaldana\/#website","url":"https:\/\/dana.com.br\/canaldana\/","name":"Canal Dana","description":"Informativo com as principais not\u00edcias da ind\u00fastria automotiva","potentialAction":[{"@type":"SearchAction","target":{"@type":"EntryPoint","urlTemplate":"https:\/\/dana.com.br\/canaldana\/?s={search_term_string}"},"query-input":{"@type":"PropertyValueSpecification","valueRequired":true,"valueName":"search_term_string"}}],"inLanguage":"pt-BR"},{"@type":"Person","@id":"https:\/\/dana.com.br\/canaldana\/#\/schema\/person\/3c21f22f56fcf3bc46b94bc60ea4fef6","name":"Canal Dana","image":{"@type":"ImageObject","inLanguage":"pt-BR","@id":"https:\/\/secure.gravatar.com\/avatar\/420aaf9278582877d9018637c6817617705899d2858d7572ef0fe59a6b6454b4?s=96&d=mm&r=g","url":"https:\/\/secure.gravatar.com\/avatar\/420aaf9278582877d9018637c6817617705899d2858d7572ef0fe59a6b6454b4?s=96&d=mm&r=g","contentUrl":"https:\/\/secure.gravatar.com\/avatar\/420aaf9278582877d9018637c6817617705899d2858d7572ef0fe59a6b6454b4?s=96&d=mm&r=g","caption":"Canal Dana"},"url":"https:\/\/dana.com.br\/canaldana\/author\/cdeditor\/"}]}},"_links":{"self":[{"href":"https:\/\/dana.com.br\/canaldana\/wp-json\/wp\/v2\/posts\/40747","targetHints":{"allow":["GET"]}}],"collection":[{"href":"https:\/\/dana.com.br\/canaldana\/wp-json\/wp\/v2\/posts"}],"about":[{"href":"https:\/\/dana.com.br\/canaldana\/wp-json\/wp\/v2\/types\/post"}],"author":[{"embeddable":true,"href":"https:\/\/dana.com.br\/canaldana\/wp-json\/wp\/v2\/users\/3"}],"replies":[{"embeddable":true,"href":"https:\/\/dana.com.br\/canaldana\/wp-json\/wp\/v2\/comments?post=40747"}],"version-history":[{"count":0,"href":"https:\/\/dana.com.br\/canaldana\/wp-json\/wp\/v2\/posts\/40747\/revisions"}],"wp:attachment":[{"href":"https:\/\/dana.com.br\/canaldana\/wp-json\/wp\/v2\/media?parent=40747"}],"wp:term":[{"taxonomy":"category","embeddable":true,"href":"https:\/\/dana.com.br\/canaldana\/wp-json\/wp\/v2\/categories?post=40747"},{"taxonomy":"post_tag","embeddable":true,"href":"https:\/\/dana.com.br\/canaldana\/wp-json\/wp\/v2\/tags?post=40747"}],"curies":[{"name":"wp","href":"https:\/\/api.w.org\/{rel}","templated":true}]}}