{"id":40698,"date":"2020-02-14T07:49:52","date_gmt":"2020-02-14T10:49:52","guid":{"rendered":"https:\/\/dana.com.br\/canaldana\/?p=40698"},"modified":"2020-02-14T07:49:52","modified_gmt":"2020-02-14T10:49:52","slug":"impulsionadas-por-locadoras-vendas-de-carros-para-empresas-sao-quase-metade-do-total-no-ano","status":"publish","type":"post","link":"https:\/\/dana.com.br\/canaldana\/2020\/02\/14\/impulsionadas-por-locadoras-vendas-de-carros-para-empresas-sao-quase-metade-do-total-no-ano\/","title":{"rendered":"Impulsionadas por locadoras, vendas de carros para empresas s\u00e3o quase metade do total no ano"},"content":{"rendered":"<p><em>Auto Esporte <\/em><\/p>\n<p>&nbsp;<\/p>\n<p>Carros por assinatura &#8211; como s\u00e3o conhecidos os alugu\u00e9is por m\u00e9dio e longo prazo &#8211; ajudaram a engordar o faturamento das locadoras e, consequentemente, tamb\u00e9m impulsionaram a ind\u00fastria automobil\u00edstica.<\/p>\n<p>&nbsp;<\/p>\n<p>O principal dado oficial que mostra a import\u00e2ncia desse segmento \u00e9 o de vendas diretas, feitas pelas montadoras para empresas, sejam locadoras ou n\u00e3o, que envolvem grandes volumes e custam menos do que o consumidor paga nas concession\u00e1rias.<\/p>\n<p>&nbsp;<\/p>\n<p>As vendas diretas cresceram 70% em 4 anos, comparando os n\u00fameros 2015 com os de 2019 divulgados pela federa\u00e7\u00e3o dos concession\u00e1rios, a Fenabrave.<\/p>\n<p>&nbsp;<\/p>\n<p>Em 2015, j\u00e1 em meio \u00e0 crise, elas representavam 29% do total de emplacamentos de ve\u00edculos no Brasil, bem aqu\u00e9m dos n\u00fameros das lojas. Em 2018, superaram pela primeira vez a marca de 1 milh\u00e3o de ve\u00edculos e, neste ano, s\u00e3o respons\u00e1veis por quase metade do &#8220;bolo&#8221; (46%).<\/p>\n<p>&nbsp;<\/p>\n<p>\u201cIsso \u00e9 um fen\u00f4meno mundial. Vem ao encontro com o perfil do consumidor atual, que quer mais do que a propriedade. Ele quer escolhas\u201d, afirmou Ricardo Bacellar, l\u00edder do setor automotivo da consultoria KPMG.<\/p>\n<p>&nbsp;<\/p>\n<p>De acordo com a Associa\u00e7\u00e3o Brasileira de Locadoras de Autom\u00f3veis (Abla), cerca de 20% das vendas diretas atualmente s\u00e3o para locadoras.<\/p>\n<p>&nbsp;<\/p>\n<p>A Fenabrave n\u00e3o informa os n\u00fameros de venda direta separados por tipo de empresa. E diz que, al\u00e9m das locadoras e frotistas, est\u00e3o inclu\u00eddas as vendas de carros PCD, feitas por concession\u00e1rias.<\/p>\n<p>&nbsp;<\/p>\n<p><strong>At\u00e9 quando as vendas crescem?<\/strong><\/p>\n<p>&nbsp;<\/p>\n<p>S\u00e3o ve\u00edculos voltados a portadores de defici\u00eancia, que tamb\u00e9m t\u00eam descontos e cujos emplacamentos dispararam nos \u00faltimos anos, de acordo com associa\u00e7\u00f5es que representam esse p\u00fablico.<\/p>\n<p>&nbsp;<\/p>\n<p>Para Bacellar, as vendas diretas ainda s\u00e3o uma forma de movimentar o mercado. No entanto, ele acredita que essa modalidade deve come\u00e7ar a se estabilizar. &#8220;Vai chegar uma hora em que o f\u00f4lego vai diminuir&#8221;, disse.<\/p>\n<p>&nbsp;<\/p>\n<p>A Anfavea, associa\u00e7\u00e3o das fabricantes, tem a mesma opini\u00e3o, e entende que o percentual atingido em 2019 deve se manter nos pr\u00f3ximos anos.<\/p>\n<p>&nbsp;<\/p>\n<p><strong>&#8220;Boom&#8221; dos aplicativos<\/strong><\/p>\n<p>&nbsp;<\/p>\n<p>Ainda segundo a Abla, a frota das locadoras foi de 773.222, em 2014, para 826.331 ve\u00edculos em 2018, um aumento de 6%.<\/p>\n<p>&nbsp;<\/p>\n<p>No mesmo per\u00edodo, o faturamento dessas empresas, subiu 4%, passando de R$ 14,7 bilh\u00f5es em 2014 para R$ 15,3 bilh\u00f5es em 2018.<\/p>\n<p>&nbsp;<\/p>\n<p>O crescimento aconteceu n\u00e3o s\u00f3 mirando o consumidor comum, mas tamb\u00e9m com o &#8220;boom&#8221; dos aplicativos de transporte. No 1\u00ba semestre deste ano, as locadoras somavam 829.723 ve\u00edculos alugados e cerca de 150 mil estavam nas m\u00e3os de motoristas de apps (18%).<\/p>\n<p>&nbsp;<\/p>\n<p>Segundo a ag\u00eancia Reuters, dois ter\u00e7os dos 600 mil motoristas do Uber no Brasil n\u00e3o possuem os ve\u00edculos que dirigem. Esse n\u00famero \u00e9 um dos mais altos registrados pelo app no mundo.<\/p>\n<p>&nbsp;<\/p>\n<p>Em 2013, um ano antes do Uber chegar ao Brasil, apenas 6% das vendas do Chevrolet Onix eram destinadas a empresas. Neste ano, a fatia atinge 42%, considerando n\u00fameros de vendas at\u00e9 novembro.<\/p>\n<p>&nbsp;<\/p>\n<p>Ainda de acordo com a Reuters, a Localiza saiu de um n\u00edvel de compra de 2% dos ve\u00edculos leves do pa\u00eds em 2012 para 10% neste ano. Os motoristas de apps s\u00e3o o segmento que mais cresce para a empresa.<\/p>\n<p>&nbsp;<\/p>\n<p><strong>Giro r\u00e1pido<\/strong><\/p>\n<p>&nbsp;<\/p>\n<p>A revenda de ve\u00edculos usados pelas locadoras tamb\u00e9m explica o salto das vendas diretas. De acordo com a Abla, cerca de 90 mil carros foram negociados com pessoas f\u00edsicas em 2019.<\/p>\n<p>&nbsp;<\/p>\n<p>O giro da frota \u00e9 r\u00e1pido: as empresas podem passar os ve\u00edculos para frente a partir de 1 ano ap\u00f3s eles serem incorporados \u00e0 frota.<\/p>\n<p>&nbsp;<\/p>\n<p>E as locadoras t\u00eam um trunfo diante das lojas comuns de usados, j\u00e1 que compram esses carros sem intermedi\u00e1rios e com grande volume, conseguindo descontos de at\u00e9 20%. Assim, conseguem atrair clientes com valores abaixo do mercado. (Auto Esporte\/Guilherme Fontana e Andr\u00e9 Paix\u00e3o)<\/p>\n","protected":false},"excerpt":{"rendered":"<p>Auto Esporte &nbsp; Carros por assinatura &#8211; como s\u00e3o conhecidos os alugu\u00e9is por m\u00e9dio e longo prazo &#8211; ajudaram a engordar o faturamento das locadoras e, consequentemente, tamb\u00e9m impulsionaram a ind\u00fastria automobil\u00edstica. &nbsp; O principal dado oficial que mostra a import\u00e2ncia desse segmento \u00e9 o de vendas diretas, feitas pelas montadoras para empresas, sejam locadoras\u2026 <a class=\"readmore\" href=\"https:\/\/dana.com.br\/canaldana\/2020\/02\/14\/impulsionadas-por-locadoras-vendas-de-carros-para-empresas-sao-quase-metade-do-total-no-ano\/\">Leia mais \u00bb<\/a><\/p>\n","protected":false},"author":3,"featured_media":0,"comment_status":"closed","ping_status":"closed","sticky":false,"template":"","format":"standard","meta":{"_acf_changed":false,"footnotes":""},"categories":[79],"tags":[],"class_list":["post-40698","post","type-post","status-publish","format-standard","hentry","category-mercado"],"acf":[],"yoast_head":"<!-- This site is optimized with the Yoast SEO plugin v27.5 - https:\/\/yoast.com\/product\/yoast-seo-wordpress\/ -->\n<title>Impulsionadas por locadoras, vendas de carros para empresas s\u00e3o quase metade do total no ano - Canal Dana<\/title>\n<meta name=\"robots\" content=\"index, follow, max-snippet:-1, max-image-preview:large, max-video-preview:-1\" \/>\n<link rel=\"canonical\" href=\"https:\/\/dana.com.br\/canaldana\/2020\/02\/14\/impulsionadas-por-locadoras-vendas-de-carros-para-empresas-sao-quase-metade-do-total-no-ano\/\" \/>\n<meta property=\"og:locale\" content=\"pt_BR\" \/>\n<meta property=\"og:type\" content=\"article\" \/>\n<meta property=\"og:title\" content=\"Impulsionadas por locadoras, vendas de carros para empresas s\u00e3o quase metade do total no ano - Canal Dana\" \/>\n<meta property=\"og:description\" content=\"Auto Esporte &nbsp; Carros por assinatura &#8211; como s\u00e3o conhecidos os alugu\u00e9is por m\u00e9dio e longo prazo &#8211; ajudaram a engordar o faturamento das locadoras e, consequentemente, tamb\u00e9m impulsionaram a ind\u00fastria automobil\u00edstica. &nbsp; O principal dado oficial que mostra a import\u00e2ncia desse segmento \u00e9 o de vendas diretas, feitas pelas montadoras para empresas, sejam locadoras\u2026 Leia mais \u00bb\" \/>\n<meta property=\"og:url\" content=\"https:\/\/dana.com.br\/canaldana\/2020\/02\/14\/impulsionadas-por-locadoras-vendas-de-carros-para-empresas-sao-quase-metade-do-total-no-ano\/\" \/>\n<meta property=\"og:site_name\" content=\"Canal Dana\" \/>\n<meta property=\"article:published_time\" content=\"2020-02-14T10:49:52+00:00\" \/>\n<meta name=\"author\" content=\"Canal Dana\" \/>\n<meta name=\"twitter:card\" content=\"summary_large_image\" \/>\n<meta name=\"twitter:label1\" content=\"Escrito por\" \/>\n\t<meta name=\"twitter:data1\" content=\"Canal Dana\" \/>\n\t<meta name=\"twitter:label2\" content=\"Est. tempo de leitura\" \/>\n\t<meta name=\"twitter:data2\" content=\"3 minutos\" \/>\n<script type=\"application\/ld+json\" class=\"yoast-schema-graph\">{\"@context\":\"https:\\\/\\\/schema.org\",\"@graph\":[{\"@type\":\"Article\",\"@id\":\"https:\\\/\\\/dana.com.br\\\/canaldana\\\/2020\\\/02\\\/14\\\/impulsionadas-por-locadoras-vendas-de-carros-para-empresas-sao-quase-metade-do-total-no-ano\\\/#article\",\"isPartOf\":{\"@id\":\"https:\\\/\\\/dana.com.br\\\/canaldana\\\/2020\\\/02\\\/14\\\/impulsionadas-por-locadoras-vendas-de-carros-para-empresas-sao-quase-metade-do-total-no-ano\\\/\"},\"author\":{\"name\":\"Canal Dana\",\"@id\":\"https:\\\/\\\/dana.com.br\\\/canaldana\\\/#\\\/schema\\\/person\\\/3c21f22f56fcf3bc46b94bc60ea4fef6\"},\"headline\":\"Impulsionadas por locadoras, vendas de carros para empresas s\u00e3o quase metade do total no ano\",\"datePublished\":\"2020-02-14T10:49:52+00:00\",\"mainEntityOfPage\":{\"@id\":\"https:\\\/\\\/dana.com.br\\\/canaldana\\\/2020\\\/02\\\/14\\\/impulsionadas-por-locadoras-vendas-de-carros-para-empresas-sao-quase-metade-do-total-no-ano\\\/\"},\"wordCount\":680,\"articleSection\":[\"Mercado\"],\"inLanguage\":\"pt-BR\"},{\"@type\":\"WebPage\",\"@id\":\"https:\\\/\\\/dana.com.br\\\/canaldana\\\/2020\\\/02\\\/14\\\/impulsionadas-por-locadoras-vendas-de-carros-para-empresas-sao-quase-metade-do-total-no-ano\\\/\",\"url\":\"https:\\\/\\\/dana.com.br\\\/canaldana\\\/2020\\\/02\\\/14\\\/impulsionadas-por-locadoras-vendas-de-carros-para-empresas-sao-quase-metade-do-total-no-ano\\\/\",\"name\":\"Impulsionadas por locadoras, vendas de carros para empresas s\u00e3o quase metade do total no ano - Canal Dana\",\"isPartOf\":{\"@id\":\"https:\\\/\\\/dana.com.br\\\/canaldana\\\/#website\"},\"datePublished\":\"2020-02-14T10:49:52+00:00\",\"author\":{\"@id\":\"https:\\\/\\\/dana.com.br\\\/canaldana\\\/#\\\/schema\\\/person\\\/3c21f22f56fcf3bc46b94bc60ea4fef6\"},\"breadcrumb\":{\"@id\":\"https:\\\/\\\/dana.com.br\\\/canaldana\\\/2020\\\/02\\\/14\\\/impulsionadas-por-locadoras-vendas-de-carros-para-empresas-sao-quase-metade-do-total-no-ano\\\/#breadcrumb\"},\"inLanguage\":\"pt-BR\",\"potentialAction\":[{\"@type\":\"ReadAction\",\"target\":[\"https:\\\/\\\/dana.com.br\\\/canaldana\\\/2020\\\/02\\\/14\\\/impulsionadas-por-locadoras-vendas-de-carros-para-empresas-sao-quase-metade-do-total-no-ano\\\/\"]}]},{\"@type\":\"BreadcrumbList\",\"@id\":\"https:\\\/\\\/dana.com.br\\\/canaldana\\\/2020\\\/02\\\/14\\\/impulsionadas-por-locadoras-vendas-de-carros-para-empresas-sao-quase-metade-do-total-no-ano\\\/#breadcrumb\",\"itemListElement\":[{\"@type\":\"ListItem\",\"position\":1,\"name\":\"Home\",\"item\":\"https:\\\/\\\/dana.com.br\\\/canaldana\\\/\"},{\"@type\":\"ListItem\",\"position\":2,\"name\":\"Mercado\",\"item\":\"https:\\\/\\\/dana.com.br\\\/canaldana\\\/mercado\\\/\"},{\"@type\":\"ListItem\",\"position\":3,\"name\":\"Impulsionadas por locadoras, vendas de carros para empresas s\u00e3o quase metade do total no ano\"}]},{\"@type\":\"WebSite\",\"@id\":\"https:\\\/\\\/dana.com.br\\\/canaldana\\\/#website\",\"url\":\"https:\\\/\\\/dana.com.br\\\/canaldana\\\/\",\"name\":\"Canal Dana\",\"description\":\"Informativo com as principais not\u00edcias da ind\u00fastria automotiva\",\"potentialAction\":[{\"@type\":\"SearchAction\",\"target\":{\"@type\":\"EntryPoint\",\"urlTemplate\":\"https:\\\/\\\/dana.com.br\\\/canaldana\\\/?s={search_term_string}\"},\"query-input\":{\"@type\":\"PropertyValueSpecification\",\"valueRequired\":true,\"valueName\":\"search_term_string\"}}],\"inLanguage\":\"pt-BR\"},{\"@type\":\"Person\",\"@id\":\"https:\\\/\\\/dana.com.br\\\/canaldana\\\/#\\\/schema\\\/person\\\/3c21f22f56fcf3bc46b94bc60ea4fef6\",\"name\":\"Canal Dana\",\"image\":{\"@type\":\"ImageObject\",\"inLanguage\":\"pt-BR\",\"@id\":\"https:\\\/\\\/secure.gravatar.com\\\/avatar\\\/420aaf9278582877d9018637c6817617705899d2858d7572ef0fe59a6b6454b4?s=96&d=mm&r=g\",\"url\":\"https:\\\/\\\/secure.gravatar.com\\\/avatar\\\/420aaf9278582877d9018637c6817617705899d2858d7572ef0fe59a6b6454b4?s=96&d=mm&r=g\",\"contentUrl\":\"https:\\\/\\\/secure.gravatar.com\\\/avatar\\\/420aaf9278582877d9018637c6817617705899d2858d7572ef0fe59a6b6454b4?s=96&d=mm&r=g\",\"caption\":\"Canal Dana\"},\"url\":\"https:\\\/\\\/dana.com.br\\\/canaldana\\\/author\\\/cdeditor\\\/\"}]}<\/script>\n<!-- \/ Yoast SEO plugin. -->","yoast_head_json":{"title":"Impulsionadas por locadoras, vendas de carros para empresas s\u00e3o quase metade do total no ano - Canal Dana","robots":{"index":"index","follow":"follow","max-snippet":"max-snippet:-1","max-image-preview":"max-image-preview:large","max-video-preview":"max-video-preview:-1"},"canonical":"https:\/\/dana.com.br\/canaldana\/2020\/02\/14\/impulsionadas-por-locadoras-vendas-de-carros-para-empresas-sao-quase-metade-do-total-no-ano\/","og_locale":"pt_BR","og_type":"article","og_title":"Impulsionadas por locadoras, vendas de carros para empresas s\u00e3o quase metade do total no ano - Canal Dana","og_description":"Auto Esporte &nbsp; Carros por assinatura &#8211; como s\u00e3o conhecidos os alugu\u00e9is por m\u00e9dio e longo prazo &#8211; ajudaram a engordar o faturamento das locadoras e, consequentemente, tamb\u00e9m impulsionaram a ind\u00fastria automobil\u00edstica. &nbsp; O principal dado oficial que mostra a import\u00e2ncia desse segmento \u00e9 o de vendas diretas, feitas pelas montadoras para empresas, sejam locadoras\u2026 Leia mais \u00bb","og_url":"https:\/\/dana.com.br\/canaldana\/2020\/02\/14\/impulsionadas-por-locadoras-vendas-de-carros-para-empresas-sao-quase-metade-do-total-no-ano\/","og_site_name":"Canal Dana","article_published_time":"2020-02-14T10:49:52+00:00","author":"Canal Dana","twitter_card":"summary_large_image","twitter_misc":{"Escrito por":"Canal Dana","Est. tempo de leitura":"3 minutos"},"schema":{"@context":"https:\/\/schema.org","@graph":[{"@type":"Article","@id":"https:\/\/dana.com.br\/canaldana\/2020\/02\/14\/impulsionadas-por-locadoras-vendas-de-carros-para-empresas-sao-quase-metade-do-total-no-ano\/#article","isPartOf":{"@id":"https:\/\/dana.com.br\/canaldana\/2020\/02\/14\/impulsionadas-por-locadoras-vendas-de-carros-para-empresas-sao-quase-metade-do-total-no-ano\/"},"author":{"name":"Canal Dana","@id":"https:\/\/dana.com.br\/canaldana\/#\/schema\/person\/3c21f22f56fcf3bc46b94bc60ea4fef6"},"headline":"Impulsionadas por locadoras, vendas de carros para empresas s\u00e3o quase metade do total no ano","datePublished":"2020-02-14T10:49:52+00:00","mainEntityOfPage":{"@id":"https:\/\/dana.com.br\/canaldana\/2020\/02\/14\/impulsionadas-por-locadoras-vendas-de-carros-para-empresas-sao-quase-metade-do-total-no-ano\/"},"wordCount":680,"articleSection":["Mercado"],"inLanguage":"pt-BR"},{"@type":"WebPage","@id":"https:\/\/dana.com.br\/canaldana\/2020\/02\/14\/impulsionadas-por-locadoras-vendas-de-carros-para-empresas-sao-quase-metade-do-total-no-ano\/","url":"https:\/\/dana.com.br\/canaldana\/2020\/02\/14\/impulsionadas-por-locadoras-vendas-de-carros-para-empresas-sao-quase-metade-do-total-no-ano\/","name":"Impulsionadas por locadoras, vendas de carros para empresas s\u00e3o quase metade do total no ano - Canal Dana","isPartOf":{"@id":"https:\/\/dana.com.br\/canaldana\/#website"},"datePublished":"2020-02-14T10:49:52+00:00","author":{"@id":"https:\/\/dana.com.br\/canaldana\/#\/schema\/person\/3c21f22f56fcf3bc46b94bc60ea4fef6"},"breadcrumb":{"@id":"https:\/\/dana.com.br\/canaldana\/2020\/02\/14\/impulsionadas-por-locadoras-vendas-de-carros-para-empresas-sao-quase-metade-do-total-no-ano\/#breadcrumb"},"inLanguage":"pt-BR","potentialAction":[{"@type":"ReadAction","target":["https:\/\/dana.com.br\/canaldana\/2020\/02\/14\/impulsionadas-por-locadoras-vendas-de-carros-para-empresas-sao-quase-metade-do-total-no-ano\/"]}]},{"@type":"BreadcrumbList","@id":"https:\/\/dana.com.br\/canaldana\/2020\/02\/14\/impulsionadas-por-locadoras-vendas-de-carros-para-empresas-sao-quase-metade-do-total-no-ano\/#breadcrumb","itemListElement":[{"@type":"ListItem","position":1,"name":"Home","item":"https:\/\/dana.com.br\/canaldana\/"},{"@type":"ListItem","position":2,"name":"Mercado","item":"https:\/\/dana.com.br\/canaldana\/mercado\/"},{"@type":"ListItem","position":3,"name":"Impulsionadas por locadoras, vendas de carros para empresas s\u00e3o quase metade do total no ano"}]},{"@type":"WebSite","@id":"https:\/\/dana.com.br\/canaldana\/#website","url":"https:\/\/dana.com.br\/canaldana\/","name":"Canal Dana","description":"Informativo com as principais not\u00edcias da ind\u00fastria automotiva","potentialAction":[{"@type":"SearchAction","target":{"@type":"EntryPoint","urlTemplate":"https:\/\/dana.com.br\/canaldana\/?s={search_term_string}"},"query-input":{"@type":"PropertyValueSpecification","valueRequired":true,"valueName":"search_term_string"}}],"inLanguage":"pt-BR"},{"@type":"Person","@id":"https:\/\/dana.com.br\/canaldana\/#\/schema\/person\/3c21f22f56fcf3bc46b94bc60ea4fef6","name":"Canal Dana","image":{"@type":"ImageObject","inLanguage":"pt-BR","@id":"https:\/\/secure.gravatar.com\/avatar\/420aaf9278582877d9018637c6817617705899d2858d7572ef0fe59a6b6454b4?s=96&d=mm&r=g","url":"https:\/\/secure.gravatar.com\/avatar\/420aaf9278582877d9018637c6817617705899d2858d7572ef0fe59a6b6454b4?s=96&d=mm&r=g","contentUrl":"https:\/\/secure.gravatar.com\/avatar\/420aaf9278582877d9018637c6817617705899d2858d7572ef0fe59a6b6454b4?s=96&d=mm&r=g","caption":"Canal Dana"},"url":"https:\/\/dana.com.br\/canaldana\/author\/cdeditor\/"}]}},"_links":{"self":[{"href":"https:\/\/dana.com.br\/canaldana\/wp-json\/wp\/v2\/posts\/40698","targetHints":{"allow":["GET"]}}],"collection":[{"href":"https:\/\/dana.com.br\/canaldana\/wp-json\/wp\/v2\/posts"}],"about":[{"href":"https:\/\/dana.com.br\/canaldana\/wp-json\/wp\/v2\/types\/post"}],"author":[{"embeddable":true,"href":"https:\/\/dana.com.br\/canaldana\/wp-json\/wp\/v2\/users\/3"}],"replies":[{"embeddable":true,"href":"https:\/\/dana.com.br\/canaldana\/wp-json\/wp\/v2\/comments?post=40698"}],"version-history":[{"count":0,"href":"https:\/\/dana.com.br\/canaldana\/wp-json\/wp\/v2\/posts\/40698\/revisions"}],"wp:attachment":[{"href":"https:\/\/dana.com.br\/canaldana\/wp-json\/wp\/v2\/media?parent=40698"}],"wp:term":[{"taxonomy":"category","embeddable":true,"href":"https:\/\/dana.com.br\/canaldana\/wp-json\/wp\/v2\/categories?post=40698"},{"taxonomy":"post_tag","embeddable":true,"href":"https:\/\/dana.com.br\/canaldana\/wp-json\/wp\/v2\/tags?post=40698"}],"curies":[{"name":"wp","href":"https:\/\/api.w.org\/{rel}","templated":true}]}}