{"id":40692,"date":"2020-02-14T07:47:45","date_gmt":"2020-02-14T10:47:45","guid":{"rendered":"https:\/\/dana.com.br\/canaldana\/?p=40692"},"modified":"2020-02-14T07:47:45","modified_gmt":"2020-02-14T10:47:45","slug":"fiat-toro-cresce-mais-de-30","status":"publish","type":"post","link":"https:\/\/dana.com.br\/canaldana\/2020\/02\/14\/fiat-toro-cresce-mais-de-30\/","title":{"rendered":"Fiat Toro cresce mais de 30%"},"content":{"rendered":"<p><em>Motor 1 <\/em><\/p>\n<p>&nbsp;<\/p>\n<p>Compacta Strada n\u00e3o diminui ritmo mesmo com nova gera\u00e7\u00e3o pr\u00f3xima do lan\u00e7amento. Montana n\u00e3o vendia t\u00e3o pouco desde 2003.<\/p>\n<p>&nbsp;<\/p>\n<p>Contrapondo a retra\u00e7\u00e3o geral do mercado brasileiro em janeiro, as vendas de picapes superaram as 25,6 mil unidades e come\u00e7aram 2020 com uma alta global de 10,1% na compara\u00e7\u00e3o com o mesmo per\u00edodo do ano passado. As l\u00edderes de cada segmento tiveram forte impacto neste resultado positivo.<\/p>\n<p>&nbsp;<\/p>\n<p>No ano em que finalmente mudar\u00e1 para a nova gera\u00e7\u00e3o, a Fiat Strada encerrou janeiro com 5.419 emplacamentos (+13,1%), quase 2,2 mil unidades a mais do que a rival VW Saveiro (3.255). Para a veterana Montana, no entanto, m\u00e1s not\u00edcias: as 264 unidades representaram o pior resultado para a Chevrolet desde setembro de 2003 (75), quando suas primeiras unidades come\u00e7aram a ser registradas.<\/p>\n<p>&nbsp;<\/p>\n<p>Entre os modelos maiores, a Toro conquistou a prefer\u00eancia de 5.300 consumidores, 31,5% acima de 2019, e se aproximou de 1\/3 de participa\u00e7\u00e3o de mercado. \u00c9 a primeira vez que a Fiat come\u00e7a um ano acima dos 5 mil emplacamentos. Terceira em dezembro, a Toyota Hilux (3.311) subiu para a vice-lideran\u00e7a com boa margem sobre a rival mais pr\u00f3xima.<\/p>\n<p>&nbsp;<\/p>\n<p>A dist\u00e2ncia sobre a Chevrolet S10 (2.403), no entanto, foi menor do que h\u00e1 um ano. Mesmo sendo a \u00fanica do top 5 a perder espa\u00e7o em rela\u00e7\u00e3o a 2019 (-5,6%), a VW Amarok (1.351) encurtou para menos de 300 unidades nas \u00faltimas semanas a sua desvantagem em rela\u00e7\u00e3o \u00e0 Ford Ranger (1.637). Ap\u00f3s um per\u00edodo de baixa, a Renault Duster Oroch (1.093) se estabilizou \u2013 este foi o 5\u00ba m\u00eas em sequ\u00eancia acima dos mil emplacamentos.<\/p>\n<p>&nbsp;<\/p>\n<p>Ainda bem longe dos n\u00fameros das l\u00edderes, a Nissan Frontier (673) ao menos superou o resultado da Mitsubishi L200 (622), esta \u00faltima sem vender t\u00e3o pouco desde fevereiro de 2016 (612). Destaque para a Ram 2500 (285), pelo 2\u00ba m\u00eas seguido pr\u00f3xima dos 300 emplacamentos. (Motor 1\/Thiago Par\u00edsio)<\/p>\n","protected":false},"excerpt":{"rendered":"<p>Motor 1 &nbsp; Compacta Strada n\u00e3o diminui ritmo mesmo com nova gera\u00e7\u00e3o pr\u00f3xima do lan\u00e7amento. Montana n\u00e3o vendia t\u00e3o pouco desde 2003. &nbsp; Contrapondo a retra\u00e7\u00e3o geral do mercado brasileiro em janeiro, as vendas de picapes superaram as 25,6 mil unidades e come\u00e7aram 2020 com uma alta global de 10,1% na compara\u00e7\u00e3o com o mesmo\u2026 <a class=\"readmore\" href=\"https:\/\/dana.com.br\/canaldana\/2020\/02\/14\/fiat-toro-cresce-mais-de-30\/\">Leia mais \u00bb<\/a><\/p>\n","protected":false},"author":3,"featured_media":0,"comment_status":"closed","ping_status":"closed","sticky":false,"template":"","format":"standard","meta":{"_acf_changed":false,"footnotes":""},"categories":[79],"tags":[],"class_list":["post-40692","post","type-post","status-publish","format-standard","hentry","category-mercado"],"acf":[],"yoast_head":"<!-- This site is optimized with the Yoast SEO plugin v27.5 - https:\/\/yoast.com\/product\/yoast-seo-wordpress\/ -->\n<title>Fiat Toro cresce mais de 30% - Canal Dana<\/title>\n<meta name=\"robots\" content=\"index, follow, max-snippet:-1, max-image-preview:large, max-video-preview:-1\" \/>\n<link rel=\"canonical\" href=\"https:\/\/dana.com.br\/canaldana\/2020\/02\/14\/fiat-toro-cresce-mais-de-30\/\" \/>\n<meta property=\"og:locale\" content=\"pt_BR\" \/>\n<meta property=\"og:type\" content=\"article\" \/>\n<meta property=\"og:title\" content=\"Fiat Toro cresce mais de 30% - Canal Dana\" \/>\n<meta property=\"og:description\" content=\"Motor 1 &nbsp; Compacta Strada n\u00e3o diminui ritmo mesmo com nova gera\u00e7\u00e3o pr\u00f3xima do lan\u00e7amento. Montana n\u00e3o vendia t\u00e3o pouco desde 2003. &nbsp; Contrapondo a retra\u00e7\u00e3o geral do mercado brasileiro em janeiro, as vendas de picapes superaram as 25,6 mil unidades e come\u00e7aram 2020 com uma alta global de 10,1% na compara\u00e7\u00e3o com o mesmo\u2026 Leia mais \u00bb\" \/>\n<meta property=\"og:url\" content=\"https:\/\/dana.com.br\/canaldana\/2020\/02\/14\/fiat-toro-cresce-mais-de-30\/\" \/>\n<meta property=\"og:site_name\" content=\"Canal Dana\" \/>\n<meta property=\"article:published_time\" content=\"2020-02-14T10:47:45+00:00\" \/>\n<meta name=\"author\" content=\"Canal Dana\" \/>\n<meta name=\"twitter:card\" content=\"summary_large_image\" \/>\n<meta name=\"twitter:label1\" content=\"Escrito por\" \/>\n\t<meta name=\"twitter:data1\" content=\"Canal Dana\" \/>\n\t<meta name=\"twitter:label2\" content=\"Est. tempo de leitura\" \/>\n\t<meta name=\"twitter:data2\" content=\"2 minutos\" \/>\n<script type=\"application\/ld+json\" class=\"yoast-schema-graph\">{\"@context\":\"https:\\\/\\\/schema.org\",\"@graph\":[{\"@type\":\"Article\",\"@id\":\"https:\\\/\\\/dana.com.br\\\/canaldana\\\/2020\\\/02\\\/14\\\/fiat-toro-cresce-mais-de-30\\\/#article\",\"isPartOf\":{\"@id\":\"https:\\\/\\\/dana.com.br\\\/canaldana\\\/2020\\\/02\\\/14\\\/fiat-toro-cresce-mais-de-30\\\/\"},\"author\":{\"name\":\"Canal Dana\",\"@id\":\"https:\\\/\\\/dana.com.br\\\/canaldana\\\/#\\\/schema\\\/person\\\/3c21f22f56fcf3bc46b94bc60ea4fef6\"},\"headline\":\"Fiat Toro cresce mais de 30%\",\"datePublished\":\"2020-02-14T10:47:45+00:00\",\"mainEntityOfPage\":{\"@id\":\"https:\\\/\\\/dana.com.br\\\/canaldana\\\/2020\\\/02\\\/14\\\/fiat-toro-cresce-mais-de-30\\\/\"},\"wordCount\":323,\"articleSection\":[\"Mercado\"],\"inLanguage\":\"pt-BR\"},{\"@type\":\"WebPage\",\"@id\":\"https:\\\/\\\/dana.com.br\\\/canaldana\\\/2020\\\/02\\\/14\\\/fiat-toro-cresce-mais-de-30\\\/\",\"url\":\"https:\\\/\\\/dana.com.br\\\/canaldana\\\/2020\\\/02\\\/14\\\/fiat-toro-cresce-mais-de-30\\\/\",\"name\":\"Fiat Toro cresce mais de 30% - Canal Dana\",\"isPartOf\":{\"@id\":\"https:\\\/\\\/dana.com.br\\\/canaldana\\\/#website\"},\"datePublished\":\"2020-02-14T10:47:45+00:00\",\"author\":{\"@id\":\"https:\\\/\\\/dana.com.br\\\/canaldana\\\/#\\\/schema\\\/person\\\/3c21f22f56fcf3bc46b94bc60ea4fef6\"},\"breadcrumb\":{\"@id\":\"https:\\\/\\\/dana.com.br\\\/canaldana\\\/2020\\\/02\\\/14\\\/fiat-toro-cresce-mais-de-30\\\/#breadcrumb\"},\"inLanguage\":\"pt-BR\",\"potentialAction\":[{\"@type\":\"ReadAction\",\"target\":[\"https:\\\/\\\/dana.com.br\\\/canaldana\\\/2020\\\/02\\\/14\\\/fiat-toro-cresce-mais-de-30\\\/\"]}]},{\"@type\":\"BreadcrumbList\",\"@id\":\"https:\\\/\\\/dana.com.br\\\/canaldana\\\/2020\\\/02\\\/14\\\/fiat-toro-cresce-mais-de-30\\\/#breadcrumb\",\"itemListElement\":[{\"@type\":\"ListItem\",\"position\":1,\"name\":\"Home\",\"item\":\"https:\\\/\\\/dana.com.br\\\/canaldana\\\/\"},{\"@type\":\"ListItem\",\"position\":2,\"name\":\"Mercado\",\"item\":\"https:\\\/\\\/dana.com.br\\\/canaldana\\\/mercado\\\/\"},{\"@type\":\"ListItem\",\"position\":3,\"name\":\"Fiat Toro cresce mais de 30%\"}]},{\"@type\":\"WebSite\",\"@id\":\"https:\\\/\\\/dana.com.br\\\/canaldana\\\/#website\",\"url\":\"https:\\\/\\\/dana.com.br\\\/canaldana\\\/\",\"name\":\"Canal Dana\",\"description\":\"Informativo com as principais not\u00edcias da ind\u00fastria automotiva\",\"potentialAction\":[{\"@type\":\"SearchAction\",\"target\":{\"@type\":\"EntryPoint\",\"urlTemplate\":\"https:\\\/\\\/dana.com.br\\\/canaldana\\\/?s={search_term_string}\"},\"query-input\":{\"@type\":\"PropertyValueSpecification\",\"valueRequired\":true,\"valueName\":\"search_term_string\"}}],\"inLanguage\":\"pt-BR\"},{\"@type\":\"Person\",\"@id\":\"https:\\\/\\\/dana.com.br\\\/canaldana\\\/#\\\/schema\\\/person\\\/3c21f22f56fcf3bc46b94bc60ea4fef6\",\"name\":\"Canal Dana\",\"image\":{\"@type\":\"ImageObject\",\"inLanguage\":\"pt-BR\",\"@id\":\"https:\\\/\\\/secure.gravatar.com\\\/avatar\\\/420aaf9278582877d9018637c6817617705899d2858d7572ef0fe59a6b6454b4?s=96&d=mm&r=g\",\"url\":\"https:\\\/\\\/secure.gravatar.com\\\/avatar\\\/420aaf9278582877d9018637c6817617705899d2858d7572ef0fe59a6b6454b4?s=96&d=mm&r=g\",\"contentUrl\":\"https:\\\/\\\/secure.gravatar.com\\\/avatar\\\/420aaf9278582877d9018637c6817617705899d2858d7572ef0fe59a6b6454b4?s=96&d=mm&r=g\",\"caption\":\"Canal Dana\"},\"url\":\"https:\\\/\\\/dana.com.br\\\/canaldana\\\/author\\\/cdeditor\\\/\"}]}<\/script>\n<!-- \/ Yoast SEO plugin. -->","yoast_head_json":{"title":"Fiat Toro cresce mais de 30% - Canal Dana","robots":{"index":"index","follow":"follow","max-snippet":"max-snippet:-1","max-image-preview":"max-image-preview:large","max-video-preview":"max-video-preview:-1"},"canonical":"https:\/\/dana.com.br\/canaldana\/2020\/02\/14\/fiat-toro-cresce-mais-de-30\/","og_locale":"pt_BR","og_type":"article","og_title":"Fiat Toro cresce mais de 30% - Canal Dana","og_description":"Motor 1 &nbsp; Compacta Strada n\u00e3o diminui ritmo mesmo com nova gera\u00e7\u00e3o pr\u00f3xima do lan\u00e7amento. Montana n\u00e3o vendia t\u00e3o pouco desde 2003. &nbsp; Contrapondo a retra\u00e7\u00e3o geral do mercado brasileiro em janeiro, as vendas de picapes superaram as 25,6 mil unidades e come\u00e7aram 2020 com uma alta global de 10,1% na compara\u00e7\u00e3o com o mesmo\u2026 Leia mais \u00bb","og_url":"https:\/\/dana.com.br\/canaldana\/2020\/02\/14\/fiat-toro-cresce-mais-de-30\/","og_site_name":"Canal Dana","article_published_time":"2020-02-14T10:47:45+00:00","author":"Canal Dana","twitter_card":"summary_large_image","twitter_misc":{"Escrito por":"Canal Dana","Est. tempo de leitura":"2 minutos"},"schema":{"@context":"https:\/\/schema.org","@graph":[{"@type":"Article","@id":"https:\/\/dana.com.br\/canaldana\/2020\/02\/14\/fiat-toro-cresce-mais-de-30\/#article","isPartOf":{"@id":"https:\/\/dana.com.br\/canaldana\/2020\/02\/14\/fiat-toro-cresce-mais-de-30\/"},"author":{"name":"Canal Dana","@id":"https:\/\/dana.com.br\/canaldana\/#\/schema\/person\/3c21f22f56fcf3bc46b94bc60ea4fef6"},"headline":"Fiat Toro cresce mais de 30%","datePublished":"2020-02-14T10:47:45+00:00","mainEntityOfPage":{"@id":"https:\/\/dana.com.br\/canaldana\/2020\/02\/14\/fiat-toro-cresce-mais-de-30\/"},"wordCount":323,"articleSection":["Mercado"],"inLanguage":"pt-BR"},{"@type":"WebPage","@id":"https:\/\/dana.com.br\/canaldana\/2020\/02\/14\/fiat-toro-cresce-mais-de-30\/","url":"https:\/\/dana.com.br\/canaldana\/2020\/02\/14\/fiat-toro-cresce-mais-de-30\/","name":"Fiat Toro cresce mais de 30% - Canal Dana","isPartOf":{"@id":"https:\/\/dana.com.br\/canaldana\/#website"},"datePublished":"2020-02-14T10:47:45+00:00","author":{"@id":"https:\/\/dana.com.br\/canaldana\/#\/schema\/person\/3c21f22f56fcf3bc46b94bc60ea4fef6"},"breadcrumb":{"@id":"https:\/\/dana.com.br\/canaldana\/2020\/02\/14\/fiat-toro-cresce-mais-de-30\/#breadcrumb"},"inLanguage":"pt-BR","potentialAction":[{"@type":"ReadAction","target":["https:\/\/dana.com.br\/canaldana\/2020\/02\/14\/fiat-toro-cresce-mais-de-30\/"]}]},{"@type":"BreadcrumbList","@id":"https:\/\/dana.com.br\/canaldana\/2020\/02\/14\/fiat-toro-cresce-mais-de-30\/#breadcrumb","itemListElement":[{"@type":"ListItem","position":1,"name":"Home","item":"https:\/\/dana.com.br\/canaldana\/"},{"@type":"ListItem","position":2,"name":"Mercado","item":"https:\/\/dana.com.br\/canaldana\/mercado\/"},{"@type":"ListItem","position":3,"name":"Fiat Toro cresce mais de 30%"}]},{"@type":"WebSite","@id":"https:\/\/dana.com.br\/canaldana\/#website","url":"https:\/\/dana.com.br\/canaldana\/","name":"Canal Dana","description":"Informativo com as principais not\u00edcias da ind\u00fastria automotiva","potentialAction":[{"@type":"SearchAction","target":{"@type":"EntryPoint","urlTemplate":"https:\/\/dana.com.br\/canaldana\/?s={search_term_string}"},"query-input":{"@type":"PropertyValueSpecification","valueRequired":true,"valueName":"search_term_string"}}],"inLanguage":"pt-BR"},{"@type":"Person","@id":"https:\/\/dana.com.br\/canaldana\/#\/schema\/person\/3c21f22f56fcf3bc46b94bc60ea4fef6","name":"Canal Dana","image":{"@type":"ImageObject","inLanguage":"pt-BR","@id":"https:\/\/secure.gravatar.com\/avatar\/420aaf9278582877d9018637c6817617705899d2858d7572ef0fe59a6b6454b4?s=96&d=mm&r=g","url":"https:\/\/secure.gravatar.com\/avatar\/420aaf9278582877d9018637c6817617705899d2858d7572ef0fe59a6b6454b4?s=96&d=mm&r=g","contentUrl":"https:\/\/secure.gravatar.com\/avatar\/420aaf9278582877d9018637c6817617705899d2858d7572ef0fe59a6b6454b4?s=96&d=mm&r=g","caption":"Canal Dana"},"url":"https:\/\/dana.com.br\/canaldana\/author\/cdeditor\/"}]}},"_links":{"self":[{"href":"https:\/\/dana.com.br\/canaldana\/wp-json\/wp\/v2\/posts\/40692","targetHints":{"allow":["GET"]}}],"collection":[{"href":"https:\/\/dana.com.br\/canaldana\/wp-json\/wp\/v2\/posts"}],"about":[{"href":"https:\/\/dana.com.br\/canaldana\/wp-json\/wp\/v2\/types\/post"}],"author":[{"embeddable":true,"href":"https:\/\/dana.com.br\/canaldana\/wp-json\/wp\/v2\/users\/3"}],"replies":[{"embeddable":true,"href":"https:\/\/dana.com.br\/canaldana\/wp-json\/wp\/v2\/comments?post=40692"}],"version-history":[{"count":0,"href":"https:\/\/dana.com.br\/canaldana\/wp-json\/wp\/v2\/posts\/40692\/revisions"}],"wp:attachment":[{"href":"https:\/\/dana.com.br\/canaldana\/wp-json\/wp\/v2\/media?parent=40692"}],"wp:term":[{"taxonomy":"category","embeddable":true,"href":"https:\/\/dana.com.br\/canaldana\/wp-json\/wp\/v2\/categories?post=40692"},{"taxonomy":"post_tag","embeddable":true,"href":"https:\/\/dana.com.br\/canaldana\/wp-json\/wp\/v2\/tags?post=40692"}],"curies":[{"name":"wp","href":"https:\/\/api.w.org\/{rel}","templated":true}]}}