{"id":40690,"date":"2020-02-14T07:47:19","date_gmt":"2020-02-14T10:47:19","guid":{"rendered":"https:\/\/dana.com.br\/canaldana\/?p=40690"},"modified":"2020-02-14T07:47:19","modified_gmt":"2020-02-14T10:47:19","slug":"volvo-inicia-pre-vendas-do-xc40-hibrido","status":"publish","type":"post","link":"https:\/\/dana.com.br\/canaldana\/2020\/02\/14\/volvo-inicia-pre-vendas-do-xc40-hibrido\/","title":{"rendered":"Volvo inicia pr\u00e9-vendas do XC40 h\u00edbrido"},"content":{"rendered":"<p><em>AutoInd\u00fastria<\/em><\/p>\n<p>&nbsp;<\/p>\n<p>A rede de concession\u00e1ria da Volvo Car no Pa\u00eds come\u00e7ou a aceitar reservas para o XC40 T5 R-Design Plug-in Hybrid. A op\u00e7\u00e3o eletrificada do SUV est\u00e1 dispon\u00edvel por R$ 229.950,00. Segundo a marca, valor especial de pr\u00e9-venda por tempo limitado.<\/p>\n<p>&nbsp;<\/p>\n<p>O modelo traz conjunto in\u00e9dito para o mercado nacional, encontrado somente no XC40. O arranjo T5 Twin Engine FWD combina dois motores, um el\u00e9trico de 82 cv, e outro 1.5 a gasolina, de 180 cv. Associados, produzem torque m\u00e1ximo de 43,3 kgfm. De acordo com a fabricante, a vers\u00e3o faz de 0 a 100 km\/h em 7s3. A transmiss\u00e3o \u00e9 autom\u00e1tica de sete velocidades de dupla embreagem com possibilidade de trocas manuais por borboletas atr\u00e1s do volante.<\/p>\n<p>&nbsp;<\/p>\n<p><strong>Seis modos de condu\u00e7\u00e3o<\/strong><\/p>\n<p>&nbsp;<\/p>\n<p>Em modo de funcionamento somente el\u00e9trico, o SUV tem alcance de 47 quil\u00f4metros.\u00a0 Traz ainda as teclas Hold, que bloqueia o uso da bateria para preservar armazenamento de energia, e a Charge, que recarrega a bateria em at\u00e9 um ter\u00e7o de sua capacidade por meio do motor \u00e0 combust\u00e3o.<\/p>\n<p>&nbsp;<\/p>\n<p>O motorista tamb\u00e9m tem \u00e0 disposi\u00e7\u00e3o seis modos de condu\u00e7\u00e3o a fim de atender eventuais condi\u00e7\u00f5es de tr\u00e1fico ou prefer\u00eancias pessoais. A Hybrid, para uso regular; a Pure, condu\u00e7\u00e3o 100% el\u00e9trica; Power, para respostas mais r\u00e1pidas do acelerador e trocas de marcha; Off-Road, indicada para terrenos sem pavimentos; e Individual, no qual o condutor programa os ajustes.<\/p>\n<p>&nbsp;<\/p>\n<p>As tecnologias de seguran\u00e7a s\u00e3o destaque no carro, como sistema de alerta de ponto cego, alerta de colis\u00e3o, controle de velocidade adaptativa em rela\u00e7\u00e3o ao ve\u00edculo que vai \u00e0 frente, assistente de frenagem autom\u00e1tica e de partida em rampa e aviso de mudan\u00e7a de faixa. (AutoInd\u00fastria)<\/p>\n","protected":false},"excerpt":{"rendered":"<p>AutoInd\u00fastria &nbsp; A rede de concession\u00e1ria da Volvo Car no Pa\u00eds come\u00e7ou a aceitar reservas para o XC40 T5 R-Design Plug-in Hybrid. A op\u00e7\u00e3o eletrificada do SUV est\u00e1 dispon\u00edvel por R$ 229.950,00. Segundo a marca, valor especial de pr\u00e9-venda por tempo limitado. &nbsp; O modelo traz conjunto in\u00e9dito para o mercado nacional, encontrado somente no\u2026 <a class=\"readmore\" href=\"https:\/\/dana.com.br\/canaldana\/2020\/02\/14\/volvo-inicia-pre-vendas-do-xc40-hibrido\/\">Leia mais \u00bb<\/a><\/p>\n","protected":false},"author":3,"featured_media":0,"comment_status":"closed","ping_status":"closed","sticky":false,"template":"","format":"standard","meta":{"_acf_changed":false,"footnotes":""},"categories":[79],"tags":[],"class_list":["post-40690","post","type-post","status-publish","format-standard","hentry","category-mercado"],"acf":[],"yoast_head":"<!-- This site is optimized with the Yoast SEO plugin v27.5 - https:\/\/yoast.com\/product\/yoast-seo-wordpress\/ -->\n<title>Volvo inicia pr\u00e9-vendas do XC40 h\u00edbrido - Canal Dana<\/title>\n<meta name=\"robots\" content=\"index, follow, max-snippet:-1, max-image-preview:large, max-video-preview:-1\" \/>\n<link rel=\"canonical\" href=\"https:\/\/dana.com.br\/canaldana\/2020\/02\/14\/volvo-inicia-pre-vendas-do-xc40-hibrido\/\" \/>\n<meta property=\"og:locale\" content=\"pt_BR\" \/>\n<meta property=\"og:type\" content=\"article\" \/>\n<meta property=\"og:title\" content=\"Volvo inicia pr\u00e9-vendas do XC40 h\u00edbrido - Canal Dana\" \/>\n<meta property=\"og:description\" content=\"AutoInd\u00fastria &nbsp; A rede de concession\u00e1ria da Volvo Car no Pa\u00eds come\u00e7ou a aceitar reservas para o XC40 T5 R-Design Plug-in Hybrid. A op\u00e7\u00e3o eletrificada do SUV est\u00e1 dispon\u00edvel por R$ 229.950,00. Segundo a marca, valor especial de pr\u00e9-venda por tempo limitado. &nbsp; O modelo traz conjunto in\u00e9dito para o mercado nacional, encontrado somente no\u2026 Leia mais \u00bb\" \/>\n<meta property=\"og:url\" content=\"https:\/\/dana.com.br\/canaldana\/2020\/02\/14\/volvo-inicia-pre-vendas-do-xc40-hibrido\/\" \/>\n<meta property=\"og:site_name\" content=\"Canal Dana\" \/>\n<meta property=\"article:published_time\" content=\"2020-02-14T10:47:19+00:00\" \/>\n<meta name=\"author\" content=\"Canal Dana\" \/>\n<meta name=\"twitter:card\" content=\"summary_large_image\" \/>\n<meta name=\"twitter:label1\" content=\"Escrito por\" \/>\n\t<meta name=\"twitter:data1\" content=\"Canal Dana\" \/>\n\t<meta name=\"twitter:label2\" content=\"Est. tempo de leitura\" \/>\n\t<meta name=\"twitter:data2\" content=\"2 minutos\" \/>\n<script type=\"application\/ld+json\" class=\"yoast-schema-graph\">{\"@context\":\"https:\\\/\\\/schema.org\",\"@graph\":[{\"@type\":\"Article\",\"@id\":\"https:\\\/\\\/dana.com.br\\\/canaldana\\\/2020\\\/02\\\/14\\\/volvo-inicia-pre-vendas-do-xc40-hibrido\\\/#article\",\"isPartOf\":{\"@id\":\"https:\\\/\\\/dana.com.br\\\/canaldana\\\/2020\\\/02\\\/14\\\/volvo-inicia-pre-vendas-do-xc40-hibrido\\\/\"},\"author\":{\"name\":\"Canal Dana\",\"@id\":\"https:\\\/\\\/dana.com.br\\\/canaldana\\\/#\\\/schema\\\/person\\\/3c21f22f56fcf3bc46b94bc60ea4fef6\"},\"headline\":\"Volvo inicia pr\u00e9-vendas do XC40 h\u00edbrido\",\"datePublished\":\"2020-02-14T10:47:19+00:00\",\"mainEntityOfPage\":{\"@id\":\"https:\\\/\\\/dana.com.br\\\/canaldana\\\/2020\\\/02\\\/14\\\/volvo-inicia-pre-vendas-do-xc40-hibrido\\\/\"},\"wordCount\":312,\"articleSection\":[\"Mercado\"],\"inLanguage\":\"pt-BR\"},{\"@type\":\"WebPage\",\"@id\":\"https:\\\/\\\/dana.com.br\\\/canaldana\\\/2020\\\/02\\\/14\\\/volvo-inicia-pre-vendas-do-xc40-hibrido\\\/\",\"url\":\"https:\\\/\\\/dana.com.br\\\/canaldana\\\/2020\\\/02\\\/14\\\/volvo-inicia-pre-vendas-do-xc40-hibrido\\\/\",\"name\":\"Volvo inicia pr\u00e9-vendas do XC40 h\u00edbrido - Canal Dana\",\"isPartOf\":{\"@id\":\"https:\\\/\\\/dana.com.br\\\/canaldana\\\/#website\"},\"datePublished\":\"2020-02-14T10:47:19+00:00\",\"author\":{\"@id\":\"https:\\\/\\\/dana.com.br\\\/canaldana\\\/#\\\/schema\\\/person\\\/3c21f22f56fcf3bc46b94bc60ea4fef6\"},\"breadcrumb\":{\"@id\":\"https:\\\/\\\/dana.com.br\\\/canaldana\\\/2020\\\/02\\\/14\\\/volvo-inicia-pre-vendas-do-xc40-hibrido\\\/#breadcrumb\"},\"inLanguage\":\"pt-BR\",\"potentialAction\":[{\"@type\":\"ReadAction\",\"target\":[\"https:\\\/\\\/dana.com.br\\\/canaldana\\\/2020\\\/02\\\/14\\\/volvo-inicia-pre-vendas-do-xc40-hibrido\\\/\"]}]},{\"@type\":\"BreadcrumbList\",\"@id\":\"https:\\\/\\\/dana.com.br\\\/canaldana\\\/2020\\\/02\\\/14\\\/volvo-inicia-pre-vendas-do-xc40-hibrido\\\/#breadcrumb\",\"itemListElement\":[{\"@type\":\"ListItem\",\"position\":1,\"name\":\"Home\",\"item\":\"https:\\\/\\\/dana.com.br\\\/canaldana\\\/\"},{\"@type\":\"ListItem\",\"position\":2,\"name\":\"Mercado\",\"item\":\"https:\\\/\\\/dana.com.br\\\/canaldana\\\/mercado\\\/\"},{\"@type\":\"ListItem\",\"position\":3,\"name\":\"Volvo inicia pr\u00e9-vendas do XC40 h\u00edbrido\"}]},{\"@type\":\"WebSite\",\"@id\":\"https:\\\/\\\/dana.com.br\\\/canaldana\\\/#website\",\"url\":\"https:\\\/\\\/dana.com.br\\\/canaldana\\\/\",\"name\":\"Canal Dana\",\"description\":\"Informativo com as principais not\u00edcias da ind\u00fastria automotiva\",\"potentialAction\":[{\"@type\":\"SearchAction\",\"target\":{\"@type\":\"EntryPoint\",\"urlTemplate\":\"https:\\\/\\\/dana.com.br\\\/canaldana\\\/?s={search_term_string}\"},\"query-input\":{\"@type\":\"PropertyValueSpecification\",\"valueRequired\":true,\"valueName\":\"search_term_string\"}}],\"inLanguage\":\"pt-BR\"},{\"@type\":\"Person\",\"@id\":\"https:\\\/\\\/dana.com.br\\\/canaldana\\\/#\\\/schema\\\/person\\\/3c21f22f56fcf3bc46b94bc60ea4fef6\",\"name\":\"Canal Dana\",\"image\":{\"@type\":\"ImageObject\",\"inLanguage\":\"pt-BR\",\"@id\":\"https:\\\/\\\/secure.gravatar.com\\\/avatar\\\/420aaf9278582877d9018637c6817617705899d2858d7572ef0fe59a6b6454b4?s=96&d=mm&r=g\",\"url\":\"https:\\\/\\\/secure.gravatar.com\\\/avatar\\\/420aaf9278582877d9018637c6817617705899d2858d7572ef0fe59a6b6454b4?s=96&d=mm&r=g\",\"contentUrl\":\"https:\\\/\\\/secure.gravatar.com\\\/avatar\\\/420aaf9278582877d9018637c6817617705899d2858d7572ef0fe59a6b6454b4?s=96&d=mm&r=g\",\"caption\":\"Canal Dana\"},\"url\":\"https:\\\/\\\/dana.com.br\\\/canaldana\\\/author\\\/cdeditor\\\/\"}]}<\/script>\n<!-- \/ Yoast SEO plugin. -->","yoast_head_json":{"title":"Volvo inicia pr\u00e9-vendas do XC40 h\u00edbrido - Canal Dana","robots":{"index":"index","follow":"follow","max-snippet":"max-snippet:-1","max-image-preview":"max-image-preview:large","max-video-preview":"max-video-preview:-1"},"canonical":"https:\/\/dana.com.br\/canaldana\/2020\/02\/14\/volvo-inicia-pre-vendas-do-xc40-hibrido\/","og_locale":"pt_BR","og_type":"article","og_title":"Volvo inicia pr\u00e9-vendas do XC40 h\u00edbrido - Canal Dana","og_description":"AutoInd\u00fastria &nbsp; A rede de concession\u00e1ria da Volvo Car no Pa\u00eds come\u00e7ou a aceitar reservas para o XC40 T5 R-Design Plug-in Hybrid. A op\u00e7\u00e3o eletrificada do SUV est\u00e1 dispon\u00edvel por R$ 229.950,00. Segundo a marca, valor especial de pr\u00e9-venda por tempo limitado. &nbsp; O modelo traz conjunto in\u00e9dito para o mercado nacional, encontrado somente no\u2026 Leia mais \u00bb","og_url":"https:\/\/dana.com.br\/canaldana\/2020\/02\/14\/volvo-inicia-pre-vendas-do-xc40-hibrido\/","og_site_name":"Canal Dana","article_published_time":"2020-02-14T10:47:19+00:00","author":"Canal Dana","twitter_card":"summary_large_image","twitter_misc":{"Escrito por":"Canal Dana","Est. tempo de leitura":"2 minutos"},"schema":{"@context":"https:\/\/schema.org","@graph":[{"@type":"Article","@id":"https:\/\/dana.com.br\/canaldana\/2020\/02\/14\/volvo-inicia-pre-vendas-do-xc40-hibrido\/#article","isPartOf":{"@id":"https:\/\/dana.com.br\/canaldana\/2020\/02\/14\/volvo-inicia-pre-vendas-do-xc40-hibrido\/"},"author":{"name":"Canal Dana","@id":"https:\/\/dana.com.br\/canaldana\/#\/schema\/person\/3c21f22f56fcf3bc46b94bc60ea4fef6"},"headline":"Volvo inicia pr\u00e9-vendas do XC40 h\u00edbrido","datePublished":"2020-02-14T10:47:19+00:00","mainEntityOfPage":{"@id":"https:\/\/dana.com.br\/canaldana\/2020\/02\/14\/volvo-inicia-pre-vendas-do-xc40-hibrido\/"},"wordCount":312,"articleSection":["Mercado"],"inLanguage":"pt-BR"},{"@type":"WebPage","@id":"https:\/\/dana.com.br\/canaldana\/2020\/02\/14\/volvo-inicia-pre-vendas-do-xc40-hibrido\/","url":"https:\/\/dana.com.br\/canaldana\/2020\/02\/14\/volvo-inicia-pre-vendas-do-xc40-hibrido\/","name":"Volvo inicia pr\u00e9-vendas do XC40 h\u00edbrido - Canal Dana","isPartOf":{"@id":"https:\/\/dana.com.br\/canaldana\/#website"},"datePublished":"2020-02-14T10:47:19+00:00","author":{"@id":"https:\/\/dana.com.br\/canaldana\/#\/schema\/person\/3c21f22f56fcf3bc46b94bc60ea4fef6"},"breadcrumb":{"@id":"https:\/\/dana.com.br\/canaldana\/2020\/02\/14\/volvo-inicia-pre-vendas-do-xc40-hibrido\/#breadcrumb"},"inLanguage":"pt-BR","potentialAction":[{"@type":"ReadAction","target":["https:\/\/dana.com.br\/canaldana\/2020\/02\/14\/volvo-inicia-pre-vendas-do-xc40-hibrido\/"]}]},{"@type":"BreadcrumbList","@id":"https:\/\/dana.com.br\/canaldana\/2020\/02\/14\/volvo-inicia-pre-vendas-do-xc40-hibrido\/#breadcrumb","itemListElement":[{"@type":"ListItem","position":1,"name":"Home","item":"https:\/\/dana.com.br\/canaldana\/"},{"@type":"ListItem","position":2,"name":"Mercado","item":"https:\/\/dana.com.br\/canaldana\/mercado\/"},{"@type":"ListItem","position":3,"name":"Volvo inicia pr\u00e9-vendas do XC40 h\u00edbrido"}]},{"@type":"WebSite","@id":"https:\/\/dana.com.br\/canaldana\/#website","url":"https:\/\/dana.com.br\/canaldana\/","name":"Canal Dana","description":"Informativo com as principais not\u00edcias da ind\u00fastria automotiva","potentialAction":[{"@type":"SearchAction","target":{"@type":"EntryPoint","urlTemplate":"https:\/\/dana.com.br\/canaldana\/?s={search_term_string}"},"query-input":{"@type":"PropertyValueSpecification","valueRequired":true,"valueName":"search_term_string"}}],"inLanguage":"pt-BR"},{"@type":"Person","@id":"https:\/\/dana.com.br\/canaldana\/#\/schema\/person\/3c21f22f56fcf3bc46b94bc60ea4fef6","name":"Canal Dana","image":{"@type":"ImageObject","inLanguage":"pt-BR","@id":"https:\/\/secure.gravatar.com\/avatar\/420aaf9278582877d9018637c6817617705899d2858d7572ef0fe59a6b6454b4?s=96&d=mm&r=g","url":"https:\/\/secure.gravatar.com\/avatar\/420aaf9278582877d9018637c6817617705899d2858d7572ef0fe59a6b6454b4?s=96&d=mm&r=g","contentUrl":"https:\/\/secure.gravatar.com\/avatar\/420aaf9278582877d9018637c6817617705899d2858d7572ef0fe59a6b6454b4?s=96&d=mm&r=g","caption":"Canal Dana"},"url":"https:\/\/dana.com.br\/canaldana\/author\/cdeditor\/"}]}},"_links":{"self":[{"href":"https:\/\/dana.com.br\/canaldana\/wp-json\/wp\/v2\/posts\/40690","targetHints":{"allow":["GET"]}}],"collection":[{"href":"https:\/\/dana.com.br\/canaldana\/wp-json\/wp\/v2\/posts"}],"about":[{"href":"https:\/\/dana.com.br\/canaldana\/wp-json\/wp\/v2\/types\/post"}],"author":[{"embeddable":true,"href":"https:\/\/dana.com.br\/canaldana\/wp-json\/wp\/v2\/users\/3"}],"replies":[{"embeddable":true,"href":"https:\/\/dana.com.br\/canaldana\/wp-json\/wp\/v2\/comments?post=40690"}],"version-history":[{"count":0,"href":"https:\/\/dana.com.br\/canaldana\/wp-json\/wp\/v2\/posts\/40690\/revisions"}],"wp:attachment":[{"href":"https:\/\/dana.com.br\/canaldana\/wp-json\/wp\/v2\/media?parent=40690"}],"wp:term":[{"taxonomy":"category","embeddable":true,"href":"https:\/\/dana.com.br\/canaldana\/wp-json\/wp\/v2\/categories?post=40690"},{"taxonomy":"post_tag","embeddable":true,"href":"https:\/\/dana.com.br\/canaldana\/wp-json\/wp\/v2\/tags?post=40690"}],"curies":[{"name":"wp","href":"https:\/\/api.w.org\/{rel}","templated":true}]}}