{"id":40677,"date":"2020-02-14T07:42:36","date_gmt":"2020-02-14T10:42:36","guid":{"rendered":"https:\/\/dana.com.br\/canaldana\/?p=40677"},"modified":"2020-02-14T07:42:36","modified_gmt":"2020-02-14T10:42:36","slug":"alto-investimento-em-salao-do-automovel-espanta-industria-automotiva","status":"publish","type":"post","link":"https:\/\/dana.com.br\/canaldana\/2020\/02\/14\/alto-investimento-em-salao-do-automovel-espanta-industria-automotiva\/","title":{"rendered":"Alto investimento em sal\u00e3o do autom\u00f3vel espanta ind\u00fastria automotiva"},"content":{"rendered":"<p><em>Portal Exame <\/em><\/p>\n<p>&nbsp;<\/p>\n<p>O Sal\u00e3o do Autom\u00f3vel de S\u00e3o Paulo, maior evento da ind\u00fastria automotiva no Brasil, ser\u00e1 minguado em 2020. Cerca de 14 marcas ficar\u00e3o de fora da exposi\u00e7\u00e3o, entre elas l\u00edderes de mercado, como Chevrolet, Toyota e Hyundai.<\/p>\n<p>&nbsp;<\/p>\n<p>O discurso oficial \u00e9 que o formato est\u00e1 antiquado. Mas a principal raz\u00e3o da desist\u00eancia das montadoras \u00e9 o baixo retorno para um investimento que pode chegar a 15 milh\u00f5es de reais.<\/p>\n<p>&nbsp;<\/p>\n<p>Segundo EXAME apurou, o metro quadrado do estande vazio na exibi\u00e7\u00e3o custa 1.055 reais, valor que sobe para 1.252 considerando uma estrutura de TVs, paredes e salas. A tarifa di\u00e1ria de energia \u00e9 de 104.310 reais.<\/p>\n<p>&nbsp;<\/p>\n<p>A Chevrolet, marca da americana GM, \u00e9 uma das que tradicionalmente ocupam os espa\u00e7os mais nobres do evento e estar\u00e3o ausentes dessa edi\u00e7\u00e3o. \u201cO Sal\u00e3o do Autom\u00f3vel \u00e9 mais uma competi\u00e7\u00e3o da ind\u00fastria, e n\u00e3o queremos competir para saber quem tem o melhor estande. Estamos mais focados em atender \u00e0s necessidades dos clientes\u201d, afirma Hermann Mahnke, diretor executivo de marketing da Chevrolet.<\/p>\n<p>&nbsp;<\/p>\n<p>A montadora deve concentrar esfor\u00e7os no ambiente digital, onde j\u00e1 nascem 25% de suas vendas no varejo. Mahnke diz que o modelo dos sal\u00f5es vem mudando no mundo e que as marcas t\u00eam migrado, por exemplo, para grandes eventos de tecnologia a fim de se aproximar do consumidor. \u201c\u00c9 um caminho sem volta\u201d. (Portal Exame\/Denyse Godoy)<\/p>\n","protected":false},"excerpt":{"rendered":"<p>Portal Exame &nbsp; O Sal\u00e3o do Autom\u00f3vel de S\u00e3o Paulo, maior evento da ind\u00fastria automotiva no Brasil, ser\u00e1 minguado em 2020. Cerca de 14 marcas ficar\u00e3o de fora da exposi\u00e7\u00e3o, entre elas l\u00edderes de mercado, como Chevrolet, Toyota e Hyundai. &nbsp; O discurso oficial \u00e9 que o formato est\u00e1 antiquado. Mas a principal raz\u00e3o da\u2026 <a class=\"readmore\" href=\"https:\/\/dana.com.br\/canaldana\/2020\/02\/14\/alto-investimento-em-salao-do-automovel-espanta-industria-automotiva\/\">Leia mais \u00bb<\/a><\/p>\n","protected":false},"author":3,"featured_media":0,"comment_status":"closed","ping_status":"closed","sticky":false,"template":"","format":"standard","meta":{"_acf_changed":false,"footnotes":""},"categories":[118],"tags":[],"class_list":["post-40677","post","type-post","status-publish","format-standard","hentry","category-salao-do-automovel-de-sao-paulo-2020"],"acf":[],"yoast_head":"<!-- This site is optimized with the Yoast SEO plugin v27.5 - https:\/\/yoast.com\/product\/yoast-seo-wordpress\/ -->\n<title>Alto investimento em sal\u00e3o do autom\u00f3vel espanta ind\u00fastria automotiva - Canal Dana<\/title>\n<meta name=\"robots\" content=\"index, follow, max-snippet:-1, max-image-preview:large, max-video-preview:-1\" \/>\n<link rel=\"canonical\" href=\"https:\/\/dana.com.br\/canaldana\/2020\/02\/14\/alto-investimento-em-salao-do-automovel-espanta-industria-automotiva\/\" \/>\n<meta property=\"og:locale\" content=\"pt_BR\" \/>\n<meta property=\"og:type\" content=\"article\" \/>\n<meta property=\"og:title\" content=\"Alto investimento em sal\u00e3o do autom\u00f3vel espanta ind\u00fastria automotiva - Canal Dana\" \/>\n<meta property=\"og:description\" content=\"Portal Exame &nbsp; O Sal\u00e3o do Autom\u00f3vel de S\u00e3o Paulo, maior evento da ind\u00fastria automotiva no Brasil, ser\u00e1 minguado em 2020. Cerca de 14 marcas ficar\u00e3o de fora da exposi\u00e7\u00e3o, entre elas l\u00edderes de mercado, como Chevrolet, Toyota e Hyundai. &nbsp; O discurso oficial \u00e9 que o formato est\u00e1 antiquado. Mas a principal raz\u00e3o da\u2026 Leia mais \u00bb\" \/>\n<meta property=\"og:url\" content=\"https:\/\/dana.com.br\/canaldana\/2020\/02\/14\/alto-investimento-em-salao-do-automovel-espanta-industria-automotiva\/\" \/>\n<meta property=\"og:site_name\" content=\"Canal Dana\" \/>\n<meta property=\"article:published_time\" content=\"2020-02-14T10:42:36+00:00\" \/>\n<meta name=\"author\" content=\"Canal Dana\" \/>\n<meta name=\"twitter:card\" content=\"summary_large_image\" \/>\n<meta name=\"twitter:label1\" content=\"Escrito por\" \/>\n\t<meta name=\"twitter:data1\" content=\"Canal Dana\" \/>\n\t<meta name=\"twitter:label2\" content=\"Est. tempo de leitura\" \/>\n\t<meta name=\"twitter:data2\" content=\"1 minuto\" \/>\n<script type=\"application\/ld+json\" class=\"yoast-schema-graph\">{\"@context\":\"https:\\\/\\\/schema.org\",\"@graph\":[{\"@type\":\"Article\",\"@id\":\"https:\\\/\\\/dana.com.br\\\/canaldana\\\/2020\\\/02\\\/14\\\/alto-investimento-em-salao-do-automovel-espanta-industria-automotiva\\\/#article\",\"isPartOf\":{\"@id\":\"https:\\\/\\\/dana.com.br\\\/canaldana\\\/2020\\\/02\\\/14\\\/alto-investimento-em-salao-do-automovel-espanta-industria-automotiva\\\/\"},\"author\":{\"name\":\"Canal Dana\",\"@id\":\"https:\\\/\\\/dana.com.br\\\/canaldana\\\/#\\\/schema\\\/person\\\/3c21f22f56fcf3bc46b94bc60ea4fef6\"},\"headline\":\"Alto investimento em sal\u00e3o do autom\u00f3vel espanta ind\u00fastria automotiva\",\"datePublished\":\"2020-02-14T10:42:36+00:00\",\"mainEntityOfPage\":{\"@id\":\"https:\\\/\\\/dana.com.br\\\/canaldana\\\/2020\\\/02\\\/14\\\/alto-investimento-em-salao-do-automovel-espanta-industria-automotiva\\\/\"},\"wordCount\":253,\"articleSection\":[\"Sal\u00e3o do Autom\u00f3vel de S\u00e3o Paulo 2020\"],\"inLanguage\":\"pt-BR\"},{\"@type\":\"WebPage\",\"@id\":\"https:\\\/\\\/dana.com.br\\\/canaldana\\\/2020\\\/02\\\/14\\\/alto-investimento-em-salao-do-automovel-espanta-industria-automotiva\\\/\",\"url\":\"https:\\\/\\\/dana.com.br\\\/canaldana\\\/2020\\\/02\\\/14\\\/alto-investimento-em-salao-do-automovel-espanta-industria-automotiva\\\/\",\"name\":\"Alto investimento em sal\u00e3o do autom\u00f3vel espanta ind\u00fastria automotiva - Canal Dana\",\"isPartOf\":{\"@id\":\"https:\\\/\\\/dana.com.br\\\/canaldana\\\/#website\"},\"datePublished\":\"2020-02-14T10:42:36+00:00\",\"author\":{\"@id\":\"https:\\\/\\\/dana.com.br\\\/canaldana\\\/#\\\/schema\\\/person\\\/3c21f22f56fcf3bc46b94bc60ea4fef6\"},\"breadcrumb\":{\"@id\":\"https:\\\/\\\/dana.com.br\\\/canaldana\\\/2020\\\/02\\\/14\\\/alto-investimento-em-salao-do-automovel-espanta-industria-automotiva\\\/#breadcrumb\"},\"inLanguage\":\"pt-BR\",\"potentialAction\":[{\"@type\":\"ReadAction\",\"target\":[\"https:\\\/\\\/dana.com.br\\\/canaldana\\\/2020\\\/02\\\/14\\\/alto-investimento-em-salao-do-automovel-espanta-industria-automotiva\\\/\"]}]},{\"@type\":\"BreadcrumbList\",\"@id\":\"https:\\\/\\\/dana.com.br\\\/canaldana\\\/2020\\\/02\\\/14\\\/alto-investimento-em-salao-do-automovel-espanta-industria-automotiva\\\/#breadcrumb\",\"itemListElement\":[{\"@type\":\"ListItem\",\"position\":1,\"name\":\"Home\",\"item\":\"https:\\\/\\\/dana.com.br\\\/canaldana\\\/\"},{\"@type\":\"ListItem\",\"position\":2,\"name\":\"Sal\u00e3o do Autom\u00f3vel de S\u00e3o Paulo 2020\",\"item\":\"https:\\\/\\\/dana.com.br\\\/canaldana\\\/salao-do-automovel-de-sao-paulo-2020\\\/\"},{\"@type\":\"ListItem\",\"position\":3,\"name\":\"Alto investimento em sal\u00e3o do autom\u00f3vel espanta ind\u00fastria automotiva\"}]},{\"@type\":\"WebSite\",\"@id\":\"https:\\\/\\\/dana.com.br\\\/canaldana\\\/#website\",\"url\":\"https:\\\/\\\/dana.com.br\\\/canaldana\\\/\",\"name\":\"Canal Dana\",\"description\":\"Informativo com as principais not\u00edcias da ind\u00fastria automotiva\",\"potentialAction\":[{\"@type\":\"SearchAction\",\"target\":{\"@type\":\"EntryPoint\",\"urlTemplate\":\"https:\\\/\\\/dana.com.br\\\/canaldana\\\/?s={search_term_string}\"},\"query-input\":{\"@type\":\"PropertyValueSpecification\",\"valueRequired\":true,\"valueName\":\"search_term_string\"}}],\"inLanguage\":\"pt-BR\"},{\"@type\":\"Person\",\"@id\":\"https:\\\/\\\/dana.com.br\\\/canaldana\\\/#\\\/schema\\\/person\\\/3c21f22f56fcf3bc46b94bc60ea4fef6\",\"name\":\"Canal Dana\",\"image\":{\"@type\":\"ImageObject\",\"inLanguage\":\"pt-BR\",\"@id\":\"https:\\\/\\\/secure.gravatar.com\\\/avatar\\\/420aaf9278582877d9018637c6817617705899d2858d7572ef0fe59a6b6454b4?s=96&d=mm&r=g\",\"url\":\"https:\\\/\\\/secure.gravatar.com\\\/avatar\\\/420aaf9278582877d9018637c6817617705899d2858d7572ef0fe59a6b6454b4?s=96&d=mm&r=g\",\"contentUrl\":\"https:\\\/\\\/secure.gravatar.com\\\/avatar\\\/420aaf9278582877d9018637c6817617705899d2858d7572ef0fe59a6b6454b4?s=96&d=mm&r=g\",\"caption\":\"Canal Dana\"},\"url\":\"https:\\\/\\\/dana.com.br\\\/canaldana\\\/author\\\/cdeditor\\\/\"}]}<\/script>\n<!-- \/ Yoast SEO plugin. -->","yoast_head_json":{"title":"Alto investimento em sal\u00e3o do autom\u00f3vel espanta ind\u00fastria automotiva - Canal Dana","robots":{"index":"index","follow":"follow","max-snippet":"max-snippet:-1","max-image-preview":"max-image-preview:large","max-video-preview":"max-video-preview:-1"},"canonical":"https:\/\/dana.com.br\/canaldana\/2020\/02\/14\/alto-investimento-em-salao-do-automovel-espanta-industria-automotiva\/","og_locale":"pt_BR","og_type":"article","og_title":"Alto investimento em sal\u00e3o do autom\u00f3vel espanta ind\u00fastria automotiva - Canal Dana","og_description":"Portal Exame &nbsp; O Sal\u00e3o do Autom\u00f3vel de S\u00e3o Paulo, maior evento da ind\u00fastria automotiva no Brasil, ser\u00e1 minguado em 2020. Cerca de 14 marcas ficar\u00e3o de fora da exposi\u00e7\u00e3o, entre elas l\u00edderes de mercado, como Chevrolet, Toyota e Hyundai. &nbsp; O discurso oficial \u00e9 que o formato est\u00e1 antiquado. Mas a principal raz\u00e3o da\u2026 Leia mais \u00bb","og_url":"https:\/\/dana.com.br\/canaldana\/2020\/02\/14\/alto-investimento-em-salao-do-automovel-espanta-industria-automotiva\/","og_site_name":"Canal Dana","article_published_time":"2020-02-14T10:42:36+00:00","author":"Canal Dana","twitter_card":"summary_large_image","twitter_misc":{"Escrito por":"Canal Dana","Est. tempo de leitura":"1 minuto"},"schema":{"@context":"https:\/\/schema.org","@graph":[{"@type":"Article","@id":"https:\/\/dana.com.br\/canaldana\/2020\/02\/14\/alto-investimento-em-salao-do-automovel-espanta-industria-automotiva\/#article","isPartOf":{"@id":"https:\/\/dana.com.br\/canaldana\/2020\/02\/14\/alto-investimento-em-salao-do-automovel-espanta-industria-automotiva\/"},"author":{"name":"Canal Dana","@id":"https:\/\/dana.com.br\/canaldana\/#\/schema\/person\/3c21f22f56fcf3bc46b94bc60ea4fef6"},"headline":"Alto investimento em sal\u00e3o do autom\u00f3vel espanta ind\u00fastria automotiva","datePublished":"2020-02-14T10:42:36+00:00","mainEntityOfPage":{"@id":"https:\/\/dana.com.br\/canaldana\/2020\/02\/14\/alto-investimento-em-salao-do-automovel-espanta-industria-automotiva\/"},"wordCount":253,"articleSection":["Sal\u00e3o do Autom\u00f3vel de S\u00e3o Paulo 2020"],"inLanguage":"pt-BR"},{"@type":"WebPage","@id":"https:\/\/dana.com.br\/canaldana\/2020\/02\/14\/alto-investimento-em-salao-do-automovel-espanta-industria-automotiva\/","url":"https:\/\/dana.com.br\/canaldana\/2020\/02\/14\/alto-investimento-em-salao-do-automovel-espanta-industria-automotiva\/","name":"Alto investimento em sal\u00e3o do autom\u00f3vel espanta ind\u00fastria automotiva - Canal Dana","isPartOf":{"@id":"https:\/\/dana.com.br\/canaldana\/#website"},"datePublished":"2020-02-14T10:42:36+00:00","author":{"@id":"https:\/\/dana.com.br\/canaldana\/#\/schema\/person\/3c21f22f56fcf3bc46b94bc60ea4fef6"},"breadcrumb":{"@id":"https:\/\/dana.com.br\/canaldana\/2020\/02\/14\/alto-investimento-em-salao-do-automovel-espanta-industria-automotiva\/#breadcrumb"},"inLanguage":"pt-BR","potentialAction":[{"@type":"ReadAction","target":["https:\/\/dana.com.br\/canaldana\/2020\/02\/14\/alto-investimento-em-salao-do-automovel-espanta-industria-automotiva\/"]}]},{"@type":"BreadcrumbList","@id":"https:\/\/dana.com.br\/canaldana\/2020\/02\/14\/alto-investimento-em-salao-do-automovel-espanta-industria-automotiva\/#breadcrumb","itemListElement":[{"@type":"ListItem","position":1,"name":"Home","item":"https:\/\/dana.com.br\/canaldana\/"},{"@type":"ListItem","position":2,"name":"Sal\u00e3o do Autom\u00f3vel de S\u00e3o Paulo 2020","item":"https:\/\/dana.com.br\/canaldana\/salao-do-automovel-de-sao-paulo-2020\/"},{"@type":"ListItem","position":3,"name":"Alto investimento em sal\u00e3o do autom\u00f3vel espanta ind\u00fastria automotiva"}]},{"@type":"WebSite","@id":"https:\/\/dana.com.br\/canaldana\/#website","url":"https:\/\/dana.com.br\/canaldana\/","name":"Canal Dana","description":"Informativo com as principais not\u00edcias da ind\u00fastria automotiva","potentialAction":[{"@type":"SearchAction","target":{"@type":"EntryPoint","urlTemplate":"https:\/\/dana.com.br\/canaldana\/?s={search_term_string}"},"query-input":{"@type":"PropertyValueSpecification","valueRequired":true,"valueName":"search_term_string"}}],"inLanguage":"pt-BR"},{"@type":"Person","@id":"https:\/\/dana.com.br\/canaldana\/#\/schema\/person\/3c21f22f56fcf3bc46b94bc60ea4fef6","name":"Canal Dana","image":{"@type":"ImageObject","inLanguage":"pt-BR","@id":"https:\/\/secure.gravatar.com\/avatar\/420aaf9278582877d9018637c6817617705899d2858d7572ef0fe59a6b6454b4?s=96&d=mm&r=g","url":"https:\/\/secure.gravatar.com\/avatar\/420aaf9278582877d9018637c6817617705899d2858d7572ef0fe59a6b6454b4?s=96&d=mm&r=g","contentUrl":"https:\/\/secure.gravatar.com\/avatar\/420aaf9278582877d9018637c6817617705899d2858d7572ef0fe59a6b6454b4?s=96&d=mm&r=g","caption":"Canal Dana"},"url":"https:\/\/dana.com.br\/canaldana\/author\/cdeditor\/"}]}},"_links":{"self":[{"href":"https:\/\/dana.com.br\/canaldana\/wp-json\/wp\/v2\/posts\/40677","targetHints":{"allow":["GET"]}}],"collection":[{"href":"https:\/\/dana.com.br\/canaldana\/wp-json\/wp\/v2\/posts"}],"about":[{"href":"https:\/\/dana.com.br\/canaldana\/wp-json\/wp\/v2\/types\/post"}],"author":[{"embeddable":true,"href":"https:\/\/dana.com.br\/canaldana\/wp-json\/wp\/v2\/users\/3"}],"replies":[{"embeddable":true,"href":"https:\/\/dana.com.br\/canaldana\/wp-json\/wp\/v2\/comments?post=40677"}],"version-history":[{"count":0,"href":"https:\/\/dana.com.br\/canaldana\/wp-json\/wp\/v2\/posts\/40677\/revisions"}],"wp:attachment":[{"href":"https:\/\/dana.com.br\/canaldana\/wp-json\/wp\/v2\/media?parent=40677"}],"wp:term":[{"taxonomy":"category","embeddable":true,"href":"https:\/\/dana.com.br\/canaldana\/wp-json\/wp\/v2\/categories?post=40677"},{"taxonomy":"post_tag","embeddable":true,"href":"https:\/\/dana.com.br\/canaldana\/wp-json\/wp\/v2\/tags?post=40677"}],"curies":[{"name":"wp","href":"https:\/\/api.w.org\/{rel}","templated":true}]}}