{"id":40566,"date":"2020-02-11T09:24:01","date_gmt":"2020-02-11T12:24:01","guid":{"rendered":"https:\/\/dana.com.br\/canaldana\/?p=40566"},"modified":"2020-02-11T09:24:01","modified_gmt":"2020-02-11T12:24:01","slug":"impacto-na-economia-da-china-pelo-coronavirus-deve-elevar-precos-no-brasil","status":"publish","type":"post","link":"https:\/\/dana.com.br\/canaldana\/2020\/02\/11\/impacto-na-economia-da-china-pelo-coronavirus-deve-elevar-precos-no-brasil\/","title":{"rendered":"Impacto na economia da China pelo coronav\u00edrus deve elevar pre\u00e7os no Brasil"},"content":{"rendered":"<p><em>Correio Braziliense<\/em><\/p>\n<p>&nbsp;<\/p>\n<p>Parte da China voltou a operar ontem, segunda-feira (10\/2), mas restam d\u00favidas sobre a reativa\u00e7\u00e3o da segunda economia do planeta. Ind\u00fastria e com\u00e9rcio est\u00e3o reticentes em retomar produ\u00e7\u00e3o e vendas com medo da dissemina\u00e7\u00e3o de coronav\u00edrus. As prov\u00edncias chinesas mais atingidas pela epidemia representam 65% do Produto Interno Bruto (PIB) do pa\u00eds e concentram as f\u00e1bricas de componentes eletr\u00f4nicos e de pe\u00e7as automobil\u00edsticas. Montadoras globais anunciaram que v\u00e3o parar a produ\u00e7\u00e3o de ve\u00edculos. No Brasil, os estoques de pe\u00e7as e equipamentos eletr\u00f4nicos vindos da China devem durar, no m\u00e1ximo, 15 dias. Apesar de ainda n\u00e3o faltar produto no com\u00e9rcio, se o abastecimento n\u00e3o for normalizado, os pre\u00e7os podem subir.<\/p>\n<p>&nbsp;<\/p>\n<p>Fabio Bentes, economista da Confedera\u00e7\u00e3o Nacional de Bens de Com\u00e9rcio, Servi\u00e7os e Turismo (CNC), alerta para os efeitos da depend\u00eancia direta da produ\u00e7\u00e3o chinesa. \u201cO efeito (do coronav\u00edrus na produ\u00e7\u00e3o) ainda \u00e9 pequeno. Mas, se chegar a faltar componente, pode refletir no pre\u00e7o dos produtos, porque a ind\u00fastria ter\u00e1 de buscar outros fornecedores. Por enquanto, o que mais preocupa o varejista \u00e9 o impacto do c\u00e2mbio\u201d.<\/p>\n<p>&nbsp;<\/p>\n<p>Levantamento da Associa\u00e7\u00e3o Brasileira da Ind\u00fastria El\u00e9trica e Eletr\u00f4nica (Abinee) apurou que 52% das ind\u00fastrias pesquisadas apresentam problemas no recebimento de materiais, componentes e insumos provenientes da China, principalmente entre as fabricantes de produtos de Tecnologia da Informa\u00e7\u00e3o. Conforme a sondagem, caso esta situa\u00e7\u00e3o persista, 22% das empresas sinalizam eventuais paralisa\u00e7\u00f5es na produ\u00e7\u00e3o j\u00e1 nas pr\u00f3ximas semanas.<\/p>\n<p>&nbsp;<\/p>\n<p>Luiz Filipe Dutra, s\u00f3cio do Gico, Hadmann &amp; Dutra Advogados e coordenador do China Desk do escrit\u00f3rio, explicou que algumas f\u00e1bricas mantiveram as portas fechadas por causa da epidemia. \u201cFoxconn n\u00e3o abriu (s\u00f3 recebeu autoriza\u00e7\u00e3o para operar uma unidade) e \u00e9 fornecedora da Apple, Amazon, Dell. Isso afeta toda a cadeia, empresa de log\u00edstica, navio, frete, e chega no varejo e no consumidor. Algumas montadoras anunciaram paralisa\u00e7\u00e3o na produ\u00e7\u00e3o. A Tesla, por exemplo, divulgou que vai atrasar uma semana e meia a entrega dos ve\u00edculos\u201d.<\/p>\n<p>&nbsp;<\/p>\n<p>O receio com o coronav\u00edrus recrudesceu, segundo Vitor Hugo Fonseca, economista e consultor financeiro da G2W Investimentos. \u201cO mercado se deu conta de que o impacto pode perdurar\u201d, salientou. Segundo ele, o d\u00f3lar segue se valorizando diante das principais moedas. \u201cPrincipalmente as de pa\u00edses emergentes\u201d.<\/p>\n<p>&nbsp;<\/p>\n<p><strong>Sem facilidade<\/strong><\/p>\n<p>&nbsp;<\/p>\n<p>O presidente Donald Trump diminuiu sua lista de na\u00e7\u00f5es em desenvolvimento e menos desenvolvidas, que inclui, entre outros, como Brasil, \u00cdndia e \u00c1frica do Sul. Representa dizer que ficou mais f\u00e1cil para os EUA punirem estes e outras na\u00e7\u00f5es na lista &#8211; que inclui ainda Alb\u00e2nia, Argentina, Arm\u00eania, Bulg\u00e1ria, China, Col\u00f4mbia, Costa Rica, Ge\u00f3rgia, Hong Kong, Indon\u00e9sia, Cazaquist\u00e3o, Quirguist\u00e3o, Mal\u00e1sia, Moldova, Montenegro, Maced\u00f4nia do Norte, Rom\u00eania, Cingapura, Coreia do Sul, Tail\u00e2ndia, Ucr\u00e2nia, e Vietn\u00e3.<\/p>\n<p>&nbsp;<\/p>\n<p>De agora em diante, os EUA poder\u00e3o investigar se empresas americanas est\u00e3o sendo prejudicadas com exporta\u00e7\u00f5es subsidiadas injustamente. De acordo com Robert Lighthizer, representante de Washington para o com\u00e9rcio internacional, a mudan\u00e7a foi justificada com o fato de o governo Trump considerar a regra atual, de 1998, \u201cobsoleta\u201d. Reflete ainda o inconformismo da atual gest\u00e3o com o tratamento diferenciado dado \u00e0 China e \u00e0 \u00cdndia pela Organiza\u00e7\u00e3o Mundial do Com\u00e9rcio (OMC). (Correio Braziliense)<\/p>\n","protected":false},"excerpt":{"rendered":"<p>Correio Braziliense &nbsp; Parte da China voltou a operar ontem, segunda-feira (10\/2), mas restam d\u00favidas sobre a reativa\u00e7\u00e3o da segunda economia do planeta. Ind\u00fastria e com\u00e9rcio est\u00e3o reticentes em retomar produ\u00e7\u00e3o e vendas com medo da dissemina\u00e7\u00e3o de coronav\u00edrus. As prov\u00edncias chinesas mais atingidas pela epidemia representam 65% do Produto Interno Bruto (PIB) do pa\u00eds\u2026 <a class=\"readmore\" href=\"https:\/\/dana.com.br\/canaldana\/2020\/02\/11\/impacto-na-economia-da-china-pelo-coronavirus-deve-elevar-precos-no-brasil\/\">Leia mais \u00bb<\/a><\/p>\n","protected":false},"author":3,"featured_media":0,"comment_status":"closed","ping_status":"closed","sticky":false,"template":"","format":"standard","meta":{"_acf_changed":false,"footnotes":""},"categories":[79],"tags":[],"class_list":["post-40566","post","type-post","status-publish","format-standard","hentry","category-mercado"],"acf":[],"yoast_head":"<!-- This site is optimized with the Yoast SEO plugin v27.3 - https:\/\/yoast.com\/product\/yoast-seo-wordpress\/ -->\n<title>Impacto na economia da China pelo coronav\u00edrus deve elevar pre\u00e7os no Brasil - Canal Dana<\/title>\n<meta name=\"robots\" content=\"index, follow, max-snippet:-1, max-image-preview:large, max-video-preview:-1\" \/>\n<link rel=\"canonical\" href=\"https:\/\/dana.com.br\/canaldana\/2020\/02\/11\/impacto-na-economia-da-china-pelo-coronavirus-deve-elevar-precos-no-brasil\/\" \/>\n<meta property=\"og:locale\" content=\"pt_BR\" \/>\n<meta property=\"og:type\" content=\"article\" \/>\n<meta property=\"og:title\" content=\"Impacto na economia da China pelo coronav\u00edrus deve elevar pre\u00e7os no Brasil - Canal Dana\" \/>\n<meta property=\"og:description\" content=\"Correio Braziliense &nbsp; Parte da China voltou a operar ontem, segunda-feira (10\/2), mas restam d\u00favidas sobre a reativa\u00e7\u00e3o da segunda economia do planeta. Ind\u00fastria e com\u00e9rcio est\u00e3o reticentes em retomar produ\u00e7\u00e3o e vendas com medo da dissemina\u00e7\u00e3o de coronav\u00edrus. As prov\u00edncias chinesas mais atingidas pela epidemia representam 65% do Produto Interno Bruto (PIB) do pa\u00eds\u2026 Leia mais \u00bb\" \/>\n<meta property=\"og:url\" content=\"https:\/\/dana.com.br\/canaldana\/2020\/02\/11\/impacto-na-economia-da-china-pelo-coronavirus-deve-elevar-precos-no-brasil\/\" \/>\n<meta property=\"og:site_name\" content=\"Canal Dana\" \/>\n<meta property=\"article:published_time\" content=\"2020-02-11T12:24:01+00:00\" \/>\n<meta name=\"author\" content=\"Canal Dana\" \/>\n<meta name=\"twitter:card\" content=\"summary_large_image\" \/>\n<meta name=\"twitter:label1\" content=\"Escrito por\" \/>\n\t<meta name=\"twitter:data1\" content=\"Canal Dana\" \/>\n\t<meta name=\"twitter:label2\" content=\"Est. tempo de leitura\" \/>\n\t<meta name=\"twitter:data2\" content=\"3 minutos\" \/>\n<script type=\"application\/ld+json\" class=\"yoast-schema-graph\">{\"@context\":\"https:\\\/\\\/schema.org\",\"@graph\":[{\"@type\":\"Article\",\"@id\":\"https:\\\/\\\/dana.com.br\\\/canaldana\\\/2020\\\/02\\\/11\\\/impacto-na-economia-da-china-pelo-coronavirus-deve-elevar-precos-no-brasil\\\/#article\",\"isPartOf\":{\"@id\":\"https:\\\/\\\/dana.com.br\\\/canaldana\\\/2020\\\/02\\\/11\\\/impacto-na-economia-da-china-pelo-coronavirus-deve-elevar-precos-no-brasil\\\/\"},\"author\":{\"name\":\"Canal Dana\",\"@id\":\"https:\\\/\\\/dana.com.br\\\/canaldana\\\/#\\\/schema\\\/person\\\/3c21f22f56fcf3bc46b94bc60ea4fef6\"},\"headline\":\"Impacto na economia da China pelo coronav\u00edrus deve elevar pre\u00e7os no Brasil\",\"datePublished\":\"2020-02-11T12:24:01+00:00\",\"mainEntityOfPage\":{\"@id\":\"https:\\\/\\\/dana.com.br\\\/canaldana\\\/2020\\\/02\\\/11\\\/impacto-na-economia-da-china-pelo-coronavirus-deve-elevar-precos-no-brasil\\\/\"},\"wordCount\":605,\"articleSection\":[\"Mercado\"],\"inLanguage\":\"pt-BR\"},{\"@type\":\"WebPage\",\"@id\":\"https:\\\/\\\/dana.com.br\\\/canaldana\\\/2020\\\/02\\\/11\\\/impacto-na-economia-da-china-pelo-coronavirus-deve-elevar-precos-no-brasil\\\/\",\"url\":\"https:\\\/\\\/dana.com.br\\\/canaldana\\\/2020\\\/02\\\/11\\\/impacto-na-economia-da-china-pelo-coronavirus-deve-elevar-precos-no-brasil\\\/\",\"name\":\"Impacto na economia da China pelo coronav\u00edrus deve elevar pre\u00e7os no Brasil - Canal Dana\",\"isPartOf\":{\"@id\":\"https:\\\/\\\/dana.com.br\\\/canaldana\\\/#website\"},\"datePublished\":\"2020-02-11T12:24:01+00:00\",\"author\":{\"@id\":\"https:\\\/\\\/dana.com.br\\\/canaldana\\\/#\\\/schema\\\/person\\\/3c21f22f56fcf3bc46b94bc60ea4fef6\"},\"breadcrumb\":{\"@id\":\"https:\\\/\\\/dana.com.br\\\/canaldana\\\/2020\\\/02\\\/11\\\/impacto-na-economia-da-china-pelo-coronavirus-deve-elevar-precos-no-brasil\\\/#breadcrumb\"},\"inLanguage\":\"pt-BR\",\"potentialAction\":[{\"@type\":\"ReadAction\",\"target\":[\"https:\\\/\\\/dana.com.br\\\/canaldana\\\/2020\\\/02\\\/11\\\/impacto-na-economia-da-china-pelo-coronavirus-deve-elevar-precos-no-brasil\\\/\"]}]},{\"@type\":\"BreadcrumbList\",\"@id\":\"https:\\\/\\\/dana.com.br\\\/canaldana\\\/2020\\\/02\\\/11\\\/impacto-na-economia-da-china-pelo-coronavirus-deve-elevar-precos-no-brasil\\\/#breadcrumb\",\"itemListElement\":[{\"@type\":\"ListItem\",\"position\":1,\"name\":\"Home\",\"item\":\"https:\\\/\\\/dana.com.br\\\/canaldana\\\/\"},{\"@type\":\"ListItem\",\"position\":2,\"name\":\"Mercado\",\"item\":\"https:\\\/\\\/dana.com.br\\\/canaldana\\\/mercado\\\/\"},{\"@type\":\"ListItem\",\"position\":3,\"name\":\"Impacto na economia da China pelo coronav\u00edrus deve elevar pre\u00e7os no Brasil\"}]},{\"@type\":\"WebSite\",\"@id\":\"https:\\\/\\\/dana.com.br\\\/canaldana\\\/#website\",\"url\":\"https:\\\/\\\/dana.com.br\\\/canaldana\\\/\",\"name\":\"Canal Dana\",\"description\":\"Informativo com as principais not\u00edcias da ind\u00fastria automotiva\",\"potentialAction\":[{\"@type\":\"SearchAction\",\"target\":{\"@type\":\"EntryPoint\",\"urlTemplate\":\"https:\\\/\\\/dana.com.br\\\/canaldana\\\/?s={search_term_string}\"},\"query-input\":{\"@type\":\"PropertyValueSpecification\",\"valueRequired\":true,\"valueName\":\"search_term_string\"}}],\"inLanguage\":\"pt-BR\"},{\"@type\":\"Person\",\"@id\":\"https:\\\/\\\/dana.com.br\\\/canaldana\\\/#\\\/schema\\\/person\\\/3c21f22f56fcf3bc46b94bc60ea4fef6\",\"name\":\"Canal Dana\",\"image\":{\"@type\":\"ImageObject\",\"inLanguage\":\"pt-BR\",\"@id\":\"https:\\\/\\\/secure.gravatar.com\\\/avatar\\\/420aaf9278582877d9018637c6817617705899d2858d7572ef0fe59a6b6454b4?s=96&d=mm&r=g\",\"url\":\"https:\\\/\\\/secure.gravatar.com\\\/avatar\\\/420aaf9278582877d9018637c6817617705899d2858d7572ef0fe59a6b6454b4?s=96&d=mm&r=g\",\"contentUrl\":\"https:\\\/\\\/secure.gravatar.com\\\/avatar\\\/420aaf9278582877d9018637c6817617705899d2858d7572ef0fe59a6b6454b4?s=96&d=mm&r=g\",\"caption\":\"Canal Dana\"},\"url\":\"https:\\\/\\\/dana.com.br\\\/canaldana\\\/author\\\/cdeditor\\\/\"}]}<\/script>\n<!-- \/ Yoast SEO plugin. -->","yoast_head_json":{"title":"Impacto na economia da China pelo coronav\u00edrus deve elevar pre\u00e7os no Brasil - Canal Dana","robots":{"index":"index","follow":"follow","max-snippet":"max-snippet:-1","max-image-preview":"max-image-preview:large","max-video-preview":"max-video-preview:-1"},"canonical":"https:\/\/dana.com.br\/canaldana\/2020\/02\/11\/impacto-na-economia-da-china-pelo-coronavirus-deve-elevar-precos-no-brasil\/","og_locale":"pt_BR","og_type":"article","og_title":"Impacto na economia da China pelo coronav\u00edrus deve elevar pre\u00e7os no Brasil - Canal Dana","og_description":"Correio Braziliense &nbsp; Parte da China voltou a operar ontem, segunda-feira (10\/2), mas restam d\u00favidas sobre a reativa\u00e7\u00e3o da segunda economia do planeta. Ind\u00fastria e com\u00e9rcio est\u00e3o reticentes em retomar produ\u00e7\u00e3o e vendas com medo da dissemina\u00e7\u00e3o de coronav\u00edrus. As prov\u00edncias chinesas mais atingidas pela epidemia representam 65% do Produto Interno Bruto (PIB) do pa\u00eds\u2026 Leia mais \u00bb","og_url":"https:\/\/dana.com.br\/canaldana\/2020\/02\/11\/impacto-na-economia-da-china-pelo-coronavirus-deve-elevar-precos-no-brasil\/","og_site_name":"Canal Dana","article_published_time":"2020-02-11T12:24:01+00:00","author":"Canal Dana","twitter_card":"summary_large_image","twitter_misc":{"Escrito por":"Canal Dana","Est. tempo de leitura":"3 minutos"},"schema":{"@context":"https:\/\/schema.org","@graph":[{"@type":"Article","@id":"https:\/\/dana.com.br\/canaldana\/2020\/02\/11\/impacto-na-economia-da-china-pelo-coronavirus-deve-elevar-precos-no-brasil\/#article","isPartOf":{"@id":"https:\/\/dana.com.br\/canaldana\/2020\/02\/11\/impacto-na-economia-da-china-pelo-coronavirus-deve-elevar-precos-no-brasil\/"},"author":{"name":"Canal Dana","@id":"https:\/\/dana.com.br\/canaldana\/#\/schema\/person\/3c21f22f56fcf3bc46b94bc60ea4fef6"},"headline":"Impacto na economia da China pelo coronav\u00edrus deve elevar pre\u00e7os no Brasil","datePublished":"2020-02-11T12:24:01+00:00","mainEntityOfPage":{"@id":"https:\/\/dana.com.br\/canaldana\/2020\/02\/11\/impacto-na-economia-da-china-pelo-coronavirus-deve-elevar-precos-no-brasil\/"},"wordCount":605,"articleSection":["Mercado"],"inLanguage":"pt-BR"},{"@type":"WebPage","@id":"https:\/\/dana.com.br\/canaldana\/2020\/02\/11\/impacto-na-economia-da-china-pelo-coronavirus-deve-elevar-precos-no-brasil\/","url":"https:\/\/dana.com.br\/canaldana\/2020\/02\/11\/impacto-na-economia-da-china-pelo-coronavirus-deve-elevar-precos-no-brasil\/","name":"Impacto na economia da China pelo coronav\u00edrus deve elevar pre\u00e7os no Brasil - Canal Dana","isPartOf":{"@id":"https:\/\/dana.com.br\/canaldana\/#website"},"datePublished":"2020-02-11T12:24:01+00:00","author":{"@id":"https:\/\/dana.com.br\/canaldana\/#\/schema\/person\/3c21f22f56fcf3bc46b94bc60ea4fef6"},"breadcrumb":{"@id":"https:\/\/dana.com.br\/canaldana\/2020\/02\/11\/impacto-na-economia-da-china-pelo-coronavirus-deve-elevar-precos-no-brasil\/#breadcrumb"},"inLanguage":"pt-BR","potentialAction":[{"@type":"ReadAction","target":["https:\/\/dana.com.br\/canaldana\/2020\/02\/11\/impacto-na-economia-da-china-pelo-coronavirus-deve-elevar-precos-no-brasil\/"]}]},{"@type":"BreadcrumbList","@id":"https:\/\/dana.com.br\/canaldana\/2020\/02\/11\/impacto-na-economia-da-china-pelo-coronavirus-deve-elevar-precos-no-brasil\/#breadcrumb","itemListElement":[{"@type":"ListItem","position":1,"name":"Home","item":"https:\/\/dana.com.br\/canaldana\/"},{"@type":"ListItem","position":2,"name":"Mercado","item":"https:\/\/dana.com.br\/canaldana\/mercado\/"},{"@type":"ListItem","position":3,"name":"Impacto na economia da China pelo coronav\u00edrus deve elevar pre\u00e7os no Brasil"}]},{"@type":"WebSite","@id":"https:\/\/dana.com.br\/canaldana\/#website","url":"https:\/\/dana.com.br\/canaldana\/","name":"Canal Dana","description":"Informativo com as principais not\u00edcias da ind\u00fastria automotiva","potentialAction":[{"@type":"SearchAction","target":{"@type":"EntryPoint","urlTemplate":"https:\/\/dana.com.br\/canaldana\/?s={search_term_string}"},"query-input":{"@type":"PropertyValueSpecification","valueRequired":true,"valueName":"search_term_string"}}],"inLanguage":"pt-BR"},{"@type":"Person","@id":"https:\/\/dana.com.br\/canaldana\/#\/schema\/person\/3c21f22f56fcf3bc46b94bc60ea4fef6","name":"Canal Dana","image":{"@type":"ImageObject","inLanguage":"pt-BR","@id":"https:\/\/secure.gravatar.com\/avatar\/420aaf9278582877d9018637c6817617705899d2858d7572ef0fe59a6b6454b4?s=96&d=mm&r=g","url":"https:\/\/secure.gravatar.com\/avatar\/420aaf9278582877d9018637c6817617705899d2858d7572ef0fe59a6b6454b4?s=96&d=mm&r=g","contentUrl":"https:\/\/secure.gravatar.com\/avatar\/420aaf9278582877d9018637c6817617705899d2858d7572ef0fe59a6b6454b4?s=96&d=mm&r=g","caption":"Canal Dana"},"url":"https:\/\/dana.com.br\/canaldana\/author\/cdeditor\/"}]}},"_links":{"self":[{"href":"https:\/\/dana.com.br\/canaldana\/wp-json\/wp\/v2\/posts\/40566","targetHints":{"allow":["GET"]}}],"collection":[{"href":"https:\/\/dana.com.br\/canaldana\/wp-json\/wp\/v2\/posts"}],"about":[{"href":"https:\/\/dana.com.br\/canaldana\/wp-json\/wp\/v2\/types\/post"}],"author":[{"embeddable":true,"href":"https:\/\/dana.com.br\/canaldana\/wp-json\/wp\/v2\/users\/3"}],"replies":[{"embeddable":true,"href":"https:\/\/dana.com.br\/canaldana\/wp-json\/wp\/v2\/comments?post=40566"}],"version-history":[{"count":0,"href":"https:\/\/dana.com.br\/canaldana\/wp-json\/wp\/v2\/posts\/40566\/revisions"}],"wp:attachment":[{"href":"https:\/\/dana.com.br\/canaldana\/wp-json\/wp\/v2\/media?parent=40566"}],"wp:term":[{"taxonomy":"category","embeddable":true,"href":"https:\/\/dana.com.br\/canaldana\/wp-json\/wp\/v2\/categories?post=40566"},{"taxonomy":"post_tag","embeddable":true,"href":"https:\/\/dana.com.br\/canaldana\/wp-json\/wp\/v2\/tags?post=40566"}],"curies":[{"name":"wp","href":"https:\/\/api.w.org\/{rel}","templated":true}]}}