{"id":40500,"date":"2020-02-10T08:50:57","date_gmt":"2020-02-10T11:50:57","guid":{"rendered":"https:\/\/dana.com.br\/canaldana\/?p=40500"},"modified":"2020-02-10T08:50:57","modified_gmt":"2020-02-10T11:50:57","slug":"vw-passat-saira-de-linha-nos-eua-e-pode-ser-substituido-por-eletrico","status":"publish","type":"post","link":"https:\/\/dana.com.br\/canaldana\/2020\/02\/10\/vw-passat-saira-de-linha-nos-eua-e-pode-ser-substituido-por-eletrico\/","title":{"rendered":"VW Passat sair\u00e1 de linha nos EUA e pode ser substitu\u00eddo por el\u00e9trico"},"content":{"rendered":"<p><em>Motor 1\/Roadshow<\/em><\/p>\n<p>&nbsp;<\/p>\n<p>Ap\u00f3s diversas gera\u00e7\u00f5es feitas especialmente para os Estados Unidos, o Volkswagen Passat prepara-se para sair de cena no pa\u00eds &#8211; e pode ser substitu\u00eddo por um modelo el\u00e9trico. A informa\u00e7\u00e3o foi revelada por executivo da marca, adiantando que o sed\u00e3 n\u00e3o tem muito tempo restante nos planos da empresa para os pr\u00f3ximos anos. Um destino bem diferente do Passat europeu, que \u00e9 vendido no Brasil e que recebeu uma reestiliza\u00e7\u00e3o recentemente.<\/p>\n<p>&nbsp;<\/p>\n<p>&#8220;O Passat \u00e9 um carro que tem um tempo de vida limitado em termos de planejamento&#8221;, afirma Johan de Nysschen, COO da Volkswagen of America, em entrevista ao Roadshow. &#8220;Provavelmente \u00e9 seguro assumir que, quando este Passat chegar ao fim de seu ciclo de vida, seu sucessor provavelmente n\u00e3o ter\u00e1 um motor a combust\u00e3o&#8221;, completa o executivo.<\/p>\n<p>&nbsp;<\/p>\n<p>A Volkswagen trabalha em v\u00e1rios modelos totalmente el\u00e9tricos e a declara\u00e7\u00e3o feita por de Nysschen nos faz imaginar que o sucessor do Passat norte-americano pode ser a vers\u00e3o de produ\u00e7\u00e3o do ID.Vizzion (na galeria abaixo). O conceito adianta como ser\u00e1 o sed\u00e3 el\u00e9trico da linha ID., previsto para chegar \u00e0s lojas at\u00e9 2030.<\/p>\n<p>&nbsp;<\/p>\n<p>Nas duas primeiras gera\u00e7\u00f5es para os Estados Unidos, o Volkswagen Passat usava os nomes Dasher e Quantum, respectivamente. S\u00f3 passou a ser batizado como Passat a partir de 1990, quando chegou \u00e0 terceira gera\u00e7\u00e3o. E, desde o modelo 2012, passou a ser um carro separado do Passat europeu. Eles se separaram ainda mais a partir de 2015, quando o modelo vendido na Europa adotou a plataforma modular MQB (a mesma do Golf), enquanto nos EUA ele continua a velha arquitetura PQ46.<\/p>\n<p>&nbsp;<\/p>\n<p>Nos EUA, o Passat passou por mudan\u00e7as na linha 2020, com uma leve reestiliza\u00e7\u00e3o. J\u00e1 no Brasil, estamos na espera pelo Passat renovado, que foi lan\u00e7ado na Europa em 2019. O sed\u00e3 grande pode virar o segundo modelo h\u00edbrido da marca no pa\u00eds, chegando na vers\u00e3o GTE. (Motor 1\/Roadshow)<\/p>\n","protected":false},"excerpt":{"rendered":"<p>Motor 1\/Roadshow &nbsp; Ap\u00f3s diversas gera\u00e7\u00f5es feitas especialmente para os Estados Unidos, o Volkswagen Passat prepara-se para sair de cena no pa\u00eds &#8211; e pode ser substitu\u00eddo por um modelo el\u00e9trico. A informa\u00e7\u00e3o foi revelada por executivo da marca, adiantando que o sed\u00e3 n\u00e3o tem muito tempo restante nos planos da empresa para os pr\u00f3ximos\u2026 <a class=\"readmore\" href=\"https:\/\/dana.com.br\/canaldana\/2020\/02\/10\/vw-passat-saira-de-linha-nos-eua-e-pode-ser-substituido-por-eletrico\/\">Leia mais \u00bb<\/a><\/p>\n","protected":false},"author":3,"featured_media":0,"comment_status":"closed","ping_status":"closed","sticky":false,"template":"","format":"standard","meta":{"_acf_changed":false,"footnotes":""},"categories":[79],"tags":[],"class_list":["post-40500","post","type-post","status-publish","format-standard","hentry","category-mercado"],"acf":[],"yoast_head":"<!-- This site is optimized with the Yoast SEO plugin v27.5 - https:\/\/yoast.com\/product\/yoast-seo-wordpress\/ -->\n<title>VW Passat sair\u00e1 de linha nos EUA e pode ser substitu\u00eddo por el\u00e9trico - Canal Dana<\/title>\n<meta name=\"robots\" content=\"index, follow, max-snippet:-1, max-image-preview:large, max-video-preview:-1\" \/>\n<link rel=\"canonical\" href=\"https:\/\/dana.com.br\/canaldana\/2020\/02\/10\/vw-passat-saira-de-linha-nos-eua-e-pode-ser-substituido-por-eletrico\/\" \/>\n<meta property=\"og:locale\" content=\"pt_BR\" \/>\n<meta property=\"og:type\" content=\"article\" \/>\n<meta property=\"og:title\" content=\"VW Passat sair\u00e1 de linha nos EUA e pode ser substitu\u00eddo por el\u00e9trico - Canal Dana\" \/>\n<meta property=\"og:description\" content=\"Motor 1\/Roadshow &nbsp; Ap\u00f3s diversas gera\u00e7\u00f5es feitas especialmente para os Estados Unidos, o Volkswagen Passat prepara-se para sair de cena no pa\u00eds &#8211; e pode ser substitu\u00eddo por um modelo el\u00e9trico. A informa\u00e7\u00e3o foi revelada por executivo da marca, adiantando que o sed\u00e3 n\u00e3o tem muito tempo restante nos planos da empresa para os pr\u00f3ximos\u2026 Leia mais \u00bb\" \/>\n<meta property=\"og:url\" content=\"https:\/\/dana.com.br\/canaldana\/2020\/02\/10\/vw-passat-saira-de-linha-nos-eua-e-pode-ser-substituido-por-eletrico\/\" \/>\n<meta property=\"og:site_name\" content=\"Canal Dana\" \/>\n<meta property=\"article:published_time\" content=\"2020-02-10T11:50:57+00:00\" \/>\n<meta name=\"author\" content=\"Canal Dana\" \/>\n<meta name=\"twitter:card\" content=\"summary_large_image\" \/>\n<meta name=\"twitter:label1\" content=\"Escrito por\" \/>\n\t<meta name=\"twitter:data1\" content=\"Canal Dana\" \/>\n\t<meta name=\"twitter:label2\" content=\"Est. tempo de leitura\" \/>\n\t<meta name=\"twitter:data2\" content=\"2 minutos\" \/>\n<script type=\"application\/ld+json\" class=\"yoast-schema-graph\">{\"@context\":\"https:\\\/\\\/schema.org\",\"@graph\":[{\"@type\":\"Article\",\"@id\":\"https:\\\/\\\/dana.com.br\\\/canaldana\\\/2020\\\/02\\\/10\\\/vw-passat-saira-de-linha-nos-eua-e-pode-ser-substituido-por-eletrico\\\/#article\",\"isPartOf\":{\"@id\":\"https:\\\/\\\/dana.com.br\\\/canaldana\\\/2020\\\/02\\\/10\\\/vw-passat-saira-de-linha-nos-eua-e-pode-ser-substituido-por-eletrico\\\/\"},\"author\":{\"name\":\"Canal Dana\",\"@id\":\"https:\\\/\\\/dana.com.br\\\/canaldana\\\/#\\\/schema\\\/person\\\/3c21f22f56fcf3bc46b94bc60ea4fef6\"},\"headline\":\"VW Passat sair\u00e1 de linha nos EUA e pode ser substitu\u00eddo por el\u00e9trico\",\"datePublished\":\"2020-02-10T11:50:57+00:00\",\"mainEntityOfPage\":{\"@id\":\"https:\\\/\\\/dana.com.br\\\/canaldana\\\/2020\\\/02\\\/10\\\/vw-passat-saira-de-linha-nos-eua-e-pode-ser-substituido-por-eletrico\\\/\"},\"wordCount\":349,\"articleSection\":[\"Mercado\"],\"inLanguage\":\"pt-BR\"},{\"@type\":\"WebPage\",\"@id\":\"https:\\\/\\\/dana.com.br\\\/canaldana\\\/2020\\\/02\\\/10\\\/vw-passat-saira-de-linha-nos-eua-e-pode-ser-substituido-por-eletrico\\\/\",\"url\":\"https:\\\/\\\/dana.com.br\\\/canaldana\\\/2020\\\/02\\\/10\\\/vw-passat-saira-de-linha-nos-eua-e-pode-ser-substituido-por-eletrico\\\/\",\"name\":\"VW Passat sair\u00e1 de linha nos EUA e pode ser substitu\u00eddo por el\u00e9trico - Canal Dana\",\"isPartOf\":{\"@id\":\"https:\\\/\\\/dana.com.br\\\/canaldana\\\/#website\"},\"datePublished\":\"2020-02-10T11:50:57+00:00\",\"author\":{\"@id\":\"https:\\\/\\\/dana.com.br\\\/canaldana\\\/#\\\/schema\\\/person\\\/3c21f22f56fcf3bc46b94bc60ea4fef6\"},\"breadcrumb\":{\"@id\":\"https:\\\/\\\/dana.com.br\\\/canaldana\\\/2020\\\/02\\\/10\\\/vw-passat-saira-de-linha-nos-eua-e-pode-ser-substituido-por-eletrico\\\/#breadcrumb\"},\"inLanguage\":\"pt-BR\",\"potentialAction\":[{\"@type\":\"ReadAction\",\"target\":[\"https:\\\/\\\/dana.com.br\\\/canaldana\\\/2020\\\/02\\\/10\\\/vw-passat-saira-de-linha-nos-eua-e-pode-ser-substituido-por-eletrico\\\/\"]}]},{\"@type\":\"BreadcrumbList\",\"@id\":\"https:\\\/\\\/dana.com.br\\\/canaldana\\\/2020\\\/02\\\/10\\\/vw-passat-saira-de-linha-nos-eua-e-pode-ser-substituido-por-eletrico\\\/#breadcrumb\",\"itemListElement\":[{\"@type\":\"ListItem\",\"position\":1,\"name\":\"Home\",\"item\":\"https:\\\/\\\/dana.com.br\\\/canaldana\\\/\"},{\"@type\":\"ListItem\",\"position\":2,\"name\":\"Mercado\",\"item\":\"https:\\\/\\\/dana.com.br\\\/canaldana\\\/mercado\\\/\"},{\"@type\":\"ListItem\",\"position\":3,\"name\":\"VW Passat sair\u00e1 de linha nos EUA e pode ser substitu\u00eddo por el\u00e9trico\"}]},{\"@type\":\"WebSite\",\"@id\":\"https:\\\/\\\/dana.com.br\\\/canaldana\\\/#website\",\"url\":\"https:\\\/\\\/dana.com.br\\\/canaldana\\\/\",\"name\":\"Canal Dana\",\"description\":\"Informativo com as principais not\u00edcias da ind\u00fastria automotiva\",\"potentialAction\":[{\"@type\":\"SearchAction\",\"target\":{\"@type\":\"EntryPoint\",\"urlTemplate\":\"https:\\\/\\\/dana.com.br\\\/canaldana\\\/?s={search_term_string}\"},\"query-input\":{\"@type\":\"PropertyValueSpecification\",\"valueRequired\":true,\"valueName\":\"search_term_string\"}}],\"inLanguage\":\"pt-BR\"},{\"@type\":\"Person\",\"@id\":\"https:\\\/\\\/dana.com.br\\\/canaldana\\\/#\\\/schema\\\/person\\\/3c21f22f56fcf3bc46b94bc60ea4fef6\",\"name\":\"Canal Dana\",\"image\":{\"@type\":\"ImageObject\",\"inLanguage\":\"pt-BR\",\"@id\":\"https:\\\/\\\/secure.gravatar.com\\\/avatar\\\/420aaf9278582877d9018637c6817617705899d2858d7572ef0fe59a6b6454b4?s=96&d=mm&r=g\",\"url\":\"https:\\\/\\\/secure.gravatar.com\\\/avatar\\\/420aaf9278582877d9018637c6817617705899d2858d7572ef0fe59a6b6454b4?s=96&d=mm&r=g\",\"contentUrl\":\"https:\\\/\\\/secure.gravatar.com\\\/avatar\\\/420aaf9278582877d9018637c6817617705899d2858d7572ef0fe59a6b6454b4?s=96&d=mm&r=g\",\"caption\":\"Canal Dana\"},\"url\":\"https:\\\/\\\/dana.com.br\\\/canaldana\\\/author\\\/cdeditor\\\/\"}]}<\/script>\n<!-- \/ Yoast SEO plugin. -->","yoast_head_json":{"title":"VW Passat sair\u00e1 de linha nos EUA e pode ser substitu\u00eddo por el\u00e9trico - Canal Dana","robots":{"index":"index","follow":"follow","max-snippet":"max-snippet:-1","max-image-preview":"max-image-preview:large","max-video-preview":"max-video-preview:-1"},"canonical":"https:\/\/dana.com.br\/canaldana\/2020\/02\/10\/vw-passat-saira-de-linha-nos-eua-e-pode-ser-substituido-por-eletrico\/","og_locale":"pt_BR","og_type":"article","og_title":"VW Passat sair\u00e1 de linha nos EUA e pode ser substitu\u00eddo por el\u00e9trico - Canal Dana","og_description":"Motor 1\/Roadshow &nbsp; Ap\u00f3s diversas gera\u00e7\u00f5es feitas especialmente para os Estados Unidos, o Volkswagen Passat prepara-se para sair de cena no pa\u00eds &#8211; e pode ser substitu\u00eddo por um modelo el\u00e9trico. A informa\u00e7\u00e3o foi revelada por executivo da marca, adiantando que o sed\u00e3 n\u00e3o tem muito tempo restante nos planos da empresa para os pr\u00f3ximos\u2026 Leia mais \u00bb","og_url":"https:\/\/dana.com.br\/canaldana\/2020\/02\/10\/vw-passat-saira-de-linha-nos-eua-e-pode-ser-substituido-por-eletrico\/","og_site_name":"Canal Dana","article_published_time":"2020-02-10T11:50:57+00:00","author":"Canal Dana","twitter_card":"summary_large_image","twitter_misc":{"Escrito por":"Canal Dana","Est. tempo de leitura":"2 minutos"},"schema":{"@context":"https:\/\/schema.org","@graph":[{"@type":"Article","@id":"https:\/\/dana.com.br\/canaldana\/2020\/02\/10\/vw-passat-saira-de-linha-nos-eua-e-pode-ser-substituido-por-eletrico\/#article","isPartOf":{"@id":"https:\/\/dana.com.br\/canaldana\/2020\/02\/10\/vw-passat-saira-de-linha-nos-eua-e-pode-ser-substituido-por-eletrico\/"},"author":{"name":"Canal Dana","@id":"https:\/\/dana.com.br\/canaldana\/#\/schema\/person\/3c21f22f56fcf3bc46b94bc60ea4fef6"},"headline":"VW Passat sair\u00e1 de linha nos EUA e pode ser substitu\u00eddo por el\u00e9trico","datePublished":"2020-02-10T11:50:57+00:00","mainEntityOfPage":{"@id":"https:\/\/dana.com.br\/canaldana\/2020\/02\/10\/vw-passat-saira-de-linha-nos-eua-e-pode-ser-substituido-por-eletrico\/"},"wordCount":349,"articleSection":["Mercado"],"inLanguage":"pt-BR"},{"@type":"WebPage","@id":"https:\/\/dana.com.br\/canaldana\/2020\/02\/10\/vw-passat-saira-de-linha-nos-eua-e-pode-ser-substituido-por-eletrico\/","url":"https:\/\/dana.com.br\/canaldana\/2020\/02\/10\/vw-passat-saira-de-linha-nos-eua-e-pode-ser-substituido-por-eletrico\/","name":"VW Passat sair\u00e1 de linha nos EUA e pode ser substitu\u00eddo por el\u00e9trico - Canal Dana","isPartOf":{"@id":"https:\/\/dana.com.br\/canaldana\/#website"},"datePublished":"2020-02-10T11:50:57+00:00","author":{"@id":"https:\/\/dana.com.br\/canaldana\/#\/schema\/person\/3c21f22f56fcf3bc46b94bc60ea4fef6"},"breadcrumb":{"@id":"https:\/\/dana.com.br\/canaldana\/2020\/02\/10\/vw-passat-saira-de-linha-nos-eua-e-pode-ser-substituido-por-eletrico\/#breadcrumb"},"inLanguage":"pt-BR","potentialAction":[{"@type":"ReadAction","target":["https:\/\/dana.com.br\/canaldana\/2020\/02\/10\/vw-passat-saira-de-linha-nos-eua-e-pode-ser-substituido-por-eletrico\/"]}]},{"@type":"BreadcrumbList","@id":"https:\/\/dana.com.br\/canaldana\/2020\/02\/10\/vw-passat-saira-de-linha-nos-eua-e-pode-ser-substituido-por-eletrico\/#breadcrumb","itemListElement":[{"@type":"ListItem","position":1,"name":"Home","item":"https:\/\/dana.com.br\/canaldana\/"},{"@type":"ListItem","position":2,"name":"Mercado","item":"https:\/\/dana.com.br\/canaldana\/mercado\/"},{"@type":"ListItem","position":3,"name":"VW Passat sair\u00e1 de linha nos EUA e pode ser substitu\u00eddo por el\u00e9trico"}]},{"@type":"WebSite","@id":"https:\/\/dana.com.br\/canaldana\/#website","url":"https:\/\/dana.com.br\/canaldana\/","name":"Canal Dana","description":"Informativo com as principais not\u00edcias da ind\u00fastria automotiva","potentialAction":[{"@type":"SearchAction","target":{"@type":"EntryPoint","urlTemplate":"https:\/\/dana.com.br\/canaldana\/?s={search_term_string}"},"query-input":{"@type":"PropertyValueSpecification","valueRequired":true,"valueName":"search_term_string"}}],"inLanguage":"pt-BR"},{"@type":"Person","@id":"https:\/\/dana.com.br\/canaldana\/#\/schema\/person\/3c21f22f56fcf3bc46b94bc60ea4fef6","name":"Canal Dana","image":{"@type":"ImageObject","inLanguage":"pt-BR","@id":"https:\/\/secure.gravatar.com\/avatar\/420aaf9278582877d9018637c6817617705899d2858d7572ef0fe59a6b6454b4?s=96&d=mm&r=g","url":"https:\/\/secure.gravatar.com\/avatar\/420aaf9278582877d9018637c6817617705899d2858d7572ef0fe59a6b6454b4?s=96&d=mm&r=g","contentUrl":"https:\/\/secure.gravatar.com\/avatar\/420aaf9278582877d9018637c6817617705899d2858d7572ef0fe59a6b6454b4?s=96&d=mm&r=g","caption":"Canal Dana"},"url":"https:\/\/dana.com.br\/canaldana\/author\/cdeditor\/"}]}},"_links":{"self":[{"href":"https:\/\/dana.com.br\/canaldana\/wp-json\/wp\/v2\/posts\/40500","targetHints":{"allow":["GET"]}}],"collection":[{"href":"https:\/\/dana.com.br\/canaldana\/wp-json\/wp\/v2\/posts"}],"about":[{"href":"https:\/\/dana.com.br\/canaldana\/wp-json\/wp\/v2\/types\/post"}],"author":[{"embeddable":true,"href":"https:\/\/dana.com.br\/canaldana\/wp-json\/wp\/v2\/users\/3"}],"replies":[{"embeddable":true,"href":"https:\/\/dana.com.br\/canaldana\/wp-json\/wp\/v2\/comments?post=40500"}],"version-history":[{"count":0,"href":"https:\/\/dana.com.br\/canaldana\/wp-json\/wp\/v2\/posts\/40500\/revisions"}],"wp:attachment":[{"href":"https:\/\/dana.com.br\/canaldana\/wp-json\/wp\/v2\/media?parent=40500"}],"wp:term":[{"taxonomy":"category","embeddable":true,"href":"https:\/\/dana.com.br\/canaldana\/wp-json\/wp\/v2\/categories?post=40500"},{"taxonomy":"post_tag","embeddable":true,"href":"https:\/\/dana.com.br\/canaldana\/wp-json\/wp\/v2\/tags?post=40500"}],"curies":[{"name":"wp","href":"https:\/\/api.w.org\/{rel}","templated":true}]}}