{"id":40445,"date":"2020-02-06T08:14:09","date_gmt":"2020-02-06T11:14:09","guid":{"rendered":"https:\/\/dana.com.br\/canaldana\/?p=40445"},"modified":"2020-02-06T08:14:09","modified_gmt":"2020-02-06T11:14:09","slug":"volvo-projeta-alta-de-15-no-mercado-de-caminhoes-acima-de-16-toneladas-em-2020","status":"publish","type":"post","link":"https:\/\/dana.com.br\/canaldana\/2020\/02\/06\/volvo-projeta-alta-de-15-no-mercado-de-caminhoes-acima-de-16-toneladas-em-2020\/","title":{"rendered":"Volvo projeta alta de 15% no mercado de caminh\u00f5es acima de 16 toneladas em 2020"},"content":{"rendered":"<p><em>AutoInd\u00fastria <\/em><\/p>\n<p>&nbsp;<\/p>\n<p>Nos pratos da balan\u00e7a que pesam oportunidades e desafios em 2020, a Volvo trabalha com expectativa de crescimento de 15% no mercado de caminh\u00f5es acima de 16 toneladas. O recorte re\u00fane as categorias de semipesados e pesados, faixas nas quais a companhia atua no Pa\u00eds. Se consolidada a proje\u00e7\u00e3o, as vendas alcan\u00e7ar\u00e3o volume em torno de 86 mil unidades ante 74,9 mil anotadas em 2019.<\/p>\n<p>&nbsp;<\/p>\n<p>Para Wilson Lirmann, presidente do Grupo Volvo Am\u00e9rica Latina, as previs\u00f5es positivas do campo e os indicadores macroecon\u00f4micos, como infla\u00e7\u00e3o e Selic em baixas, proporcionam um ambiente favor\u00e1vel para a continuidade de crescimento das vendas de caminh\u00f5es. \u201cS\u00e3o pontos importantes que sinalizam um cen\u00e1rio positivo, al\u00e9m da tend\u00eancia de retomada da constru\u00e7\u00e3o e da ind\u00fastria\u201d.<\/p>\n<p>&nbsp;<\/p>\n<p>\u00c9 justamente nos canteiros e no ch\u00e3o de f\u00e1brica que o representante da Volvo enxerga mais oportunidades para impulsionar com mais vigor o desempenho de semipesados em 2020. \u201cCom a recupera\u00e7\u00e3o gradativa da economia, cresce tamb\u00e9m o aumento de consumo e a gera\u00e7\u00e3o de empregos, ambos muito conectados com as vendas de caminh\u00f5es semipesados\u201d.<\/p>\n<p>&nbsp;<\/p>\n<p><strong>Demanda por pesados mais equilibrada<\/strong><\/p>\n<p>&nbsp;<\/p>\n<p>O executivo avalia que depois de o mercado de pesados anotar fortes crescimentos nos \u00faltimos anos, o subsegmento chega em 2020 mais equilibrado, com menos necessidade de renova\u00e7\u00e3o de frota. \u201cO semipesado tem mais espa\u00e7o crescer. O indicativo que trazemos de clientes da Fenatran tamb\u00e9m \u00e9 de novos empreendimentos na constru\u00e7\u00e3o civil em virtude da redu\u00e7\u00e3o do estoque de unidades habitacionais\u201d.<\/p>\n<p>&nbsp;<\/p>\n<p>No ano passado, as vendas de semipesados evolu\u00edram 30% com 23,2 mil unidades entregues, volume que representou 23% do total de emplacamentos, de 101,3 mil caminh\u00f5es. J\u00e1 os licenciamentos de pesados cresceram 48,7%, para 51,7 mil unidades, uma participa\u00e7\u00e3o de 51% do mercado.<\/p>\n<p>&nbsp;<\/p>\n<p>Outro ponto que aparece no horizonte do Lirmann \u00e9 a retomada de obras de infraestrutura, setor que absorve muito semipesado. \u201cNova rodada de concess\u00f5es est\u00e1 por vir. Pode n\u00e3o ser na velocidade que esperamos, mas est\u00e1 na agenda, o que estabelece uma dire\u00e7\u00e3o e melhora a expectativa\u201d.<\/p>\n<p>&nbsp;<\/p>\n<p>O dirigente da Volvo, no entanto, elenca preocupa\u00e7\u00f5es no radar que de alguma impactam de maneira negativa o neg\u00f3cio de caminh\u00f5es. \u201cO d\u00e9ficit fiscal ainda \u00e9 elevado, a lenta recupera\u00e7\u00e3o de emprego \u2013 a parte mais dram\u00e1tica da crise \u2013 e as incertezas vindas do cen\u00e1rio externos, especialmente de parceiros do Brasil, como Argentina e China, merecem aten\u00e7\u00e3o e acompanhamento de perto\u201d, resume. (AutoInd\u00fastria\/D\u00e9cio Costa)<\/p>\n","protected":false},"excerpt":{"rendered":"<p>AutoInd\u00fastria &nbsp; Nos pratos da balan\u00e7a que pesam oportunidades e desafios em 2020, a Volvo trabalha com expectativa de crescimento de 15% no mercado de caminh\u00f5es acima de 16 toneladas. O recorte re\u00fane as categorias de semipesados e pesados, faixas nas quais a companhia atua no Pa\u00eds. Se consolidada a proje\u00e7\u00e3o, as vendas alcan\u00e7ar\u00e3o volume\u2026 <a class=\"readmore\" href=\"https:\/\/dana.com.br\/canaldana\/2020\/02\/06\/volvo-projeta-alta-de-15-no-mercado-de-caminhoes-acima-de-16-toneladas-em-2020\/\">Leia mais \u00bb<\/a><\/p>\n","protected":false},"author":3,"featured_media":0,"comment_status":"closed","ping_status":"closed","sticky":false,"template":"","format":"standard","meta":{"_acf_changed":false,"footnotes":""},"categories":[79],"tags":[],"class_list":["post-40445","post","type-post","status-publish","format-standard","hentry","category-mercado"],"acf":[],"yoast_head":"<!-- This site is optimized with the Yoast SEO plugin v27.3 - https:\/\/yoast.com\/product\/yoast-seo-wordpress\/ -->\n<title>Volvo projeta alta de 15% no mercado de caminh\u00f5es acima de 16 toneladas em 2020 - Canal Dana<\/title>\n<meta name=\"robots\" content=\"index, follow, max-snippet:-1, max-image-preview:large, max-video-preview:-1\" \/>\n<link rel=\"canonical\" href=\"https:\/\/dana.com.br\/canaldana\/2020\/02\/06\/volvo-projeta-alta-de-15-no-mercado-de-caminhoes-acima-de-16-toneladas-em-2020\/\" \/>\n<meta property=\"og:locale\" content=\"pt_BR\" \/>\n<meta property=\"og:type\" content=\"article\" \/>\n<meta property=\"og:title\" content=\"Volvo projeta alta de 15% no mercado de caminh\u00f5es acima de 16 toneladas em 2020 - Canal Dana\" \/>\n<meta property=\"og:description\" content=\"AutoInd\u00fastria &nbsp; Nos pratos da balan\u00e7a que pesam oportunidades e desafios em 2020, a Volvo trabalha com expectativa de crescimento de 15% no mercado de caminh\u00f5es acima de 16 toneladas. O recorte re\u00fane as categorias de semipesados e pesados, faixas nas quais a companhia atua no Pa\u00eds. Se consolidada a proje\u00e7\u00e3o, as vendas alcan\u00e7ar\u00e3o volume\u2026 Leia mais \u00bb\" \/>\n<meta property=\"og:url\" content=\"https:\/\/dana.com.br\/canaldana\/2020\/02\/06\/volvo-projeta-alta-de-15-no-mercado-de-caminhoes-acima-de-16-toneladas-em-2020\/\" \/>\n<meta property=\"og:site_name\" content=\"Canal Dana\" \/>\n<meta property=\"article:published_time\" content=\"2020-02-06T11:14:09+00:00\" \/>\n<meta name=\"author\" content=\"Canal Dana\" \/>\n<meta name=\"twitter:card\" content=\"summary_large_image\" \/>\n<meta name=\"twitter:label1\" content=\"Escrito por\" \/>\n\t<meta name=\"twitter:data1\" content=\"Canal Dana\" \/>\n\t<meta name=\"twitter:label2\" content=\"Est. tempo de leitura\" \/>\n\t<meta name=\"twitter:data2\" content=\"2 minutos\" \/>\n<script type=\"application\/ld+json\" class=\"yoast-schema-graph\">{\"@context\":\"https:\\\/\\\/schema.org\",\"@graph\":[{\"@type\":\"Article\",\"@id\":\"https:\\\/\\\/dana.com.br\\\/canaldana\\\/2020\\\/02\\\/06\\\/volvo-projeta-alta-de-15-no-mercado-de-caminhoes-acima-de-16-toneladas-em-2020\\\/#article\",\"isPartOf\":{\"@id\":\"https:\\\/\\\/dana.com.br\\\/canaldana\\\/2020\\\/02\\\/06\\\/volvo-projeta-alta-de-15-no-mercado-de-caminhoes-acima-de-16-toneladas-em-2020\\\/\"},\"author\":{\"name\":\"Canal Dana\",\"@id\":\"https:\\\/\\\/dana.com.br\\\/canaldana\\\/#\\\/schema\\\/person\\\/3c21f22f56fcf3bc46b94bc60ea4fef6\"},\"headline\":\"Volvo projeta alta de 15% no mercado de caminh\u00f5es acima de 16 toneladas em 2020\",\"datePublished\":\"2020-02-06T11:14:09+00:00\",\"mainEntityOfPage\":{\"@id\":\"https:\\\/\\\/dana.com.br\\\/canaldana\\\/2020\\\/02\\\/06\\\/volvo-projeta-alta-de-15-no-mercado-de-caminhoes-acima-de-16-toneladas-em-2020\\\/\"},\"wordCount\":444,\"articleSection\":[\"Mercado\"],\"inLanguage\":\"pt-BR\"},{\"@type\":\"WebPage\",\"@id\":\"https:\\\/\\\/dana.com.br\\\/canaldana\\\/2020\\\/02\\\/06\\\/volvo-projeta-alta-de-15-no-mercado-de-caminhoes-acima-de-16-toneladas-em-2020\\\/\",\"url\":\"https:\\\/\\\/dana.com.br\\\/canaldana\\\/2020\\\/02\\\/06\\\/volvo-projeta-alta-de-15-no-mercado-de-caminhoes-acima-de-16-toneladas-em-2020\\\/\",\"name\":\"Volvo projeta alta de 15% no mercado de caminh\u00f5es acima de 16 toneladas em 2020 - Canal Dana\",\"isPartOf\":{\"@id\":\"https:\\\/\\\/dana.com.br\\\/canaldana\\\/#website\"},\"datePublished\":\"2020-02-06T11:14:09+00:00\",\"author\":{\"@id\":\"https:\\\/\\\/dana.com.br\\\/canaldana\\\/#\\\/schema\\\/person\\\/3c21f22f56fcf3bc46b94bc60ea4fef6\"},\"breadcrumb\":{\"@id\":\"https:\\\/\\\/dana.com.br\\\/canaldana\\\/2020\\\/02\\\/06\\\/volvo-projeta-alta-de-15-no-mercado-de-caminhoes-acima-de-16-toneladas-em-2020\\\/#breadcrumb\"},\"inLanguage\":\"pt-BR\",\"potentialAction\":[{\"@type\":\"ReadAction\",\"target\":[\"https:\\\/\\\/dana.com.br\\\/canaldana\\\/2020\\\/02\\\/06\\\/volvo-projeta-alta-de-15-no-mercado-de-caminhoes-acima-de-16-toneladas-em-2020\\\/\"]}]},{\"@type\":\"BreadcrumbList\",\"@id\":\"https:\\\/\\\/dana.com.br\\\/canaldana\\\/2020\\\/02\\\/06\\\/volvo-projeta-alta-de-15-no-mercado-de-caminhoes-acima-de-16-toneladas-em-2020\\\/#breadcrumb\",\"itemListElement\":[{\"@type\":\"ListItem\",\"position\":1,\"name\":\"Home\",\"item\":\"https:\\\/\\\/dana.com.br\\\/canaldana\\\/\"},{\"@type\":\"ListItem\",\"position\":2,\"name\":\"Mercado\",\"item\":\"https:\\\/\\\/dana.com.br\\\/canaldana\\\/mercado\\\/\"},{\"@type\":\"ListItem\",\"position\":3,\"name\":\"Volvo projeta alta de 15% no mercado de caminh\u00f5es acima de 16 toneladas em 2020\"}]},{\"@type\":\"WebSite\",\"@id\":\"https:\\\/\\\/dana.com.br\\\/canaldana\\\/#website\",\"url\":\"https:\\\/\\\/dana.com.br\\\/canaldana\\\/\",\"name\":\"Canal Dana\",\"description\":\"Informativo com as principais not\u00edcias da ind\u00fastria automotiva\",\"potentialAction\":[{\"@type\":\"SearchAction\",\"target\":{\"@type\":\"EntryPoint\",\"urlTemplate\":\"https:\\\/\\\/dana.com.br\\\/canaldana\\\/?s={search_term_string}\"},\"query-input\":{\"@type\":\"PropertyValueSpecification\",\"valueRequired\":true,\"valueName\":\"search_term_string\"}}],\"inLanguage\":\"pt-BR\"},{\"@type\":\"Person\",\"@id\":\"https:\\\/\\\/dana.com.br\\\/canaldana\\\/#\\\/schema\\\/person\\\/3c21f22f56fcf3bc46b94bc60ea4fef6\",\"name\":\"Canal Dana\",\"image\":{\"@type\":\"ImageObject\",\"inLanguage\":\"pt-BR\",\"@id\":\"https:\\\/\\\/secure.gravatar.com\\\/avatar\\\/420aaf9278582877d9018637c6817617705899d2858d7572ef0fe59a6b6454b4?s=96&d=mm&r=g\",\"url\":\"https:\\\/\\\/secure.gravatar.com\\\/avatar\\\/420aaf9278582877d9018637c6817617705899d2858d7572ef0fe59a6b6454b4?s=96&d=mm&r=g\",\"contentUrl\":\"https:\\\/\\\/secure.gravatar.com\\\/avatar\\\/420aaf9278582877d9018637c6817617705899d2858d7572ef0fe59a6b6454b4?s=96&d=mm&r=g\",\"caption\":\"Canal Dana\"},\"url\":\"https:\\\/\\\/dana.com.br\\\/canaldana\\\/author\\\/cdeditor\\\/\"}]}<\/script>\n<!-- \/ Yoast SEO plugin. -->","yoast_head_json":{"title":"Volvo projeta alta de 15% no mercado de caminh\u00f5es acima de 16 toneladas em 2020 - Canal Dana","robots":{"index":"index","follow":"follow","max-snippet":"max-snippet:-1","max-image-preview":"max-image-preview:large","max-video-preview":"max-video-preview:-1"},"canonical":"https:\/\/dana.com.br\/canaldana\/2020\/02\/06\/volvo-projeta-alta-de-15-no-mercado-de-caminhoes-acima-de-16-toneladas-em-2020\/","og_locale":"pt_BR","og_type":"article","og_title":"Volvo projeta alta de 15% no mercado de caminh\u00f5es acima de 16 toneladas em 2020 - Canal Dana","og_description":"AutoInd\u00fastria &nbsp; Nos pratos da balan\u00e7a que pesam oportunidades e desafios em 2020, a Volvo trabalha com expectativa de crescimento de 15% no mercado de caminh\u00f5es acima de 16 toneladas. O recorte re\u00fane as categorias de semipesados e pesados, faixas nas quais a companhia atua no Pa\u00eds. Se consolidada a proje\u00e7\u00e3o, as vendas alcan\u00e7ar\u00e3o volume\u2026 Leia mais \u00bb","og_url":"https:\/\/dana.com.br\/canaldana\/2020\/02\/06\/volvo-projeta-alta-de-15-no-mercado-de-caminhoes-acima-de-16-toneladas-em-2020\/","og_site_name":"Canal Dana","article_published_time":"2020-02-06T11:14:09+00:00","author":"Canal Dana","twitter_card":"summary_large_image","twitter_misc":{"Escrito por":"Canal Dana","Est. tempo de leitura":"2 minutos"},"schema":{"@context":"https:\/\/schema.org","@graph":[{"@type":"Article","@id":"https:\/\/dana.com.br\/canaldana\/2020\/02\/06\/volvo-projeta-alta-de-15-no-mercado-de-caminhoes-acima-de-16-toneladas-em-2020\/#article","isPartOf":{"@id":"https:\/\/dana.com.br\/canaldana\/2020\/02\/06\/volvo-projeta-alta-de-15-no-mercado-de-caminhoes-acima-de-16-toneladas-em-2020\/"},"author":{"name":"Canal Dana","@id":"https:\/\/dana.com.br\/canaldana\/#\/schema\/person\/3c21f22f56fcf3bc46b94bc60ea4fef6"},"headline":"Volvo projeta alta de 15% no mercado de caminh\u00f5es acima de 16 toneladas em 2020","datePublished":"2020-02-06T11:14:09+00:00","mainEntityOfPage":{"@id":"https:\/\/dana.com.br\/canaldana\/2020\/02\/06\/volvo-projeta-alta-de-15-no-mercado-de-caminhoes-acima-de-16-toneladas-em-2020\/"},"wordCount":444,"articleSection":["Mercado"],"inLanguage":"pt-BR"},{"@type":"WebPage","@id":"https:\/\/dana.com.br\/canaldana\/2020\/02\/06\/volvo-projeta-alta-de-15-no-mercado-de-caminhoes-acima-de-16-toneladas-em-2020\/","url":"https:\/\/dana.com.br\/canaldana\/2020\/02\/06\/volvo-projeta-alta-de-15-no-mercado-de-caminhoes-acima-de-16-toneladas-em-2020\/","name":"Volvo projeta alta de 15% no mercado de caminh\u00f5es acima de 16 toneladas em 2020 - Canal Dana","isPartOf":{"@id":"https:\/\/dana.com.br\/canaldana\/#website"},"datePublished":"2020-02-06T11:14:09+00:00","author":{"@id":"https:\/\/dana.com.br\/canaldana\/#\/schema\/person\/3c21f22f56fcf3bc46b94bc60ea4fef6"},"breadcrumb":{"@id":"https:\/\/dana.com.br\/canaldana\/2020\/02\/06\/volvo-projeta-alta-de-15-no-mercado-de-caminhoes-acima-de-16-toneladas-em-2020\/#breadcrumb"},"inLanguage":"pt-BR","potentialAction":[{"@type":"ReadAction","target":["https:\/\/dana.com.br\/canaldana\/2020\/02\/06\/volvo-projeta-alta-de-15-no-mercado-de-caminhoes-acima-de-16-toneladas-em-2020\/"]}]},{"@type":"BreadcrumbList","@id":"https:\/\/dana.com.br\/canaldana\/2020\/02\/06\/volvo-projeta-alta-de-15-no-mercado-de-caminhoes-acima-de-16-toneladas-em-2020\/#breadcrumb","itemListElement":[{"@type":"ListItem","position":1,"name":"Home","item":"https:\/\/dana.com.br\/canaldana\/"},{"@type":"ListItem","position":2,"name":"Mercado","item":"https:\/\/dana.com.br\/canaldana\/mercado\/"},{"@type":"ListItem","position":3,"name":"Volvo projeta alta de 15% no mercado de caminh\u00f5es acima de 16 toneladas em 2020"}]},{"@type":"WebSite","@id":"https:\/\/dana.com.br\/canaldana\/#website","url":"https:\/\/dana.com.br\/canaldana\/","name":"Canal Dana","description":"Informativo com as principais not\u00edcias da ind\u00fastria automotiva","potentialAction":[{"@type":"SearchAction","target":{"@type":"EntryPoint","urlTemplate":"https:\/\/dana.com.br\/canaldana\/?s={search_term_string}"},"query-input":{"@type":"PropertyValueSpecification","valueRequired":true,"valueName":"search_term_string"}}],"inLanguage":"pt-BR"},{"@type":"Person","@id":"https:\/\/dana.com.br\/canaldana\/#\/schema\/person\/3c21f22f56fcf3bc46b94bc60ea4fef6","name":"Canal Dana","image":{"@type":"ImageObject","inLanguage":"pt-BR","@id":"https:\/\/secure.gravatar.com\/avatar\/420aaf9278582877d9018637c6817617705899d2858d7572ef0fe59a6b6454b4?s=96&d=mm&r=g","url":"https:\/\/secure.gravatar.com\/avatar\/420aaf9278582877d9018637c6817617705899d2858d7572ef0fe59a6b6454b4?s=96&d=mm&r=g","contentUrl":"https:\/\/secure.gravatar.com\/avatar\/420aaf9278582877d9018637c6817617705899d2858d7572ef0fe59a6b6454b4?s=96&d=mm&r=g","caption":"Canal Dana"},"url":"https:\/\/dana.com.br\/canaldana\/author\/cdeditor\/"}]}},"_links":{"self":[{"href":"https:\/\/dana.com.br\/canaldana\/wp-json\/wp\/v2\/posts\/40445","targetHints":{"allow":["GET"]}}],"collection":[{"href":"https:\/\/dana.com.br\/canaldana\/wp-json\/wp\/v2\/posts"}],"about":[{"href":"https:\/\/dana.com.br\/canaldana\/wp-json\/wp\/v2\/types\/post"}],"author":[{"embeddable":true,"href":"https:\/\/dana.com.br\/canaldana\/wp-json\/wp\/v2\/users\/3"}],"replies":[{"embeddable":true,"href":"https:\/\/dana.com.br\/canaldana\/wp-json\/wp\/v2\/comments?post=40445"}],"version-history":[{"count":0,"href":"https:\/\/dana.com.br\/canaldana\/wp-json\/wp\/v2\/posts\/40445\/revisions"}],"wp:attachment":[{"href":"https:\/\/dana.com.br\/canaldana\/wp-json\/wp\/v2\/media?parent=40445"}],"wp:term":[{"taxonomy":"category","embeddable":true,"href":"https:\/\/dana.com.br\/canaldana\/wp-json\/wp\/v2\/categories?post=40445"},{"taxonomy":"post_tag","embeddable":true,"href":"https:\/\/dana.com.br\/canaldana\/wp-json\/wp\/v2\/tags?post=40445"}],"curies":[{"name":"wp","href":"https:\/\/api.w.org\/{rel}","templated":true}]}}