{"id":40392,"date":"2020-02-04T08:16:54","date_gmt":"2020-02-04T11:16:54","guid":{"rendered":"https:\/\/dana.com.br\/canaldana\/?p=40392"},"modified":"2020-02-04T08:16:54","modified_gmt":"2020-02-04T11:16:54","slug":"vw-caminhoes-e-onibus-anuncia-investimento-de-r-8-milhoes-em-centro-de-distribuicao-de-pecas","status":"publish","type":"post","link":"https:\/\/dana.com.br\/canaldana\/2020\/02\/04\/vw-caminhoes-e-onibus-anuncia-investimento-de-r-8-milhoes-em-centro-de-distribuicao-de-pecas\/","title":{"rendered":"VW Caminh\u00f5es e \u00d4nibus anuncia investimento de R$ 8 milh\u00f5es em Centro de Distribui\u00e7\u00e3o de Pe\u00e7as"},"content":{"rendered":"<p><em>Di\u00e1rio do Transporte<\/em><\/p>\n<p>&nbsp;<\/p>\n<p>A VW Caminh\u00f5es e \u00d4nibus anunciou nesta segunda-feira, 03 de fevereiro de 2020, um novo ciclo de investimentos no Centro de Distribui\u00e7\u00e3o de Pe\u00e7as de Vinhedo, no interior paulista.<\/p>\n<p>&nbsp;<\/p>\n<p>Segundo a fabricante, at\u00e9 2022 o aporte alcan\u00e7ar\u00e1 R$ 8 milh\u00f5es, aplicados na amplia\u00e7\u00e3o da \u00e1rea em mais quatro mil metros quadrados, passando assim dos atuais 32 mil m\u00b2 para 36 mil m\u00b2, al\u00e9m de novos processos para avan\u00e7ar ainda mais em efici\u00eancia log\u00edstica.<\/p>\n<p>&nbsp;<\/p>\n<p>O ciclo de investimento anterior, de R$ 6 milh\u00f5es, foi totalmente aportado de 2014 at\u00e9 o final de 2019, tamb\u00e9m conforme informado pela VWCO, por meio de nota.<\/p>\n<p>&nbsp;<\/p>\n<p>\u201cRealizamos um aprimoramento constante das opera\u00e7\u00f5es do centro log\u00edstico. No ciclo anterior, modernizamos equipamentos e processos. Agora o objetivo \u00e9 crescer e avan\u00e7ar ainda mais na excel\u00eancia no atendimento aos clientes dos ve\u00edculos MAN e VW. Os resultados s\u00e3o pe\u00e7as com o melhor custo-benef\u00edcio e que chegam rapidamente aos mais distantes pontos de vendas, seja no Brasil ou no exterior\u201d, afirmou o presidente e CEO da VW Caminh\u00f5es e \u00d4nibus, Roberto Cortes.<\/p>\n<p>&nbsp;<\/p>\n<p>O setor de Pe\u00e7as e Acess\u00f3rios \u00e9 respons\u00e1vel por enviar e comercializar pe\u00e7as e componentes de reposi\u00e7\u00e3o para abastecer a rede de mais de 150 concession\u00e1rias em todo o Brasil, al\u00e9m dos cerca de 30 pa\u00edses para os quais a empresa exporta seus ve\u00edculos. Anualmente, mais de 4 milh\u00f5es de pe\u00e7as s\u00e3o embaladas, de 32 mil itens dispon\u00edveis.<\/p>\n<p>&nbsp;<\/p>\n<p>\u201cAntes de chegar a cada uma das concession\u00e1rias da VW Caminh\u00f5es e \u00d4nibus, cada componente de reposi\u00e7\u00e3o segue um percurso estrategicamente estabelecido, que garante que a pe\u00e7a esteja no lugar e tempo certo para os ve\u00edculos VW e MAN. E a viagem come\u00e7a justamente no Centro de Distribui\u00e7\u00e3o de Pe\u00e7as do Grupo Volkswagen em Vinhedo (SP), considerado um dos maiores do setor na Am\u00e9rica Latina: s\u00e3o 132 mil m\u00b2 de \u00e1rea dedicada \u00e0 armazenagem de componentes, sendo 32 mil m\u00b2 exclusivos das marcas VW Caminh\u00f5es e \u00d4nibus e MAN\u201d, informou a VWCO, em nota. (Di\u00e1rio do Transporte\/Jessica Marques)<\/p>\n","protected":false},"excerpt":{"rendered":"<p>Di\u00e1rio do Transporte &nbsp; A VW Caminh\u00f5es e \u00d4nibus anunciou nesta segunda-feira, 03 de fevereiro de 2020, um novo ciclo de investimentos no Centro de Distribui\u00e7\u00e3o de Pe\u00e7as de Vinhedo, no interior paulista. &nbsp; Segundo a fabricante, at\u00e9 2022 o aporte alcan\u00e7ar\u00e1 R$ 8 milh\u00f5es, aplicados na amplia\u00e7\u00e3o da \u00e1rea em mais quatro mil metros\u2026 <a class=\"readmore\" href=\"https:\/\/dana.com.br\/canaldana\/2020\/02\/04\/vw-caminhoes-e-onibus-anuncia-investimento-de-r-8-milhoes-em-centro-de-distribuicao-de-pecas\/\">Leia mais \u00bb<\/a><\/p>\n","protected":false},"author":3,"featured_media":0,"comment_status":"closed","ping_status":"closed","sticky":false,"template":"","format":"standard","meta":{"_acf_changed":false,"footnotes":""},"categories":[61],"tags":[],"class_list":["post-40392","post","type-post","status-publish","format-standard","hentry","category-destaques"],"acf":[],"yoast_head":"<!-- This site is optimized with the Yoast SEO plugin v27.5 - https:\/\/yoast.com\/product\/yoast-seo-wordpress\/ -->\n<title>VW Caminh\u00f5es e \u00d4nibus anuncia investimento de R$ 8 milh\u00f5es em Centro de Distribui\u00e7\u00e3o de Pe\u00e7as - Canal Dana<\/title>\n<meta name=\"robots\" content=\"index, follow, max-snippet:-1, max-image-preview:large, max-video-preview:-1\" \/>\n<link rel=\"canonical\" href=\"https:\/\/dana.com.br\/canaldana\/2020\/02\/04\/vw-caminhoes-e-onibus-anuncia-investimento-de-r-8-milhoes-em-centro-de-distribuicao-de-pecas\/\" \/>\n<meta property=\"og:locale\" content=\"pt_BR\" \/>\n<meta property=\"og:type\" content=\"article\" \/>\n<meta property=\"og:title\" content=\"VW Caminh\u00f5es e \u00d4nibus anuncia investimento de R$ 8 milh\u00f5es em Centro de Distribui\u00e7\u00e3o de Pe\u00e7as - Canal Dana\" \/>\n<meta property=\"og:description\" content=\"Di\u00e1rio do Transporte &nbsp; A VW Caminh\u00f5es e \u00d4nibus anunciou nesta segunda-feira, 03 de fevereiro de 2020, um novo ciclo de investimentos no Centro de Distribui\u00e7\u00e3o de Pe\u00e7as de Vinhedo, no interior paulista. &nbsp; Segundo a fabricante, at\u00e9 2022 o aporte alcan\u00e7ar\u00e1 R$ 8 milh\u00f5es, aplicados na amplia\u00e7\u00e3o da \u00e1rea em mais quatro mil metros\u2026 Leia mais \u00bb\" \/>\n<meta property=\"og:url\" content=\"https:\/\/dana.com.br\/canaldana\/2020\/02\/04\/vw-caminhoes-e-onibus-anuncia-investimento-de-r-8-milhoes-em-centro-de-distribuicao-de-pecas\/\" \/>\n<meta property=\"og:site_name\" content=\"Canal Dana\" \/>\n<meta property=\"article:published_time\" content=\"2020-02-04T11:16:54+00:00\" \/>\n<meta name=\"author\" content=\"Canal Dana\" \/>\n<meta name=\"twitter:card\" content=\"summary_large_image\" \/>\n<meta name=\"twitter:label1\" content=\"Escrito por\" \/>\n\t<meta name=\"twitter:data1\" content=\"Canal Dana\" \/>\n\t<meta name=\"twitter:label2\" content=\"Est. tempo de leitura\" \/>\n\t<meta name=\"twitter:data2\" content=\"2 minutos\" \/>\n<script type=\"application\/ld+json\" class=\"yoast-schema-graph\">{\"@context\":\"https:\\\/\\\/schema.org\",\"@graph\":[{\"@type\":\"Article\",\"@id\":\"https:\\\/\\\/dana.com.br\\\/canaldana\\\/2020\\\/02\\\/04\\\/vw-caminhoes-e-onibus-anuncia-investimento-de-r-8-milhoes-em-centro-de-distribuicao-de-pecas\\\/#article\",\"isPartOf\":{\"@id\":\"https:\\\/\\\/dana.com.br\\\/canaldana\\\/2020\\\/02\\\/04\\\/vw-caminhoes-e-onibus-anuncia-investimento-de-r-8-milhoes-em-centro-de-distribuicao-de-pecas\\\/\"},\"author\":{\"name\":\"Canal Dana\",\"@id\":\"https:\\\/\\\/dana.com.br\\\/canaldana\\\/#\\\/schema\\\/person\\\/3c21f22f56fcf3bc46b94bc60ea4fef6\"},\"headline\":\"VW Caminh\u00f5es e \u00d4nibus anuncia investimento de R$ 8 milh\u00f5es em Centro de Distribui\u00e7\u00e3o de Pe\u00e7as\",\"datePublished\":\"2020-02-04T11:16:54+00:00\",\"mainEntityOfPage\":{\"@id\":\"https:\\\/\\\/dana.com.br\\\/canaldana\\\/2020\\\/02\\\/04\\\/vw-caminhoes-e-onibus-anuncia-investimento-de-r-8-milhoes-em-centro-de-distribuicao-de-pecas\\\/\"},\"wordCount\":387,\"articleSection\":[\"Destaques\"],\"inLanguage\":\"pt-BR\"},{\"@type\":\"WebPage\",\"@id\":\"https:\\\/\\\/dana.com.br\\\/canaldana\\\/2020\\\/02\\\/04\\\/vw-caminhoes-e-onibus-anuncia-investimento-de-r-8-milhoes-em-centro-de-distribuicao-de-pecas\\\/\",\"url\":\"https:\\\/\\\/dana.com.br\\\/canaldana\\\/2020\\\/02\\\/04\\\/vw-caminhoes-e-onibus-anuncia-investimento-de-r-8-milhoes-em-centro-de-distribuicao-de-pecas\\\/\",\"name\":\"VW Caminh\u00f5es e \u00d4nibus anuncia investimento de R$ 8 milh\u00f5es em Centro de Distribui\u00e7\u00e3o de Pe\u00e7as - Canal Dana\",\"isPartOf\":{\"@id\":\"https:\\\/\\\/dana.com.br\\\/canaldana\\\/#website\"},\"datePublished\":\"2020-02-04T11:16:54+00:00\",\"author\":{\"@id\":\"https:\\\/\\\/dana.com.br\\\/canaldana\\\/#\\\/schema\\\/person\\\/3c21f22f56fcf3bc46b94bc60ea4fef6\"},\"breadcrumb\":{\"@id\":\"https:\\\/\\\/dana.com.br\\\/canaldana\\\/2020\\\/02\\\/04\\\/vw-caminhoes-e-onibus-anuncia-investimento-de-r-8-milhoes-em-centro-de-distribuicao-de-pecas\\\/#breadcrumb\"},\"inLanguage\":\"pt-BR\",\"potentialAction\":[{\"@type\":\"ReadAction\",\"target\":[\"https:\\\/\\\/dana.com.br\\\/canaldana\\\/2020\\\/02\\\/04\\\/vw-caminhoes-e-onibus-anuncia-investimento-de-r-8-milhoes-em-centro-de-distribuicao-de-pecas\\\/\"]}]},{\"@type\":\"BreadcrumbList\",\"@id\":\"https:\\\/\\\/dana.com.br\\\/canaldana\\\/2020\\\/02\\\/04\\\/vw-caminhoes-e-onibus-anuncia-investimento-de-r-8-milhoes-em-centro-de-distribuicao-de-pecas\\\/#breadcrumb\",\"itemListElement\":[{\"@type\":\"ListItem\",\"position\":1,\"name\":\"Home\",\"item\":\"https:\\\/\\\/dana.com.br\\\/canaldana\\\/\"},{\"@type\":\"ListItem\",\"position\":2,\"name\":\"Destaques\",\"item\":\"https:\\\/\\\/dana.com.br\\\/canaldana\\\/destaques\\\/\"},{\"@type\":\"ListItem\",\"position\":3,\"name\":\"VW Caminh\u00f5es e \u00d4nibus anuncia investimento de R$ 8 milh\u00f5es em Centro de Distribui\u00e7\u00e3o de Pe\u00e7as\"}]},{\"@type\":\"WebSite\",\"@id\":\"https:\\\/\\\/dana.com.br\\\/canaldana\\\/#website\",\"url\":\"https:\\\/\\\/dana.com.br\\\/canaldana\\\/\",\"name\":\"Canal Dana\",\"description\":\"Informativo com as principais not\u00edcias da ind\u00fastria automotiva\",\"potentialAction\":[{\"@type\":\"SearchAction\",\"target\":{\"@type\":\"EntryPoint\",\"urlTemplate\":\"https:\\\/\\\/dana.com.br\\\/canaldana\\\/?s={search_term_string}\"},\"query-input\":{\"@type\":\"PropertyValueSpecification\",\"valueRequired\":true,\"valueName\":\"search_term_string\"}}],\"inLanguage\":\"pt-BR\"},{\"@type\":\"Person\",\"@id\":\"https:\\\/\\\/dana.com.br\\\/canaldana\\\/#\\\/schema\\\/person\\\/3c21f22f56fcf3bc46b94bc60ea4fef6\",\"name\":\"Canal Dana\",\"image\":{\"@type\":\"ImageObject\",\"inLanguage\":\"pt-BR\",\"@id\":\"https:\\\/\\\/secure.gravatar.com\\\/avatar\\\/420aaf9278582877d9018637c6817617705899d2858d7572ef0fe59a6b6454b4?s=96&d=mm&r=g\",\"url\":\"https:\\\/\\\/secure.gravatar.com\\\/avatar\\\/420aaf9278582877d9018637c6817617705899d2858d7572ef0fe59a6b6454b4?s=96&d=mm&r=g\",\"contentUrl\":\"https:\\\/\\\/secure.gravatar.com\\\/avatar\\\/420aaf9278582877d9018637c6817617705899d2858d7572ef0fe59a6b6454b4?s=96&d=mm&r=g\",\"caption\":\"Canal Dana\"},\"url\":\"https:\\\/\\\/dana.com.br\\\/canaldana\\\/author\\\/cdeditor\\\/\"}]}<\/script>\n<!-- \/ Yoast SEO plugin. -->","yoast_head_json":{"title":"VW Caminh\u00f5es e \u00d4nibus anuncia investimento de R$ 8 milh\u00f5es em Centro de Distribui\u00e7\u00e3o de Pe\u00e7as - Canal Dana","robots":{"index":"index","follow":"follow","max-snippet":"max-snippet:-1","max-image-preview":"max-image-preview:large","max-video-preview":"max-video-preview:-1"},"canonical":"https:\/\/dana.com.br\/canaldana\/2020\/02\/04\/vw-caminhoes-e-onibus-anuncia-investimento-de-r-8-milhoes-em-centro-de-distribuicao-de-pecas\/","og_locale":"pt_BR","og_type":"article","og_title":"VW Caminh\u00f5es e \u00d4nibus anuncia investimento de R$ 8 milh\u00f5es em Centro de Distribui\u00e7\u00e3o de Pe\u00e7as - Canal Dana","og_description":"Di\u00e1rio do Transporte &nbsp; A VW Caminh\u00f5es e \u00d4nibus anunciou nesta segunda-feira, 03 de fevereiro de 2020, um novo ciclo de investimentos no Centro de Distribui\u00e7\u00e3o de Pe\u00e7as de Vinhedo, no interior paulista. &nbsp; Segundo a fabricante, at\u00e9 2022 o aporte alcan\u00e7ar\u00e1 R$ 8 milh\u00f5es, aplicados na amplia\u00e7\u00e3o da \u00e1rea em mais quatro mil metros\u2026 Leia mais \u00bb","og_url":"https:\/\/dana.com.br\/canaldana\/2020\/02\/04\/vw-caminhoes-e-onibus-anuncia-investimento-de-r-8-milhoes-em-centro-de-distribuicao-de-pecas\/","og_site_name":"Canal Dana","article_published_time":"2020-02-04T11:16:54+00:00","author":"Canal Dana","twitter_card":"summary_large_image","twitter_misc":{"Escrito por":"Canal Dana","Est. tempo de leitura":"2 minutos"},"schema":{"@context":"https:\/\/schema.org","@graph":[{"@type":"Article","@id":"https:\/\/dana.com.br\/canaldana\/2020\/02\/04\/vw-caminhoes-e-onibus-anuncia-investimento-de-r-8-milhoes-em-centro-de-distribuicao-de-pecas\/#article","isPartOf":{"@id":"https:\/\/dana.com.br\/canaldana\/2020\/02\/04\/vw-caminhoes-e-onibus-anuncia-investimento-de-r-8-milhoes-em-centro-de-distribuicao-de-pecas\/"},"author":{"name":"Canal Dana","@id":"https:\/\/dana.com.br\/canaldana\/#\/schema\/person\/3c21f22f56fcf3bc46b94bc60ea4fef6"},"headline":"VW Caminh\u00f5es e \u00d4nibus anuncia investimento de R$ 8 milh\u00f5es em Centro de Distribui\u00e7\u00e3o de Pe\u00e7as","datePublished":"2020-02-04T11:16:54+00:00","mainEntityOfPage":{"@id":"https:\/\/dana.com.br\/canaldana\/2020\/02\/04\/vw-caminhoes-e-onibus-anuncia-investimento-de-r-8-milhoes-em-centro-de-distribuicao-de-pecas\/"},"wordCount":387,"articleSection":["Destaques"],"inLanguage":"pt-BR"},{"@type":"WebPage","@id":"https:\/\/dana.com.br\/canaldana\/2020\/02\/04\/vw-caminhoes-e-onibus-anuncia-investimento-de-r-8-milhoes-em-centro-de-distribuicao-de-pecas\/","url":"https:\/\/dana.com.br\/canaldana\/2020\/02\/04\/vw-caminhoes-e-onibus-anuncia-investimento-de-r-8-milhoes-em-centro-de-distribuicao-de-pecas\/","name":"VW Caminh\u00f5es e \u00d4nibus anuncia investimento de R$ 8 milh\u00f5es em Centro de Distribui\u00e7\u00e3o de Pe\u00e7as - Canal Dana","isPartOf":{"@id":"https:\/\/dana.com.br\/canaldana\/#website"},"datePublished":"2020-02-04T11:16:54+00:00","author":{"@id":"https:\/\/dana.com.br\/canaldana\/#\/schema\/person\/3c21f22f56fcf3bc46b94bc60ea4fef6"},"breadcrumb":{"@id":"https:\/\/dana.com.br\/canaldana\/2020\/02\/04\/vw-caminhoes-e-onibus-anuncia-investimento-de-r-8-milhoes-em-centro-de-distribuicao-de-pecas\/#breadcrumb"},"inLanguage":"pt-BR","potentialAction":[{"@type":"ReadAction","target":["https:\/\/dana.com.br\/canaldana\/2020\/02\/04\/vw-caminhoes-e-onibus-anuncia-investimento-de-r-8-milhoes-em-centro-de-distribuicao-de-pecas\/"]}]},{"@type":"BreadcrumbList","@id":"https:\/\/dana.com.br\/canaldana\/2020\/02\/04\/vw-caminhoes-e-onibus-anuncia-investimento-de-r-8-milhoes-em-centro-de-distribuicao-de-pecas\/#breadcrumb","itemListElement":[{"@type":"ListItem","position":1,"name":"Home","item":"https:\/\/dana.com.br\/canaldana\/"},{"@type":"ListItem","position":2,"name":"Destaques","item":"https:\/\/dana.com.br\/canaldana\/destaques\/"},{"@type":"ListItem","position":3,"name":"VW Caminh\u00f5es e \u00d4nibus anuncia investimento de R$ 8 milh\u00f5es em Centro de Distribui\u00e7\u00e3o de Pe\u00e7as"}]},{"@type":"WebSite","@id":"https:\/\/dana.com.br\/canaldana\/#website","url":"https:\/\/dana.com.br\/canaldana\/","name":"Canal Dana","description":"Informativo com as principais not\u00edcias da ind\u00fastria automotiva","potentialAction":[{"@type":"SearchAction","target":{"@type":"EntryPoint","urlTemplate":"https:\/\/dana.com.br\/canaldana\/?s={search_term_string}"},"query-input":{"@type":"PropertyValueSpecification","valueRequired":true,"valueName":"search_term_string"}}],"inLanguage":"pt-BR"},{"@type":"Person","@id":"https:\/\/dana.com.br\/canaldana\/#\/schema\/person\/3c21f22f56fcf3bc46b94bc60ea4fef6","name":"Canal Dana","image":{"@type":"ImageObject","inLanguage":"pt-BR","@id":"https:\/\/secure.gravatar.com\/avatar\/420aaf9278582877d9018637c6817617705899d2858d7572ef0fe59a6b6454b4?s=96&d=mm&r=g","url":"https:\/\/secure.gravatar.com\/avatar\/420aaf9278582877d9018637c6817617705899d2858d7572ef0fe59a6b6454b4?s=96&d=mm&r=g","contentUrl":"https:\/\/secure.gravatar.com\/avatar\/420aaf9278582877d9018637c6817617705899d2858d7572ef0fe59a6b6454b4?s=96&d=mm&r=g","caption":"Canal Dana"},"url":"https:\/\/dana.com.br\/canaldana\/author\/cdeditor\/"}]}},"_links":{"self":[{"href":"https:\/\/dana.com.br\/canaldana\/wp-json\/wp\/v2\/posts\/40392","targetHints":{"allow":["GET"]}}],"collection":[{"href":"https:\/\/dana.com.br\/canaldana\/wp-json\/wp\/v2\/posts"}],"about":[{"href":"https:\/\/dana.com.br\/canaldana\/wp-json\/wp\/v2\/types\/post"}],"author":[{"embeddable":true,"href":"https:\/\/dana.com.br\/canaldana\/wp-json\/wp\/v2\/users\/3"}],"replies":[{"embeddable":true,"href":"https:\/\/dana.com.br\/canaldana\/wp-json\/wp\/v2\/comments?post=40392"}],"version-history":[{"count":0,"href":"https:\/\/dana.com.br\/canaldana\/wp-json\/wp\/v2\/posts\/40392\/revisions"}],"wp:attachment":[{"href":"https:\/\/dana.com.br\/canaldana\/wp-json\/wp\/v2\/media?parent=40392"}],"wp:term":[{"taxonomy":"category","embeddable":true,"href":"https:\/\/dana.com.br\/canaldana\/wp-json\/wp\/v2\/categories?post=40392"},{"taxonomy":"post_tag","embeddable":true,"href":"https:\/\/dana.com.br\/canaldana\/wp-json\/wp\/v2\/tags?post=40392"}],"curies":[{"name":"wp","href":"https:\/\/api.w.org\/{rel}","templated":true}]}}