{"id":40390,"date":"2020-02-04T08:16:30","date_gmt":"2020-02-04T11:16:30","guid":{"rendered":"https:\/\/dana.com.br\/canaldana\/?p=40390"},"modified":"2020-02-04T08:16:30","modified_gmt":"2020-02-04T11:16:30","slug":"mercado-de-veiculos-desacelera-neste-inicio-de-ano","status":"publish","type":"post","link":"https:\/\/dana.com.br\/canaldana\/2020\/02\/04\/mercado-de-veiculos-desacelera-neste-inicio-de-ano\/","title":{"rendered":"Mercado de ve\u00edculos desacelera neste in\u00edcio de ano"},"content":{"rendered":"<p><em>AutoInd\u00fastria<\/em><\/p>\n<p>&nbsp;<\/p>\n<p>Com 193.495 emplacamentos no m\u00eas passado, o mercado de ve\u00edculos, incluindo leves e pesados, come\u00e7ou 2020 com n\u00fameros inferiores ao do ano passado. De acordo com fontes do varejo, houve queda de 3,2% no comparativo com janeiro de 2019, quando foram comercializadas 199,8 mil unidades.<\/p>\n<p>&nbsp;<\/p>\n<p>Dentre os fatores que poderiam explicar essa desacelera\u00e7\u00e3o das vendas, estaria o fato de algumas montadoras terem faturado produtos que foram emplacados pelas concession\u00e1rias em dezembro, a fim de reduzir estoques e melhorar o balan\u00e7o anual da marca. Al\u00e9m disso, as locadoras teriam reduzido compras em janeiro, com impacto direto no resultado final do setor.<\/p>\n<p>&nbsp;<\/p>\n<p>Com rela\u00e7\u00e3o a dezembro, quando foram vendidos 199,8 mil ve\u00edculos no mercado brasileiro, a queda chega a 26,3%. A Fenabrave divulgar\u00e1 os n\u00fameros oficiais do setor, com desempenho por segmento e participa\u00e7\u00e3o das vendas diretas nos neg\u00f3cios do setor, nesta ter\u00e7a-feira, 4.<\/p>\n<p>&nbsp;<\/p>\n<p>Fontes ligadas a montadoras ouvidas pelo AutoInd\u00fastria acham prematuro rever proje\u00e7\u00f5es, que s\u00e3o de crescimento este ano, por causa da desacelera\u00e7\u00e3o das vendas verificadas em janeiro. Adiantam, inclusive, que fevereiro tamb\u00e9m dever\u00e1 ser fraco por causa do carnaval, ou seja, s\u00f3 mesmo em mar\u00e7o \u00e9 que dar\u00e1 para sentir o comportamento real do mercado, principalmente por parte do consumidor comum.<\/p>\n<p>&nbsp;<\/p>\n<p>A General Motos se manteve na lideran\u00e7a em janeiro, com 35 mil emplacamentos e participa\u00e7\u00e3o de 18,1%. Na sequ\u00eancia v\u00eam Volkswagen, com 31,4 mil unidades e fatia de 16,4%, e Fiat, com, respectivamente 25,9 mil ve\u00edculos e 13,4%. A Renault (15,4 mil emplacamentos) manteve a quarta coloca\u00e7\u00e3o, seguida da Toyota (15,2 mil), que ultrapassou a Ford no m\u00eas (14,5 mil). (AutoInd\u00fastria\/Alzira Rodrigues)<\/p>\n","protected":false},"excerpt":{"rendered":"<p>AutoInd\u00fastria &nbsp; Com 193.495 emplacamentos no m\u00eas passado, o mercado de ve\u00edculos, incluindo leves e pesados, come\u00e7ou 2020 com n\u00fameros inferiores ao do ano passado. De acordo com fontes do varejo, houve queda de 3,2% no comparativo com janeiro de 2019, quando foram comercializadas 199,8 mil unidades. &nbsp; Dentre os fatores que poderiam explicar essa\u2026 <a class=\"readmore\" href=\"https:\/\/dana.com.br\/canaldana\/2020\/02\/04\/mercado-de-veiculos-desacelera-neste-inicio-de-ano\/\">Leia mais \u00bb<\/a><\/p>\n","protected":false},"author":3,"featured_media":0,"comment_status":"closed","ping_status":"closed","sticky":false,"template":"","format":"standard","meta":{"_acf_changed":false,"footnotes":""},"categories":[61],"tags":[],"class_list":["post-40390","post","type-post","status-publish","format-standard","hentry","category-destaques"],"acf":[],"yoast_head":"<!-- This site is optimized with the Yoast SEO plugin v27.5 - https:\/\/yoast.com\/product\/yoast-seo-wordpress\/ -->\n<title>Mercado de ve\u00edculos desacelera neste in\u00edcio de ano - Canal Dana<\/title>\n<meta name=\"robots\" content=\"index, follow, max-snippet:-1, max-image-preview:large, max-video-preview:-1\" \/>\n<link rel=\"canonical\" href=\"https:\/\/dana.com.br\/canaldana\/2020\/02\/04\/mercado-de-veiculos-desacelera-neste-inicio-de-ano\/\" \/>\n<meta property=\"og:locale\" content=\"pt_BR\" \/>\n<meta property=\"og:type\" content=\"article\" \/>\n<meta property=\"og:title\" content=\"Mercado de ve\u00edculos desacelera neste in\u00edcio de ano - Canal Dana\" \/>\n<meta property=\"og:description\" content=\"AutoInd\u00fastria &nbsp; Com 193.495 emplacamentos no m\u00eas passado, o mercado de ve\u00edculos, incluindo leves e pesados, come\u00e7ou 2020 com n\u00fameros inferiores ao do ano passado. De acordo com fontes do varejo, houve queda de 3,2% no comparativo com janeiro de 2019, quando foram comercializadas 199,8 mil unidades. &nbsp; Dentre os fatores que poderiam explicar essa\u2026 Leia mais \u00bb\" \/>\n<meta property=\"og:url\" content=\"https:\/\/dana.com.br\/canaldana\/2020\/02\/04\/mercado-de-veiculos-desacelera-neste-inicio-de-ano\/\" \/>\n<meta property=\"og:site_name\" content=\"Canal Dana\" \/>\n<meta property=\"article:published_time\" content=\"2020-02-04T11:16:30+00:00\" \/>\n<meta name=\"author\" content=\"Canal Dana\" \/>\n<meta name=\"twitter:card\" content=\"summary_large_image\" \/>\n<meta name=\"twitter:label1\" content=\"Escrito por\" \/>\n\t<meta name=\"twitter:data1\" content=\"Canal Dana\" \/>\n\t<meta name=\"twitter:label2\" content=\"Est. tempo de leitura\" \/>\n\t<meta name=\"twitter:data2\" content=\"1 minuto\" \/>\n<script type=\"application\/ld+json\" class=\"yoast-schema-graph\">{\"@context\":\"https:\\\/\\\/schema.org\",\"@graph\":[{\"@type\":\"Article\",\"@id\":\"https:\\\/\\\/dana.com.br\\\/canaldana\\\/2020\\\/02\\\/04\\\/mercado-de-veiculos-desacelera-neste-inicio-de-ano\\\/#article\",\"isPartOf\":{\"@id\":\"https:\\\/\\\/dana.com.br\\\/canaldana\\\/2020\\\/02\\\/04\\\/mercado-de-veiculos-desacelera-neste-inicio-de-ano\\\/\"},\"author\":{\"name\":\"Canal Dana\",\"@id\":\"https:\\\/\\\/dana.com.br\\\/canaldana\\\/#\\\/schema\\\/person\\\/3c21f22f56fcf3bc46b94bc60ea4fef6\"},\"headline\":\"Mercado de ve\u00edculos desacelera neste in\u00edcio de ano\",\"datePublished\":\"2020-02-04T11:16:30+00:00\",\"mainEntityOfPage\":{\"@id\":\"https:\\\/\\\/dana.com.br\\\/canaldana\\\/2020\\\/02\\\/04\\\/mercado-de-veiculos-desacelera-neste-inicio-de-ano\\\/\"},\"wordCount\":292,\"articleSection\":[\"Destaques\"],\"inLanguage\":\"pt-BR\"},{\"@type\":\"WebPage\",\"@id\":\"https:\\\/\\\/dana.com.br\\\/canaldana\\\/2020\\\/02\\\/04\\\/mercado-de-veiculos-desacelera-neste-inicio-de-ano\\\/\",\"url\":\"https:\\\/\\\/dana.com.br\\\/canaldana\\\/2020\\\/02\\\/04\\\/mercado-de-veiculos-desacelera-neste-inicio-de-ano\\\/\",\"name\":\"Mercado de ve\u00edculos desacelera neste in\u00edcio de ano - Canal Dana\",\"isPartOf\":{\"@id\":\"https:\\\/\\\/dana.com.br\\\/canaldana\\\/#website\"},\"datePublished\":\"2020-02-04T11:16:30+00:00\",\"author\":{\"@id\":\"https:\\\/\\\/dana.com.br\\\/canaldana\\\/#\\\/schema\\\/person\\\/3c21f22f56fcf3bc46b94bc60ea4fef6\"},\"breadcrumb\":{\"@id\":\"https:\\\/\\\/dana.com.br\\\/canaldana\\\/2020\\\/02\\\/04\\\/mercado-de-veiculos-desacelera-neste-inicio-de-ano\\\/#breadcrumb\"},\"inLanguage\":\"pt-BR\",\"potentialAction\":[{\"@type\":\"ReadAction\",\"target\":[\"https:\\\/\\\/dana.com.br\\\/canaldana\\\/2020\\\/02\\\/04\\\/mercado-de-veiculos-desacelera-neste-inicio-de-ano\\\/\"]}]},{\"@type\":\"BreadcrumbList\",\"@id\":\"https:\\\/\\\/dana.com.br\\\/canaldana\\\/2020\\\/02\\\/04\\\/mercado-de-veiculos-desacelera-neste-inicio-de-ano\\\/#breadcrumb\",\"itemListElement\":[{\"@type\":\"ListItem\",\"position\":1,\"name\":\"Home\",\"item\":\"https:\\\/\\\/dana.com.br\\\/canaldana\\\/\"},{\"@type\":\"ListItem\",\"position\":2,\"name\":\"Destaques\",\"item\":\"https:\\\/\\\/dana.com.br\\\/canaldana\\\/destaques\\\/\"},{\"@type\":\"ListItem\",\"position\":3,\"name\":\"Mercado de ve\u00edculos desacelera neste in\u00edcio de ano\"}]},{\"@type\":\"WebSite\",\"@id\":\"https:\\\/\\\/dana.com.br\\\/canaldana\\\/#website\",\"url\":\"https:\\\/\\\/dana.com.br\\\/canaldana\\\/\",\"name\":\"Canal Dana\",\"description\":\"Informativo com as principais not\u00edcias da ind\u00fastria automotiva\",\"potentialAction\":[{\"@type\":\"SearchAction\",\"target\":{\"@type\":\"EntryPoint\",\"urlTemplate\":\"https:\\\/\\\/dana.com.br\\\/canaldana\\\/?s={search_term_string}\"},\"query-input\":{\"@type\":\"PropertyValueSpecification\",\"valueRequired\":true,\"valueName\":\"search_term_string\"}}],\"inLanguage\":\"pt-BR\"},{\"@type\":\"Person\",\"@id\":\"https:\\\/\\\/dana.com.br\\\/canaldana\\\/#\\\/schema\\\/person\\\/3c21f22f56fcf3bc46b94bc60ea4fef6\",\"name\":\"Canal Dana\",\"image\":{\"@type\":\"ImageObject\",\"inLanguage\":\"pt-BR\",\"@id\":\"https:\\\/\\\/secure.gravatar.com\\\/avatar\\\/420aaf9278582877d9018637c6817617705899d2858d7572ef0fe59a6b6454b4?s=96&d=mm&r=g\",\"url\":\"https:\\\/\\\/secure.gravatar.com\\\/avatar\\\/420aaf9278582877d9018637c6817617705899d2858d7572ef0fe59a6b6454b4?s=96&d=mm&r=g\",\"contentUrl\":\"https:\\\/\\\/secure.gravatar.com\\\/avatar\\\/420aaf9278582877d9018637c6817617705899d2858d7572ef0fe59a6b6454b4?s=96&d=mm&r=g\",\"caption\":\"Canal Dana\"},\"url\":\"https:\\\/\\\/dana.com.br\\\/canaldana\\\/author\\\/cdeditor\\\/\"}]}<\/script>\n<!-- \/ Yoast SEO plugin. -->","yoast_head_json":{"title":"Mercado de ve\u00edculos desacelera neste in\u00edcio de ano - Canal Dana","robots":{"index":"index","follow":"follow","max-snippet":"max-snippet:-1","max-image-preview":"max-image-preview:large","max-video-preview":"max-video-preview:-1"},"canonical":"https:\/\/dana.com.br\/canaldana\/2020\/02\/04\/mercado-de-veiculos-desacelera-neste-inicio-de-ano\/","og_locale":"pt_BR","og_type":"article","og_title":"Mercado de ve\u00edculos desacelera neste in\u00edcio de ano - Canal Dana","og_description":"AutoInd\u00fastria &nbsp; Com 193.495 emplacamentos no m\u00eas passado, o mercado de ve\u00edculos, incluindo leves e pesados, come\u00e7ou 2020 com n\u00fameros inferiores ao do ano passado. De acordo com fontes do varejo, houve queda de 3,2% no comparativo com janeiro de 2019, quando foram comercializadas 199,8 mil unidades. &nbsp; Dentre os fatores que poderiam explicar essa\u2026 Leia mais \u00bb","og_url":"https:\/\/dana.com.br\/canaldana\/2020\/02\/04\/mercado-de-veiculos-desacelera-neste-inicio-de-ano\/","og_site_name":"Canal Dana","article_published_time":"2020-02-04T11:16:30+00:00","author":"Canal Dana","twitter_card":"summary_large_image","twitter_misc":{"Escrito por":"Canal Dana","Est. tempo de leitura":"1 minuto"},"schema":{"@context":"https:\/\/schema.org","@graph":[{"@type":"Article","@id":"https:\/\/dana.com.br\/canaldana\/2020\/02\/04\/mercado-de-veiculos-desacelera-neste-inicio-de-ano\/#article","isPartOf":{"@id":"https:\/\/dana.com.br\/canaldana\/2020\/02\/04\/mercado-de-veiculos-desacelera-neste-inicio-de-ano\/"},"author":{"name":"Canal Dana","@id":"https:\/\/dana.com.br\/canaldana\/#\/schema\/person\/3c21f22f56fcf3bc46b94bc60ea4fef6"},"headline":"Mercado de ve\u00edculos desacelera neste in\u00edcio de ano","datePublished":"2020-02-04T11:16:30+00:00","mainEntityOfPage":{"@id":"https:\/\/dana.com.br\/canaldana\/2020\/02\/04\/mercado-de-veiculos-desacelera-neste-inicio-de-ano\/"},"wordCount":292,"articleSection":["Destaques"],"inLanguage":"pt-BR"},{"@type":"WebPage","@id":"https:\/\/dana.com.br\/canaldana\/2020\/02\/04\/mercado-de-veiculos-desacelera-neste-inicio-de-ano\/","url":"https:\/\/dana.com.br\/canaldana\/2020\/02\/04\/mercado-de-veiculos-desacelera-neste-inicio-de-ano\/","name":"Mercado de ve\u00edculos desacelera neste in\u00edcio de ano - Canal Dana","isPartOf":{"@id":"https:\/\/dana.com.br\/canaldana\/#website"},"datePublished":"2020-02-04T11:16:30+00:00","author":{"@id":"https:\/\/dana.com.br\/canaldana\/#\/schema\/person\/3c21f22f56fcf3bc46b94bc60ea4fef6"},"breadcrumb":{"@id":"https:\/\/dana.com.br\/canaldana\/2020\/02\/04\/mercado-de-veiculos-desacelera-neste-inicio-de-ano\/#breadcrumb"},"inLanguage":"pt-BR","potentialAction":[{"@type":"ReadAction","target":["https:\/\/dana.com.br\/canaldana\/2020\/02\/04\/mercado-de-veiculos-desacelera-neste-inicio-de-ano\/"]}]},{"@type":"BreadcrumbList","@id":"https:\/\/dana.com.br\/canaldana\/2020\/02\/04\/mercado-de-veiculos-desacelera-neste-inicio-de-ano\/#breadcrumb","itemListElement":[{"@type":"ListItem","position":1,"name":"Home","item":"https:\/\/dana.com.br\/canaldana\/"},{"@type":"ListItem","position":2,"name":"Destaques","item":"https:\/\/dana.com.br\/canaldana\/destaques\/"},{"@type":"ListItem","position":3,"name":"Mercado de ve\u00edculos desacelera neste in\u00edcio de ano"}]},{"@type":"WebSite","@id":"https:\/\/dana.com.br\/canaldana\/#website","url":"https:\/\/dana.com.br\/canaldana\/","name":"Canal Dana","description":"Informativo com as principais not\u00edcias da ind\u00fastria automotiva","potentialAction":[{"@type":"SearchAction","target":{"@type":"EntryPoint","urlTemplate":"https:\/\/dana.com.br\/canaldana\/?s={search_term_string}"},"query-input":{"@type":"PropertyValueSpecification","valueRequired":true,"valueName":"search_term_string"}}],"inLanguage":"pt-BR"},{"@type":"Person","@id":"https:\/\/dana.com.br\/canaldana\/#\/schema\/person\/3c21f22f56fcf3bc46b94bc60ea4fef6","name":"Canal Dana","image":{"@type":"ImageObject","inLanguage":"pt-BR","@id":"https:\/\/secure.gravatar.com\/avatar\/420aaf9278582877d9018637c6817617705899d2858d7572ef0fe59a6b6454b4?s=96&d=mm&r=g","url":"https:\/\/secure.gravatar.com\/avatar\/420aaf9278582877d9018637c6817617705899d2858d7572ef0fe59a6b6454b4?s=96&d=mm&r=g","contentUrl":"https:\/\/secure.gravatar.com\/avatar\/420aaf9278582877d9018637c6817617705899d2858d7572ef0fe59a6b6454b4?s=96&d=mm&r=g","caption":"Canal Dana"},"url":"https:\/\/dana.com.br\/canaldana\/author\/cdeditor\/"}]}},"_links":{"self":[{"href":"https:\/\/dana.com.br\/canaldana\/wp-json\/wp\/v2\/posts\/40390","targetHints":{"allow":["GET"]}}],"collection":[{"href":"https:\/\/dana.com.br\/canaldana\/wp-json\/wp\/v2\/posts"}],"about":[{"href":"https:\/\/dana.com.br\/canaldana\/wp-json\/wp\/v2\/types\/post"}],"author":[{"embeddable":true,"href":"https:\/\/dana.com.br\/canaldana\/wp-json\/wp\/v2\/users\/3"}],"replies":[{"embeddable":true,"href":"https:\/\/dana.com.br\/canaldana\/wp-json\/wp\/v2\/comments?post=40390"}],"version-history":[{"count":0,"href":"https:\/\/dana.com.br\/canaldana\/wp-json\/wp\/v2\/posts\/40390\/revisions"}],"wp:attachment":[{"href":"https:\/\/dana.com.br\/canaldana\/wp-json\/wp\/v2\/media?parent=40390"}],"wp:term":[{"taxonomy":"category","embeddable":true,"href":"https:\/\/dana.com.br\/canaldana\/wp-json\/wp\/v2\/categories?post=40390"},{"taxonomy":"post_tag","embeddable":true,"href":"https:\/\/dana.com.br\/canaldana\/wp-json\/wp\/v2\/tags?post=40390"}],"curies":[{"name":"wp","href":"https:\/\/api.w.org\/{rel}","templated":true}]}}