{"id":40388,"date":"2020-02-04T08:16:07","date_gmt":"2020-02-04T11:16:07","guid":{"rendered":"https:\/\/dana.com.br\/canaldana\/?p=40388"},"modified":"2020-02-04T08:16:07","modified_gmt":"2020-02-04T11:16:07","slug":"venda-de-consorcio-de-veiculos-cresce-76-e-sobe-o-tiquete-medio","status":"publish","type":"post","link":"https:\/\/dana.com.br\/canaldana\/2020\/02\/04\/venda-de-consorcio-de-veiculos-cresce-76-e-sobe-o-tiquete-medio\/","title":{"rendered":"Venda de cons\u00f3rcio de ve\u00edculos cresce 7,6% e sobe o t\u00edquete m\u00e9dio"},"content":{"rendered":"<p><em>AutoInd\u00fastria <\/em><\/p>\n<p>&nbsp;<\/p>\n<p>O sistema de cons\u00f3rcio de ve\u00edculos encerrou 2019 com resultados positivos em todos os segmentos. Na m\u00e9dia, a venda de novas cotas subiu 7,6%, com total de 2,42 milh\u00f5es de ades\u00f5es. O t\u00edquete m\u00e9dio tamb\u00e9m cresceu tanto nos ve\u00edculos leves como nos pesados e motocicletas, indicando que o consumidor est\u00e1 investindo mais nessa modalidade de compra.<\/p>\n<p>&nbsp;<\/p>\n<p>Os ve\u00edculos pesados tiveram o melhor desempenho, com crescimento de 28,8% e a comercializa\u00e7\u00e3o de 91,6 mil cotas. No caso dos autom\u00f3veis e comerciais leves a alta foi de 9,5%, com 1,27 milh\u00e3o de ades\u00f5es. A procura por motos via cons\u00f3rcio teve expans\u00e3o de 3,9%, com a venda de 1,06 milh\u00e3o de cotas, conforme levantamento da Abac, Associa\u00e7\u00e3o Brasileira das Administradoras de Cons\u00f3rcio.<\/p>\n<p>&nbsp;<\/p>\n<p>Considerando todos os segmentos, o volume de cr\u00e9ditos comercializados evoluiu 23,8%, passando de R$ 68,3 bilh\u00f5es em 2018 para R$ 84,4 bilh\u00f5es no ano passado. O aumento dos cr\u00e9ditos disponibilizados foi de 3,3% atingindo R$ 34,1 bilh\u00f5es em 2019.<\/p>\n<p>&nbsp;<\/p>\n<p>O presidente executivo da Abac, Paulo Roberto Rossi, destaca o aumento do t\u00edquete m\u00e9dio em todos os segmentos. \u201cO consumidor sabe que vai pagar num prazo mais longo, ent\u00e3o opta por um bem de valor maior\u201d. Sobre os n\u00fameros positivos de 2019, com desempenho recorde do setor, ele comenta que a ades\u00e3o ao cons\u00f3rcio mostra maior conscientiza\u00e7\u00e3o do consumidor quanto \u00e0 import\u00e2ncia da educa\u00e7\u00e3o financeira no seu dia a dia.<\/p>\n<p>&nbsp;<\/p>\n<p>O t\u00edquete m\u00e9dio subiu 18,5% no segmento de autom\u00f3veis e comerciais leves, passando de R$ 42,7 mil para R$ 50,6 mil, e expressivos 55,3% no caso das motos \u2013 de R$ 8,5 mil para R$ 13,2 mil. No caso dos ve\u00edculos pesados, que inclui caminh\u00f5es, \u00f4nibus e m\u00e1quinas agr\u00edcolas, a alta foi de 16%, de R$ 154,6 mil para R$ 179,3 mil de 2018 para 2019.<\/p>\n<p>&nbsp;<\/p>\n<p>Os participantes ativos no sistema de cons\u00f3rcio de ve\u00edculos, incluindo todos os segmentos, cresceu 1%, para 6,15 milh\u00f5es, e as contempla\u00e7\u00f5es ficaram est\u00e1veis em 1,1 milh\u00e3o. (AutoInd\u00fastria\/Alzira Rodrigues)<\/p>\n","protected":false},"excerpt":{"rendered":"<p>AutoInd\u00fastria &nbsp; O sistema de cons\u00f3rcio de ve\u00edculos encerrou 2019 com resultados positivos em todos os segmentos. Na m\u00e9dia, a venda de novas cotas subiu 7,6%, com total de 2,42 milh\u00f5es de ades\u00f5es. O t\u00edquete m\u00e9dio tamb\u00e9m cresceu tanto nos ve\u00edculos leves como nos pesados e motocicletas, indicando que o consumidor est\u00e1 investindo mais nessa\u2026 <a class=\"readmore\" href=\"https:\/\/dana.com.br\/canaldana\/2020\/02\/04\/venda-de-consorcio-de-veiculos-cresce-76-e-sobe-o-tiquete-medio\/\">Leia mais \u00bb<\/a><\/p>\n","protected":false},"author":3,"featured_media":0,"comment_status":"closed","ping_status":"closed","sticky":false,"template":"","format":"standard","meta":{"_acf_changed":false,"footnotes":""},"categories":[61],"tags":[],"class_list":["post-40388","post","type-post","status-publish","format-standard","hentry","category-destaques"],"acf":[],"yoast_head":"<!-- This site is optimized with the Yoast SEO plugin v27.5 - https:\/\/yoast.com\/product\/yoast-seo-wordpress\/ -->\n<title>Venda de cons\u00f3rcio de ve\u00edculos cresce 7,6% e sobe o t\u00edquete m\u00e9dio - Canal Dana<\/title>\n<meta name=\"robots\" content=\"index, follow, max-snippet:-1, max-image-preview:large, max-video-preview:-1\" \/>\n<link rel=\"canonical\" href=\"https:\/\/dana.com.br\/canaldana\/2020\/02\/04\/venda-de-consorcio-de-veiculos-cresce-76-e-sobe-o-tiquete-medio\/\" \/>\n<meta property=\"og:locale\" content=\"pt_BR\" \/>\n<meta property=\"og:type\" content=\"article\" \/>\n<meta property=\"og:title\" content=\"Venda de cons\u00f3rcio de ve\u00edculos cresce 7,6% e sobe o t\u00edquete m\u00e9dio - Canal Dana\" \/>\n<meta property=\"og:description\" content=\"AutoInd\u00fastria &nbsp; O sistema de cons\u00f3rcio de ve\u00edculos encerrou 2019 com resultados positivos em todos os segmentos. Na m\u00e9dia, a venda de novas cotas subiu 7,6%, com total de 2,42 milh\u00f5es de ades\u00f5es. O t\u00edquete m\u00e9dio tamb\u00e9m cresceu tanto nos ve\u00edculos leves como nos pesados e motocicletas, indicando que o consumidor est\u00e1 investindo mais nessa\u2026 Leia mais \u00bb\" \/>\n<meta property=\"og:url\" content=\"https:\/\/dana.com.br\/canaldana\/2020\/02\/04\/venda-de-consorcio-de-veiculos-cresce-76-e-sobe-o-tiquete-medio\/\" \/>\n<meta property=\"og:site_name\" content=\"Canal Dana\" \/>\n<meta property=\"article:published_time\" content=\"2020-02-04T11:16:07+00:00\" \/>\n<meta name=\"author\" content=\"Canal Dana\" \/>\n<meta name=\"twitter:card\" content=\"summary_large_image\" \/>\n<meta name=\"twitter:label1\" content=\"Escrito por\" \/>\n\t<meta name=\"twitter:data1\" content=\"Canal Dana\" \/>\n\t<meta name=\"twitter:label2\" content=\"Est. tempo de leitura\" \/>\n\t<meta name=\"twitter:data2\" content=\"2 minutos\" \/>\n<script type=\"application\/ld+json\" class=\"yoast-schema-graph\">{\"@context\":\"https:\\\/\\\/schema.org\",\"@graph\":[{\"@type\":\"Article\",\"@id\":\"https:\\\/\\\/dana.com.br\\\/canaldana\\\/2020\\\/02\\\/04\\\/venda-de-consorcio-de-veiculos-cresce-76-e-sobe-o-tiquete-medio\\\/#article\",\"isPartOf\":{\"@id\":\"https:\\\/\\\/dana.com.br\\\/canaldana\\\/2020\\\/02\\\/04\\\/venda-de-consorcio-de-veiculos-cresce-76-e-sobe-o-tiquete-medio\\\/\"},\"author\":{\"name\":\"Canal Dana\",\"@id\":\"https:\\\/\\\/dana.com.br\\\/canaldana\\\/#\\\/schema\\\/person\\\/3c21f22f56fcf3bc46b94bc60ea4fef6\"},\"headline\":\"Venda de cons\u00f3rcio de ve\u00edculos cresce 7,6% e sobe o t\u00edquete m\u00e9dio\",\"datePublished\":\"2020-02-04T11:16:07+00:00\",\"mainEntityOfPage\":{\"@id\":\"https:\\\/\\\/dana.com.br\\\/canaldana\\\/2020\\\/02\\\/04\\\/venda-de-consorcio-de-veiculos-cresce-76-e-sobe-o-tiquete-medio\\\/\"},\"wordCount\":360,\"articleSection\":[\"Destaques\"],\"inLanguage\":\"pt-BR\"},{\"@type\":\"WebPage\",\"@id\":\"https:\\\/\\\/dana.com.br\\\/canaldana\\\/2020\\\/02\\\/04\\\/venda-de-consorcio-de-veiculos-cresce-76-e-sobe-o-tiquete-medio\\\/\",\"url\":\"https:\\\/\\\/dana.com.br\\\/canaldana\\\/2020\\\/02\\\/04\\\/venda-de-consorcio-de-veiculos-cresce-76-e-sobe-o-tiquete-medio\\\/\",\"name\":\"Venda de cons\u00f3rcio de ve\u00edculos cresce 7,6% e sobe o t\u00edquete m\u00e9dio - Canal Dana\",\"isPartOf\":{\"@id\":\"https:\\\/\\\/dana.com.br\\\/canaldana\\\/#website\"},\"datePublished\":\"2020-02-04T11:16:07+00:00\",\"author\":{\"@id\":\"https:\\\/\\\/dana.com.br\\\/canaldana\\\/#\\\/schema\\\/person\\\/3c21f22f56fcf3bc46b94bc60ea4fef6\"},\"breadcrumb\":{\"@id\":\"https:\\\/\\\/dana.com.br\\\/canaldana\\\/2020\\\/02\\\/04\\\/venda-de-consorcio-de-veiculos-cresce-76-e-sobe-o-tiquete-medio\\\/#breadcrumb\"},\"inLanguage\":\"pt-BR\",\"potentialAction\":[{\"@type\":\"ReadAction\",\"target\":[\"https:\\\/\\\/dana.com.br\\\/canaldana\\\/2020\\\/02\\\/04\\\/venda-de-consorcio-de-veiculos-cresce-76-e-sobe-o-tiquete-medio\\\/\"]}]},{\"@type\":\"BreadcrumbList\",\"@id\":\"https:\\\/\\\/dana.com.br\\\/canaldana\\\/2020\\\/02\\\/04\\\/venda-de-consorcio-de-veiculos-cresce-76-e-sobe-o-tiquete-medio\\\/#breadcrumb\",\"itemListElement\":[{\"@type\":\"ListItem\",\"position\":1,\"name\":\"Home\",\"item\":\"https:\\\/\\\/dana.com.br\\\/canaldana\\\/\"},{\"@type\":\"ListItem\",\"position\":2,\"name\":\"Destaques\",\"item\":\"https:\\\/\\\/dana.com.br\\\/canaldana\\\/destaques\\\/\"},{\"@type\":\"ListItem\",\"position\":3,\"name\":\"Venda de cons\u00f3rcio de ve\u00edculos cresce 7,6% e sobe o t\u00edquete m\u00e9dio\"}]},{\"@type\":\"WebSite\",\"@id\":\"https:\\\/\\\/dana.com.br\\\/canaldana\\\/#website\",\"url\":\"https:\\\/\\\/dana.com.br\\\/canaldana\\\/\",\"name\":\"Canal Dana\",\"description\":\"Informativo com as principais not\u00edcias da ind\u00fastria automotiva\",\"potentialAction\":[{\"@type\":\"SearchAction\",\"target\":{\"@type\":\"EntryPoint\",\"urlTemplate\":\"https:\\\/\\\/dana.com.br\\\/canaldana\\\/?s={search_term_string}\"},\"query-input\":{\"@type\":\"PropertyValueSpecification\",\"valueRequired\":true,\"valueName\":\"search_term_string\"}}],\"inLanguage\":\"pt-BR\"},{\"@type\":\"Person\",\"@id\":\"https:\\\/\\\/dana.com.br\\\/canaldana\\\/#\\\/schema\\\/person\\\/3c21f22f56fcf3bc46b94bc60ea4fef6\",\"name\":\"Canal Dana\",\"image\":{\"@type\":\"ImageObject\",\"inLanguage\":\"pt-BR\",\"@id\":\"https:\\\/\\\/secure.gravatar.com\\\/avatar\\\/420aaf9278582877d9018637c6817617705899d2858d7572ef0fe59a6b6454b4?s=96&d=mm&r=g\",\"url\":\"https:\\\/\\\/secure.gravatar.com\\\/avatar\\\/420aaf9278582877d9018637c6817617705899d2858d7572ef0fe59a6b6454b4?s=96&d=mm&r=g\",\"contentUrl\":\"https:\\\/\\\/secure.gravatar.com\\\/avatar\\\/420aaf9278582877d9018637c6817617705899d2858d7572ef0fe59a6b6454b4?s=96&d=mm&r=g\",\"caption\":\"Canal Dana\"},\"url\":\"https:\\\/\\\/dana.com.br\\\/canaldana\\\/author\\\/cdeditor\\\/\"}]}<\/script>\n<!-- \/ Yoast SEO plugin. -->","yoast_head_json":{"title":"Venda de cons\u00f3rcio de ve\u00edculos cresce 7,6% e sobe o t\u00edquete m\u00e9dio - Canal Dana","robots":{"index":"index","follow":"follow","max-snippet":"max-snippet:-1","max-image-preview":"max-image-preview:large","max-video-preview":"max-video-preview:-1"},"canonical":"https:\/\/dana.com.br\/canaldana\/2020\/02\/04\/venda-de-consorcio-de-veiculos-cresce-76-e-sobe-o-tiquete-medio\/","og_locale":"pt_BR","og_type":"article","og_title":"Venda de cons\u00f3rcio de ve\u00edculos cresce 7,6% e sobe o t\u00edquete m\u00e9dio - Canal Dana","og_description":"AutoInd\u00fastria &nbsp; O sistema de cons\u00f3rcio de ve\u00edculos encerrou 2019 com resultados positivos em todos os segmentos. Na m\u00e9dia, a venda de novas cotas subiu 7,6%, com total de 2,42 milh\u00f5es de ades\u00f5es. O t\u00edquete m\u00e9dio tamb\u00e9m cresceu tanto nos ve\u00edculos leves como nos pesados e motocicletas, indicando que o consumidor est\u00e1 investindo mais nessa\u2026 Leia mais \u00bb","og_url":"https:\/\/dana.com.br\/canaldana\/2020\/02\/04\/venda-de-consorcio-de-veiculos-cresce-76-e-sobe-o-tiquete-medio\/","og_site_name":"Canal Dana","article_published_time":"2020-02-04T11:16:07+00:00","author":"Canal Dana","twitter_card":"summary_large_image","twitter_misc":{"Escrito por":"Canal Dana","Est. tempo de leitura":"2 minutos"},"schema":{"@context":"https:\/\/schema.org","@graph":[{"@type":"Article","@id":"https:\/\/dana.com.br\/canaldana\/2020\/02\/04\/venda-de-consorcio-de-veiculos-cresce-76-e-sobe-o-tiquete-medio\/#article","isPartOf":{"@id":"https:\/\/dana.com.br\/canaldana\/2020\/02\/04\/venda-de-consorcio-de-veiculos-cresce-76-e-sobe-o-tiquete-medio\/"},"author":{"name":"Canal Dana","@id":"https:\/\/dana.com.br\/canaldana\/#\/schema\/person\/3c21f22f56fcf3bc46b94bc60ea4fef6"},"headline":"Venda de cons\u00f3rcio de ve\u00edculos cresce 7,6% e sobe o t\u00edquete m\u00e9dio","datePublished":"2020-02-04T11:16:07+00:00","mainEntityOfPage":{"@id":"https:\/\/dana.com.br\/canaldana\/2020\/02\/04\/venda-de-consorcio-de-veiculos-cresce-76-e-sobe-o-tiquete-medio\/"},"wordCount":360,"articleSection":["Destaques"],"inLanguage":"pt-BR"},{"@type":"WebPage","@id":"https:\/\/dana.com.br\/canaldana\/2020\/02\/04\/venda-de-consorcio-de-veiculos-cresce-76-e-sobe-o-tiquete-medio\/","url":"https:\/\/dana.com.br\/canaldana\/2020\/02\/04\/venda-de-consorcio-de-veiculos-cresce-76-e-sobe-o-tiquete-medio\/","name":"Venda de cons\u00f3rcio de ve\u00edculos cresce 7,6% e sobe o t\u00edquete m\u00e9dio - Canal Dana","isPartOf":{"@id":"https:\/\/dana.com.br\/canaldana\/#website"},"datePublished":"2020-02-04T11:16:07+00:00","author":{"@id":"https:\/\/dana.com.br\/canaldana\/#\/schema\/person\/3c21f22f56fcf3bc46b94bc60ea4fef6"},"breadcrumb":{"@id":"https:\/\/dana.com.br\/canaldana\/2020\/02\/04\/venda-de-consorcio-de-veiculos-cresce-76-e-sobe-o-tiquete-medio\/#breadcrumb"},"inLanguage":"pt-BR","potentialAction":[{"@type":"ReadAction","target":["https:\/\/dana.com.br\/canaldana\/2020\/02\/04\/venda-de-consorcio-de-veiculos-cresce-76-e-sobe-o-tiquete-medio\/"]}]},{"@type":"BreadcrumbList","@id":"https:\/\/dana.com.br\/canaldana\/2020\/02\/04\/venda-de-consorcio-de-veiculos-cresce-76-e-sobe-o-tiquete-medio\/#breadcrumb","itemListElement":[{"@type":"ListItem","position":1,"name":"Home","item":"https:\/\/dana.com.br\/canaldana\/"},{"@type":"ListItem","position":2,"name":"Destaques","item":"https:\/\/dana.com.br\/canaldana\/destaques\/"},{"@type":"ListItem","position":3,"name":"Venda de cons\u00f3rcio de ve\u00edculos cresce 7,6% e sobe o t\u00edquete m\u00e9dio"}]},{"@type":"WebSite","@id":"https:\/\/dana.com.br\/canaldana\/#website","url":"https:\/\/dana.com.br\/canaldana\/","name":"Canal Dana","description":"Informativo com as principais not\u00edcias da ind\u00fastria automotiva","potentialAction":[{"@type":"SearchAction","target":{"@type":"EntryPoint","urlTemplate":"https:\/\/dana.com.br\/canaldana\/?s={search_term_string}"},"query-input":{"@type":"PropertyValueSpecification","valueRequired":true,"valueName":"search_term_string"}}],"inLanguage":"pt-BR"},{"@type":"Person","@id":"https:\/\/dana.com.br\/canaldana\/#\/schema\/person\/3c21f22f56fcf3bc46b94bc60ea4fef6","name":"Canal Dana","image":{"@type":"ImageObject","inLanguage":"pt-BR","@id":"https:\/\/secure.gravatar.com\/avatar\/420aaf9278582877d9018637c6817617705899d2858d7572ef0fe59a6b6454b4?s=96&d=mm&r=g","url":"https:\/\/secure.gravatar.com\/avatar\/420aaf9278582877d9018637c6817617705899d2858d7572ef0fe59a6b6454b4?s=96&d=mm&r=g","contentUrl":"https:\/\/secure.gravatar.com\/avatar\/420aaf9278582877d9018637c6817617705899d2858d7572ef0fe59a6b6454b4?s=96&d=mm&r=g","caption":"Canal Dana"},"url":"https:\/\/dana.com.br\/canaldana\/author\/cdeditor\/"}]}},"_links":{"self":[{"href":"https:\/\/dana.com.br\/canaldana\/wp-json\/wp\/v2\/posts\/40388","targetHints":{"allow":["GET"]}}],"collection":[{"href":"https:\/\/dana.com.br\/canaldana\/wp-json\/wp\/v2\/posts"}],"about":[{"href":"https:\/\/dana.com.br\/canaldana\/wp-json\/wp\/v2\/types\/post"}],"author":[{"embeddable":true,"href":"https:\/\/dana.com.br\/canaldana\/wp-json\/wp\/v2\/users\/3"}],"replies":[{"embeddable":true,"href":"https:\/\/dana.com.br\/canaldana\/wp-json\/wp\/v2\/comments?post=40388"}],"version-history":[{"count":0,"href":"https:\/\/dana.com.br\/canaldana\/wp-json\/wp\/v2\/posts\/40388\/revisions"}],"wp:attachment":[{"href":"https:\/\/dana.com.br\/canaldana\/wp-json\/wp\/v2\/media?parent=40388"}],"wp:term":[{"taxonomy":"category","embeddable":true,"href":"https:\/\/dana.com.br\/canaldana\/wp-json\/wp\/v2\/categories?post=40388"},{"taxonomy":"post_tag","embeddable":true,"href":"https:\/\/dana.com.br\/canaldana\/wp-json\/wp\/v2\/tags?post=40388"}],"curies":[{"name":"wp","href":"https:\/\/api.w.org\/{rel}","templated":true}]}}