{"id":40343,"date":"2020-02-03T08:31:40","date_gmt":"2020-02-03T11:31:40","guid":{"rendered":"https:\/\/dana.com.br\/canaldana\/?p=40343"},"modified":"2020-02-03T08:31:40","modified_gmt":"2020-02-03T11:31:40","slug":"obrigatoriedade-de-placa-padrao-mercosul-comeca-com-queixas-em-sao-paulo","status":"publish","type":"post","link":"https:\/\/dana.com.br\/canaldana\/2020\/02\/03\/obrigatoriedade-de-placa-padrao-mercosul-comeca-com-queixas-em-sao-paulo\/","title":{"rendered":"Obrigatoriedade de placa padr\u00e3o Mercosul come\u00e7a com queixas em S\u00e3o Paulo"},"content":{"rendered":"<p><em>O Estado de S. Paulo <\/em><\/p>\n<p>&nbsp;<\/p>\n<p>Come\u00e7ou a valer na \u00faltima sexta-feira, 31, a obrigatoriedade de placas no padr\u00e3o Mercosul em todo o Pa\u00eds. No primeiro dia da regra, por\u00e9m, despachantes da cidade de S\u00e3o Paulo relataram que o Departamento Estadual de Tr\u00e2nsito (Detran-SP) ainda n\u00e3o emitia os documentos necess\u00e1rios para o novo registro. Al\u00e9m disso, at\u00e9 o fim da tarde s\u00f3 constava uma empresa com sede na capital na lista de autorizadas a fazer o novo emplacamento, mas o servi\u00e7o ainda n\u00e3o era oferecido no local. Em nota, o Detran afirmou que o problema t\u00e9cnico foi resolvido e disse ter emitido \u201cmais de 10 mil autoriza\u00e7\u00f5es\u201d, sem especificar em quais cidades.<\/p>\n<p>&nbsp;<\/p>\n<p>S\u00e3o Paulo fazia parte do grupo de Estados que ainda n\u00e3o haviam aderido \u00e0 placa Mercosul \u2013 o primeiro a adotar foi o Rio, em 2018. A implementa\u00e7\u00e3o chegou a ser adiada seis vezes at\u00e9 o Conselho Nacional de Tr\u00e2nsito (Contran) determinar, em junho, que a placa seria obrigat\u00f3ria no Brasil a partir de 31 de janeiro. Os Detrans tiveram seis meses para adapta\u00e7\u00e3o.<\/p>\n<p>&nbsp;<\/p>\n<p>Conforme explica\u00e7\u00f5es do Detran-SP, a instala\u00e7\u00e3o da placa passa a ser em duas etapas. Primeiro, o motorista leva a nota fiscal do ve\u00edculo e outros documentos a uma unidade da autarquia, que emite o Certificado de Registro do Ve\u00edculo (CRV). Com o CRV em m\u00e3os, o condutor precisa se dirigir a uma estampadora credenciada, pagar pela placa e fazer a instala\u00e7\u00e3o.<\/p>\n<p>&nbsp;<\/p>\n<p>Ao Estado, quatro despachantes da capital disseram, por\u00e9m, que os Detrans ainda n\u00e3o estavam emitindo documentos. \u201cPara mim, passaram que o sistema est\u00e1 em fase de adapta\u00e7\u00e3o e n\u00e3o iam emitir\u201d, disse Diego Aguiar, que foi de manh\u00e3 \u00e0 unidade Arm\u00eania, zona norte. \u201cQuem comprou carro 0 km hoje (sexta) n\u00e3o vai sair com a placa nova.\u201d Com atua\u00e7\u00e3o na zona sul, o despachante Osmar Jos\u00e9 Ribeiro disse que o sistema estava \u201cparado\u201d. \u201cAt\u00e9 atrapalha nosso trabalho, porque a gente tem de explicar aos clientes que vai atrasar. Mas tamb\u00e9m acho que \u00e9 preciso ser compreensivo. O sistema \u00e9 novo, ent\u00e3o \u00e9 normal.\u201d<\/p>\n<p>&nbsp;<\/p>\n<p><strong>Parado<\/strong><\/p>\n<p>&nbsp;<\/p>\n<p>Durante a manh\u00e3, a Mercoplacas, na Pra\u00e7a Rolim de Moura, zona leste, era a \u00fanica empresa com sede na capital credenciada para fazer o emplacamento, conforme o site do Detran-SP. S\u00f3 \u00e0 tarde, mais duas estampadoras na cidade \u2013 na Penha e na Vila Anast\u00e1cio \u2013 foram inclu\u00eddas na lista.<\/p>\n<p>&nbsp;<\/p>\n<p>\u00c0s 11h30, havia dois funcion\u00e1rios na Mercoplacas, mas disseram que ainda n\u00e3o estavam prestando o servi\u00e7o. N\u00e3o havia clientes no local. Segundo eles, a previs\u00e3o era iniciar o emplacamento s\u00f3 na segunda. \u201cO sistema do Detran ainda n\u00e3o est\u00e1 funcionando\u201d, disse um deles. \u201cImagino que, quando come\u00e7ar, vai ficar uma fila muito grande.\u201d Ap\u00f3s o Estado ir ao local, Hudson Barreto, da Bridge Solutions, consultora da Mercoplacas, disse que a empresa est\u00e1 pronta. \u201cS\u00f3 estamos aguardando autoriza\u00e7\u00f5es de emplacamento. Para cada carro, (o Detran) emite autoriza\u00e7\u00e3o\u201d, disse. \u201cA loja est\u00e1 pronta e credenciada, s\u00f3 esperando cliente.\u201d<\/p>\n<p>&nbsp;<\/p>\n<p>O Detran-SP disse, em nota, que os problemas com o sistema compartilhado foram resolvidos pelas empresas. O Estado tamb\u00e9m questionou se havia expectativa de aumentar a oferta de empresas na capital \u2013 uma vez que a tend\u00eancia \u00e9 de alta demanda. \u201cO credenciamento n\u00e3o \u00e9 por munic\u00edpio, portanto todas as empresas podem prestar o servi\u00e7o no Estado.\u201d Questionado sobre o total de autoriza\u00e7\u00f5es emitidas na capital e no interior, o Detran-SP respondeu que, desde as 7 horas da manh\u00e3 desta sexta, concedeu \u201cmais de 10 mil autoriza\u00e7\u00f5es para emplacamento\u201d, sem dar detalhes.<\/p>\n<p>&nbsp;<\/p>\n<p><strong>Quem deve trocar para o padr\u00e3o Mercosul? <\/strong><\/p>\n<p>Nem todo mundo precisa instalar a placa Mercosul. Fazem parte do grupo obrigat\u00f3rio ve\u00edculos que v\u00e3o fazer o primeiro emplacamento ou mudar o registro de cidade. Em casos de furto ou dano da placa antiga, o propriet\u00e1rio tamb\u00e9m deve trocar para a nova.<\/p>\n<p>&nbsp;<\/p>\n<p><strong>Qual \u00e9 o pre\u00e7o da placa Mercosul?<\/strong><\/p>\n<p>O Detran de SP sugeriu o pre\u00e7o de R$ 138,24 (carro) e de R$ 114,86 (moto), mas as empresas podem cobrar outros valores.<\/p>\n<p>&nbsp;<\/p>\n<p><strong>Qual o prazo para o motorista emplacar o ve\u00edculo?<\/strong><\/p>\n<p>O motorista tem 15 dias para emplacar o carro novo. (O Estado de S. Paulo\/Felipe Resk)<\/p>\n","protected":false},"excerpt":{"rendered":"<p>O Estado de S. Paulo &nbsp; Come\u00e7ou a valer na \u00faltima sexta-feira, 31, a obrigatoriedade de placas no padr\u00e3o Mercosul em todo o Pa\u00eds. No primeiro dia da regra, por\u00e9m, despachantes da cidade de S\u00e3o Paulo relataram que o Departamento Estadual de Tr\u00e2nsito (Detran-SP) ainda n\u00e3o emitia os documentos necess\u00e1rios para o novo registro. Al\u00e9m\u2026 <a class=\"readmore\" href=\"https:\/\/dana.com.br\/canaldana\/2020\/02\/03\/obrigatoriedade-de-placa-padrao-mercosul-comeca-com-queixas-em-sao-paulo\/\">Leia mais \u00bb<\/a><\/p>\n","protected":false},"author":3,"featured_media":0,"comment_status":"closed","ping_status":"closed","sticky":false,"template":"","format":"standard","meta":{"_acf_changed":false,"footnotes":""},"categories":[79],"tags":[],"class_list":["post-40343","post","type-post","status-publish","format-standard","hentry","category-mercado"],"acf":[],"yoast_head":"<!-- This site is optimized with the Yoast SEO plugin v27.3 - https:\/\/yoast.com\/product\/yoast-seo-wordpress\/ -->\n<title>Obrigatoriedade de placa padr\u00e3o Mercosul come\u00e7a com queixas em S\u00e3o Paulo - Canal Dana<\/title>\n<meta name=\"robots\" content=\"index, follow, max-snippet:-1, max-image-preview:large, max-video-preview:-1\" \/>\n<link rel=\"canonical\" href=\"https:\/\/dana.com.br\/canaldana\/2020\/02\/03\/obrigatoriedade-de-placa-padrao-mercosul-comeca-com-queixas-em-sao-paulo\/\" \/>\n<meta property=\"og:locale\" content=\"pt_BR\" \/>\n<meta property=\"og:type\" content=\"article\" \/>\n<meta property=\"og:title\" content=\"Obrigatoriedade de placa padr\u00e3o Mercosul come\u00e7a com queixas em S\u00e3o Paulo - Canal Dana\" \/>\n<meta property=\"og:description\" content=\"O Estado de S. Paulo &nbsp; Come\u00e7ou a valer na \u00faltima sexta-feira, 31, a obrigatoriedade de placas no padr\u00e3o Mercosul em todo o Pa\u00eds. No primeiro dia da regra, por\u00e9m, despachantes da cidade de S\u00e3o Paulo relataram que o Departamento Estadual de Tr\u00e2nsito (Detran-SP) ainda n\u00e3o emitia os documentos necess\u00e1rios para o novo registro. Al\u00e9m\u2026 Leia mais \u00bb\" \/>\n<meta property=\"og:url\" content=\"https:\/\/dana.com.br\/canaldana\/2020\/02\/03\/obrigatoriedade-de-placa-padrao-mercosul-comeca-com-queixas-em-sao-paulo\/\" \/>\n<meta property=\"og:site_name\" content=\"Canal Dana\" \/>\n<meta property=\"article:published_time\" content=\"2020-02-03T11:31:40+00:00\" \/>\n<meta name=\"author\" content=\"Canal Dana\" \/>\n<meta name=\"twitter:card\" content=\"summary_large_image\" \/>\n<meta name=\"twitter:label1\" content=\"Escrito por\" \/>\n\t<meta name=\"twitter:data1\" content=\"Canal Dana\" \/>\n\t<meta name=\"twitter:label2\" content=\"Est. tempo de leitura\" \/>\n\t<meta name=\"twitter:data2\" content=\"4 minutos\" \/>\n<script type=\"application\/ld+json\" class=\"yoast-schema-graph\">{\"@context\":\"https:\\\/\\\/schema.org\",\"@graph\":[{\"@type\":\"Article\",\"@id\":\"https:\\\/\\\/dana.com.br\\\/canaldana\\\/2020\\\/02\\\/03\\\/obrigatoriedade-de-placa-padrao-mercosul-comeca-com-queixas-em-sao-paulo\\\/#article\",\"isPartOf\":{\"@id\":\"https:\\\/\\\/dana.com.br\\\/canaldana\\\/2020\\\/02\\\/03\\\/obrigatoriedade-de-placa-padrao-mercosul-comeca-com-queixas-em-sao-paulo\\\/\"},\"author\":{\"name\":\"Canal Dana\",\"@id\":\"https:\\\/\\\/dana.com.br\\\/canaldana\\\/#\\\/schema\\\/person\\\/3c21f22f56fcf3bc46b94bc60ea4fef6\"},\"headline\":\"Obrigatoriedade de placa padr\u00e3o Mercosul come\u00e7a com queixas em S\u00e3o Paulo\",\"datePublished\":\"2020-02-03T11:31:40+00:00\",\"mainEntityOfPage\":{\"@id\":\"https:\\\/\\\/dana.com.br\\\/canaldana\\\/2020\\\/02\\\/03\\\/obrigatoriedade-de-placa-padrao-mercosul-comeca-com-queixas-em-sao-paulo\\\/\"},\"wordCount\":749,\"articleSection\":[\"Mercado\"],\"inLanguage\":\"pt-BR\"},{\"@type\":\"WebPage\",\"@id\":\"https:\\\/\\\/dana.com.br\\\/canaldana\\\/2020\\\/02\\\/03\\\/obrigatoriedade-de-placa-padrao-mercosul-comeca-com-queixas-em-sao-paulo\\\/\",\"url\":\"https:\\\/\\\/dana.com.br\\\/canaldana\\\/2020\\\/02\\\/03\\\/obrigatoriedade-de-placa-padrao-mercosul-comeca-com-queixas-em-sao-paulo\\\/\",\"name\":\"Obrigatoriedade de placa padr\u00e3o Mercosul come\u00e7a com queixas em S\u00e3o Paulo - Canal Dana\",\"isPartOf\":{\"@id\":\"https:\\\/\\\/dana.com.br\\\/canaldana\\\/#website\"},\"datePublished\":\"2020-02-03T11:31:40+00:00\",\"author\":{\"@id\":\"https:\\\/\\\/dana.com.br\\\/canaldana\\\/#\\\/schema\\\/person\\\/3c21f22f56fcf3bc46b94bc60ea4fef6\"},\"breadcrumb\":{\"@id\":\"https:\\\/\\\/dana.com.br\\\/canaldana\\\/2020\\\/02\\\/03\\\/obrigatoriedade-de-placa-padrao-mercosul-comeca-com-queixas-em-sao-paulo\\\/#breadcrumb\"},\"inLanguage\":\"pt-BR\",\"potentialAction\":[{\"@type\":\"ReadAction\",\"target\":[\"https:\\\/\\\/dana.com.br\\\/canaldana\\\/2020\\\/02\\\/03\\\/obrigatoriedade-de-placa-padrao-mercosul-comeca-com-queixas-em-sao-paulo\\\/\"]}]},{\"@type\":\"BreadcrumbList\",\"@id\":\"https:\\\/\\\/dana.com.br\\\/canaldana\\\/2020\\\/02\\\/03\\\/obrigatoriedade-de-placa-padrao-mercosul-comeca-com-queixas-em-sao-paulo\\\/#breadcrumb\",\"itemListElement\":[{\"@type\":\"ListItem\",\"position\":1,\"name\":\"Home\",\"item\":\"https:\\\/\\\/dana.com.br\\\/canaldana\\\/\"},{\"@type\":\"ListItem\",\"position\":2,\"name\":\"Mercado\",\"item\":\"https:\\\/\\\/dana.com.br\\\/canaldana\\\/mercado\\\/\"},{\"@type\":\"ListItem\",\"position\":3,\"name\":\"Obrigatoriedade de placa padr\u00e3o Mercosul come\u00e7a com queixas em S\u00e3o Paulo\"}]},{\"@type\":\"WebSite\",\"@id\":\"https:\\\/\\\/dana.com.br\\\/canaldana\\\/#website\",\"url\":\"https:\\\/\\\/dana.com.br\\\/canaldana\\\/\",\"name\":\"Canal Dana\",\"description\":\"Informativo com as principais not\u00edcias da ind\u00fastria automotiva\",\"potentialAction\":[{\"@type\":\"SearchAction\",\"target\":{\"@type\":\"EntryPoint\",\"urlTemplate\":\"https:\\\/\\\/dana.com.br\\\/canaldana\\\/?s={search_term_string}\"},\"query-input\":{\"@type\":\"PropertyValueSpecification\",\"valueRequired\":true,\"valueName\":\"search_term_string\"}}],\"inLanguage\":\"pt-BR\"},{\"@type\":\"Person\",\"@id\":\"https:\\\/\\\/dana.com.br\\\/canaldana\\\/#\\\/schema\\\/person\\\/3c21f22f56fcf3bc46b94bc60ea4fef6\",\"name\":\"Canal Dana\",\"image\":{\"@type\":\"ImageObject\",\"inLanguage\":\"pt-BR\",\"@id\":\"https:\\\/\\\/secure.gravatar.com\\\/avatar\\\/420aaf9278582877d9018637c6817617705899d2858d7572ef0fe59a6b6454b4?s=96&d=mm&r=g\",\"url\":\"https:\\\/\\\/secure.gravatar.com\\\/avatar\\\/420aaf9278582877d9018637c6817617705899d2858d7572ef0fe59a6b6454b4?s=96&d=mm&r=g\",\"contentUrl\":\"https:\\\/\\\/secure.gravatar.com\\\/avatar\\\/420aaf9278582877d9018637c6817617705899d2858d7572ef0fe59a6b6454b4?s=96&d=mm&r=g\",\"caption\":\"Canal Dana\"},\"url\":\"https:\\\/\\\/dana.com.br\\\/canaldana\\\/author\\\/cdeditor\\\/\"}]}<\/script>\n<!-- \/ Yoast SEO plugin. -->","yoast_head_json":{"title":"Obrigatoriedade de placa padr\u00e3o Mercosul come\u00e7a com queixas em S\u00e3o Paulo - Canal Dana","robots":{"index":"index","follow":"follow","max-snippet":"max-snippet:-1","max-image-preview":"max-image-preview:large","max-video-preview":"max-video-preview:-1"},"canonical":"https:\/\/dana.com.br\/canaldana\/2020\/02\/03\/obrigatoriedade-de-placa-padrao-mercosul-comeca-com-queixas-em-sao-paulo\/","og_locale":"pt_BR","og_type":"article","og_title":"Obrigatoriedade de placa padr\u00e3o Mercosul come\u00e7a com queixas em S\u00e3o Paulo - Canal Dana","og_description":"O Estado de S. Paulo &nbsp; Come\u00e7ou a valer na \u00faltima sexta-feira, 31, a obrigatoriedade de placas no padr\u00e3o Mercosul em todo o Pa\u00eds. No primeiro dia da regra, por\u00e9m, despachantes da cidade de S\u00e3o Paulo relataram que o Departamento Estadual de Tr\u00e2nsito (Detran-SP) ainda n\u00e3o emitia os documentos necess\u00e1rios para o novo registro. Al\u00e9m\u2026 Leia mais \u00bb","og_url":"https:\/\/dana.com.br\/canaldana\/2020\/02\/03\/obrigatoriedade-de-placa-padrao-mercosul-comeca-com-queixas-em-sao-paulo\/","og_site_name":"Canal Dana","article_published_time":"2020-02-03T11:31:40+00:00","author":"Canal Dana","twitter_card":"summary_large_image","twitter_misc":{"Escrito por":"Canal Dana","Est. tempo de leitura":"4 minutos"},"schema":{"@context":"https:\/\/schema.org","@graph":[{"@type":"Article","@id":"https:\/\/dana.com.br\/canaldana\/2020\/02\/03\/obrigatoriedade-de-placa-padrao-mercosul-comeca-com-queixas-em-sao-paulo\/#article","isPartOf":{"@id":"https:\/\/dana.com.br\/canaldana\/2020\/02\/03\/obrigatoriedade-de-placa-padrao-mercosul-comeca-com-queixas-em-sao-paulo\/"},"author":{"name":"Canal Dana","@id":"https:\/\/dana.com.br\/canaldana\/#\/schema\/person\/3c21f22f56fcf3bc46b94bc60ea4fef6"},"headline":"Obrigatoriedade de placa padr\u00e3o Mercosul come\u00e7a com queixas em S\u00e3o Paulo","datePublished":"2020-02-03T11:31:40+00:00","mainEntityOfPage":{"@id":"https:\/\/dana.com.br\/canaldana\/2020\/02\/03\/obrigatoriedade-de-placa-padrao-mercosul-comeca-com-queixas-em-sao-paulo\/"},"wordCount":749,"articleSection":["Mercado"],"inLanguage":"pt-BR"},{"@type":"WebPage","@id":"https:\/\/dana.com.br\/canaldana\/2020\/02\/03\/obrigatoriedade-de-placa-padrao-mercosul-comeca-com-queixas-em-sao-paulo\/","url":"https:\/\/dana.com.br\/canaldana\/2020\/02\/03\/obrigatoriedade-de-placa-padrao-mercosul-comeca-com-queixas-em-sao-paulo\/","name":"Obrigatoriedade de placa padr\u00e3o Mercosul come\u00e7a com queixas em S\u00e3o Paulo - Canal Dana","isPartOf":{"@id":"https:\/\/dana.com.br\/canaldana\/#website"},"datePublished":"2020-02-03T11:31:40+00:00","author":{"@id":"https:\/\/dana.com.br\/canaldana\/#\/schema\/person\/3c21f22f56fcf3bc46b94bc60ea4fef6"},"breadcrumb":{"@id":"https:\/\/dana.com.br\/canaldana\/2020\/02\/03\/obrigatoriedade-de-placa-padrao-mercosul-comeca-com-queixas-em-sao-paulo\/#breadcrumb"},"inLanguage":"pt-BR","potentialAction":[{"@type":"ReadAction","target":["https:\/\/dana.com.br\/canaldana\/2020\/02\/03\/obrigatoriedade-de-placa-padrao-mercosul-comeca-com-queixas-em-sao-paulo\/"]}]},{"@type":"BreadcrumbList","@id":"https:\/\/dana.com.br\/canaldana\/2020\/02\/03\/obrigatoriedade-de-placa-padrao-mercosul-comeca-com-queixas-em-sao-paulo\/#breadcrumb","itemListElement":[{"@type":"ListItem","position":1,"name":"Home","item":"https:\/\/dana.com.br\/canaldana\/"},{"@type":"ListItem","position":2,"name":"Mercado","item":"https:\/\/dana.com.br\/canaldana\/mercado\/"},{"@type":"ListItem","position":3,"name":"Obrigatoriedade de placa padr\u00e3o Mercosul come\u00e7a com queixas em S\u00e3o Paulo"}]},{"@type":"WebSite","@id":"https:\/\/dana.com.br\/canaldana\/#website","url":"https:\/\/dana.com.br\/canaldana\/","name":"Canal Dana","description":"Informativo com as principais not\u00edcias da ind\u00fastria automotiva","potentialAction":[{"@type":"SearchAction","target":{"@type":"EntryPoint","urlTemplate":"https:\/\/dana.com.br\/canaldana\/?s={search_term_string}"},"query-input":{"@type":"PropertyValueSpecification","valueRequired":true,"valueName":"search_term_string"}}],"inLanguage":"pt-BR"},{"@type":"Person","@id":"https:\/\/dana.com.br\/canaldana\/#\/schema\/person\/3c21f22f56fcf3bc46b94bc60ea4fef6","name":"Canal Dana","image":{"@type":"ImageObject","inLanguage":"pt-BR","@id":"https:\/\/secure.gravatar.com\/avatar\/420aaf9278582877d9018637c6817617705899d2858d7572ef0fe59a6b6454b4?s=96&d=mm&r=g","url":"https:\/\/secure.gravatar.com\/avatar\/420aaf9278582877d9018637c6817617705899d2858d7572ef0fe59a6b6454b4?s=96&d=mm&r=g","contentUrl":"https:\/\/secure.gravatar.com\/avatar\/420aaf9278582877d9018637c6817617705899d2858d7572ef0fe59a6b6454b4?s=96&d=mm&r=g","caption":"Canal Dana"},"url":"https:\/\/dana.com.br\/canaldana\/author\/cdeditor\/"}]}},"_links":{"self":[{"href":"https:\/\/dana.com.br\/canaldana\/wp-json\/wp\/v2\/posts\/40343","targetHints":{"allow":["GET"]}}],"collection":[{"href":"https:\/\/dana.com.br\/canaldana\/wp-json\/wp\/v2\/posts"}],"about":[{"href":"https:\/\/dana.com.br\/canaldana\/wp-json\/wp\/v2\/types\/post"}],"author":[{"embeddable":true,"href":"https:\/\/dana.com.br\/canaldana\/wp-json\/wp\/v2\/users\/3"}],"replies":[{"embeddable":true,"href":"https:\/\/dana.com.br\/canaldana\/wp-json\/wp\/v2\/comments?post=40343"}],"version-history":[{"count":0,"href":"https:\/\/dana.com.br\/canaldana\/wp-json\/wp\/v2\/posts\/40343\/revisions"}],"wp:attachment":[{"href":"https:\/\/dana.com.br\/canaldana\/wp-json\/wp\/v2\/media?parent=40343"}],"wp:term":[{"taxonomy":"category","embeddable":true,"href":"https:\/\/dana.com.br\/canaldana\/wp-json\/wp\/v2\/categories?post=40343"},{"taxonomy":"post_tag","embeddable":true,"href":"https:\/\/dana.com.br\/canaldana\/wp-json\/wp\/v2\/tags?post=40343"}],"curies":[{"name":"wp","href":"https:\/\/api.w.org\/{rel}","templated":true}]}}