{"id":40337,"date":"2020-02-03T08:30:17","date_gmt":"2020-02-03T11:30:17","guid":{"rendered":"https:\/\/dana.com.br\/canaldana\/?p=40337"},"modified":"2020-02-03T08:30:17","modified_gmt":"2020-02-03T11:30:17","slug":"grupo-volkswagen-quer-comprar-a-navistar-por-us-29-bilhoes","status":"publish","type":"post","link":"https:\/\/dana.com.br\/canaldana\/2020\/02\/03\/grupo-volkswagen-quer-comprar-a-navistar-por-us-29-bilhoes\/","title":{"rendered":"Grupo Volkswagen quer comprar a Navistar por US$ 2,9 bilh\u00f5es"},"content":{"rendered":"<p><em>AutoInd\u00fastria<\/em><\/p>\n<p>&nbsp;<\/p>\n<p>A Volkswagen AG, por meio do Grupo Traton, seu bra\u00e7o global de ve\u00edculos comerciais, ofereceu, nesta quinta-feira (31), US$ 2,9 bilh\u00f5es para comprar a Navistar International. Por enquanto, o conselho de administra\u00e7\u00e3o da fabricante norte-americana disse apenas que analisar\u00e1 a proposta.<\/p>\n<p>&nbsp;<\/p>\n<p>Em nota oficial, a Navistar confirmou que recebeu proposta \u201cn\u00e3o solicitada referente a uma transa\u00e7\u00e3o potencial para adquirir a empresa por US$ 35 por a\u00e7\u00e3o em dinheiro\u201d e aconselhou aos acionistas n\u00e3o tomarem nenhuma medida at\u00e9 que a empresa avalie a oferta. \u201cN\u00e3o h\u00e1 garantias de que qualquer negocia\u00e7\u00e3o entre a Navistar e o Traton\u201d, acrescentou.<\/p>\n<p>&nbsp;<\/p>\n<p>De qualquer forma, imediatamente as a\u00e7\u00f5es da Navistar, cujo maior acionista \u00e9 o bilion\u00e1rio Carl Icahn, subiram 53%, para US$ 36,79, alavancada pela not\u00edcia da proposta do Grupo Volkswagen, que j\u00e1 possui participa\u00e7\u00e3o de quase 17% na empresa americana, adquirida h\u00e1 cerca de quatro anos.<\/p>\n<p>&nbsp;<\/p>\n<p>Desde ent\u00e3o o Traton n\u00e3o escondia o interesse de participar de forma mais intensa do mercado de caminh\u00f5es da Am\u00e9rica do Norte e fazer frente \u00e0 Daimler e Volvo, seus dois principais concorrentes globais no segmento e que\u00a0 atuam marcantemente na regi\u00e3o, por meio, respectivamente, das marcas locais Freightliner\u00a0 e Mack.<\/p>\n<p>&nbsp;<\/p>\n<p>Centen\u00e1ria, a Navistar fabrica motores, ve\u00edculos de defesa, mas \u00e9 mundialmente conhecida por seus \u00f4nibus e caminh\u00f5es da marca International. No Brasil, \u00e9 dona ainda da MWM, que fornece motores para a pr\u00f3pria Volkswagen Caminh\u00f5es h\u00e1 cerca de tr\u00eas d\u00e9cadas.<\/p>\n<p>&nbsp;<\/p>\n<p>A Internacional produziu aqui o caminh\u00e3o pesado 9800 e o semipesado Durastar de 1998 a 2016, sem muito sucesso. Os primeiros 15 anos, em Caxias (RS), na f\u00e1brica da Agrale. Em 2013, inaugurou sua pr\u00f3pria planta na tamb\u00e9m ga\u00facha Canoas.<\/p>\n<p>&nbsp;<\/p>\n<p>Altamente dependente de conte\u00fado importado, a opera\u00e7\u00e3o frequentemente enfrentou problemas com as varia\u00e7\u00f5es do d\u00f3lar e pol\u00edticas industriais adotadas pelo governo. Em determinado momento, desistiu do mercado interno e se dedicou apenas \u00e0 exporta\u00e7\u00e3o at\u00e9 encerrar\u00a0 a linha de montagem. (AutoInd\u00fastria)<\/p>\n","protected":false},"excerpt":{"rendered":"<p>AutoInd\u00fastria &nbsp; A Volkswagen AG, por meio do Grupo Traton, seu bra\u00e7o global de ve\u00edculos comerciais, ofereceu, nesta quinta-feira (31), US$ 2,9 bilh\u00f5es para comprar a Navistar International. Por enquanto, o conselho de administra\u00e7\u00e3o da fabricante norte-americana disse apenas que analisar\u00e1 a proposta. &nbsp; Em nota oficial, a Navistar confirmou que recebeu proposta \u201cn\u00e3o solicitada\u2026 <a class=\"readmore\" href=\"https:\/\/dana.com.br\/canaldana\/2020\/02\/03\/grupo-volkswagen-quer-comprar-a-navistar-por-us-29-bilhoes\/\">Leia mais \u00bb<\/a><\/p>\n","protected":false},"author":3,"featured_media":0,"comment_status":"closed","ping_status":"closed","sticky":false,"template":"","format":"standard","meta":{"_acf_changed":false,"footnotes":""},"categories":[79],"tags":[],"class_list":["post-40337","post","type-post","status-publish","format-standard","hentry","category-mercado"],"acf":[],"yoast_head":"<!-- This site is optimized with the Yoast SEO plugin v27.3 - https:\/\/yoast.com\/product\/yoast-seo-wordpress\/ -->\n<title>Grupo Volkswagen quer comprar a Navistar por US$ 2,9 bilh\u00f5es - Canal Dana<\/title>\n<meta name=\"robots\" content=\"index, follow, max-snippet:-1, max-image-preview:large, max-video-preview:-1\" \/>\n<link rel=\"canonical\" href=\"https:\/\/dana.com.br\/canaldana\/2020\/02\/03\/grupo-volkswagen-quer-comprar-a-navistar-por-us-29-bilhoes\/\" \/>\n<meta property=\"og:locale\" content=\"pt_BR\" \/>\n<meta property=\"og:type\" content=\"article\" \/>\n<meta property=\"og:title\" content=\"Grupo Volkswagen quer comprar a Navistar por US$ 2,9 bilh\u00f5es - Canal Dana\" \/>\n<meta property=\"og:description\" content=\"AutoInd\u00fastria &nbsp; A Volkswagen AG, por meio do Grupo Traton, seu bra\u00e7o global de ve\u00edculos comerciais, ofereceu, nesta quinta-feira (31), US$ 2,9 bilh\u00f5es para comprar a Navistar International. Por enquanto, o conselho de administra\u00e7\u00e3o da fabricante norte-americana disse apenas que analisar\u00e1 a proposta. &nbsp; Em nota oficial, a Navistar confirmou que recebeu proposta \u201cn\u00e3o solicitada\u2026 Leia mais \u00bb\" \/>\n<meta property=\"og:url\" content=\"https:\/\/dana.com.br\/canaldana\/2020\/02\/03\/grupo-volkswagen-quer-comprar-a-navistar-por-us-29-bilhoes\/\" \/>\n<meta property=\"og:site_name\" content=\"Canal Dana\" \/>\n<meta property=\"article:published_time\" content=\"2020-02-03T11:30:17+00:00\" \/>\n<meta name=\"author\" content=\"Canal Dana\" \/>\n<meta name=\"twitter:card\" content=\"summary_large_image\" \/>\n<meta name=\"twitter:label1\" content=\"Escrito por\" \/>\n\t<meta name=\"twitter:data1\" content=\"Canal Dana\" \/>\n\t<meta name=\"twitter:label2\" content=\"Est. tempo de leitura\" \/>\n\t<meta name=\"twitter:data2\" content=\"2 minutos\" \/>\n<script type=\"application\/ld+json\" class=\"yoast-schema-graph\">{\"@context\":\"https:\\\/\\\/schema.org\",\"@graph\":[{\"@type\":\"Article\",\"@id\":\"https:\\\/\\\/dana.com.br\\\/canaldana\\\/2020\\\/02\\\/03\\\/grupo-volkswagen-quer-comprar-a-navistar-por-us-29-bilhoes\\\/#article\",\"isPartOf\":{\"@id\":\"https:\\\/\\\/dana.com.br\\\/canaldana\\\/2020\\\/02\\\/03\\\/grupo-volkswagen-quer-comprar-a-navistar-por-us-29-bilhoes\\\/\"},\"author\":{\"name\":\"Canal Dana\",\"@id\":\"https:\\\/\\\/dana.com.br\\\/canaldana\\\/#\\\/schema\\\/person\\\/3c21f22f56fcf3bc46b94bc60ea4fef6\"},\"headline\":\"Grupo Volkswagen quer comprar a Navistar por US$ 2,9 bilh\u00f5es\",\"datePublished\":\"2020-02-03T11:30:17+00:00\",\"mainEntityOfPage\":{\"@id\":\"https:\\\/\\\/dana.com.br\\\/canaldana\\\/2020\\\/02\\\/03\\\/grupo-volkswagen-quer-comprar-a-navistar-por-us-29-bilhoes\\\/\"},\"wordCount\":355,\"articleSection\":[\"Mercado\"],\"inLanguage\":\"pt-BR\"},{\"@type\":\"WebPage\",\"@id\":\"https:\\\/\\\/dana.com.br\\\/canaldana\\\/2020\\\/02\\\/03\\\/grupo-volkswagen-quer-comprar-a-navistar-por-us-29-bilhoes\\\/\",\"url\":\"https:\\\/\\\/dana.com.br\\\/canaldana\\\/2020\\\/02\\\/03\\\/grupo-volkswagen-quer-comprar-a-navistar-por-us-29-bilhoes\\\/\",\"name\":\"Grupo Volkswagen quer comprar a Navistar por US$ 2,9 bilh\u00f5es - Canal Dana\",\"isPartOf\":{\"@id\":\"https:\\\/\\\/dana.com.br\\\/canaldana\\\/#website\"},\"datePublished\":\"2020-02-03T11:30:17+00:00\",\"author\":{\"@id\":\"https:\\\/\\\/dana.com.br\\\/canaldana\\\/#\\\/schema\\\/person\\\/3c21f22f56fcf3bc46b94bc60ea4fef6\"},\"breadcrumb\":{\"@id\":\"https:\\\/\\\/dana.com.br\\\/canaldana\\\/2020\\\/02\\\/03\\\/grupo-volkswagen-quer-comprar-a-navistar-por-us-29-bilhoes\\\/#breadcrumb\"},\"inLanguage\":\"pt-BR\",\"potentialAction\":[{\"@type\":\"ReadAction\",\"target\":[\"https:\\\/\\\/dana.com.br\\\/canaldana\\\/2020\\\/02\\\/03\\\/grupo-volkswagen-quer-comprar-a-navistar-por-us-29-bilhoes\\\/\"]}]},{\"@type\":\"BreadcrumbList\",\"@id\":\"https:\\\/\\\/dana.com.br\\\/canaldana\\\/2020\\\/02\\\/03\\\/grupo-volkswagen-quer-comprar-a-navistar-por-us-29-bilhoes\\\/#breadcrumb\",\"itemListElement\":[{\"@type\":\"ListItem\",\"position\":1,\"name\":\"Home\",\"item\":\"https:\\\/\\\/dana.com.br\\\/canaldana\\\/\"},{\"@type\":\"ListItem\",\"position\":2,\"name\":\"Mercado\",\"item\":\"https:\\\/\\\/dana.com.br\\\/canaldana\\\/mercado\\\/\"},{\"@type\":\"ListItem\",\"position\":3,\"name\":\"Grupo Volkswagen quer comprar a Navistar por US$ 2,9 bilh\u00f5es\"}]},{\"@type\":\"WebSite\",\"@id\":\"https:\\\/\\\/dana.com.br\\\/canaldana\\\/#website\",\"url\":\"https:\\\/\\\/dana.com.br\\\/canaldana\\\/\",\"name\":\"Canal Dana\",\"description\":\"Informativo com as principais not\u00edcias da ind\u00fastria automotiva\",\"potentialAction\":[{\"@type\":\"SearchAction\",\"target\":{\"@type\":\"EntryPoint\",\"urlTemplate\":\"https:\\\/\\\/dana.com.br\\\/canaldana\\\/?s={search_term_string}\"},\"query-input\":{\"@type\":\"PropertyValueSpecification\",\"valueRequired\":true,\"valueName\":\"search_term_string\"}}],\"inLanguage\":\"pt-BR\"},{\"@type\":\"Person\",\"@id\":\"https:\\\/\\\/dana.com.br\\\/canaldana\\\/#\\\/schema\\\/person\\\/3c21f22f56fcf3bc46b94bc60ea4fef6\",\"name\":\"Canal Dana\",\"image\":{\"@type\":\"ImageObject\",\"inLanguage\":\"pt-BR\",\"@id\":\"https:\\\/\\\/secure.gravatar.com\\\/avatar\\\/420aaf9278582877d9018637c6817617705899d2858d7572ef0fe59a6b6454b4?s=96&d=mm&r=g\",\"url\":\"https:\\\/\\\/secure.gravatar.com\\\/avatar\\\/420aaf9278582877d9018637c6817617705899d2858d7572ef0fe59a6b6454b4?s=96&d=mm&r=g\",\"contentUrl\":\"https:\\\/\\\/secure.gravatar.com\\\/avatar\\\/420aaf9278582877d9018637c6817617705899d2858d7572ef0fe59a6b6454b4?s=96&d=mm&r=g\",\"caption\":\"Canal Dana\"},\"url\":\"https:\\\/\\\/dana.com.br\\\/canaldana\\\/author\\\/cdeditor\\\/\"}]}<\/script>\n<!-- \/ Yoast SEO plugin. -->","yoast_head_json":{"title":"Grupo Volkswagen quer comprar a Navistar por US$ 2,9 bilh\u00f5es - Canal Dana","robots":{"index":"index","follow":"follow","max-snippet":"max-snippet:-1","max-image-preview":"max-image-preview:large","max-video-preview":"max-video-preview:-1"},"canonical":"https:\/\/dana.com.br\/canaldana\/2020\/02\/03\/grupo-volkswagen-quer-comprar-a-navistar-por-us-29-bilhoes\/","og_locale":"pt_BR","og_type":"article","og_title":"Grupo Volkswagen quer comprar a Navistar por US$ 2,9 bilh\u00f5es - Canal Dana","og_description":"AutoInd\u00fastria &nbsp; A Volkswagen AG, por meio do Grupo Traton, seu bra\u00e7o global de ve\u00edculos comerciais, ofereceu, nesta quinta-feira (31), US$ 2,9 bilh\u00f5es para comprar a Navistar International. Por enquanto, o conselho de administra\u00e7\u00e3o da fabricante norte-americana disse apenas que analisar\u00e1 a proposta. &nbsp; Em nota oficial, a Navistar confirmou que recebeu proposta \u201cn\u00e3o solicitada\u2026 Leia mais \u00bb","og_url":"https:\/\/dana.com.br\/canaldana\/2020\/02\/03\/grupo-volkswagen-quer-comprar-a-navistar-por-us-29-bilhoes\/","og_site_name":"Canal Dana","article_published_time":"2020-02-03T11:30:17+00:00","author":"Canal Dana","twitter_card":"summary_large_image","twitter_misc":{"Escrito por":"Canal Dana","Est. tempo de leitura":"2 minutos"},"schema":{"@context":"https:\/\/schema.org","@graph":[{"@type":"Article","@id":"https:\/\/dana.com.br\/canaldana\/2020\/02\/03\/grupo-volkswagen-quer-comprar-a-navistar-por-us-29-bilhoes\/#article","isPartOf":{"@id":"https:\/\/dana.com.br\/canaldana\/2020\/02\/03\/grupo-volkswagen-quer-comprar-a-navistar-por-us-29-bilhoes\/"},"author":{"name":"Canal Dana","@id":"https:\/\/dana.com.br\/canaldana\/#\/schema\/person\/3c21f22f56fcf3bc46b94bc60ea4fef6"},"headline":"Grupo Volkswagen quer comprar a Navistar por US$ 2,9 bilh\u00f5es","datePublished":"2020-02-03T11:30:17+00:00","mainEntityOfPage":{"@id":"https:\/\/dana.com.br\/canaldana\/2020\/02\/03\/grupo-volkswagen-quer-comprar-a-navistar-por-us-29-bilhoes\/"},"wordCount":355,"articleSection":["Mercado"],"inLanguage":"pt-BR"},{"@type":"WebPage","@id":"https:\/\/dana.com.br\/canaldana\/2020\/02\/03\/grupo-volkswagen-quer-comprar-a-navistar-por-us-29-bilhoes\/","url":"https:\/\/dana.com.br\/canaldana\/2020\/02\/03\/grupo-volkswagen-quer-comprar-a-navistar-por-us-29-bilhoes\/","name":"Grupo Volkswagen quer comprar a Navistar por US$ 2,9 bilh\u00f5es - Canal Dana","isPartOf":{"@id":"https:\/\/dana.com.br\/canaldana\/#website"},"datePublished":"2020-02-03T11:30:17+00:00","author":{"@id":"https:\/\/dana.com.br\/canaldana\/#\/schema\/person\/3c21f22f56fcf3bc46b94bc60ea4fef6"},"breadcrumb":{"@id":"https:\/\/dana.com.br\/canaldana\/2020\/02\/03\/grupo-volkswagen-quer-comprar-a-navistar-por-us-29-bilhoes\/#breadcrumb"},"inLanguage":"pt-BR","potentialAction":[{"@type":"ReadAction","target":["https:\/\/dana.com.br\/canaldana\/2020\/02\/03\/grupo-volkswagen-quer-comprar-a-navistar-por-us-29-bilhoes\/"]}]},{"@type":"BreadcrumbList","@id":"https:\/\/dana.com.br\/canaldana\/2020\/02\/03\/grupo-volkswagen-quer-comprar-a-navistar-por-us-29-bilhoes\/#breadcrumb","itemListElement":[{"@type":"ListItem","position":1,"name":"Home","item":"https:\/\/dana.com.br\/canaldana\/"},{"@type":"ListItem","position":2,"name":"Mercado","item":"https:\/\/dana.com.br\/canaldana\/mercado\/"},{"@type":"ListItem","position":3,"name":"Grupo Volkswagen quer comprar a Navistar por US$ 2,9 bilh\u00f5es"}]},{"@type":"WebSite","@id":"https:\/\/dana.com.br\/canaldana\/#website","url":"https:\/\/dana.com.br\/canaldana\/","name":"Canal Dana","description":"Informativo com as principais not\u00edcias da ind\u00fastria automotiva","potentialAction":[{"@type":"SearchAction","target":{"@type":"EntryPoint","urlTemplate":"https:\/\/dana.com.br\/canaldana\/?s={search_term_string}"},"query-input":{"@type":"PropertyValueSpecification","valueRequired":true,"valueName":"search_term_string"}}],"inLanguage":"pt-BR"},{"@type":"Person","@id":"https:\/\/dana.com.br\/canaldana\/#\/schema\/person\/3c21f22f56fcf3bc46b94bc60ea4fef6","name":"Canal Dana","image":{"@type":"ImageObject","inLanguage":"pt-BR","@id":"https:\/\/secure.gravatar.com\/avatar\/420aaf9278582877d9018637c6817617705899d2858d7572ef0fe59a6b6454b4?s=96&d=mm&r=g","url":"https:\/\/secure.gravatar.com\/avatar\/420aaf9278582877d9018637c6817617705899d2858d7572ef0fe59a6b6454b4?s=96&d=mm&r=g","contentUrl":"https:\/\/secure.gravatar.com\/avatar\/420aaf9278582877d9018637c6817617705899d2858d7572ef0fe59a6b6454b4?s=96&d=mm&r=g","caption":"Canal Dana"},"url":"https:\/\/dana.com.br\/canaldana\/author\/cdeditor\/"}]}},"_links":{"self":[{"href":"https:\/\/dana.com.br\/canaldana\/wp-json\/wp\/v2\/posts\/40337","targetHints":{"allow":["GET"]}}],"collection":[{"href":"https:\/\/dana.com.br\/canaldana\/wp-json\/wp\/v2\/posts"}],"about":[{"href":"https:\/\/dana.com.br\/canaldana\/wp-json\/wp\/v2\/types\/post"}],"author":[{"embeddable":true,"href":"https:\/\/dana.com.br\/canaldana\/wp-json\/wp\/v2\/users\/3"}],"replies":[{"embeddable":true,"href":"https:\/\/dana.com.br\/canaldana\/wp-json\/wp\/v2\/comments?post=40337"}],"version-history":[{"count":0,"href":"https:\/\/dana.com.br\/canaldana\/wp-json\/wp\/v2\/posts\/40337\/revisions"}],"wp:attachment":[{"href":"https:\/\/dana.com.br\/canaldana\/wp-json\/wp\/v2\/media?parent=40337"}],"wp:term":[{"taxonomy":"category","embeddable":true,"href":"https:\/\/dana.com.br\/canaldana\/wp-json\/wp\/v2\/categories?post=40337"},{"taxonomy":"post_tag","embeddable":true,"href":"https:\/\/dana.com.br\/canaldana\/wp-json\/wp\/v2\/tags?post=40337"}],"curies":[{"name":"wp","href":"https:\/\/api.w.org\/{rel}","templated":true}]}}