{"id":40333,"date":"2020-02-03T08:29:11","date_gmt":"2020-02-03T11:29:11","guid":{"rendered":"https:\/\/dana.com.br\/canaldana\/?p=40333"},"modified":"2020-02-03T08:29:11","modified_gmt":"2020-02-03T11:29:11","slug":"colaboradores-da-cummins-dedicam-14-mil-horas-a-acoes-socioambientais","status":"publish","type":"post","link":"https:\/\/dana.com.br\/canaldana\/2020\/02\/03\/colaboradores-da-cummins-dedicam-14-mil-horas-a-acoes-socioambientais\/","title":{"rendered":"Colaboradores da Cummins dedicam 14 mil horas a a\u00e7\u00f5es socioambientais"},"content":{"rendered":"<p><em>AutoInd\u00fastria<\/em><\/p>\n<p>&nbsp;<\/p>\n<p>A Cummins divulgou balan\u00e7o positivo sobre o engajamento dos seus funcion\u00e1rios em trabalhos promovidos pela \u00e1rea de responsabilidade corporativa no ano passado. Com o recorde de participa\u00e7\u00e3o de 94% dos colaboradores, foram dedicadas mais de 14 mil horas em servi\u00e7os \u00e0 comunidade, beneficiando mais de 13,9 mil pessoas.<\/p>\n<p>&nbsp;<\/p>\n<p>\u201cA cultura do voluntariado est\u00e1 enraizada nos valores da empresa\u201d, comenta Soraia Senhorini Franco, gerente da \u00e1rea de responsabilidade corporativa da Cummins. \u201cAno ap\u00f3s ano, registramos aumento de participa\u00e7\u00e3o de nossos colaboradores que se envolvem e conseguem tornar realidade a nossa estrat\u00e9gia de transformar nossa regi\u00e3o por meio de programas que empoderam nossas comunidades. Em 2019, conseguimos, por meio de nossos projetos, impactar um total 13.908 pessoas\u201d.<\/p>\n<p>&nbsp;<\/p>\n<p>Entre as a\u00e7\u00f5es \u2013 voltadas aos tr\u00eas focos de atua\u00e7\u00e3o da companhia, que s\u00e3o educa\u00e7\u00e3o, meio ambiente e justi\u00e7a social -, destaques aos trabalhos dedicados \u00e0 educa\u00e7\u00e3o, como o Programa Formare, Jovem Cidad\u00e3o e TEC, Programa de Educa\u00e7\u00e3o T\u00e9cnica para a Comunidade, no Rio de Janeiro.<\/p>\n<p>&nbsp;<\/p>\n<p>Al\u00e9m disso, os volunt\u00e1rios da Cummins ministram palestras ou realizam workshops sobre uma determinada \u00e1rea no Instituto Dom Bosco, que atende jovens que integram os cursos t\u00e9cnicos. Em decorr\u00eancia destes treinamentos, a Cummins contabiliza um total de 29 empregos assegurados.<\/p>\n<p>&nbsp;<\/p>\n<p>Na \u00e1rea ambiental, tem o projeto \u00d3leo do Bem, que incentiva os funcion\u00e1rios da Cummins a trazerem \u00f3leo usado de suas resid\u00eancias. Com a arrecada de mais de 8,1 mil litros no ano passado, o progema evitou a contamina\u00e7\u00e3o de 227 milh\u00f5es de litros de \u00e1gua, o equivalente a 90 piscinas ol\u00edmpicas completas.<\/p>\n<p>&nbsp;<\/p>\n<p>Para combater as zonas de calor e o sequestro de carbono em Guarulhos, desde 2010 a fabricante de motores e geradores realiza o plantio de \u00e1rvores na regi\u00e3o. Em 2019, a companhia registrou um aumento de 48,9% na quantidade de mudas cultivadas na cidade, ou seja, 715 \u00e1rvores no ano passado contra 480 unidades em 2018. Com a a\u00e7\u00e3o do plantio, a Cummins evitou a emiss\u00e3o de 29 toneladas de gases de efeito estufa no ano passado.<\/p>\n<p>&nbsp;<\/p>\n<p>Dentre outros projetos, a empresa cita o desenvolvimento de hortas em escolas juntamente com educa\u00e7\u00e3o ambiental, apoio em programas de contraturno com atividades como aulas de ingl\u00eas, matem\u00e1tica, est\u00edmulo \u00e0 leitura, al\u00e9m de diversas atividades recreacionais realizadas pelos volunt\u00e1rios da Cummins. (AutoInd\u00fastria)<\/p>\n","protected":false},"excerpt":{"rendered":"<p>AutoInd\u00fastria &nbsp; A Cummins divulgou balan\u00e7o positivo sobre o engajamento dos seus funcion\u00e1rios em trabalhos promovidos pela \u00e1rea de responsabilidade corporativa no ano passado. Com o recorde de participa\u00e7\u00e3o de 94% dos colaboradores, foram dedicadas mais de 14 mil horas em servi\u00e7os \u00e0 comunidade, beneficiando mais de 13,9 mil pessoas. &nbsp; \u201cA cultura do voluntariado\u2026 <a class=\"readmore\" href=\"https:\/\/dana.com.br\/canaldana\/2020\/02\/03\/colaboradores-da-cummins-dedicam-14-mil-horas-a-acoes-socioambientais\/\">Leia mais \u00bb<\/a><\/p>\n","protected":false},"author":3,"featured_media":0,"comment_status":"closed","ping_status":"closed","sticky":false,"template":"","format":"standard","meta":{"_acf_changed":false,"footnotes":""},"categories":[63],"tags":[],"class_list":["post-40333","post","type-post","status-publish","format-standard","hentry","category-meio-ambiente"],"acf":[],"yoast_head":"<!-- This site is optimized with the Yoast SEO plugin v27.3 - https:\/\/yoast.com\/product\/yoast-seo-wordpress\/ -->\n<title>Colaboradores da Cummins dedicam 14 mil horas a a\u00e7\u00f5es socioambientais - Canal Dana<\/title>\n<meta name=\"robots\" content=\"index, follow, max-snippet:-1, max-image-preview:large, max-video-preview:-1\" \/>\n<link rel=\"canonical\" href=\"https:\/\/dana.com.br\/canaldana\/2020\/02\/03\/colaboradores-da-cummins-dedicam-14-mil-horas-a-acoes-socioambientais\/\" \/>\n<meta property=\"og:locale\" content=\"pt_BR\" \/>\n<meta property=\"og:type\" content=\"article\" \/>\n<meta property=\"og:title\" content=\"Colaboradores da Cummins dedicam 14 mil horas a a\u00e7\u00f5es socioambientais - Canal Dana\" \/>\n<meta property=\"og:description\" content=\"AutoInd\u00fastria &nbsp; A Cummins divulgou balan\u00e7o positivo sobre o engajamento dos seus funcion\u00e1rios em trabalhos promovidos pela \u00e1rea de responsabilidade corporativa no ano passado. Com o recorde de participa\u00e7\u00e3o de 94% dos colaboradores, foram dedicadas mais de 14 mil horas em servi\u00e7os \u00e0 comunidade, beneficiando mais de 13,9 mil pessoas. &nbsp; \u201cA cultura do voluntariado\u2026 Leia mais \u00bb\" \/>\n<meta property=\"og:url\" content=\"https:\/\/dana.com.br\/canaldana\/2020\/02\/03\/colaboradores-da-cummins-dedicam-14-mil-horas-a-acoes-socioambientais\/\" \/>\n<meta property=\"og:site_name\" content=\"Canal Dana\" \/>\n<meta property=\"article:published_time\" content=\"2020-02-03T11:29:11+00:00\" \/>\n<meta name=\"author\" content=\"Canal Dana\" \/>\n<meta name=\"twitter:card\" content=\"summary_large_image\" \/>\n<meta name=\"twitter:label1\" content=\"Escrito por\" \/>\n\t<meta name=\"twitter:data1\" content=\"Canal Dana\" \/>\n\t<meta name=\"twitter:label2\" content=\"Est. tempo de leitura\" \/>\n\t<meta name=\"twitter:data2\" content=\"2 minutos\" \/>\n<script type=\"application\/ld+json\" class=\"yoast-schema-graph\">{\"@context\":\"https:\\\/\\\/schema.org\",\"@graph\":[{\"@type\":\"Article\",\"@id\":\"https:\\\/\\\/dana.com.br\\\/canaldana\\\/2020\\\/02\\\/03\\\/colaboradores-da-cummins-dedicam-14-mil-horas-a-acoes-socioambientais\\\/#article\",\"isPartOf\":{\"@id\":\"https:\\\/\\\/dana.com.br\\\/canaldana\\\/2020\\\/02\\\/03\\\/colaboradores-da-cummins-dedicam-14-mil-horas-a-acoes-socioambientais\\\/\"},\"author\":{\"name\":\"Canal Dana\",\"@id\":\"https:\\\/\\\/dana.com.br\\\/canaldana\\\/#\\\/schema\\\/person\\\/3c21f22f56fcf3bc46b94bc60ea4fef6\"},\"headline\":\"Colaboradores da Cummins dedicam 14 mil horas a a\u00e7\u00f5es socioambientais\",\"datePublished\":\"2020-02-03T11:29:11+00:00\",\"mainEntityOfPage\":{\"@id\":\"https:\\\/\\\/dana.com.br\\\/canaldana\\\/2020\\\/02\\\/03\\\/colaboradores-da-cummins-dedicam-14-mil-horas-a-acoes-socioambientais\\\/\"},\"wordCount\":409,\"articleSection\":[\"Meio Ambiente\"],\"inLanguage\":\"pt-BR\"},{\"@type\":\"WebPage\",\"@id\":\"https:\\\/\\\/dana.com.br\\\/canaldana\\\/2020\\\/02\\\/03\\\/colaboradores-da-cummins-dedicam-14-mil-horas-a-acoes-socioambientais\\\/\",\"url\":\"https:\\\/\\\/dana.com.br\\\/canaldana\\\/2020\\\/02\\\/03\\\/colaboradores-da-cummins-dedicam-14-mil-horas-a-acoes-socioambientais\\\/\",\"name\":\"Colaboradores da Cummins dedicam 14 mil horas a a\u00e7\u00f5es socioambientais - Canal Dana\",\"isPartOf\":{\"@id\":\"https:\\\/\\\/dana.com.br\\\/canaldana\\\/#website\"},\"datePublished\":\"2020-02-03T11:29:11+00:00\",\"author\":{\"@id\":\"https:\\\/\\\/dana.com.br\\\/canaldana\\\/#\\\/schema\\\/person\\\/3c21f22f56fcf3bc46b94bc60ea4fef6\"},\"breadcrumb\":{\"@id\":\"https:\\\/\\\/dana.com.br\\\/canaldana\\\/2020\\\/02\\\/03\\\/colaboradores-da-cummins-dedicam-14-mil-horas-a-acoes-socioambientais\\\/#breadcrumb\"},\"inLanguage\":\"pt-BR\",\"potentialAction\":[{\"@type\":\"ReadAction\",\"target\":[\"https:\\\/\\\/dana.com.br\\\/canaldana\\\/2020\\\/02\\\/03\\\/colaboradores-da-cummins-dedicam-14-mil-horas-a-acoes-socioambientais\\\/\"]}]},{\"@type\":\"BreadcrumbList\",\"@id\":\"https:\\\/\\\/dana.com.br\\\/canaldana\\\/2020\\\/02\\\/03\\\/colaboradores-da-cummins-dedicam-14-mil-horas-a-acoes-socioambientais\\\/#breadcrumb\",\"itemListElement\":[{\"@type\":\"ListItem\",\"position\":1,\"name\":\"Home\",\"item\":\"https:\\\/\\\/dana.com.br\\\/canaldana\\\/\"},{\"@type\":\"ListItem\",\"position\":2,\"name\":\"Meio Ambiente\",\"item\":\"https:\\\/\\\/dana.com.br\\\/canaldana\\\/meio-ambiente\\\/\"},{\"@type\":\"ListItem\",\"position\":3,\"name\":\"Colaboradores da Cummins dedicam 14 mil horas a a\u00e7\u00f5es socioambientais\"}]},{\"@type\":\"WebSite\",\"@id\":\"https:\\\/\\\/dana.com.br\\\/canaldana\\\/#website\",\"url\":\"https:\\\/\\\/dana.com.br\\\/canaldana\\\/\",\"name\":\"Canal Dana\",\"description\":\"Informativo com as principais not\u00edcias da ind\u00fastria automotiva\",\"potentialAction\":[{\"@type\":\"SearchAction\",\"target\":{\"@type\":\"EntryPoint\",\"urlTemplate\":\"https:\\\/\\\/dana.com.br\\\/canaldana\\\/?s={search_term_string}\"},\"query-input\":{\"@type\":\"PropertyValueSpecification\",\"valueRequired\":true,\"valueName\":\"search_term_string\"}}],\"inLanguage\":\"pt-BR\"},{\"@type\":\"Person\",\"@id\":\"https:\\\/\\\/dana.com.br\\\/canaldana\\\/#\\\/schema\\\/person\\\/3c21f22f56fcf3bc46b94bc60ea4fef6\",\"name\":\"Canal Dana\",\"image\":{\"@type\":\"ImageObject\",\"inLanguage\":\"pt-BR\",\"@id\":\"https:\\\/\\\/secure.gravatar.com\\\/avatar\\\/420aaf9278582877d9018637c6817617705899d2858d7572ef0fe59a6b6454b4?s=96&d=mm&r=g\",\"url\":\"https:\\\/\\\/secure.gravatar.com\\\/avatar\\\/420aaf9278582877d9018637c6817617705899d2858d7572ef0fe59a6b6454b4?s=96&d=mm&r=g\",\"contentUrl\":\"https:\\\/\\\/secure.gravatar.com\\\/avatar\\\/420aaf9278582877d9018637c6817617705899d2858d7572ef0fe59a6b6454b4?s=96&d=mm&r=g\",\"caption\":\"Canal Dana\"},\"url\":\"https:\\\/\\\/dana.com.br\\\/canaldana\\\/author\\\/cdeditor\\\/\"}]}<\/script>\n<!-- \/ Yoast SEO plugin. -->","yoast_head_json":{"title":"Colaboradores da Cummins dedicam 14 mil horas a a\u00e7\u00f5es socioambientais - Canal Dana","robots":{"index":"index","follow":"follow","max-snippet":"max-snippet:-1","max-image-preview":"max-image-preview:large","max-video-preview":"max-video-preview:-1"},"canonical":"https:\/\/dana.com.br\/canaldana\/2020\/02\/03\/colaboradores-da-cummins-dedicam-14-mil-horas-a-acoes-socioambientais\/","og_locale":"pt_BR","og_type":"article","og_title":"Colaboradores da Cummins dedicam 14 mil horas a a\u00e7\u00f5es socioambientais - Canal Dana","og_description":"AutoInd\u00fastria &nbsp; A Cummins divulgou balan\u00e7o positivo sobre o engajamento dos seus funcion\u00e1rios em trabalhos promovidos pela \u00e1rea de responsabilidade corporativa no ano passado. Com o recorde de participa\u00e7\u00e3o de 94% dos colaboradores, foram dedicadas mais de 14 mil horas em servi\u00e7os \u00e0 comunidade, beneficiando mais de 13,9 mil pessoas. &nbsp; \u201cA cultura do voluntariado\u2026 Leia mais \u00bb","og_url":"https:\/\/dana.com.br\/canaldana\/2020\/02\/03\/colaboradores-da-cummins-dedicam-14-mil-horas-a-acoes-socioambientais\/","og_site_name":"Canal Dana","article_published_time":"2020-02-03T11:29:11+00:00","author":"Canal Dana","twitter_card":"summary_large_image","twitter_misc":{"Escrito por":"Canal Dana","Est. tempo de leitura":"2 minutos"},"schema":{"@context":"https:\/\/schema.org","@graph":[{"@type":"Article","@id":"https:\/\/dana.com.br\/canaldana\/2020\/02\/03\/colaboradores-da-cummins-dedicam-14-mil-horas-a-acoes-socioambientais\/#article","isPartOf":{"@id":"https:\/\/dana.com.br\/canaldana\/2020\/02\/03\/colaboradores-da-cummins-dedicam-14-mil-horas-a-acoes-socioambientais\/"},"author":{"name":"Canal Dana","@id":"https:\/\/dana.com.br\/canaldana\/#\/schema\/person\/3c21f22f56fcf3bc46b94bc60ea4fef6"},"headline":"Colaboradores da Cummins dedicam 14 mil horas a a\u00e7\u00f5es socioambientais","datePublished":"2020-02-03T11:29:11+00:00","mainEntityOfPage":{"@id":"https:\/\/dana.com.br\/canaldana\/2020\/02\/03\/colaboradores-da-cummins-dedicam-14-mil-horas-a-acoes-socioambientais\/"},"wordCount":409,"articleSection":["Meio Ambiente"],"inLanguage":"pt-BR"},{"@type":"WebPage","@id":"https:\/\/dana.com.br\/canaldana\/2020\/02\/03\/colaboradores-da-cummins-dedicam-14-mil-horas-a-acoes-socioambientais\/","url":"https:\/\/dana.com.br\/canaldana\/2020\/02\/03\/colaboradores-da-cummins-dedicam-14-mil-horas-a-acoes-socioambientais\/","name":"Colaboradores da Cummins dedicam 14 mil horas a a\u00e7\u00f5es socioambientais - Canal Dana","isPartOf":{"@id":"https:\/\/dana.com.br\/canaldana\/#website"},"datePublished":"2020-02-03T11:29:11+00:00","author":{"@id":"https:\/\/dana.com.br\/canaldana\/#\/schema\/person\/3c21f22f56fcf3bc46b94bc60ea4fef6"},"breadcrumb":{"@id":"https:\/\/dana.com.br\/canaldana\/2020\/02\/03\/colaboradores-da-cummins-dedicam-14-mil-horas-a-acoes-socioambientais\/#breadcrumb"},"inLanguage":"pt-BR","potentialAction":[{"@type":"ReadAction","target":["https:\/\/dana.com.br\/canaldana\/2020\/02\/03\/colaboradores-da-cummins-dedicam-14-mil-horas-a-acoes-socioambientais\/"]}]},{"@type":"BreadcrumbList","@id":"https:\/\/dana.com.br\/canaldana\/2020\/02\/03\/colaboradores-da-cummins-dedicam-14-mil-horas-a-acoes-socioambientais\/#breadcrumb","itemListElement":[{"@type":"ListItem","position":1,"name":"Home","item":"https:\/\/dana.com.br\/canaldana\/"},{"@type":"ListItem","position":2,"name":"Meio Ambiente","item":"https:\/\/dana.com.br\/canaldana\/meio-ambiente\/"},{"@type":"ListItem","position":3,"name":"Colaboradores da Cummins dedicam 14 mil horas a a\u00e7\u00f5es socioambientais"}]},{"@type":"WebSite","@id":"https:\/\/dana.com.br\/canaldana\/#website","url":"https:\/\/dana.com.br\/canaldana\/","name":"Canal Dana","description":"Informativo com as principais not\u00edcias da ind\u00fastria automotiva","potentialAction":[{"@type":"SearchAction","target":{"@type":"EntryPoint","urlTemplate":"https:\/\/dana.com.br\/canaldana\/?s={search_term_string}"},"query-input":{"@type":"PropertyValueSpecification","valueRequired":true,"valueName":"search_term_string"}}],"inLanguage":"pt-BR"},{"@type":"Person","@id":"https:\/\/dana.com.br\/canaldana\/#\/schema\/person\/3c21f22f56fcf3bc46b94bc60ea4fef6","name":"Canal Dana","image":{"@type":"ImageObject","inLanguage":"pt-BR","@id":"https:\/\/secure.gravatar.com\/avatar\/420aaf9278582877d9018637c6817617705899d2858d7572ef0fe59a6b6454b4?s=96&d=mm&r=g","url":"https:\/\/secure.gravatar.com\/avatar\/420aaf9278582877d9018637c6817617705899d2858d7572ef0fe59a6b6454b4?s=96&d=mm&r=g","contentUrl":"https:\/\/secure.gravatar.com\/avatar\/420aaf9278582877d9018637c6817617705899d2858d7572ef0fe59a6b6454b4?s=96&d=mm&r=g","caption":"Canal Dana"},"url":"https:\/\/dana.com.br\/canaldana\/author\/cdeditor\/"}]}},"_links":{"self":[{"href":"https:\/\/dana.com.br\/canaldana\/wp-json\/wp\/v2\/posts\/40333","targetHints":{"allow":["GET"]}}],"collection":[{"href":"https:\/\/dana.com.br\/canaldana\/wp-json\/wp\/v2\/posts"}],"about":[{"href":"https:\/\/dana.com.br\/canaldana\/wp-json\/wp\/v2\/types\/post"}],"author":[{"embeddable":true,"href":"https:\/\/dana.com.br\/canaldana\/wp-json\/wp\/v2\/users\/3"}],"replies":[{"embeddable":true,"href":"https:\/\/dana.com.br\/canaldana\/wp-json\/wp\/v2\/comments?post=40333"}],"version-history":[{"count":0,"href":"https:\/\/dana.com.br\/canaldana\/wp-json\/wp\/v2\/posts\/40333\/revisions"}],"wp:attachment":[{"href":"https:\/\/dana.com.br\/canaldana\/wp-json\/wp\/v2\/media?parent=40333"}],"wp:term":[{"taxonomy":"category","embeddable":true,"href":"https:\/\/dana.com.br\/canaldana\/wp-json\/wp\/v2\/categories?post=40333"},{"taxonomy":"post_tag","embeddable":true,"href":"https:\/\/dana.com.br\/canaldana\/wp-json\/wp\/v2\/tags?post=40333"}],"curies":[{"name":"wp","href":"https:\/\/api.w.org\/{rel}","templated":true}]}}