{"id":40089,"date":"2020-01-23T07:59:58","date_gmt":"2020-01-23T10:59:58","guid":{"rendered":"https:\/\/dana.com.br\/canaldana\/?p=40089"},"modified":"2020-01-23T07:59:58","modified_gmt":"2020-01-23T10:59:58","slug":"para-cni-novo-frete-vai-afetar-precos-aos-consumidores","status":"publish","type":"post","link":"https:\/\/dana.com.br\/canaldana\/2020\/01\/23\/para-cni-novo-frete-vai-afetar-precos-aos-consumidores\/","title":{"rendered":"Para CNI, novo frete vai afetar pre\u00e7os aos consumidores"},"content":{"rendered":"<p><em>O Estado de S. Paulo <\/em><\/p>\n<p>&nbsp;<\/p>\n<p>A Confedera\u00e7\u00e3o Nacional da Ind\u00fastria (CNI) v\u00ea com preocupa\u00e7\u00e3o o reajuste da tabela do frete estabelecido pela Ag\u00eancia Nacional de Transportes Terrestres (ANTT) na \u00faltima semana. Para a entidade, o piso m\u00ednimo agrava distor\u00e7\u00f5es no transporte de cargas e ter\u00e1 impacto direto nos pre\u00e7os dos produtos que chegam aos consumidores.<\/p>\n<p>&nbsp;<\/p>\n<p>\u201cO resultado ser\u00e1 o aumento da infla\u00e7\u00e3o, j\u00e1 que a pol\u00edtica de pre\u00e7os m\u00ednimos trouxe distor\u00e7\u00f5es para a economia e a consolida\u00e7\u00e3o da tend\u00eancia iniciada no ano passado de verticaliza\u00e7\u00e3o do transporte de cargas na ind\u00fastria, por meio da compra de frota pr\u00f3pria de caminh\u00f5es\u201d, diz a nota.<\/p>\n<p>&nbsp;<\/p>\n<p>Autora de uma das a\u00e7\u00f5es que contestam a cria\u00e7\u00e3o da tabela do frete no Supremo Tribunal Federal (STF), a CNI aguarda o julgamento sobre o assunto, previsto para 19 de fevereiro. A CNI argumenta que a pol\u00edtica de piso m\u00ednimo \u201cviola os princ\u00edpios da livre iniciativa, da livre concorr\u00eancia e de defesa do consumidor\u201d j\u00e1 que o frete afeta diretamente o pre\u00e7o final dos produtos.<\/p>\n<p>&nbsp;<\/p>\n<p>Al\u00e9m do reajuste, a resolu\u00e7\u00e3o da ANTT determinou a obriga\u00e7\u00e3o do pagamento do frete retorno para algumas categorias de transporte de carga, a atualiza\u00e7\u00e3o de valores de itens como pneu e manuten\u00e7\u00e3o dos caminh\u00f5es e o pagamento do valor das di\u00e1rias do caminhoneiro (refei\u00e7\u00f5es e hospedagem). As novas regras entraram em vigor na segundafeira.<\/p>\n<p><strong>\u00a0<\/strong><\/p>\n<p><strong>Reivindica\u00e7\u00f5es<\/strong><\/p>\n<p>&nbsp;<\/p>\n<p>A atualiza\u00e7\u00e3o da tabela atendeu a reivindica\u00e7\u00f5es de caminhoneiros, que apoiaram a elei\u00e7\u00e3o do presidente Jair Bolsonaro. Em abril do ano passado, para conter a insatisfa\u00e7\u00e3o da categoria e evitar uma nova paralisa\u00e7\u00e3o, como a que parou o Pa\u00eds em maio de 2018, o presidente anunciou um pacote que incluiu o an\u00fancio de investimento de R$ 2 bilh\u00f5es em obras nas estradas e o lan\u00e7amento de uma linha de cr\u00e9dito para caminhoneiros aut\u00f4nomos, pelo BNDES, que chegar\u00e1 a R$ 500 milh\u00f5es.<\/p>\n<p>&nbsp;<\/p>\n<p>As medidas n\u00e3o inclu\u00edram, por\u00e9m, decis\u00e3o sobre o pre\u00e7o do diesel \u2013 o presidente chegou a barrar um aumento anunciado pela Petrobr\u00e1s, mas recuou ap\u00f3s cr\u00edticas de intervencionismo e desvaloriza\u00e7\u00e3o do valor da empresa na Bolsa.<\/p>\n<p>&nbsp;<\/p>\n<p>A tabela do frete foi criada em 2018 pelo governo Michel Temer, ap\u00f3s a greve dos caminhoneiros que bloqueou estradas e comprometeu o abastecimento de combust\u00edvel, de medicamentos e de alimentos em todo o Brasil. A cria\u00e7\u00e3o era uma das reivindica\u00e7\u00f5es da categoria.<\/p>\n<p>&nbsp;<\/p>\n<p>Desde ent\u00e3o, houve ao menos seis reajustes, sendo apenas o primeiro de queda, de 20%, em junho de 2018. O aumento anterior ao de ontem foi dado em abril do ano passado, reajuste m\u00e9dio de 4,13%. De abril at\u00e9 dezembro de 2019, a infla\u00e7\u00e3o oficial subiu 2,69%.<\/p>\n<p>&nbsp;<\/p>\n<p>A CNI tamb\u00e9m v\u00ea problemas na altera\u00e7\u00e3o da emiss\u00e3o do C\u00f3digo Identificador da Opera\u00e7\u00e3o de Transporte (CIOT). Para atender aos caminhoneiros, a ANTT estendeu a obrigatoriedade do registro para todos os caminh\u00f5es que transportam carga no Pa\u00eds, incluindo os de empresas com frota pr\u00f3pria. (O Estado de S. Paulo\/Marlla Sabino)<\/p>\n","protected":false},"excerpt":{"rendered":"<p>O Estado de S. Paulo &nbsp; A Confedera\u00e7\u00e3o Nacional da Ind\u00fastria (CNI) v\u00ea com preocupa\u00e7\u00e3o o reajuste da tabela do frete estabelecido pela Ag\u00eancia Nacional de Transportes Terrestres (ANTT) na \u00faltima semana. Para a entidade, o piso m\u00ednimo agrava distor\u00e7\u00f5es no transporte de cargas e ter\u00e1 impacto direto nos pre\u00e7os dos produtos que chegam aos\u2026 <a class=\"readmore\" href=\"https:\/\/dana.com.br\/canaldana\/2020\/01\/23\/para-cni-novo-frete-vai-afetar-precos-aos-consumidores\/\">Leia mais \u00bb<\/a><\/p>\n","protected":false},"author":3,"featured_media":0,"comment_status":"closed","ping_status":"closed","sticky":false,"template":"","format":"standard","meta":{"_acf_changed":false,"footnotes":""},"categories":[79],"tags":[],"class_list":["post-40089","post","type-post","status-publish","format-standard","hentry","category-mercado"],"acf":[],"yoast_head":"<!-- This site is optimized with the Yoast SEO plugin v27.5 - https:\/\/yoast.com\/product\/yoast-seo-wordpress\/ -->\n<title>Para CNI, novo frete vai afetar pre\u00e7os aos consumidores - Canal Dana<\/title>\n<meta name=\"robots\" content=\"index, follow, max-snippet:-1, max-image-preview:large, max-video-preview:-1\" \/>\n<link rel=\"canonical\" href=\"https:\/\/dana.com.br\/canaldana\/2020\/01\/23\/para-cni-novo-frete-vai-afetar-precos-aos-consumidores\/\" \/>\n<meta property=\"og:locale\" content=\"pt_BR\" \/>\n<meta property=\"og:type\" content=\"article\" \/>\n<meta property=\"og:title\" content=\"Para CNI, novo frete vai afetar pre\u00e7os aos consumidores - Canal Dana\" \/>\n<meta property=\"og:description\" content=\"O Estado de S. Paulo &nbsp; A Confedera\u00e7\u00e3o Nacional da Ind\u00fastria (CNI) v\u00ea com preocupa\u00e7\u00e3o o reajuste da tabela do frete estabelecido pela Ag\u00eancia Nacional de Transportes Terrestres (ANTT) na \u00faltima semana. Para a entidade, o piso m\u00ednimo agrava distor\u00e7\u00f5es no transporte de cargas e ter\u00e1 impacto direto nos pre\u00e7os dos produtos que chegam aos\u2026 Leia mais \u00bb\" \/>\n<meta property=\"og:url\" content=\"https:\/\/dana.com.br\/canaldana\/2020\/01\/23\/para-cni-novo-frete-vai-afetar-precos-aos-consumidores\/\" \/>\n<meta property=\"og:site_name\" content=\"Canal Dana\" \/>\n<meta property=\"article:published_time\" content=\"2020-01-23T10:59:58+00:00\" \/>\n<meta name=\"author\" content=\"Canal Dana\" \/>\n<meta name=\"twitter:card\" content=\"summary_large_image\" \/>\n<meta name=\"twitter:label1\" content=\"Escrito por\" \/>\n\t<meta name=\"twitter:data1\" content=\"Canal Dana\" \/>\n\t<meta name=\"twitter:label2\" content=\"Est. tempo de leitura\" \/>\n\t<meta name=\"twitter:data2\" content=\"3 minutos\" \/>\n<script type=\"application\/ld+json\" class=\"yoast-schema-graph\">{\"@context\":\"https:\\\/\\\/schema.org\",\"@graph\":[{\"@type\":\"Article\",\"@id\":\"https:\\\/\\\/dana.com.br\\\/canaldana\\\/2020\\\/01\\\/23\\\/para-cni-novo-frete-vai-afetar-precos-aos-consumidores\\\/#article\",\"isPartOf\":{\"@id\":\"https:\\\/\\\/dana.com.br\\\/canaldana\\\/2020\\\/01\\\/23\\\/para-cni-novo-frete-vai-afetar-precos-aos-consumidores\\\/\"},\"author\":{\"name\":\"Canal Dana\",\"@id\":\"https:\\\/\\\/dana.com.br\\\/canaldana\\\/#\\\/schema\\\/person\\\/3c21f22f56fcf3bc46b94bc60ea4fef6\"},\"headline\":\"Para CNI, novo frete vai afetar pre\u00e7os aos consumidores\",\"datePublished\":\"2020-01-23T10:59:58+00:00\",\"mainEntityOfPage\":{\"@id\":\"https:\\\/\\\/dana.com.br\\\/canaldana\\\/2020\\\/01\\\/23\\\/para-cni-novo-frete-vai-afetar-precos-aos-consumidores\\\/\"},\"wordCount\":559,\"articleSection\":[\"Mercado\"],\"inLanguage\":\"pt-BR\"},{\"@type\":\"WebPage\",\"@id\":\"https:\\\/\\\/dana.com.br\\\/canaldana\\\/2020\\\/01\\\/23\\\/para-cni-novo-frete-vai-afetar-precos-aos-consumidores\\\/\",\"url\":\"https:\\\/\\\/dana.com.br\\\/canaldana\\\/2020\\\/01\\\/23\\\/para-cni-novo-frete-vai-afetar-precos-aos-consumidores\\\/\",\"name\":\"Para CNI, novo frete vai afetar pre\u00e7os aos consumidores - Canal Dana\",\"isPartOf\":{\"@id\":\"https:\\\/\\\/dana.com.br\\\/canaldana\\\/#website\"},\"datePublished\":\"2020-01-23T10:59:58+00:00\",\"author\":{\"@id\":\"https:\\\/\\\/dana.com.br\\\/canaldana\\\/#\\\/schema\\\/person\\\/3c21f22f56fcf3bc46b94bc60ea4fef6\"},\"breadcrumb\":{\"@id\":\"https:\\\/\\\/dana.com.br\\\/canaldana\\\/2020\\\/01\\\/23\\\/para-cni-novo-frete-vai-afetar-precos-aos-consumidores\\\/#breadcrumb\"},\"inLanguage\":\"pt-BR\",\"potentialAction\":[{\"@type\":\"ReadAction\",\"target\":[\"https:\\\/\\\/dana.com.br\\\/canaldana\\\/2020\\\/01\\\/23\\\/para-cni-novo-frete-vai-afetar-precos-aos-consumidores\\\/\"]}]},{\"@type\":\"BreadcrumbList\",\"@id\":\"https:\\\/\\\/dana.com.br\\\/canaldana\\\/2020\\\/01\\\/23\\\/para-cni-novo-frete-vai-afetar-precos-aos-consumidores\\\/#breadcrumb\",\"itemListElement\":[{\"@type\":\"ListItem\",\"position\":1,\"name\":\"Home\",\"item\":\"https:\\\/\\\/dana.com.br\\\/canaldana\\\/\"},{\"@type\":\"ListItem\",\"position\":2,\"name\":\"Mercado\",\"item\":\"https:\\\/\\\/dana.com.br\\\/canaldana\\\/mercado\\\/\"},{\"@type\":\"ListItem\",\"position\":3,\"name\":\"Para CNI, novo frete vai afetar pre\u00e7os aos consumidores\"}]},{\"@type\":\"WebSite\",\"@id\":\"https:\\\/\\\/dana.com.br\\\/canaldana\\\/#website\",\"url\":\"https:\\\/\\\/dana.com.br\\\/canaldana\\\/\",\"name\":\"Canal Dana\",\"description\":\"Informativo com as principais not\u00edcias da ind\u00fastria automotiva\",\"potentialAction\":[{\"@type\":\"SearchAction\",\"target\":{\"@type\":\"EntryPoint\",\"urlTemplate\":\"https:\\\/\\\/dana.com.br\\\/canaldana\\\/?s={search_term_string}\"},\"query-input\":{\"@type\":\"PropertyValueSpecification\",\"valueRequired\":true,\"valueName\":\"search_term_string\"}}],\"inLanguage\":\"pt-BR\"},{\"@type\":\"Person\",\"@id\":\"https:\\\/\\\/dana.com.br\\\/canaldana\\\/#\\\/schema\\\/person\\\/3c21f22f56fcf3bc46b94bc60ea4fef6\",\"name\":\"Canal Dana\",\"image\":{\"@type\":\"ImageObject\",\"inLanguage\":\"pt-BR\",\"@id\":\"https:\\\/\\\/secure.gravatar.com\\\/avatar\\\/420aaf9278582877d9018637c6817617705899d2858d7572ef0fe59a6b6454b4?s=96&d=mm&r=g\",\"url\":\"https:\\\/\\\/secure.gravatar.com\\\/avatar\\\/420aaf9278582877d9018637c6817617705899d2858d7572ef0fe59a6b6454b4?s=96&d=mm&r=g\",\"contentUrl\":\"https:\\\/\\\/secure.gravatar.com\\\/avatar\\\/420aaf9278582877d9018637c6817617705899d2858d7572ef0fe59a6b6454b4?s=96&d=mm&r=g\",\"caption\":\"Canal Dana\"},\"url\":\"https:\\\/\\\/dana.com.br\\\/canaldana\\\/author\\\/cdeditor\\\/\"}]}<\/script>\n<!-- \/ Yoast SEO plugin. -->","yoast_head_json":{"title":"Para CNI, novo frete vai afetar pre\u00e7os aos consumidores - Canal Dana","robots":{"index":"index","follow":"follow","max-snippet":"max-snippet:-1","max-image-preview":"max-image-preview:large","max-video-preview":"max-video-preview:-1"},"canonical":"https:\/\/dana.com.br\/canaldana\/2020\/01\/23\/para-cni-novo-frete-vai-afetar-precos-aos-consumidores\/","og_locale":"pt_BR","og_type":"article","og_title":"Para CNI, novo frete vai afetar pre\u00e7os aos consumidores - Canal Dana","og_description":"O Estado de S. Paulo &nbsp; A Confedera\u00e7\u00e3o Nacional da Ind\u00fastria (CNI) v\u00ea com preocupa\u00e7\u00e3o o reajuste da tabela do frete estabelecido pela Ag\u00eancia Nacional de Transportes Terrestres (ANTT) na \u00faltima semana. Para a entidade, o piso m\u00ednimo agrava distor\u00e7\u00f5es no transporte de cargas e ter\u00e1 impacto direto nos pre\u00e7os dos produtos que chegam aos\u2026 Leia mais \u00bb","og_url":"https:\/\/dana.com.br\/canaldana\/2020\/01\/23\/para-cni-novo-frete-vai-afetar-precos-aos-consumidores\/","og_site_name":"Canal Dana","article_published_time":"2020-01-23T10:59:58+00:00","author":"Canal Dana","twitter_card":"summary_large_image","twitter_misc":{"Escrito por":"Canal Dana","Est. tempo de leitura":"3 minutos"},"schema":{"@context":"https:\/\/schema.org","@graph":[{"@type":"Article","@id":"https:\/\/dana.com.br\/canaldana\/2020\/01\/23\/para-cni-novo-frete-vai-afetar-precos-aos-consumidores\/#article","isPartOf":{"@id":"https:\/\/dana.com.br\/canaldana\/2020\/01\/23\/para-cni-novo-frete-vai-afetar-precos-aos-consumidores\/"},"author":{"name":"Canal Dana","@id":"https:\/\/dana.com.br\/canaldana\/#\/schema\/person\/3c21f22f56fcf3bc46b94bc60ea4fef6"},"headline":"Para CNI, novo frete vai afetar pre\u00e7os aos consumidores","datePublished":"2020-01-23T10:59:58+00:00","mainEntityOfPage":{"@id":"https:\/\/dana.com.br\/canaldana\/2020\/01\/23\/para-cni-novo-frete-vai-afetar-precos-aos-consumidores\/"},"wordCount":559,"articleSection":["Mercado"],"inLanguage":"pt-BR"},{"@type":"WebPage","@id":"https:\/\/dana.com.br\/canaldana\/2020\/01\/23\/para-cni-novo-frete-vai-afetar-precos-aos-consumidores\/","url":"https:\/\/dana.com.br\/canaldana\/2020\/01\/23\/para-cni-novo-frete-vai-afetar-precos-aos-consumidores\/","name":"Para CNI, novo frete vai afetar pre\u00e7os aos consumidores - Canal Dana","isPartOf":{"@id":"https:\/\/dana.com.br\/canaldana\/#website"},"datePublished":"2020-01-23T10:59:58+00:00","author":{"@id":"https:\/\/dana.com.br\/canaldana\/#\/schema\/person\/3c21f22f56fcf3bc46b94bc60ea4fef6"},"breadcrumb":{"@id":"https:\/\/dana.com.br\/canaldana\/2020\/01\/23\/para-cni-novo-frete-vai-afetar-precos-aos-consumidores\/#breadcrumb"},"inLanguage":"pt-BR","potentialAction":[{"@type":"ReadAction","target":["https:\/\/dana.com.br\/canaldana\/2020\/01\/23\/para-cni-novo-frete-vai-afetar-precos-aos-consumidores\/"]}]},{"@type":"BreadcrumbList","@id":"https:\/\/dana.com.br\/canaldana\/2020\/01\/23\/para-cni-novo-frete-vai-afetar-precos-aos-consumidores\/#breadcrumb","itemListElement":[{"@type":"ListItem","position":1,"name":"Home","item":"https:\/\/dana.com.br\/canaldana\/"},{"@type":"ListItem","position":2,"name":"Mercado","item":"https:\/\/dana.com.br\/canaldana\/mercado\/"},{"@type":"ListItem","position":3,"name":"Para CNI, novo frete vai afetar pre\u00e7os aos consumidores"}]},{"@type":"WebSite","@id":"https:\/\/dana.com.br\/canaldana\/#website","url":"https:\/\/dana.com.br\/canaldana\/","name":"Canal Dana","description":"Informativo com as principais not\u00edcias da ind\u00fastria automotiva","potentialAction":[{"@type":"SearchAction","target":{"@type":"EntryPoint","urlTemplate":"https:\/\/dana.com.br\/canaldana\/?s={search_term_string}"},"query-input":{"@type":"PropertyValueSpecification","valueRequired":true,"valueName":"search_term_string"}}],"inLanguage":"pt-BR"},{"@type":"Person","@id":"https:\/\/dana.com.br\/canaldana\/#\/schema\/person\/3c21f22f56fcf3bc46b94bc60ea4fef6","name":"Canal Dana","image":{"@type":"ImageObject","inLanguage":"pt-BR","@id":"https:\/\/secure.gravatar.com\/avatar\/420aaf9278582877d9018637c6817617705899d2858d7572ef0fe59a6b6454b4?s=96&d=mm&r=g","url":"https:\/\/secure.gravatar.com\/avatar\/420aaf9278582877d9018637c6817617705899d2858d7572ef0fe59a6b6454b4?s=96&d=mm&r=g","contentUrl":"https:\/\/secure.gravatar.com\/avatar\/420aaf9278582877d9018637c6817617705899d2858d7572ef0fe59a6b6454b4?s=96&d=mm&r=g","caption":"Canal Dana"},"url":"https:\/\/dana.com.br\/canaldana\/author\/cdeditor\/"}]}},"_links":{"self":[{"href":"https:\/\/dana.com.br\/canaldana\/wp-json\/wp\/v2\/posts\/40089","targetHints":{"allow":["GET"]}}],"collection":[{"href":"https:\/\/dana.com.br\/canaldana\/wp-json\/wp\/v2\/posts"}],"about":[{"href":"https:\/\/dana.com.br\/canaldana\/wp-json\/wp\/v2\/types\/post"}],"author":[{"embeddable":true,"href":"https:\/\/dana.com.br\/canaldana\/wp-json\/wp\/v2\/users\/3"}],"replies":[{"embeddable":true,"href":"https:\/\/dana.com.br\/canaldana\/wp-json\/wp\/v2\/comments?post=40089"}],"version-history":[{"count":0,"href":"https:\/\/dana.com.br\/canaldana\/wp-json\/wp\/v2\/posts\/40089\/revisions"}],"wp:attachment":[{"href":"https:\/\/dana.com.br\/canaldana\/wp-json\/wp\/v2\/media?parent=40089"}],"wp:term":[{"taxonomy":"category","embeddable":true,"href":"https:\/\/dana.com.br\/canaldana\/wp-json\/wp\/v2\/categories?post=40089"},{"taxonomy":"post_tag","embeddable":true,"href":"https:\/\/dana.com.br\/canaldana\/wp-json\/wp\/v2\/tags?post=40089"}],"curies":[{"name":"wp","href":"https:\/\/api.w.org\/{rel}","templated":true}]}}