{"id":40006,"date":"2020-01-21T08:07:55","date_gmt":"2020-01-21T11:07:55","guid":{"rendered":"https:\/\/dana.com.br\/canaldana\/?p=40006"},"modified":"2020-01-21T08:07:55","modified_gmt":"2020-01-21T11:07:55","slug":"apos-coletivas-funcionarios-da-caoa-chery-voltam-ao-trabalho","status":"publish","type":"post","link":"https:\/\/dana.com.br\/canaldana\/2020\/01\/21\/apos-coletivas-funcionarios-da-caoa-chery-voltam-ao-trabalho\/","title":{"rendered":"Ap\u00f3s coletivas, funcion\u00e1rios da Caoa Chery voltam ao trabalho"},"content":{"rendered":"<p><em>Portal G1 Vale do Para\u00edba e Regi\u00e3o<\/em><\/p>\n<p>&nbsp;<\/p>\n<p>Ap\u00f3s quase um m\u00eas afastados, os funcion\u00e1rios da Caoa Chery de Jacare\u00ed voltam ao trabalho ontem, segunda-feira (20). De acordo com o Sindicato dos Metal\u00fargicos, eles est\u00e3o afastados do trabalho desde a sa\u00edda para as festas de fim de ano, em dezembro de 2019.<\/p>\n<p>&nbsp;<\/p>\n<p>Segundo a entidade, os trabalhadores da produ\u00e7\u00e3o foram colocados em f\u00e9rias coletivas no dia 2 de janeiro, emendando com o recesso de fim de ano. A medida teria sido tomada para adapta\u00e7\u00f5es na estrutura e maquin\u00e1rio para o in\u00edcio da produ\u00e7\u00e3o do Arrizo 6, novo sed\u00e3.<\/p>\n<p>&nbsp;<\/p>\n<p>Apesar da justificativa ter sido administrativa, o sindicato alega que a Chery teria anunciado em 2019 que havia excedente na m\u00e3o de obra. A diferen\u00e7a entre a necessidade de produ\u00e7\u00e3o e m\u00e3o de obra dispon\u00edvel teria sido reflexo do encerramento da produ\u00e7\u00e3o do QQ, terceiro modelo mantido na planta, em agosto de 2019.<\/p>\n<p>&nbsp;<\/p>\n<p>Com a chegada do novo modelo, a expectativa da entidade \u00e9 de que a m\u00e3o de obra seja absorvida. A montadora mant\u00e9m cerca de 600 funcion\u00e1rios. Todos os turnos retornam nesta segunda.<\/p>\n<p>&nbsp;<\/p>\n<p>Em nota a empresa informou que &#8220;retorna ap\u00f3s atualiza\u00e7\u00f5es para receber o novo modelo Arrizo 6, cujo in\u00edcio da produ\u00e7\u00e3o deve ocorrer nos pr\u00f3ximos meses&#8221;. (Portal G1 Vale do Para\u00edba e Regi\u00e3o)<\/p>\n","protected":false},"excerpt":{"rendered":"<p>Portal G1 Vale do Para\u00edba e Regi\u00e3o &nbsp; Ap\u00f3s quase um m\u00eas afastados, os funcion\u00e1rios da Caoa Chery de Jacare\u00ed voltam ao trabalho ontem, segunda-feira (20). De acordo com o Sindicato dos Metal\u00fargicos, eles est\u00e3o afastados do trabalho desde a sa\u00edda para as festas de fim de ano, em dezembro de 2019. &nbsp; Segundo a\u2026 <a class=\"readmore\" href=\"https:\/\/dana.com.br\/canaldana\/2020\/01\/21\/apos-coletivas-funcionarios-da-caoa-chery-voltam-ao-trabalho\/\">Leia mais \u00bb<\/a><\/p>\n","protected":false},"author":3,"featured_media":0,"comment_status":"closed","ping_status":"closed","sticky":false,"template":"","format":"standard","meta":{"_acf_changed":false,"footnotes":""},"categories":[1],"tags":[],"class_list":["post-40006","post","type-post","status-publish","format-standard","hentry","category-sin-categoria"],"acf":[],"yoast_head":"<!-- This site is optimized with the Yoast SEO plugin v27.3 - https:\/\/yoast.com\/product\/yoast-seo-wordpress\/ -->\n<title>Ap\u00f3s coletivas, funcion\u00e1rios da Caoa Chery voltam ao trabalho - Canal Dana<\/title>\n<meta name=\"robots\" content=\"index, follow, max-snippet:-1, max-image-preview:large, max-video-preview:-1\" \/>\n<link rel=\"canonical\" href=\"https:\/\/dana.com.br\/canaldana\/2020\/01\/21\/apos-coletivas-funcionarios-da-caoa-chery-voltam-ao-trabalho\/\" \/>\n<meta property=\"og:locale\" content=\"pt_BR\" \/>\n<meta property=\"og:type\" content=\"article\" \/>\n<meta property=\"og:title\" content=\"Ap\u00f3s coletivas, funcion\u00e1rios da Caoa Chery voltam ao trabalho - Canal Dana\" \/>\n<meta property=\"og:description\" content=\"Portal G1 Vale do Para\u00edba e Regi\u00e3o &nbsp; Ap\u00f3s quase um m\u00eas afastados, os funcion\u00e1rios da Caoa Chery de Jacare\u00ed voltam ao trabalho ontem, segunda-feira (20). De acordo com o Sindicato dos Metal\u00fargicos, eles est\u00e3o afastados do trabalho desde a sa\u00edda para as festas de fim de ano, em dezembro de 2019. &nbsp; Segundo a\u2026 Leia mais \u00bb\" \/>\n<meta property=\"og:url\" content=\"https:\/\/dana.com.br\/canaldana\/2020\/01\/21\/apos-coletivas-funcionarios-da-caoa-chery-voltam-ao-trabalho\/\" \/>\n<meta property=\"og:site_name\" content=\"Canal Dana\" \/>\n<meta property=\"article:published_time\" content=\"2020-01-21T11:07:55+00:00\" \/>\n<meta name=\"author\" content=\"Canal Dana\" \/>\n<meta name=\"twitter:card\" content=\"summary_large_image\" \/>\n<meta name=\"twitter:label1\" content=\"Escrito por\" \/>\n\t<meta name=\"twitter:data1\" content=\"Canal Dana\" \/>\n\t<meta name=\"twitter:label2\" content=\"Est. tempo de leitura\" \/>\n\t<meta name=\"twitter:data2\" content=\"1 minuto\" \/>\n<script type=\"application\/ld+json\" class=\"yoast-schema-graph\">{\"@context\":\"https:\\\/\\\/schema.org\",\"@graph\":[{\"@type\":\"Article\",\"@id\":\"https:\\\/\\\/dana.com.br\\\/canaldana\\\/2020\\\/01\\\/21\\\/apos-coletivas-funcionarios-da-caoa-chery-voltam-ao-trabalho\\\/#article\",\"isPartOf\":{\"@id\":\"https:\\\/\\\/dana.com.br\\\/canaldana\\\/2020\\\/01\\\/21\\\/apos-coletivas-funcionarios-da-caoa-chery-voltam-ao-trabalho\\\/\"},\"author\":{\"name\":\"Canal Dana\",\"@id\":\"https:\\\/\\\/dana.com.br\\\/canaldana\\\/#\\\/schema\\\/person\\\/3c21f22f56fcf3bc46b94bc60ea4fef6\"},\"headline\":\"Ap\u00f3s coletivas, funcion\u00e1rios da Caoa Chery voltam ao trabalho\",\"datePublished\":\"2020-01-21T11:07:55+00:00\",\"mainEntityOfPage\":{\"@id\":\"https:\\\/\\\/dana.com.br\\\/canaldana\\\/2020\\\/01\\\/21\\\/apos-coletivas-funcionarios-da-caoa-chery-voltam-ao-trabalho\\\/\"},\"wordCount\":251,\"articleSection\":[\"Sin categor\u00eda\"],\"inLanguage\":\"pt-BR\"},{\"@type\":\"WebPage\",\"@id\":\"https:\\\/\\\/dana.com.br\\\/canaldana\\\/2020\\\/01\\\/21\\\/apos-coletivas-funcionarios-da-caoa-chery-voltam-ao-trabalho\\\/\",\"url\":\"https:\\\/\\\/dana.com.br\\\/canaldana\\\/2020\\\/01\\\/21\\\/apos-coletivas-funcionarios-da-caoa-chery-voltam-ao-trabalho\\\/\",\"name\":\"Ap\u00f3s coletivas, funcion\u00e1rios da Caoa Chery voltam ao trabalho - Canal Dana\",\"isPartOf\":{\"@id\":\"https:\\\/\\\/dana.com.br\\\/canaldana\\\/#website\"},\"datePublished\":\"2020-01-21T11:07:55+00:00\",\"author\":{\"@id\":\"https:\\\/\\\/dana.com.br\\\/canaldana\\\/#\\\/schema\\\/person\\\/3c21f22f56fcf3bc46b94bc60ea4fef6\"},\"breadcrumb\":{\"@id\":\"https:\\\/\\\/dana.com.br\\\/canaldana\\\/2020\\\/01\\\/21\\\/apos-coletivas-funcionarios-da-caoa-chery-voltam-ao-trabalho\\\/#breadcrumb\"},\"inLanguage\":\"pt-BR\",\"potentialAction\":[{\"@type\":\"ReadAction\",\"target\":[\"https:\\\/\\\/dana.com.br\\\/canaldana\\\/2020\\\/01\\\/21\\\/apos-coletivas-funcionarios-da-caoa-chery-voltam-ao-trabalho\\\/\"]}]},{\"@type\":\"BreadcrumbList\",\"@id\":\"https:\\\/\\\/dana.com.br\\\/canaldana\\\/2020\\\/01\\\/21\\\/apos-coletivas-funcionarios-da-caoa-chery-voltam-ao-trabalho\\\/#breadcrumb\",\"itemListElement\":[{\"@type\":\"ListItem\",\"position\":1,\"name\":\"Home\",\"item\":\"https:\\\/\\\/dana.com.br\\\/canaldana\\\/\"},{\"@type\":\"ListItem\",\"position\":2,\"name\":\"Sin categor\u00eda\",\"item\":\"https:\\\/\\\/dana.com.br\\\/canaldana\\\/sin-categoria\\\/\"},{\"@type\":\"ListItem\",\"position\":3,\"name\":\"Ap\u00f3s coletivas, funcion\u00e1rios da Caoa Chery voltam ao trabalho\"}]},{\"@type\":\"WebSite\",\"@id\":\"https:\\\/\\\/dana.com.br\\\/canaldana\\\/#website\",\"url\":\"https:\\\/\\\/dana.com.br\\\/canaldana\\\/\",\"name\":\"Canal Dana\",\"description\":\"Informativo com as principais not\u00edcias da ind\u00fastria automotiva\",\"potentialAction\":[{\"@type\":\"SearchAction\",\"target\":{\"@type\":\"EntryPoint\",\"urlTemplate\":\"https:\\\/\\\/dana.com.br\\\/canaldana\\\/?s={search_term_string}\"},\"query-input\":{\"@type\":\"PropertyValueSpecification\",\"valueRequired\":true,\"valueName\":\"search_term_string\"}}],\"inLanguage\":\"pt-BR\"},{\"@type\":\"Person\",\"@id\":\"https:\\\/\\\/dana.com.br\\\/canaldana\\\/#\\\/schema\\\/person\\\/3c21f22f56fcf3bc46b94bc60ea4fef6\",\"name\":\"Canal Dana\",\"image\":{\"@type\":\"ImageObject\",\"inLanguage\":\"pt-BR\",\"@id\":\"https:\\\/\\\/secure.gravatar.com\\\/avatar\\\/420aaf9278582877d9018637c6817617705899d2858d7572ef0fe59a6b6454b4?s=96&d=mm&r=g\",\"url\":\"https:\\\/\\\/secure.gravatar.com\\\/avatar\\\/420aaf9278582877d9018637c6817617705899d2858d7572ef0fe59a6b6454b4?s=96&d=mm&r=g\",\"contentUrl\":\"https:\\\/\\\/secure.gravatar.com\\\/avatar\\\/420aaf9278582877d9018637c6817617705899d2858d7572ef0fe59a6b6454b4?s=96&d=mm&r=g\",\"caption\":\"Canal Dana\"},\"url\":\"https:\\\/\\\/dana.com.br\\\/canaldana\\\/author\\\/cdeditor\\\/\"}]}<\/script>\n<!-- \/ Yoast SEO plugin. -->","yoast_head_json":{"title":"Ap\u00f3s coletivas, funcion\u00e1rios da Caoa Chery voltam ao trabalho - Canal Dana","robots":{"index":"index","follow":"follow","max-snippet":"max-snippet:-1","max-image-preview":"max-image-preview:large","max-video-preview":"max-video-preview:-1"},"canonical":"https:\/\/dana.com.br\/canaldana\/2020\/01\/21\/apos-coletivas-funcionarios-da-caoa-chery-voltam-ao-trabalho\/","og_locale":"pt_BR","og_type":"article","og_title":"Ap\u00f3s coletivas, funcion\u00e1rios da Caoa Chery voltam ao trabalho - Canal Dana","og_description":"Portal G1 Vale do Para\u00edba e Regi\u00e3o &nbsp; Ap\u00f3s quase um m\u00eas afastados, os funcion\u00e1rios da Caoa Chery de Jacare\u00ed voltam ao trabalho ontem, segunda-feira (20). De acordo com o Sindicato dos Metal\u00fargicos, eles est\u00e3o afastados do trabalho desde a sa\u00edda para as festas de fim de ano, em dezembro de 2019. &nbsp; Segundo a\u2026 Leia mais \u00bb","og_url":"https:\/\/dana.com.br\/canaldana\/2020\/01\/21\/apos-coletivas-funcionarios-da-caoa-chery-voltam-ao-trabalho\/","og_site_name":"Canal Dana","article_published_time":"2020-01-21T11:07:55+00:00","author":"Canal Dana","twitter_card":"summary_large_image","twitter_misc":{"Escrito por":"Canal Dana","Est. tempo de leitura":"1 minuto"},"schema":{"@context":"https:\/\/schema.org","@graph":[{"@type":"Article","@id":"https:\/\/dana.com.br\/canaldana\/2020\/01\/21\/apos-coletivas-funcionarios-da-caoa-chery-voltam-ao-trabalho\/#article","isPartOf":{"@id":"https:\/\/dana.com.br\/canaldana\/2020\/01\/21\/apos-coletivas-funcionarios-da-caoa-chery-voltam-ao-trabalho\/"},"author":{"name":"Canal Dana","@id":"https:\/\/dana.com.br\/canaldana\/#\/schema\/person\/3c21f22f56fcf3bc46b94bc60ea4fef6"},"headline":"Ap\u00f3s coletivas, funcion\u00e1rios da Caoa Chery voltam ao trabalho","datePublished":"2020-01-21T11:07:55+00:00","mainEntityOfPage":{"@id":"https:\/\/dana.com.br\/canaldana\/2020\/01\/21\/apos-coletivas-funcionarios-da-caoa-chery-voltam-ao-trabalho\/"},"wordCount":251,"articleSection":["Sin categor\u00eda"],"inLanguage":"pt-BR"},{"@type":"WebPage","@id":"https:\/\/dana.com.br\/canaldana\/2020\/01\/21\/apos-coletivas-funcionarios-da-caoa-chery-voltam-ao-trabalho\/","url":"https:\/\/dana.com.br\/canaldana\/2020\/01\/21\/apos-coletivas-funcionarios-da-caoa-chery-voltam-ao-trabalho\/","name":"Ap\u00f3s coletivas, funcion\u00e1rios da Caoa Chery voltam ao trabalho - Canal Dana","isPartOf":{"@id":"https:\/\/dana.com.br\/canaldana\/#website"},"datePublished":"2020-01-21T11:07:55+00:00","author":{"@id":"https:\/\/dana.com.br\/canaldana\/#\/schema\/person\/3c21f22f56fcf3bc46b94bc60ea4fef6"},"breadcrumb":{"@id":"https:\/\/dana.com.br\/canaldana\/2020\/01\/21\/apos-coletivas-funcionarios-da-caoa-chery-voltam-ao-trabalho\/#breadcrumb"},"inLanguage":"pt-BR","potentialAction":[{"@type":"ReadAction","target":["https:\/\/dana.com.br\/canaldana\/2020\/01\/21\/apos-coletivas-funcionarios-da-caoa-chery-voltam-ao-trabalho\/"]}]},{"@type":"BreadcrumbList","@id":"https:\/\/dana.com.br\/canaldana\/2020\/01\/21\/apos-coletivas-funcionarios-da-caoa-chery-voltam-ao-trabalho\/#breadcrumb","itemListElement":[{"@type":"ListItem","position":1,"name":"Home","item":"https:\/\/dana.com.br\/canaldana\/"},{"@type":"ListItem","position":2,"name":"Sin categor\u00eda","item":"https:\/\/dana.com.br\/canaldana\/sin-categoria\/"},{"@type":"ListItem","position":3,"name":"Ap\u00f3s coletivas, funcion\u00e1rios da Caoa Chery voltam ao trabalho"}]},{"@type":"WebSite","@id":"https:\/\/dana.com.br\/canaldana\/#website","url":"https:\/\/dana.com.br\/canaldana\/","name":"Canal Dana","description":"Informativo com as principais not\u00edcias da ind\u00fastria automotiva","potentialAction":[{"@type":"SearchAction","target":{"@type":"EntryPoint","urlTemplate":"https:\/\/dana.com.br\/canaldana\/?s={search_term_string}"},"query-input":{"@type":"PropertyValueSpecification","valueRequired":true,"valueName":"search_term_string"}}],"inLanguage":"pt-BR"},{"@type":"Person","@id":"https:\/\/dana.com.br\/canaldana\/#\/schema\/person\/3c21f22f56fcf3bc46b94bc60ea4fef6","name":"Canal Dana","image":{"@type":"ImageObject","inLanguage":"pt-BR","@id":"https:\/\/secure.gravatar.com\/avatar\/420aaf9278582877d9018637c6817617705899d2858d7572ef0fe59a6b6454b4?s=96&d=mm&r=g","url":"https:\/\/secure.gravatar.com\/avatar\/420aaf9278582877d9018637c6817617705899d2858d7572ef0fe59a6b6454b4?s=96&d=mm&r=g","contentUrl":"https:\/\/secure.gravatar.com\/avatar\/420aaf9278582877d9018637c6817617705899d2858d7572ef0fe59a6b6454b4?s=96&d=mm&r=g","caption":"Canal Dana"},"url":"https:\/\/dana.com.br\/canaldana\/author\/cdeditor\/"}]}},"_links":{"self":[{"href":"https:\/\/dana.com.br\/canaldana\/wp-json\/wp\/v2\/posts\/40006","targetHints":{"allow":["GET"]}}],"collection":[{"href":"https:\/\/dana.com.br\/canaldana\/wp-json\/wp\/v2\/posts"}],"about":[{"href":"https:\/\/dana.com.br\/canaldana\/wp-json\/wp\/v2\/types\/post"}],"author":[{"embeddable":true,"href":"https:\/\/dana.com.br\/canaldana\/wp-json\/wp\/v2\/users\/3"}],"replies":[{"embeddable":true,"href":"https:\/\/dana.com.br\/canaldana\/wp-json\/wp\/v2\/comments?post=40006"}],"version-history":[{"count":0,"href":"https:\/\/dana.com.br\/canaldana\/wp-json\/wp\/v2\/posts\/40006\/revisions"}],"wp:attachment":[{"href":"https:\/\/dana.com.br\/canaldana\/wp-json\/wp\/v2\/media?parent=40006"}],"wp:term":[{"taxonomy":"category","embeddable":true,"href":"https:\/\/dana.com.br\/canaldana\/wp-json\/wp\/v2\/categories?post=40006"},{"taxonomy":"post_tag","embeddable":true,"href":"https:\/\/dana.com.br\/canaldana\/wp-json\/wp\/v2\/tags?post=40006"}],"curies":[{"name":"wp","href":"https:\/\/api.w.org\/{rel}","templated":true}]}}