{"id":39545,"date":"2019-12-20T08:31:05","date_gmt":"2019-12-20T11:31:05","guid":{"rendered":"https:\/\/dana.com.br\/canaldana\/?p=39545"},"modified":"2019-12-20T08:31:05","modified_gmt":"2019-12-20T11:31:05","slug":"estradas-devem-receber-cerca-de-2-milhoes-de-veiculos","status":"publish","type":"post","link":"https:\/\/dana.com.br\/canaldana\/2019\/12\/20\/estradas-devem-receber-cerca-de-2-milhoes-de-veiculos\/","title":{"rendered":"Estradas devem receber cerca de 2 milh\u00f5es de ve\u00edculos"},"content":{"rendered":"<p><em>Correio Popular <\/em><\/p>\n<p>&nbsp;<\/p>\n<p>O motorista que for viajar para curtir o Natal com a fam\u00edlia vai precisar contar com uma dose extra de paci\u00eancia ao volante. De acordo com proje\u00e7\u00f5es das concession\u00e1rias que administram as principais rodovias que cortam a regi\u00e3o de Campinas, cerca de 2 milh\u00f5es de ve\u00edculos s\u00e3o esperados nas estradas que margeiam o munic\u00edpio entre a tarde de amanh\u00e3 e a noite da pr\u00f3xima quarta-feira.<\/p>\n<p>&nbsp;<\/p>\n<p>Principal via de liga\u00e7\u00e3o com o Litoral Norte, a Rodovia Dom Pedro I (SP-065) deve receber 613 mil ve\u00edculos entre hoje e quarta-feira. Em todo o Corredor Dom Pedro, administrado pela Rota das Bandeiras, a expectativa \u00e9 de 876 mil ve\u00edculos em circula\u00e7\u00e3o. A maior concentra\u00e7\u00e3o \u00e9 esperada para amanh\u00e3, das 16h \u00e0s 22h, e s\u00e1bado, das 7h \u00e0s 11h. Na volta para casa, a movimenta\u00e7\u00e3o ser\u00e1 intensa ao longo de toda a tarde e noite de quarta-feira.<\/p>\n<p>&nbsp;<\/p>\n<p>No sistema Anhanguera-Bandeirantes, a previs\u00e3o da CCR AutoBAn \u00e9 que pelo menos 1 milh\u00e3o ve\u00edculos circulem pelas rodovias Anhanguera (SP-330) e Bandeirantes (SP-348) entre sa\u00edda e chegada \u00e0 Capital. As maiores movimenta\u00e7\u00f5es acontecem amanh\u00e3, das 15h e 19h, e no s\u00e1bado, das 8h \u00e0s 16h. A concession\u00e1ria tamb\u00e9m espera um grande movimento na segunda-feira, das 15h e 19h, e na quarta-feira, das 16h \u00e0s 23h.<\/p>\n<p>&nbsp;<\/p>\n<p>J\u00e1 concession\u00e1ria AB Colinas espera receber 263 mil ve\u00edculos na Rodovia Santos Dumont (SP-075). A via \u00e9 respons\u00e1vel por ligar a regi\u00e3o de Itu (SP) a Campinas. Os hor\u00e1rios mais complicados para os motoristas ser\u00e3o na segunda e na quarta-feira, a partir das 18h.<\/p>\n<p>&nbsp;<\/p>\n<p>Procurada pela reportagem, a concession\u00e1ria Renovias n\u00e3o enviou a proje\u00e7\u00e3o da Rodovia Governador Doutor Adhemar Pereira de Barros, popularmente conhecida como Campinas-Mogi (SP-340), at\u00e9 o fechamento desta edi\u00e7\u00e3o.<\/p>\n<p>&nbsp;<\/p>\n<p><strong>Preven\u00e7\u00e3o<\/strong><\/p>\n<p>&nbsp;<\/p>\n<p>A fim de evitar acidentes, a Ag\u00eancia de Transporte do Estado de S\u00e3o Paulo (Artesp) emitiu um comunicado pedindo para que os motoristas tomem algumas precau\u00e7\u00f5es antes de sa\u00edrem de casa para viajar. Entre as orienta\u00e7\u00f5es est\u00e3o: verificar os freios, amortecedores, luzes, \u00f3leo e pneus dos ve\u00edculos. Os n\u00edveis da \u00e1gua do radiador e do limpador de para-brisa tamb\u00e9m devem ser checados.<\/p>\n<p>&nbsp;<\/p>\n<p>Al\u00e9m disso, o condutor n\u00e3o deve esquecer os equipamentos obrigat\u00f3rios como macaco, chave de roda, tri\u00e2ngulo para sinaliza\u00e7\u00e3o e estepe. \u201c\u00c9 essencial que o motorista descanse no dia anterior \u00e0 viagem e consuma alimentos leves para evitar a sonol\u00eancia. Os viajantes tamb\u00e9m devem avaliar a melhor rota e, sempre que poss\u00edvel, evitar os hor\u00e1rios de pico. \u00c9 importante, tamb\u00e9m, ter anotado num papel ou gravado no celular o telefone 0800 de atendimento das concession\u00e1rias respons\u00e1veis pelas rodovias que for utilizar\u201d, informou a Artesp. (Correio Popular\/Henrique Hein)<\/p>\n","protected":false},"excerpt":{"rendered":"<p>Correio Popular &nbsp; O motorista que for viajar para curtir o Natal com a fam\u00edlia vai precisar contar com uma dose extra de paci\u00eancia ao volante. De acordo com proje\u00e7\u00f5es das concession\u00e1rias que administram as principais rodovias que cortam a regi\u00e3o de Campinas, cerca de 2 milh\u00f5es de ve\u00edculos s\u00e3o esperados nas estradas que margeiam\u2026 <a class=\"readmore\" href=\"https:\/\/dana.com.br\/canaldana\/2019\/12\/20\/estradas-devem-receber-cerca-de-2-milhoes-de-veiculos\/\">Leia mais \u00bb<\/a><\/p>\n","protected":false},"author":3,"featured_media":0,"comment_status":"closed","ping_status":"closed","sticky":false,"template":"","format":"standard","meta":{"_acf_changed":false,"footnotes":""},"categories":[79],"tags":[],"class_list":["post-39545","post","type-post","status-publish","format-standard","hentry","category-mercado"],"acf":[],"yoast_head":"<!-- This site is optimized with the Yoast SEO plugin v27.3 - https:\/\/yoast.com\/product\/yoast-seo-wordpress\/ -->\n<title>Estradas devem receber cerca de 2 milh\u00f5es de ve\u00edculos - Canal Dana<\/title>\n<meta name=\"robots\" content=\"index, follow, max-snippet:-1, max-image-preview:large, max-video-preview:-1\" \/>\n<link rel=\"canonical\" href=\"https:\/\/dana.com.br\/canaldana\/2019\/12\/20\/estradas-devem-receber-cerca-de-2-milhoes-de-veiculos\/\" \/>\n<meta property=\"og:locale\" content=\"pt_BR\" \/>\n<meta property=\"og:type\" content=\"article\" \/>\n<meta property=\"og:title\" content=\"Estradas devem receber cerca de 2 milh\u00f5es de ve\u00edculos - Canal Dana\" \/>\n<meta property=\"og:description\" content=\"Correio Popular &nbsp; O motorista que for viajar para curtir o Natal com a fam\u00edlia vai precisar contar com uma dose extra de paci\u00eancia ao volante. De acordo com proje\u00e7\u00f5es das concession\u00e1rias que administram as principais rodovias que cortam a regi\u00e3o de Campinas, cerca de 2 milh\u00f5es de ve\u00edculos s\u00e3o esperados nas estradas que margeiam\u2026 Leia mais \u00bb\" \/>\n<meta property=\"og:url\" content=\"https:\/\/dana.com.br\/canaldana\/2019\/12\/20\/estradas-devem-receber-cerca-de-2-milhoes-de-veiculos\/\" \/>\n<meta property=\"og:site_name\" content=\"Canal Dana\" \/>\n<meta property=\"article:published_time\" content=\"2019-12-20T11:31:05+00:00\" \/>\n<meta name=\"author\" content=\"Canal Dana\" \/>\n<meta name=\"twitter:card\" content=\"summary_large_image\" \/>\n<meta name=\"twitter:label1\" content=\"Escrito por\" \/>\n\t<meta name=\"twitter:data1\" content=\"Canal Dana\" \/>\n\t<meta name=\"twitter:label2\" content=\"Est. tempo de leitura\" \/>\n\t<meta name=\"twitter:data2\" content=\"2 minutos\" \/>\n<script type=\"application\/ld+json\" class=\"yoast-schema-graph\">{\"@context\":\"https:\\\/\\\/schema.org\",\"@graph\":[{\"@type\":\"Article\",\"@id\":\"https:\\\/\\\/dana.com.br\\\/canaldana\\\/2019\\\/12\\\/20\\\/estradas-devem-receber-cerca-de-2-milhoes-de-veiculos\\\/#article\",\"isPartOf\":{\"@id\":\"https:\\\/\\\/dana.com.br\\\/canaldana\\\/2019\\\/12\\\/20\\\/estradas-devem-receber-cerca-de-2-milhoes-de-veiculos\\\/\"},\"author\":{\"name\":\"Canal Dana\",\"@id\":\"https:\\\/\\\/dana.com.br\\\/canaldana\\\/#\\\/schema\\\/person\\\/3c21f22f56fcf3bc46b94bc60ea4fef6\"},\"headline\":\"Estradas devem receber cerca de 2 milh\u00f5es de ve\u00edculos\",\"datePublished\":\"2019-12-20T11:31:05+00:00\",\"mainEntityOfPage\":{\"@id\":\"https:\\\/\\\/dana.com.br\\\/canaldana\\\/2019\\\/12\\\/20\\\/estradas-devem-receber-cerca-de-2-milhoes-de-veiculos\\\/\"},\"wordCount\":493,\"articleSection\":[\"Mercado\"],\"inLanguage\":\"pt-BR\"},{\"@type\":\"WebPage\",\"@id\":\"https:\\\/\\\/dana.com.br\\\/canaldana\\\/2019\\\/12\\\/20\\\/estradas-devem-receber-cerca-de-2-milhoes-de-veiculos\\\/\",\"url\":\"https:\\\/\\\/dana.com.br\\\/canaldana\\\/2019\\\/12\\\/20\\\/estradas-devem-receber-cerca-de-2-milhoes-de-veiculos\\\/\",\"name\":\"Estradas devem receber cerca de 2 milh\u00f5es de ve\u00edculos - Canal Dana\",\"isPartOf\":{\"@id\":\"https:\\\/\\\/dana.com.br\\\/canaldana\\\/#website\"},\"datePublished\":\"2019-12-20T11:31:05+00:00\",\"author\":{\"@id\":\"https:\\\/\\\/dana.com.br\\\/canaldana\\\/#\\\/schema\\\/person\\\/3c21f22f56fcf3bc46b94bc60ea4fef6\"},\"breadcrumb\":{\"@id\":\"https:\\\/\\\/dana.com.br\\\/canaldana\\\/2019\\\/12\\\/20\\\/estradas-devem-receber-cerca-de-2-milhoes-de-veiculos\\\/#breadcrumb\"},\"inLanguage\":\"pt-BR\",\"potentialAction\":[{\"@type\":\"ReadAction\",\"target\":[\"https:\\\/\\\/dana.com.br\\\/canaldana\\\/2019\\\/12\\\/20\\\/estradas-devem-receber-cerca-de-2-milhoes-de-veiculos\\\/\"]}]},{\"@type\":\"BreadcrumbList\",\"@id\":\"https:\\\/\\\/dana.com.br\\\/canaldana\\\/2019\\\/12\\\/20\\\/estradas-devem-receber-cerca-de-2-milhoes-de-veiculos\\\/#breadcrumb\",\"itemListElement\":[{\"@type\":\"ListItem\",\"position\":1,\"name\":\"Home\",\"item\":\"https:\\\/\\\/dana.com.br\\\/canaldana\\\/\"},{\"@type\":\"ListItem\",\"position\":2,\"name\":\"Mercado\",\"item\":\"https:\\\/\\\/dana.com.br\\\/canaldana\\\/mercado\\\/\"},{\"@type\":\"ListItem\",\"position\":3,\"name\":\"Estradas devem receber cerca de 2 milh\u00f5es de ve\u00edculos\"}]},{\"@type\":\"WebSite\",\"@id\":\"https:\\\/\\\/dana.com.br\\\/canaldana\\\/#website\",\"url\":\"https:\\\/\\\/dana.com.br\\\/canaldana\\\/\",\"name\":\"Canal Dana\",\"description\":\"Informativo com as principais not\u00edcias da ind\u00fastria automotiva\",\"potentialAction\":[{\"@type\":\"SearchAction\",\"target\":{\"@type\":\"EntryPoint\",\"urlTemplate\":\"https:\\\/\\\/dana.com.br\\\/canaldana\\\/?s={search_term_string}\"},\"query-input\":{\"@type\":\"PropertyValueSpecification\",\"valueRequired\":true,\"valueName\":\"search_term_string\"}}],\"inLanguage\":\"pt-BR\"},{\"@type\":\"Person\",\"@id\":\"https:\\\/\\\/dana.com.br\\\/canaldana\\\/#\\\/schema\\\/person\\\/3c21f22f56fcf3bc46b94bc60ea4fef6\",\"name\":\"Canal Dana\",\"image\":{\"@type\":\"ImageObject\",\"inLanguage\":\"pt-BR\",\"@id\":\"https:\\\/\\\/secure.gravatar.com\\\/avatar\\\/420aaf9278582877d9018637c6817617705899d2858d7572ef0fe59a6b6454b4?s=96&d=mm&r=g\",\"url\":\"https:\\\/\\\/secure.gravatar.com\\\/avatar\\\/420aaf9278582877d9018637c6817617705899d2858d7572ef0fe59a6b6454b4?s=96&d=mm&r=g\",\"contentUrl\":\"https:\\\/\\\/secure.gravatar.com\\\/avatar\\\/420aaf9278582877d9018637c6817617705899d2858d7572ef0fe59a6b6454b4?s=96&d=mm&r=g\",\"caption\":\"Canal Dana\"},\"url\":\"https:\\\/\\\/dana.com.br\\\/canaldana\\\/author\\\/cdeditor\\\/\"}]}<\/script>\n<!-- \/ Yoast SEO plugin. -->","yoast_head_json":{"title":"Estradas devem receber cerca de 2 milh\u00f5es de ve\u00edculos - Canal Dana","robots":{"index":"index","follow":"follow","max-snippet":"max-snippet:-1","max-image-preview":"max-image-preview:large","max-video-preview":"max-video-preview:-1"},"canonical":"https:\/\/dana.com.br\/canaldana\/2019\/12\/20\/estradas-devem-receber-cerca-de-2-milhoes-de-veiculos\/","og_locale":"pt_BR","og_type":"article","og_title":"Estradas devem receber cerca de 2 milh\u00f5es de ve\u00edculos - Canal Dana","og_description":"Correio Popular &nbsp; O motorista que for viajar para curtir o Natal com a fam\u00edlia vai precisar contar com uma dose extra de paci\u00eancia ao volante. De acordo com proje\u00e7\u00f5es das concession\u00e1rias que administram as principais rodovias que cortam a regi\u00e3o de Campinas, cerca de 2 milh\u00f5es de ve\u00edculos s\u00e3o esperados nas estradas que margeiam\u2026 Leia mais \u00bb","og_url":"https:\/\/dana.com.br\/canaldana\/2019\/12\/20\/estradas-devem-receber-cerca-de-2-milhoes-de-veiculos\/","og_site_name":"Canal Dana","article_published_time":"2019-12-20T11:31:05+00:00","author":"Canal Dana","twitter_card":"summary_large_image","twitter_misc":{"Escrito por":"Canal Dana","Est. tempo de leitura":"2 minutos"},"schema":{"@context":"https:\/\/schema.org","@graph":[{"@type":"Article","@id":"https:\/\/dana.com.br\/canaldana\/2019\/12\/20\/estradas-devem-receber-cerca-de-2-milhoes-de-veiculos\/#article","isPartOf":{"@id":"https:\/\/dana.com.br\/canaldana\/2019\/12\/20\/estradas-devem-receber-cerca-de-2-milhoes-de-veiculos\/"},"author":{"name":"Canal Dana","@id":"https:\/\/dana.com.br\/canaldana\/#\/schema\/person\/3c21f22f56fcf3bc46b94bc60ea4fef6"},"headline":"Estradas devem receber cerca de 2 milh\u00f5es de ve\u00edculos","datePublished":"2019-12-20T11:31:05+00:00","mainEntityOfPage":{"@id":"https:\/\/dana.com.br\/canaldana\/2019\/12\/20\/estradas-devem-receber-cerca-de-2-milhoes-de-veiculos\/"},"wordCount":493,"articleSection":["Mercado"],"inLanguage":"pt-BR"},{"@type":"WebPage","@id":"https:\/\/dana.com.br\/canaldana\/2019\/12\/20\/estradas-devem-receber-cerca-de-2-milhoes-de-veiculos\/","url":"https:\/\/dana.com.br\/canaldana\/2019\/12\/20\/estradas-devem-receber-cerca-de-2-milhoes-de-veiculos\/","name":"Estradas devem receber cerca de 2 milh\u00f5es de ve\u00edculos - Canal Dana","isPartOf":{"@id":"https:\/\/dana.com.br\/canaldana\/#website"},"datePublished":"2019-12-20T11:31:05+00:00","author":{"@id":"https:\/\/dana.com.br\/canaldana\/#\/schema\/person\/3c21f22f56fcf3bc46b94bc60ea4fef6"},"breadcrumb":{"@id":"https:\/\/dana.com.br\/canaldana\/2019\/12\/20\/estradas-devem-receber-cerca-de-2-milhoes-de-veiculos\/#breadcrumb"},"inLanguage":"pt-BR","potentialAction":[{"@type":"ReadAction","target":["https:\/\/dana.com.br\/canaldana\/2019\/12\/20\/estradas-devem-receber-cerca-de-2-milhoes-de-veiculos\/"]}]},{"@type":"BreadcrumbList","@id":"https:\/\/dana.com.br\/canaldana\/2019\/12\/20\/estradas-devem-receber-cerca-de-2-milhoes-de-veiculos\/#breadcrumb","itemListElement":[{"@type":"ListItem","position":1,"name":"Home","item":"https:\/\/dana.com.br\/canaldana\/"},{"@type":"ListItem","position":2,"name":"Mercado","item":"https:\/\/dana.com.br\/canaldana\/mercado\/"},{"@type":"ListItem","position":3,"name":"Estradas devem receber cerca de 2 milh\u00f5es de ve\u00edculos"}]},{"@type":"WebSite","@id":"https:\/\/dana.com.br\/canaldana\/#website","url":"https:\/\/dana.com.br\/canaldana\/","name":"Canal Dana","description":"Informativo com as principais not\u00edcias da ind\u00fastria automotiva","potentialAction":[{"@type":"SearchAction","target":{"@type":"EntryPoint","urlTemplate":"https:\/\/dana.com.br\/canaldana\/?s={search_term_string}"},"query-input":{"@type":"PropertyValueSpecification","valueRequired":true,"valueName":"search_term_string"}}],"inLanguage":"pt-BR"},{"@type":"Person","@id":"https:\/\/dana.com.br\/canaldana\/#\/schema\/person\/3c21f22f56fcf3bc46b94bc60ea4fef6","name":"Canal Dana","image":{"@type":"ImageObject","inLanguage":"pt-BR","@id":"https:\/\/secure.gravatar.com\/avatar\/420aaf9278582877d9018637c6817617705899d2858d7572ef0fe59a6b6454b4?s=96&d=mm&r=g","url":"https:\/\/secure.gravatar.com\/avatar\/420aaf9278582877d9018637c6817617705899d2858d7572ef0fe59a6b6454b4?s=96&d=mm&r=g","contentUrl":"https:\/\/secure.gravatar.com\/avatar\/420aaf9278582877d9018637c6817617705899d2858d7572ef0fe59a6b6454b4?s=96&d=mm&r=g","caption":"Canal Dana"},"url":"https:\/\/dana.com.br\/canaldana\/author\/cdeditor\/"}]}},"_links":{"self":[{"href":"https:\/\/dana.com.br\/canaldana\/wp-json\/wp\/v2\/posts\/39545","targetHints":{"allow":["GET"]}}],"collection":[{"href":"https:\/\/dana.com.br\/canaldana\/wp-json\/wp\/v2\/posts"}],"about":[{"href":"https:\/\/dana.com.br\/canaldana\/wp-json\/wp\/v2\/types\/post"}],"author":[{"embeddable":true,"href":"https:\/\/dana.com.br\/canaldana\/wp-json\/wp\/v2\/users\/3"}],"replies":[{"embeddable":true,"href":"https:\/\/dana.com.br\/canaldana\/wp-json\/wp\/v2\/comments?post=39545"}],"version-history":[{"count":0,"href":"https:\/\/dana.com.br\/canaldana\/wp-json\/wp\/v2\/posts\/39545\/revisions"}],"wp:attachment":[{"href":"https:\/\/dana.com.br\/canaldana\/wp-json\/wp\/v2\/media?parent=39545"}],"wp:term":[{"taxonomy":"category","embeddable":true,"href":"https:\/\/dana.com.br\/canaldana\/wp-json\/wp\/v2\/categories?post=39545"},{"taxonomy":"post_tag","embeddable":true,"href":"https:\/\/dana.com.br\/canaldana\/wp-json\/wp\/v2\/tags?post=39545"}],"curies":[{"name":"wp","href":"https:\/\/api.w.org\/{rel}","templated":true}]}}