{"id":39498,"date":"2019-12-19T08:14:58","date_gmt":"2019-12-19T11:14:58","guid":{"rendered":"https:\/\/dana.com.br\/canaldana\/?p=39498"},"modified":"2019-12-19T08:14:58","modified_gmt":"2019-12-19T11:14:58","slug":"fiat-500e-2020-testa-plataforma-eletrica-sob-carroceria-antiga","status":"publish","type":"post","link":"https:\/\/dana.com.br\/canaldana\/2019\/12\/19\/fiat-500e-2020-testa-plataforma-eletrica-sob-carroceria-antiga\/","title":{"rendered":"Fiat 500e 2020 testa plataforma el\u00e9trica sob carroceria antiga"},"content":{"rendered":"<p><em>Motor 1\/Automedia<\/em><\/p>\n<p>&nbsp;<\/p>\n<p>Um dos lan\u00e7amentos mais aguardados da Fiat em 2020, a nova gera\u00e7\u00e3o do 500 parece estar com desenvolvimento bastante adiantado. Prova disso s\u00e3o as imagens deste flagra que revelam prot\u00f3tipos rodando em fase final de testes poucas semanas depois de ter sido iniciada a montagem de unidades pr\u00e9-s\u00e9rie. O exemplar das fotos ainda n\u00e3o usa a carroceria reformulada, mas a plataforma em quest\u00e3o \u00e9 totalmente nova e pensada especialmente para eletrifica\u00e7\u00e3o. Detalhes sobre o conjunto mec\u00e2nico ainda s\u00e3o limitados, mas tudo indica ir\u00e1 al\u00e9m dos atuais 112 cv de pot\u00eancia e 135 km de autonomia. Se desvencilhar da imagem de fracasso do 500e atual parece ser uma das principais preocupa\u00e7\u00f5es da Fiat.<\/p>\n<p>&nbsp;<\/p>\n<p>A ideia \u00e9 elevar ao m\u00e1ximo poss\u00edvel a escala de produ\u00e7\u00e3o para viabilizar o projeto do ponto de vista comercial e n\u00e3o amargar preju\u00edzos como acontece hoje. Nesse sentido, o pr\u00f3ximo 500 n\u00e3o oferecer\u00e1 nenhuma variante movida a combust\u00e3o e passar\u00e1 a ter um perfil comercial ainda mais refinado. &#8220;Um novo 500, totalmente renovado. Um novo carro totalmente el\u00e9trico. \u00c9 uma esp\u00e9cie de Tesla urbano, com um estilo bonito, italiano. Haver\u00e1 uma nova plataforma, projetada especificamente para eletrifica\u00e7\u00e3o. Isso tornar\u00e1 o carro radicalmente diferente. Ainda ser\u00e1 um 500, com propor\u00e7\u00f5es iguais, mas n\u00e3o \u00e9 o mesmo carro. Ser\u00e1 o 500 do futuro&#8221;, disse no in\u00edcio do ano um porta-voz da Fiat.<\/p>\n<p>&nbsp;<\/p>\n<p>Como dito, a expectativa \u00e9 se desvincular ao m\u00e1ximo da fama da vers\u00e3o el\u00e9trica atual, que rende s\u00e9rias perdas para a empresa. Segundo estimativas, a Fiat perde cerca de US$ 14 mil em cada unidade vendida. O preju\u00edzo \u00e9 tamanho que, quando vivo, o ent\u00e3o CEO Sergio Marchionne chegou a apelar junto aos consumidores para que n\u00e3o comprassem o modelo. &#8220;Se voc\u00ea est\u00e1 pensando em comprar um 500e, espero que voc\u00ea n\u00e3o o fa\u00e7a, porque cada vez que n\u00f3s vendermos um perderemos US$ 14 mil&#8221;, disse \u00e0 \u00e9poca.<\/p>\n<p>&nbsp;<\/p>\n<p><strong>Fiat 500 atual continuar\u00e1 em produ\u00e7\u00e3o<\/strong><\/p>\n<p>&nbsp;<\/p>\n<p>Apesar de a nova gera\u00e7\u00e3o evoluir em refinamento e dimens\u00f5es, al\u00e9m de se tornar totalmente el\u00e9trica, o 500 atual n\u00e3o deixar\u00e1 de existir. Ao que tudo indica, o modelo antigo receber\u00e1 um sistema h\u00edbrido-leve de 48 volts e continuar\u00e1 sendo oferecido em v\u00e1rios mercados. J\u00e1 o novo ser\u00e1 posicionado num patamar acima. (Motor 1\/Automedia\/Dyogo Fagundes)<\/p>\n","protected":false},"excerpt":{"rendered":"<p>Motor 1\/Automedia &nbsp; Um dos lan\u00e7amentos mais aguardados da Fiat em 2020, a nova gera\u00e7\u00e3o do 500 parece estar com desenvolvimento bastante adiantado. Prova disso s\u00e3o as imagens deste flagra que revelam prot\u00f3tipos rodando em fase final de testes poucas semanas depois de ter sido iniciada a montagem de unidades pr\u00e9-s\u00e9rie. O exemplar das fotos\u2026 <a class=\"readmore\" href=\"https:\/\/dana.com.br\/canaldana\/2019\/12\/19\/fiat-500e-2020-testa-plataforma-eletrica-sob-carroceria-antiga\/\">Leia mais \u00bb<\/a><\/p>\n","protected":false},"author":3,"featured_media":0,"comment_status":"closed","ping_status":"closed","sticky":false,"template":"","format":"standard","meta":{"_acf_changed":false,"footnotes":""},"categories":[110],"tags":[],"class_list":["post-39498","post","type-post","status-publish","format-standard","hentry","category-eletricos"],"acf":[],"yoast_head":"<!-- This site is optimized with the Yoast SEO plugin v27.3 - https:\/\/yoast.com\/product\/yoast-seo-wordpress\/ -->\n<title>Fiat 500e 2020 testa plataforma el\u00e9trica sob carroceria antiga - Canal Dana<\/title>\n<meta name=\"robots\" content=\"index, follow, max-snippet:-1, max-image-preview:large, max-video-preview:-1\" \/>\n<link rel=\"canonical\" href=\"https:\/\/dana.com.br\/canaldana\/2019\/12\/19\/fiat-500e-2020-testa-plataforma-eletrica-sob-carroceria-antiga\/\" \/>\n<meta property=\"og:locale\" content=\"pt_BR\" \/>\n<meta property=\"og:type\" content=\"article\" \/>\n<meta property=\"og:title\" content=\"Fiat 500e 2020 testa plataforma el\u00e9trica sob carroceria antiga - Canal Dana\" \/>\n<meta property=\"og:description\" content=\"Motor 1\/Automedia &nbsp; Um dos lan\u00e7amentos mais aguardados da Fiat em 2020, a nova gera\u00e7\u00e3o do 500 parece estar com desenvolvimento bastante adiantado. Prova disso s\u00e3o as imagens deste flagra que revelam prot\u00f3tipos rodando em fase final de testes poucas semanas depois de ter sido iniciada a montagem de unidades pr\u00e9-s\u00e9rie. O exemplar das fotos\u2026 Leia mais \u00bb\" \/>\n<meta property=\"og:url\" content=\"https:\/\/dana.com.br\/canaldana\/2019\/12\/19\/fiat-500e-2020-testa-plataforma-eletrica-sob-carroceria-antiga\/\" \/>\n<meta property=\"og:site_name\" content=\"Canal Dana\" \/>\n<meta property=\"article:published_time\" content=\"2019-12-19T11:14:58+00:00\" \/>\n<meta name=\"author\" content=\"Canal Dana\" \/>\n<meta name=\"twitter:card\" content=\"summary_large_image\" \/>\n<meta name=\"twitter:label1\" content=\"Escrito por\" \/>\n\t<meta name=\"twitter:data1\" content=\"Canal Dana\" \/>\n\t<meta name=\"twitter:label2\" content=\"Est. tempo de leitura\" \/>\n\t<meta name=\"twitter:data2\" content=\"2 minutos\" \/>\n<script type=\"application\/ld+json\" class=\"yoast-schema-graph\">{\"@context\":\"https:\\\/\\\/schema.org\",\"@graph\":[{\"@type\":\"Article\",\"@id\":\"https:\\\/\\\/dana.com.br\\\/canaldana\\\/2019\\\/12\\\/19\\\/fiat-500e-2020-testa-plataforma-eletrica-sob-carroceria-antiga\\\/#article\",\"isPartOf\":{\"@id\":\"https:\\\/\\\/dana.com.br\\\/canaldana\\\/2019\\\/12\\\/19\\\/fiat-500e-2020-testa-plataforma-eletrica-sob-carroceria-antiga\\\/\"},\"author\":{\"name\":\"Canal Dana\",\"@id\":\"https:\\\/\\\/dana.com.br\\\/canaldana\\\/#\\\/schema\\\/person\\\/3c21f22f56fcf3bc46b94bc60ea4fef6\"},\"headline\":\"Fiat 500e 2020 testa plataforma el\u00e9trica sob carroceria antiga\",\"datePublished\":\"2019-12-19T11:14:58+00:00\",\"mainEntityOfPage\":{\"@id\":\"https:\\\/\\\/dana.com.br\\\/canaldana\\\/2019\\\/12\\\/19\\\/fiat-500e-2020-testa-plataforma-eletrica-sob-carroceria-antiga\\\/\"},\"wordCount\":415,\"articleSection\":[\"El\u00e9tricos\"],\"inLanguage\":\"pt-BR\"},{\"@type\":\"WebPage\",\"@id\":\"https:\\\/\\\/dana.com.br\\\/canaldana\\\/2019\\\/12\\\/19\\\/fiat-500e-2020-testa-plataforma-eletrica-sob-carroceria-antiga\\\/\",\"url\":\"https:\\\/\\\/dana.com.br\\\/canaldana\\\/2019\\\/12\\\/19\\\/fiat-500e-2020-testa-plataforma-eletrica-sob-carroceria-antiga\\\/\",\"name\":\"Fiat 500e 2020 testa plataforma el\u00e9trica sob carroceria antiga - Canal Dana\",\"isPartOf\":{\"@id\":\"https:\\\/\\\/dana.com.br\\\/canaldana\\\/#website\"},\"datePublished\":\"2019-12-19T11:14:58+00:00\",\"author\":{\"@id\":\"https:\\\/\\\/dana.com.br\\\/canaldana\\\/#\\\/schema\\\/person\\\/3c21f22f56fcf3bc46b94bc60ea4fef6\"},\"breadcrumb\":{\"@id\":\"https:\\\/\\\/dana.com.br\\\/canaldana\\\/2019\\\/12\\\/19\\\/fiat-500e-2020-testa-plataforma-eletrica-sob-carroceria-antiga\\\/#breadcrumb\"},\"inLanguage\":\"pt-BR\",\"potentialAction\":[{\"@type\":\"ReadAction\",\"target\":[\"https:\\\/\\\/dana.com.br\\\/canaldana\\\/2019\\\/12\\\/19\\\/fiat-500e-2020-testa-plataforma-eletrica-sob-carroceria-antiga\\\/\"]}]},{\"@type\":\"BreadcrumbList\",\"@id\":\"https:\\\/\\\/dana.com.br\\\/canaldana\\\/2019\\\/12\\\/19\\\/fiat-500e-2020-testa-plataforma-eletrica-sob-carroceria-antiga\\\/#breadcrumb\",\"itemListElement\":[{\"@type\":\"ListItem\",\"position\":1,\"name\":\"Home\",\"item\":\"https:\\\/\\\/dana.com.br\\\/canaldana\\\/\"},{\"@type\":\"ListItem\",\"position\":2,\"name\":\"El\u00e9tricos\",\"item\":\"https:\\\/\\\/dana.com.br\\\/canaldana\\\/eletricos\\\/\"},{\"@type\":\"ListItem\",\"position\":3,\"name\":\"Fiat 500e 2020 testa plataforma el\u00e9trica sob carroceria antiga\"}]},{\"@type\":\"WebSite\",\"@id\":\"https:\\\/\\\/dana.com.br\\\/canaldana\\\/#website\",\"url\":\"https:\\\/\\\/dana.com.br\\\/canaldana\\\/\",\"name\":\"Canal Dana\",\"description\":\"Informativo com as principais not\u00edcias da ind\u00fastria automotiva\",\"potentialAction\":[{\"@type\":\"SearchAction\",\"target\":{\"@type\":\"EntryPoint\",\"urlTemplate\":\"https:\\\/\\\/dana.com.br\\\/canaldana\\\/?s={search_term_string}\"},\"query-input\":{\"@type\":\"PropertyValueSpecification\",\"valueRequired\":true,\"valueName\":\"search_term_string\"}}],\"inLanguage\":\"pt-BR\"},{\"@type\":\"Person\",\"@id\":\"https:\\\/\\\/dana.com.br\\\/canaldana\\\/#\\\/schema\\\/person\\\/3c21f22f56fcf3bc46b94bc60ea4fef6\",\"name\":\"Canal Dana\",\"image\":{\"@type\":\"ImageObject\",\"inLanguage\":\"pt-BR\",\"@id\":\"https:\\\/\\\/secure.gravatar.com\\\/avatar\\\/420aaf9278582877d9018637c6817617705899d2858d7572ef0fe59a6b6454b4?s=96&d=mm&r=g\",\"url\":\"https:\\\/\\\/secure.gravatar.com\\\/avatar\\\/420aaf9278582877d9018637c6817617705899d2858d7572ef0fe59a6b6454b4?s=96&d=mm&r=g\",\"contentUrl\":\"https:\\\/\\\/secure.gravatar.com\\\/avatar\\\/420aaf9278582877d9018637c6817617705899d2858d7572ef0fe59a6b6454b4?s=96&d=mm&r=g\",\"caption\":\"Canal Dana\"},\"url\":\"https:\\\/\\\/dana.com.br\\\/canaldana\\\/author\\\/cdeditor\\\/\"}]}<\/script>\n<!-- \/ Yoast SEO plugin. -->","yoast_head_json":{"title":"Fiat 500e 2020 testa plataforma el\u00e9trica sob carroceria antiga - Canal Dana","robots":{"index":"index","follow":"follow","max-snippet":"max-snippet:-1","max-image-preview":"max-image-preview:large","max-video-preview":"max-video-preview:-1"},"canonical":"https:\/\/dana.com.br\/canaldana\/2019\/12\/19\/fiat-500e-2020-testa-plataforma-eletrica-sob-carroceria-antiga\/","og_locale":"pt_BR","og_type":"article","og_title":"Fiat 500e 2020 testa plataforma el\u00e9trica sob carroceria antiga - Canal Dana","og_description":"Motor 1\/Automedia &nbsp; Um dos lan\u00e7amentos mais aguardados da Fiat em 2020, a nova gera\u00e7\u00e3o do 500 parece estar com desenvolvimento bastante adiantado. Prova disso s\u00e3o as imagens deste flagra que revelam prot\u00f3tipos rodando em fase final de testes poucas semanas depois de ter sido iniciada a montagem de unidades pr\u00e9-s\u00e9rie. O exemplar das fotos\u2026 Leia mais \u00bb","og_url":"https:\/\/dana.com.br\/canaldana\/2019\/12\/19\/fiat-500e-2020-testa-plataforma-eletrica-sob-carroceria-antiga\/","og_site_name":"Canal Dana","article_published_time":"2019-12-19T11:14:58+00:00","author":"Canal Dana","twitter_card":"summary_large_image","twitter_misc":{"Escrito por":"Canal Dana","Est. tempo de leitura":"2 minutos"},"schema":{"@context":"https:\/\/schema.org","@graph":[{"@type":"Article","@id":"https:\/\/dana.com.br\/canaldana\/2019\/12\/19\/fiat-500e-2020-testa-plataforma-eletrica-sob-carroceria-antiga\/#article","isPartOf":{"@id":"https:\/\/dana.com.br\/canaldana\/2019\/12\/19\/fiat-500e-2020-testa-plataforma-eletrica-sob-carroceria-antiga\/"},"author":{"name":"Canal Dana","@id":"https:\/\/dana.com.br\/canaldana\/#\/schema\/person\/3c21f22f56fcf3bc46b94bc60ea4fef6"},"headline":"Fiat 500e 2020 testa plataforma el\u00e9trica sob carroceria antiga","datePublished":"2019-12-19T11:14:58+00:00","mainEntityOfPage":{"@id":"https:\/\/dana.com.br\/canaldana\/2019\/12\/19\/fiat-500e-2020-testa-plataforma-eletrica-sob-carroceria-antiga\/"},"wordCount":415,"articleSection":["El\u00e9tricos"],"inLanguage":"pt-BR"},{"@type":"WebPage","@id":"https:\/\/dana.com.br\/canaldana\/2019\/12\/19\/fiat-500e-2020-testa-plataforma-eletrica-sob-carroceria-antiga\/","url":"https:\/\/dana.com.br\/canaldana\/2019\/12\/19\/fiat-500e-2020-testa-plataforma-eletrica-sob-carroceria-antiga\/","name":"Fiat 500e 2020 testa plataforma el\u00e9trica sob carroceria antiga - Canal Dana","isPartOf":{"@id":"https:\/\/dana.com.br\/canaldana\/#website"},"datePublished":"2019-12-19T11:14:58+00:00","author":{"@id":"https:\/\/dana.com.br\/canaldana\/#\/schema\/person\/3c21f22f56fcf3bc46b94bc60ea4fef6"},"breadcrumb":{"@id":"https:\/\/dana.com.br\/canaldana\/2019\/12\/19\/fiat-500e-2020-testa-plataforma-eletrica-sob-carroceria-antiga\/#breadcrumb"},"inLanguage":"pt-BR","potentialAction":[{"@type":"ReadAction","target":["https:\/\/dana.com.br\/canaldana\/2019\/12\/19\/fiat-500e-2020-testa-plataforma-eletrica-sob-carroceria-antiga\/"]}]},{"@type":"BreadcrumbList","@id":"https:\/\/dana.com.br\/canaldana\/2019\/12\/19\/fiat-500e-2020-testa-plataforma-eletrica-sob-carroceria-antiga\/#breadcrumb","itemListElement":[{"@type":"ListItem","position":1,"name":"Home","item":"https:\/\/dana.com.br\/canaldana\/"},{"@type":"ListItem","position":2,"name":"El\u00e9tricos","item":"https:\/\/dana.com.br\/canaldana\/eletricos\/"},{"@type":"ListItem","position":3,"name":"Fiat 500e 2020 testa plataforma el\u00e9trica sob carroceria antiga"}]},{"@type":"WebSite","@id":"https:\/\/dana.com.br\/canaldana\/#website","url":"https:\/\/dana.com.br\/canaldana\/","name":"Canal Dana","description":"Informativo com as principais not\u00edcias da ind\u00fastria automotiva","potentialAction":[{"@type":"SearchAction","target":{"@type":"EntryPoint","urlTemplate":"https:\/\/dana.com.br\/canaldana\/?s={search_term_string}"},"query-input":{"@type":"PropertyValueSpecification","valueRequired":true,"valueName":"search_term_string"}}],"inLanguage":"pt-BR"},{"@type":"Person","@id":"https:\/\/dana.com.br\/canaldana\/#\/schema\/person\/3c21f22f56fcf3bc46b94bc60ea4fef6","name":"Canal Dana","image":{"@type":"ImageObject","inLanguage":"pt-BR","@id":"https:\/\/secure.gravatar.com\/avatar\/420aaf9278582877d9018637c6817617705899d2858d7572ef0fe59a6b6454b4?s=96&d=mm&r=g","url":"https:\/\/secure.gravatar.com\/avatar\/420aaf9278582877d9018637c6817617705899d2858d7572ef0fe59a6b6454b4?s=96&d=mm&r=g","contentUrl":"https:\/\/secure.gravatar.com\/avatar\/420aaf9278582877d9018637c6817617705899d2858d7572ef0fe59a6b6454b4?s=96&d=mm&r=g","caption":"Canal Dana"},"url":"https:\/\/dana.com.br\/canaldana\/author\/cdeditor\/"}]}},"_links":{"self":[{"href":"https:\/\/dana.com.br\/canaldana\/wp-json\/wp\/v2\/posts\/39498","targetHints":{"allow":["GET"]}}],"collection":[{"href":"https:\/\/dana.com.br\/canaldana\/wp-json\/wp\/v2\/posts"}],"about":[{"href":"https:\/\/dana.com.br\/canaldana\/wp-json\/wp\/v2\/types\/post"}],"author":[{"embeddable":true,"href":"https:\/\/dana.com.br\/canaldana\/wp-json\/wp\/v2\/users\/3"}],"replies":[{"embeddable":true,"href":"https:\/\/dana.com.br\/canaldana\/wp-json\/wp\/v2\/comments?post=39498"}],"version-history":[{"count":0,"href":"https:\/\/dana.com.br\/canaldana\/wp-json\/wp\/v2\/posts\/39498\/revisions"}],"wp:attachment":[{"href":"https:\/\/dana.com.br\/canaldana\/wp-json\/wp\/v2\/media?parent=39498"}],"wp:term":[{"taxonomy":"category","embeddable":true,"href":"https:\/\/dana.com.br\/canaldana\/wp-json\/wp\/v2\/categories?post=39498"},{"taxonomy":"post_tag","embeddable":true,"href":"https:\/\/dana.com.br\/canaldana\/wp-json\/wp\/v2\/tags?post=39498"}],"curies":[{"name":"wp","href":"https:\/\/api.w.org\/{rel}","templated":true}]}}